{"id":1003,"date":"2025-12-17T12:24:48","date_gmt":"2025-12-17T12:24:48","guid":{"rendered":"https:\/\/www.africascoop.net\/?p=1003"},"modified":"2025-12-17T12:25:21","modified_gmt":"2025-12-17T12:25:21","slug":"relations-judiciaires-senegal-france-dakar-recadre-et-denonce-toute-forme-dingerence","status":"publish","type":"post","link":"https:\/\/www.africascoop.net\/index.php\/2025\/12\/17\/relations-judiciaires-senegal-france-dakar-recadre-et-denonce-toute-forme-dingerence\/","title":{"rendered":"Relations judiciaires S\u00e9n\u00e9gal-France : Dakar recadre et d\u00e9nonce toute forme d\u2019ing\u00e9rence"},"content":{"rendered":"\n<figure class=\"wp-block-image size-large\"><img loading=\"lazy\" decoding=\"async\" width=\"1024\" height=\"576\" src=\"https:\/\/www.africascoop.net\/wp-content\/uploads\/2025\/12\/justice-ss-1024x576.jpg\" alt=\"\" class=\"wp-image-1004\" srcset=\"https:\/\/www.africascoop.net\/wp-content\/uploads\/2025\/12\/justice-ss-1024x576.jpg 1024w, https:\/\/www.africascoop.net\/wp-content\/uploads\/2025\/12\/justice-ss-300x169.jpg 300w, https:\/\/www.africascoop.net\/wp-content\/uploads\/2025\/12\/justice-ss-768x432.jpg 768w, https:\/\/www.africascoop.net\/wp-content\/uploads\/2025\/12\/justice-ss.jpg 1366w\" sizes=\"auto, (max-width: 1024px) 100vw, 1024px\" \/><\/figure>\n\n\n\n<p><strong><em>Le minist\u00e8re s\u00e9n\u00e9galais de la Justice a publi\u00e9, ce 15 d\u00e9cembre 2025, un communiqu\u00e9 officiel en r\u00e9action \u00e0 des propos tenus par l\u2019Ambassadrice de France au S\u00e9n\u00e9gal, \u00e0 la suite de l\u2019intervention de la ministre de la Justice devant l\u2019Assembl\u00e9e nationale. Des d\u00e9clarations jug\u00e9es susceptibles de susciter une pol\u00e9mique dans un contexte de coop\u00e9ration judiciaire sensible entre les deux pays.<\/em><\/strong><\/p>\n\n\n\n<p>Selon le communiqu\u00e9, le minist\u00e8re fran\u00e7ais de la Justice a r\u00e9cemment saisi les autorit\u00e9s judiciaires s\u00e9n\u00e9galaises par courrier afin d\u2019obtenir la transmission d\u2019informations li\u00e9es \u00e0 une proc\u00e9dure judiciaire en cours. Des \u00e9l\u00e9ments qui, pr\u00e9cise Dakar, avaient d\u00e9j\u00e0 \u00e9t\u00e9 vers\u00e9s au dossier et officiellement communiqu\u00e9s par la magistrature s\u00e9n\u00e9galaise comp\u00e9tente.<\/p>\n\n\n\n<p>Par respect des accords de coop\u00e9ration judiciaire liant le S\u00e9n\u00e9gal et la France, les autorit\u00e9s s\u00e9n\u00e9galaises indiquent qu\u2019elles s\u2019emploieront \u00e0 transmettre de nouveau les informations sollicit\u00e9es, bien que celles-ci aient d\u00e9j\u00e0 \u00e9t\u00e9 fournies. Une d\u00e9marche pr\u00e9sent\u00e9e comme conforme aux engagements internationaux librement consentis par les deux \u00c9tats.<\/p>\n\n\n\n<p>Le minist\u00e8re s\u00e9n\u00e9galais de la Justice tient toutefois \u00e0 dissiper toute ambigu\u00eft\u00e9. Contrairement \u00e0 certaines interpr\u00e9tations relay\u00e9es dans l\u2019espace public, il ne saurait \u00eatre question de pressions exerc\u00e9es par la justice fran\u00e7aise. Il s\u2019agirait plut\u00f4t, selon Dakar, de l\u2019application normale du principe de r\u00e9ciprocit\u00e9 dans le cadre des relations judiciaires internationales entre \u00c9tats souverains.<\/p>\n\n\n\n<p>N\u00e9anmoins, le communiqu\u00e9 exprime une vive pr\u00e9occupation quant \u00e0 l\u2019attitude de l\u2019Ambassadrice de France. Les autorit\u00e9s s\u00e9n\u00e9galaises estiment que certaines de ses d\u00e9clarations pourraient \u00eatre per\u00e7ues comme minimisant la gravit\u00e9 des faits de corruption et de d\u00e9tournement de deniers publics reproch\u00e9s \u00e0 deux ressortissants s\u00e9n\u00e9galais actuellement r\u00e9fugi\u00e9s en France.<\/p>\n\n\n\n<p>Une telle posture, souligne le minist\u00e8re, pourrait \u00eatre interpr\u00e9t\u00e9e comme une forme d\u2019ing\u00e9rence inacceptable dans les affaires internes du S\u00e9n\u00e9gal. Elle est \u00e9galement jug\u00e9e susceptible de fragiliser les principes universels de bonne gouvernance, de transparence et de lutte contre l\u2019impunit\u00e9, dans une affaire que les autorit\u00e9s s\u00e9n\u00e9galaises consid\u00e8rent comme d\u2019une importance majeure.<\/p>\n\n\n\n<p>Par ce communiqu\u00e9, le gouvernement du S\u00e9n\u00e9gal r\u00e9affirme ainsi sa volont\u00e9 de coop\u00e9rer pleinement avec ses partenaires internationaux, tout en rappelant son attachement strict au respect de sa souverainet\u00e9 judiciaire et aux exigences de justice et de transparence.<\/p>\n\n\n\n<p>Par Djibrilla Tour\u00e9<\/p>\n","protected":false},"excerpt":{"rendered":"<p>Le minist\u00e8re s\u00e9n\u00e9galais de la Justice a publi\u00e9, ce 15 d\u00e9cembre 2025, un communiqu\u00e9 officiel en r\u00e9action \u00e0<\/p>\n","protected":false},"author":3,"featured_media":0,"comment_status":"open","ping_status":"open","sticky":false,"template":"","format":"standard","meta":{"footnotes":""},"categories":[36,42],"tags":[],"class_list":["post-1003","post","type-post","status-publish","format-standard","hentry","category-exclusif","category-justice"],"yoast_head":"<!-- This site is optimized with the Yoast SEO plugin v26.0 - https:\/\/yoast.com\/wordpress\/plugins\/seo\/ -->\n<title>Relations judiciaires S\u00e9n\u00e9gal-France : Dakar recadre et d\u00e9nonce toute forme d\u2019ing\u00e9rence - Actualit\u00e9s Africaines<\/title>\n<meta name=\"robots\" content=\"index, follow, max-snippet:-1, max-image-preview:large, max-video-preview:-1\" \/>\n<link rel=\"canonical\" href=\"http:\/\/www.africascoop.net\/index.php\/2025\/12\/17\/relations-judiciaires-senegal-france-dakar-recadre-et-denonce-toute-forme-dingerence\/\" \/>\n<meta property=\"og:locale\" content=\"fr_FR\" \/>\n<meta property=\"og:type\" content=\"article\" \/>\n<meta property=\"og:title\" content=\"Relations judiciaires S\u00e9n\u00e9gal-France : Dakar recadre et d\u00e9nonce toute forme d\u2019ing\u00e9rence - Actualit\u00e9s Africaines\" \/>\n<meta property=\"og:description\" content=\"Le minist\u00e8re s\u00e9n\u00e9galais de la Justice a publi\u00e9, ce 15 d\u00e9cembre 2025, un communiqu\u00e9 officiel en r\u00e9action \u00e0\" \/>\n<meta property=\"og:url\" content=\"http:\/\/www.africascoop.net\/index.php\/2025\/12\/17\/relations-judiciaires-senegal-france-dakar-recadre-et-denonce-toute-forme-dingerence\/\" \/>\n<meta property=\"og:site_name\" content=\"Actualit\u00e9s Africaines\" \/>\n<meta property=\"article:published_time\" content=\"2025-12-17T12:24:48+00:00\" \/>\n<meta property=\"article:modified_time\" content=\"2025-12-17T12:25:21+00:00\" \/>\n<meta property=\"og:image\" content=\"https:\/\/www.africascoop.net\/wp-content\/uploads\/2025\/12\/justice-ss-1024x576.jpg\" \/>\n<meta name=\"author\" content=\"Africascoop\" \/>\n<meta name=\"twitter:card\" content=\"summary_large_image\" \/>\n<meta name=\"twitter:label1\" content=\"\u00c9crit par\" \/>\n\t<meta name=\"twitter:data1\" content=\"Africascoop\" \/>\n\t<meta name=\"twitter:label2\" content=\"Dur\u00e9e de lecture estim\u00e9e\" \/>\n\t<meta name=\"twitter:data2\" content=\"3 minutes\" \/>\n<script type=\"application\/ld+json\" class=\"yoast-schema-graph\">{\"@context\":\"https:\/\/schema.org\",\"@graph\":[{\"@type\":\"Article\",\"@id\":\"http:\/\/www.africascoop.net\/index.php\/2025\/12\/17\/relations-judiciaires-senegal-france-dakar-recadre-et-denonce-toute-forme-dingerence\/#article\",\"isPartOf\":{\"@id\":\"http:\/\/www.africascoop.net\/index.php\/2025\/12\/17\/relations-judiciaires-senegal-france-dakar-recadre-et-denonce-toute-forme-dingerence\/\"},\"author\":{\"name\":\"Africascoop\",\"@id\":\"http:\/\/www.africascoop.net\/#\/schema\/person\/2cbcc632c110d739d93a6b196c67230a\"},\"headline\":\"Relations judiciaires S\u00e9n\u00e9gal-France : Dakar recadre et d\u00e9nonce toute forme d\u2019ing\u00e9rence\",\"datePublished\":\"2025-12-17T12:24:48+00:00\",\"dateModified\":\"2025-12-17T12:25:21+00:00\",\"mainEntityOfPage\":{\"@id\":\"http:\/\/www.africascoop.net\/index.php\/2025\/12\/17\/relations-judiciaires-senegal-france-dakar-recadre-et-denonce-toute-forme-dingerence\/\"},\"wordCount\":449,\"commentCount\":0,\"publisher\":{\"@id\":\"http:\/\/www.africascoop.net\/#organization\"},\"image\":{\"@id\":\"http:\/\/www.africascoop.net\/index.php\/2025\/12\/17\/relations-judiciaires-senegal-france-dakar-recadre-et-denonce-toute-forme-dingerence\/#primaryimage\"},\"thumbnailUrl\":\"https:\/\/www.africascoop.net\/wp-content\/uploads\/2025\/12\/justice-ss-1024x576.jpg\",\"articleSection\":[\"Exclusif\",\"Justice\"],\"inLanguage\":\"fr-FR\",\"potentialAction\":[{\"@type\":\"CommentAction\",\"name\":\"Comment\",\"target\":[\"http:\/\/www.africascoop.net\/index.php\/2025\/12\/17\/relations-judiciaires-senegal-france-dakar-recadre-et-denonce-toute-forme-dingerence\/#respond\"]}]},{\"@type\":\"WebPage\",\"@id\":\"http:\/\/www.africascoop.net\/index.php\/2025\/12\/17\/relations-judiciaires-senegal-france-dakar-recadre-et-denonce-toute-forme-dingerence\/\",\"url\":\"http:\/\/www.africascoop.net\/index.php\/2025\/12\/17\/relations-judiciaires-senegal-france-dakar-recadre-et-denonce-toute-forme-dingerence\/\",\"name\":\"Relations judiciaires S\u00e9n\u00e9gal-France : Dakar recadre et d\u00e9nonce toute forme d\u2019ing\u00e9rence - Actualit\u00e9s Africaines\",\"isPartOf\":{\"@id\":\"http:\/\/www.africascoop.net\/#website\"},\"primaryImageOfPage\":{\"@id\":\"http:\/\/www.africascoop.net\/index.php\/2025\/12\/17\/relations-judiciaires-senegal-france-dakar-recadre-et-denonce-toute-forme-dingerence\/#primaryimage\"},\"image\":{\"@id\":\"http:\/\/www.africascoop.net\/index.php\/2025\/12\/17\/relations-judiciaires-senegal-france-dakar-recadre-et-denonce-toute-forme-dingerence\/#primaryimage\"},\"thumbnailUrl\":\"https:\/\/www.africascoop.net\/wp-content\/uploads\/2025\/12\/justice-ss-1024x576.jpg\",\"datePublished\":\"2025-12-17T12:24:48+00:00\",\"dateModified\":\"2025-12-17T12:25:21+00:00\",\"breadcrumb\":{\"@id\":\"http:\/\/www.africascoop.net\/index.php\/2025\/12\/17\/relations-judiciaires-senegal-france-dakar-recadre-et-denonce-toute-forme-dingerence\/#breadcrumb\"},\"inLanguage\":\"fr-FR\",\"potentialAction\":[{\"@type\":\"ReadAction\",\"target\":[\"http:\/\/www.africascoop.net\/index.php\/2025\/12\/17\/relations-judiciaires-senegal-france-dakar-recadre-et-denonce-toute-forme-dingerence\/\"]}]},{\"@type\":\"ImageObject\",\"inLanguage\":\"fr-FR\",\"@id\":\"http:\/\/www.africascoop.net\/index.php\/2025\/12\/17\/relations-judiciaires-senegal-france-dakar-recadre-et-denonce-toute-forme-dingerence\/#primaryimage\",\"url\":\"https:\/\/www.africascoop.net\/wp-content\/uploads\/2025\/12\/justice-ss.jpg\",\"contentUrl\":\"https:\/\/www.africascoop.net\/wp-content\/uploads\/2025\/12\/justice-ss.jpg\",\"width\":1366,\"height\":768},{\"@type\":\"BreadcrumbList\",\"@id\":\"http:\/\/www.africascoop.net\/index.php\/2025\/12\/17\/relations-judiciaires-senegal-france-dakar-recadre-et-denonce-toute-forme-dingerence\/#breadcrumb\",\"itemListElement\":[{\"@type\":\"ListItem\",\"position\":1,\"name\":\"Accueil\",\"item\":\"http:\/\/www.africascoop.net\/\"},{\"@type\":\"ListItem\",\"position\":2,\"name\":\"Relations judiciaires S\u00e9n\u00e9gal-France : Dakar recadre et d\u00e9nonce toute forme d\u2019ing\u00e9rence\"}]},{\"@type\":\"WebSite\",\"@id\":\"http:\/\/www.africascoop.net\/#website\",\"url\":\"http:\/\/www.africascoop.net\/\",\"name\":\"Actualit\u00e9s Africaines\",\"description\":\"\",\"publisher\":{\"@id\":\"http:\/\/www.africascoop.net\/#organization\"},\"potentialAction\":[{\"@type\":\"SearchAction\",\"target\":{\"@type\":\"EntryPoint\",\"urlTemplate\":\"http:\/\/www.africascoop.net\/?s={search_term_string}\"},\"query-input\":{\"@type\":\"PropertyValueSpecification\",\"valueRequired\":true,\"valueName\":\"search_term_string\"}}],\"inLanguage\":\"fr-FR\"},{\"@type\":\"Organization\",\"@id\":\"http:\/\/www.africascoop.net\/#organization\",\"name\":\"Actualit\u00e9s Africaines\",\"url\":\"http:\/\/www.africascoop.net\/\",\"logo\":{\"@type\":\"ImageObject\",\"inLanguage\":\"fr-FR\",\"@id\":\"http:\/\/www.africascoop.net\/#\/schema\/logo\/image\/\",\"url\":\"https:\/\/www.africascoop.net\/wp-content\/uploads\/2025\/09\/cropped-logo-2.jpg\",\"contentUrl\":\"https:\/\/www.africascoop.net\/wp-content\/uploads\/2025\/09\/cropped-logo-2.jpg\",\"width\":945,\"height\":591,\"caption\":\"Actualit\u00e9s Africaines\"},\"image\":{\"@id\":\"http:\/\/www.africascoop.net\/#\/schema\/logo\/image\/\"}},{\"@type\":\"Person\",\"@id\":\"http:\/\/www.africascoop.net\/#\/schema\/person\/2cbcc632c110d739d93a6b196c67230a\",\"name\":\"Africascoop\",\"image\":{\"@type\":\"ImageObject\",\"inLanguage\":\"fr-FR\",\"@id\":\"http:\/\/www.africascoop.net\/#\/schema\/person\/image\/\",\"url\":\"https:\/\/secure.gravatar.com\/avatar\/230d851f5173f64fe9487b948bd2daf02707ef49aea942bc1bdad649c82025b9?s=96&d=mm&r=g\",\"contentUrl\":\"https:\/\/secure.gravatar.com\/avatar\/230d851f5173f64fe9487b948bd2daf02707ef49aea942bc1bdad649c82025b9?s=96&d=mm&r=g\",\"caption\":\"Africascoop\"},\"url\":\"https:\/\/www.africascoop.net\/index.php\/author\/jul\/\"}]}<\/script>\n<!-- \/ Yoast SEO plugin. -->","yoast_head_json":{"title":"Relations judiciaires S\u00e9n\u00e9gal-France : Dakar recadre et d\u00e9nonce toute forme d\u2019ing\u00e9rence - Actualit\u00e9s Africaines","robots":{"index":"index","follow":"follow","max-snippet":"max-snippet:-1","max-image-preview":"max-image-preview:large","max-video-preview":"max-video-preview:-1"},"canonical":"http:\/\/www.africascoop.net\/index.php\/2025\/12\/17\/relations-judiciaires-senegal-france-dakar-recadre-et-denonce-toute-forme-dingerence\/","og_locale":"fr_FR","og_type":"article","og_title":"Relations judiciaires S\u00e9n\u00e9gal-France : Dakar recadre et d\u00e9nonce toute forme d\u2019ing\u00e9rence - Actualit\u00e9s Africaines","og_description":"Le minist\u00e8re s\u00e9n\u00e9galais de la Justice a publi\u00e9, ce 15 d\u00e9cembre 2025, un communiqu\u00e9 officiel en r\u00e9action \u00e0","og_url":"http:\/\/www.africascoop.net\/index.php\/2025\/12\/17\/relations-judiciaires-senegal-france-dakar-recadre-et-denonce-toute-forme-dingerence\/","og_site_name":"Actualit\u00e9s Africaines","article_published_time":"2025-12-17T12:24:48+00:00","article_modified_time":"2025-12-17T12:25:21+00:00","og_image":[{"url":"https:\/\/www.africascoop.net\/wp-content\/uploads\/2025\/12\/justice-ss-1024x576.jpg","type":"","width":"","height":""}],"author":"Africascoop","twitter_card":"summary_large_image","twitter_misc":{"\u00c9crit par":"Africascoop","Dur\u00e9e de lecture estim\u00e9e":"3 minutes"},"schema":{"@context":"https:\/\/schema.org","@graph":[{"@type":"Article","@id":"http:\/\/www.africascoop.net\/index.php\/2025\/12\/17\/relations-judiciaires-senegal-france-dakar-recadre-et-denonce-toute-forme-dingerence\/#article","isPartOf":{"@id":"http:\/\/www.africascoop.net\/index.php\/2025\/12\/17\/relations-judiciaires-senegal-france-dakar-recadre-et-denonce-toute-forme-dingerence\/"},"author":{"name":"Africascoop","@id":"http:\/\/www.africascoop.net\/#\/schema\/person\/2cbcc632c110d739d93a6b196c67230a"},"headline":"Relations judiciaires S\u00e9n\u00e9gal-France : Dakar recadre et d\u00e9nonce toute forme d\u2019ing\u00e9rence","datePublished":"2025-12-17T12:24:48+00:00","dateModified":"2025-12-17T12:25:21+00:00","mainEntityOfPage":{"@id":"http:\/\/www.africascoop.net\/index.php\/2025\/12\/17\/relations-judiciaires-senegal-france-dakar-recadre-et-denonce-toute-forme-dingerence\/"},"wordCount":449,"commentCount":0,"publisher":{"@id":"http:\/\/www.africascoop.net\/#organization"},"image":{"@id":"http:\/\/www.africascoop.net\/index.php\/2025\/12\/17\/relations-judiciaires-senegal-france-dakar-recadre-et-denonce-toute-forme-dingerence\/#primaryimage"},"thumbnailUrl":"https:\/\/www.africascoop.net\/wp-content\/uploads\/2025\/12\/justice-ss-1024x576.jpg","articleSection":["Exclusif","Justice"],"inLanguage":"fr-FR","potentialAction":[{"@type":"CommentAction","name":"Comment","target":["http:\/\/www.africascoop.net\/index.php\/2025\/12\/17\/relations-judiciaires-senegal-france-dakar-recadre-et-denonce-toute-forme-dingerence\/#respond"]}]},{"@type":"WebPage","@id":"http:\/\/www.africascoop.net\/index.php\/2025\/12\/17\/relations-judiciaires-senegal-france-dakar-recadre-et-denonce-toute-forme-dingerence\/","url":"http:\/\/www.africascoop.net\/index.php\/2025\/12\/17\/relations-judiciaires-senegal-france-dakar-recadre-et-denonce-toute-forme-dingerence\/","name":"Relations judiciaires S\u00e9n\u00e9gal-France : Dakar recadre et d\u00e9nonce toute forme d\u2019ing\u00e9rence - Actualit\u00e9s Africaines","isPartOf":{"@id":"http:\/\/www.africascoop.net\/#website"},"primaryImageOfPage":{"@id":"http:\/\/www.africascoop.net\/index.php\/2025\/12\/17\/relations-judiciaires-senegal-france-dakar-recadre-et-denonce-toute-forme-dingerence\/#primaryimage"},"image":{"@id":"http:\/\/www.africascoop.net\/index.php\/2025\/12\/17\/relations-judiciaires-senegal-france-dakar-recadre-et-denonce-toute-forme-dingerence\/#primaryimage"},"thumbnailUrl":"https:\/\/www.africascoop.net\/wp-content\/uploads\/2025\/12\/justice-ss-1024x576.jpg","datePublished":"2025-12-17T12:24:48+00:00","dateModified":"2025-12-17T12:25:21+00:00","breadcrumb":{"@id":"http:\/\/www.africascoop.net\/index.php\/2025\/12\/17\/relations-judiciaires-senegal-france-dakar-recadre-et-denonce-toute-forme-dingerence\/#breadcrumb"},"inLanguage":"fr-FR","potentialAction":[{"@type":"ReadAction","target":["http:\/\/www.africascoop.net\/index.php\/2025\/12\/17\/relations-judiciaires-senegal-france-dakar-recadre-et-denonce-toute-forme-dingerence\/"]}]},{"@type":"ImageObject","inLanguage":"fr-FR","@id":"http:\/\/www.africascoop.net\/index.php\/2025\/12\/17\/relations-judiciaires-senegal-france-dakar-recadre-et-denonce-toute-forme-dingerence\/#primaryimage","url":"https:\/\/www.africascoop.net\/wp-content\/uploads\/2025\/12\/justice-ss.jpg","contentUrl":"https:\/\/www.africascoop.net\/wp-content\/uploads\/2025\/12\/justice-ss.jpg","width":1366,"height":768},{"@type":"BreadcrumbList","@id":"http:\/\/www.africascoop.net\/index.php\/2025\/12\/17\/relations-judiciaires-senegal-france-dakar-recadre-et-denonce-toute-forme-dingerence\/#breadcrumb","itemListElement":[{"@type":"ListItem","position":1,"name":"Accueil","item":"http:\/\/www.africascoop.net\/"},{"@type":"ListItem","position":2,"name":"Relations judiciaires S\u00e9n\u00e9gal-France : Dakar recadre et d\u00e9nonce toute forme d\u2019ing\u00e9rence"}]},{"@type":"WebSite","@id":"http:\/\/www.africascoop.net\/#website","url":"http:\/\/www.africascoop.net\/","name":"Actualit\u00e9s Africaines","description":"","publisher":{"@id":"http:\/\/www.africascoop.net\/#organization"},"potentialAction":[{"@type":"SearchAction","target":{"@type":"EntryPoint","urlTemplate":"http:\/\/www.africascoop.net\/?s={search_term_string}"},"query-input":{"@type":"PropertyValueSpecification","valueRequired":true,"valueName":"search_term_string"}}],"inLanguage":"fr-FR"},{"@type":"Organization","@id":"http:\/\/www.africascoop.net\/#organization","name":"Actualit\u00e9s Africaines","url":"http:\/\/www.africascoop.net\/","logo":{"@type":"ImageObject","inLanguage":"fr-FR","@id":"http:\/\/www.africascoop.net\/#\/schema\/logo\/image\/","url":"https:\/\/www.africascoop.net\/wp-content\/uploads\/2025\/09\/cropped-logo-2.jpg","contentUrl":"https:\/\/www.africascoop.net\/wp-content\/uploads\/2025\/09\/cropped-logo-2.jpg","width":945,"height":591,"caption":"Actualit\u00e9s Africaines"},"image":{"@id":"http:\/\/www.africascoop.net\/#\/schema\/logo\/image\/"}},{"@type":"Person","@id":"http:\/\/www.africascoop.net\/#\/schema\/person\/2cbcc632c110d739d93a6b196c67230a","name":"Africascoop","image":{"@type":"ImageObject","inLanguage":"fr-FR","@id":"http:\/\/www.africascoop.net\/#\/schema\/person\/image\/","url":"https:\/\/secure.gravatar.com\/avatar\/230d851f5173f64fe9487b948bd2daf02707ef49aea942bc1bdad649c82025b9?s=96&d=mm&r=g","contentUrl":"https:\/\/secure.gravatar.com\/avatar\/230d851f5173f64fe9487b948bd2daf02707ef49aea942bc1bdad649c82025b9?s=96&d=mm&r=g","caption":"Africascoop"},"url":"https:\/\/www.africascoop.net\/index.php\/author\/jul\/"}]}},"_links":{"self":[{"href":"https:\/\/www.africascoop.net\/index.php\/wp-json\/wp\/v2\/posts\/1003","targetHints":{"allow":["GET"]}}],"collection":[{"href":"https:\/\/www.africascoop.net\/index.php\/wp-json\/wp\/v2\/posts"}],"about":[{"href":"https:\/\/www.africascoop.net\/index.php\/wp-json\/wp\/v2\/types\/post"}],"author":[{"embeddable":true,"href":"https:\/\/www.africascoop.net\/index.php\/wp-json\/wp\/v2\/users\/3"}],"replies":[{"embeddable":true,"href":"https:\/\/www.africascoop.net\/index.php\/wp-json\/wp\/v2\/comments?post=1003"}],"version-history":[{"count":1,"href":"https:\/\/www.africascoop.net\/index.php\/wp-json\/wp\/v2\/posts\/1003\/revisions"}],"predecessor-version":[{"id":1005,"href":"https:\/\/www.africascoop.net\/index.php\/wp-json\/wp\/v2\/posts\/1003\/revisions\/1005"}],"wp:attachment":[{"href":"https:\/\/www.africascoop.net\/index.php\/wp-json\/wp\/v2\/media?parent=1003"}],"wp:term":[{"taxonomy":"category","embeddable":true,"href":"https:\/\/www.africascoop.net\/index.php\/wp-json\/wp\/v2\/categories?post=1003"},{"taxonomy":"post_tag","embeddable":true,"href":"https:\/\/www.africascoop.net\/index.php\/wp-json\/wp\/v2\/tags?post=1003"}],"curies":[{"name":"wp","href":"https:\/\/api.w.org\/{rel}","templated":true}]}}