{"id":1009,"date":"2025-12-17T12:40:11","date_gmt":"2025-12-17T12:40:11","guid":{"rendered":"https:\/\/www.africascoop.net\/?p=1009"},"modified":"2025-12-17T12:40:22","modified_gmt":"2025-12-17T12:40:22","slug":"aes-lopam-signe-une-convention-de-partenariat-entre-les-offices-cerealiers-a-niamey","status":"publish","type":"post","link":"https:\/\/www.africascoop.net\/index.php\/2025\/12\/17\/aes-lopam-signe-une-convention-de-partenariat-entre-les-offices-cerealiers-a-niamey\/","title":{"rendered":"AES : l\u2019OPAM signe une convention de partenariat entre les offices c\u00e9r\u00e9aliers \u00e0 Niamey"},"content":{"rendered":"\n<figure class=\"wp-block-image size-large\"><img loading=\"lazy\" decoding=\"async\" width=\"1024\" height=\"576\" src=\"https:\/\/www.africascoop.net\/wp-content\/uploads\/2025\/12\/OPAM-1024x576.jpg\" alt=\"\" class=\"wp-image-1010\" srcset=\"https:\/\/www.africascoop.net\/wp-content\/uploads\/2025\/12\/OPAM-1024x576.jpg 1024w, https:\/\/www.africascoop.net\/wp-content\/uploads\/2025\/12\/OPAM-300x169.jpg 300w, https:\/\/www.africascoop.net\/wp-content\/uploads\/2025\/12\/OPAM-768x432.jpg 768w, https:\/\/www.africascoop.net\/wp-content\/uploads\/2025\/12\/OPAM.jpg 1366w\" sizes=\"auto, (max-width: 1024px) 100vw, 1024px\" \/><\/figure>\n\n\n\n<p><strong><em>En marge de la r\u00e9union des ministres charg\u00e9s du Commerce, de l\u2019Industrie et du Secteur priv\u00e9 de la Conf\u00e9d\u00e9ration des \u00c9tats du Sahel (AES), l\u2019Office des Produits Agricoles du Mali (OPAM) a sign\u00e9, \u00e0 Niamey, une convention de partenariat avec les offices c\u00e9r\u00e9aliers des pays membres. L\u2019accord vise, \u00e0 terme, la mise en place d\u2019une centrale d\u2019achat commune.<\/em><\/strong><\/p>\n\n\n\n<p>En s\u00e9jour dans la capitale nig\u00e9rienne, Niamey, dans le cadre de la r\u00e9union des ministres charg\u00e9s du Commerce, de l\u2019Industrie et du Secteur priv\u00e9 de la Conf\u00e9d\u00e9ration des \u00c9tats du Sahel (AES), le Pr\u00e9sident-Directeur g\u00e9n\u00e9ral de l\u2019Office des Produits Agricoles du Mali (OPAM), le Colonel-major Abdoulaye Traor\u00e9, a proc\u00e9d\u00e9 \u00e0 la signature d\u2019une convention de partenariat avec l\u2019Office des Produits Vivriers du Niger (OPVN) et la Soci\u00e9t\u00e9 nationale de gestion du stock de s\u00e9curit\u00e9 alimentaire du Burkina Faso (SONAGESS).<\/p>\n\n\n\n<p>Cet accord s\u2019inscrit dans la dynamique de renforcement de la coop\u00e9ration \u00e9conomique et agricole entre les \u00c9tats membres de la Conf\u00e9d\u00e9ration des \u00c9tats du Sahel. Il ambitionne de jeter les bases de la mise en place d\u2019une centrale d\u2019achat commune, destin\u00e9e \u00e0 am\u00e9liorer l\u2019approvisionnement en c\u00e9r\u00e9ales, \u00e0 mutualiser les moyens et \u00e0 renforcer la s\u00e9curit\u00e9 alimentaire dans l\u2019espace AES.<\/p>\n\n\n\n<p>\u00c0 terme, cette centrale d\u2019achat devrait contribuer \u00e0 une meilleure r\u00e9gulation des march\u00e9s c\u00e9r\u00e9aliers, \u00e0 la constitution d\u2019une r\u00e9serve c\u00e9r\u00e9ali\u00e8re conf\u00e9d\u00e9rale et \u00e0 une r\u00e9ponse concert\u00e9e et plus efficace face aux situations de crise alimentaire dans les pays membres.<\/p>\n\n\n\n<p>Par Tidiane Bamadio<\/p>\n","protected":false},"excerpt":{"rendered":"<p>En marge de la r\u00e9union des ministres charg\u00e9s du Commerce, de l\u2019Industrie et du Secteur priv\u00e9 de la<\/p>\n","protected":false},"author":3,"featured_media":0,"comment_status":"open","ping_status":"open","sticky":false,"template":"","format":"standard","meta":{"footnotes":""},"categories":[36,35],"tags":[],"class_list":["post-1009","post","type-post","status-publish","format-standard","hentry","category-exclusif","category-societe"],"yoast_head":"<!-- This site is optimized with the Yoast SEO plugin v26.0 - https:\/\/yoast.com\/wordpress\/plugins\/seo\/ -->\n<title>AES : l\u2019OPAM signe une convention de partenariat entre les offices c\u00e9r\u00e9aliers \u00e0 Niamey - Actualit\u00e9s Africaines<\/title>\n<meta name=\"robots\" content=\"index, follow, max-snippet:-1, max-image-preview:large, max-video-preview:-1\" \/>\n<link rel=\"canonical\" href=\"https:\/\/www.africascoop.net\/index.php\/2025\/12\/17\/aes-lopam-signe-une-convention-de-partenariat-entre-les-offices-cerealiers-a-niamey\/\" \/>\n<meta property=\"og:locale\" content=\"fr_FR\" \/>\n<meta property=\"og:type\" content=\"article\" \/>\n<meta property=\"og:title\" content=\"AES : l\u2019OPAM signe une convention de partenariat entre les offices c\u00e9r\u00e9aliers \u00e0 Niamey - Actualit\u00e9s Africaines\" \/>\n<meta property=\"og:description\" content=\"En marge de la r\u00e9union des ministres charg\u00e9s du Commerce, de l\u2019Industrie et du Secteur priv\u00e9 de la\" \/>\n<meta property=\"og:url\" content=\"https:\/\/www.africascoop.net\/index.php\/2025\/12\/17\/aes-lopam-signe-une-convention-de-partenariat-entre-les-offices-cerealiers-a-niamey\/\" \/>\n<meta property=\"og:site_name\" content=\"Actualit\u00e9s Africaines\" \/>\n<meta property=\"article:published_time\" content=\"2025-12-17T12:40:11+00:00\" \/>\n<meta property=\"article:modified_time\" content=\"2025-12-17T12:40:22+00:00\" \/>\n<meta property=\"og:image\" content=\"https:\/\/www.africascoop.net\/wp-content\/uploads\/2025\/12\/OPAM-1024x576.jpg\" \/>\n<meta name=\"author\" content=\"Africascoop\" \/>\n<meta name=\"twitter:card\" content=\"summary_large_image\" \/>\n<meta name=\"twitter:label1\" content=\"\u00c9crit par\" \/>\n\t<meta name=\"twitter:data1\" content=\"Africascoop\" \/>\n\t<meta name=\"twitter:label2\" content=\"Dur\u00e9e de lecture estim\u00e9e\" \/>\n\t<meta name=\"twitter:data2\" content=\"2 minutes\" \/>\n<script type=\"application\/ld+json\" class=\"yoast-schema-graph\">{\"@context\":\"https:\/\/schema.org\",\"@graph\":[{\"@type\":\"Article\",\"@id\":\"https:\/\/www.africascoop.net\/index.php\/2025\/12\/17\/aes-lopam-signe-une-convention-de-partenariat-entre-les-offices-cerealiers-a-niamey\/#article\",\"isPartOf\":{\"@id\":\"https:\/\/www.africascoop.net\/index.php\/2025\/12\/17\/aes-lopam-signe-une-convention-de-partenariat-entre-les-offices-cerealiers-a-niamey\/\"},\"author\":{\"name\":\"Africascoop\",\"@id\":\"http:\/\/www.africascoop.net\/#\/schema\/person\/2cbcc632c110d739d93a6b196c67230a\"},\"headline\":\"AES : l\u2019OPAM signe une convention de partenariat entre les offices c\u00e9r\u00e9aliers \u00e0 Niamey\",\"datePublished\":\"2025-12-17T12:40:11+00:00\",\"dateModified\":\"2025-12-17T12:40:22+00:00\",\"mainEntityOfPage\":{\"@id\":\"https:\/\/www.africascoop.net\/index.php\/2025\/12\/17\/aes-lopam-signe-une-convention-de-partenariat-entre-les-offices-cerealiers-a-niamey\/\"},\"wordCount\":297,\"commentCount\":0,\"publisher\":{\"@id\":\"http:\/\/www.africascoop.net\/#organization\"},\"image\":{\"@id\":\"https:\/\/www.africascoop.net\/index.php\/2025\/12\/17\/aes-lopam-signe-une-convention-de-partenariat-entre-les-offices-cerealiers-a-niamey\/#primaryimage\"},\"thumbnailUrl\":\"https:\/\/www.africascoop.net\/wp-content\/uploads\/2025\/12\/OPAM-1024x576.jpg\",\"articleSection\":[\"Exclusif\",\"Soci\u00e9t\u00e9\"],\"inLanguage\":\"fr-FR\",\"potentialAction\":[{\"@type\":\"CommentAction\",\"name\":\"Comment\",\"target\":[\"https:\/\/www.africascoop.net\/index.php\/2025\/12\/17\/aes-lopam-signe-une-convention-de-partenariat-entre-les-offices-cerealiers-a-niamey\/#respond\"]}]},{\"@type\":\"WebPage\",\"@id\":\"https:\/\/www.africascoop.net\/index.php\/2025\/12\/17\/aes-lopam-signe-une-convention-de-partenariat-entre-les-offices-cerealiers-a-niamey\/\",\"url\":\"https:\/\/www.africascoop.net\/index.php\/2025\/12\/17\/aes-lopam-signe-une-convention-de-partenariat-entre-les-offices-cerealiers-a-niamey\/\",\"name\":\"AES : l\u2019OPAM signe une convention de partenariat entre les offices c\u00e9r\u00e9aliers \u00e0 Niamey - Actualit\u00e9s Africaines\",\"isPartOf\":{\"@id\":\"http:\/\/www.africascoop.net\/#website\"},\"primaryImageOfPage\":{\"@id\":\"https:\/\/www.africascoop.net\/index.php\/2025\/12\/17\/aes-lopam-signe-une-convention-de-partenariat-entre-les-offices-cerealiers-a-niamey\/#primaryimage\"},\"image\":{\"@id\":\"https:\/\/www.africascoop.net\/index.php\/2025\/12\/17\/aes-lopam-signe-une-convention-de-partenariat-entre-les-offices-cerealiers-a-niamey\/#primaryimage\"},\"thumbnailUrl\":\"https:\/\/www.africascoop.net\/wp-content\/uploads\/2025\/12\/OPAM-1024x576.jpg\",\"datePublished\":\"2025-12-17T12:40:11+00:00\",\"dateModified\":\"2025-12-17T12:40:22+00:00\",\"breadcrumb\":{\"@id\":\"https:\/\/www.africascoop.net\/index.php\/2025\/12\/17\/aes-lopam-signe-une-convention-de-partenariat-entre-les-offices-cerealiers-a-niamey\/#breadcrumb\"},\"inLanguage\":\"fr-FR\",\"potentialAction\":[{\"@type\":\"ReadAction\",\"target\":[\"https:\/\/www.africascoop.net\/index.php\/2025\/12\/17\/aes-lopam-signe-une-convention-de-partenariat-entre-les-offices-cerealiers-a-niamey\/\"]}]},{\"@type\":\"ImageObject\",\"inLanguage\":\"fr-FR\",\"@id\":\"https:\/\/www.africascoop.net\/index.php\/2025\/12\/17\/aes-lopam-signe-une-convention-de-partenariat-entre-les-offices-cerealiers-a-niamey\/#primaryimage\",\"url\":\"https:\/\/www.africascoop.net\/wp-content\/uploads\/2025\/12\/OPAM.jpg\",\"contentUrl\":\"https:\/\/www.africascoop.net\/wp-content\/uploads\/2025\/12\/OPAM.jpg\",\"width\":1366,\"height\":768},{\"@type\":\"BreadcrumbList\",\"@id\":\"https:\/\/www.africascoop.net\/index.php\/2025\/12\/17\/aes-lopam-signe-une-convention-de-partenariat-entre-les-offices-cerealiers-a-niamey\/#breadcrumb\",\"itemListElement\":[{\"@type\":\"ListItem\",\"position\":1,\"name\":\"Accueil\",\"item\":\"http:\/\/www.africascoop.net\/\"},{\"@type\":\"ListItem\",\"position\":2,\"name\":\"AES : l\u2019OPAM signe une convention de partenariat entre les offices c\u00e9r\u00e9aliers \u00e0 Niamey\"}]},{\"@type\":\"WebSite\",\"@id\":\"http:\/\/www.africascoop.net\/#website\",\"url\":\"http:\/\/www.africascoop.net\/\",\"name\":\"Actualit\u00e9s Africaines\",\"description\":\"\",\"publisher\":{\"@id\":\"http:\/\/www.africascoop.net\/#organization\"},\"potentialAction\":[{\"@type\":\"SearchAction\",\"target\":{\"@type\":\"EntryPoint\",\"urlTemplate\":\"http:\/\/www.africascoop.net\/?s={search_term_string}\"},\"query-input\":{\"@type\":\"PropertyValueSpecification\",\"valueRequired\":true,\"valueName\":\"search_term_string\"}}],\"inLanguage\":\"fr-FR\"},{\"@type\":\"Organization\",\"@id\":\"http:\/\/www.africascoop.net\/#organization\",\"name\":\"Actualit\u00e9s Africaines\",\"url\":\"http:\/\/www.africascoop.net\/\",\"logo\":{\"@type\":\"ImageObject\",\"inLanguage\":\"fr-FR\",\"@id\":\"http:\/\/www.africascoop.net\/#\/schema\/logo\/image\/\",\"url\":\"https:\/\/www.africascoop.net\/wp-content\/uploads\/2025\/09\/cropped-logo-2.jpg\",\"contentUrl\":\"https:\/\/www.africascoop.net\/wp-content\/uploads\/2025\/09\/cropped-logo-2.jpg\",\"width\":945,\"height\":591,\"caption\":\"Actualit\u00e9s Africaines\"},\"image\":{\"@id\":\"http:\/\/www.africascoop.net\/#\/schema\/logo\/image\/\"}},{\"@type\":\"Person\",\"@id\":\"http:\/\/www.africascoop.net\/#\/schema\/person\/2cbcc632c110d739d93a6b196c67230a\",\"name\":\"Africascoop\",\"image\":{\"@type\":\"ImageObject\",\"inLanguage\":\"fr-FR\",\"@id\":\"http:\/\/www.africascoop.net\/#\/schema\/person\/image\/\",\"url\":\"https:\/\/secure.gravatar.com\/avatar\/230d851f5173f64fe9487b948bd2daf02707ef49aea942bc1bdad649c82025b9?s=96&d=mm&r=g\",\"contentUrl\":\"https:\/\/secure.gravatar.com\/avatar\/230d851f5173f64fe9487b948bd2daf02707ef49aea942bc1bdad649c82025b9?s=96&d=mm&r=g\",\"caption\":\"Africascoop\"},\"url\":\"https:\/\/www.africascoop.net\/index.php\/author\/jul\/\"}]}<\/script>\n<!-- \/ Yoast SEO plugin. -->","yoast_head_json":{"title":"AES : l\u2019OPAM signe une convention de partenariat entre les offices c\u00e9r\u00e9aliers \u00e0 Niamey - Actualit\u00e9s Africaines","robots":{"index":"index","follow":"follow","max-snippet":"max-snippet:-1","max-image-preview":"max-image-preview:large","max-video-preview":"max-video-preview:-1"},"canonical":"https:\/\/www.africascoop.net\/index.php\/2025\/12\/17\/aes-lopam-signe-une-convention-de-partenariat-entre-les-offices-cerealiers-a-niamey\/","og_locale":"fr_FR","og_type":"article","og_title":"AES : l\u2019OPAM signe une convention de partenariat entre les offices c\u00e9r\u00e9aliers \u00e0 Niamey - Actualit\u00e9s Africaines","og_description":"En marge de la r\u00e9union des ministres charg\u00e9s du Commerce, de l\u2019Industrie et du Secteur priv\u00e9 de la","og_url":"https:\/\/www.africascoop.net\/index.php\/2025\/12\/17\/aes-lopam-signe-une-convention-de-partenariat-entre-les-offices-cerealiers-a-niamey\/","og_site_name":"Actualit\u00e9s Africaines","article_published_time":"2025-12-17T12:40:11+00:00","article_modified_time":"2025-12-17T12:40:22+00:00","og_image":[{"url":"https:\/\/www.africascoop.net\/wp-content\/uploads\/2025\/12\/OPAM-1024x576.jpg","type":"","width":"","height":""}],"author":"Africascoop","twitter_card":"summary_large_image","twitter_misc":{"\u00c9crit par":"Africascoop","Dur\u00e9e de lecture estim\u00e9e":"2 minutes"},"schema":{"@context":"https:\/\/schema.org","@graph":[{"@type":"Article","@id":"https:\/\/www.africascoop.net\/index.php\/2025\/12\/17\/aes-lopam-signe-une-convention-de-partenariat-entre-les-offices-cerealiers-a-niamey\/#article","isPartOf":{"@id":"https:\/\/www.africascoop.net\/index.php\/2025\/12\/17\/aes-lopam-signe-une-convention-de-partenariat-entre-les-offices-cerealiers-a-niamey\/"},"author":{"name":"Africascoop","@id":"http:\/\/www.africascoop.net\/#\/schema\/person\/2cbcc632c110d739d93a6b196c67230a"},"headline":"AES : l\u2019OPAM signe une convention de partenariat entre les offices c\u00e9r\u00e9aliers \u00e0 Niamey","datePublished":"2025-12-17T12:40:11+00:00","dateModified":"2025-12-17T12:40:22+00:00","mainEntityOfPage":{"@id":"https:\/\/www.africascoop.net\/index.php\/2025\/12\/17\/aes-lopam-signe-une-convention-de-partenariat-entre-les-offices-cerealiers-a-niamey\/"},"wordCount":297,"commentCount":0,"publisher":{"@id":"http:\/\/www.africascoop.net\/#organization"},"image":{"@id":"https:\/\/www.africascoop.net\/index.php\/2025\/12\/17\/aes-lopam-signe-une-convention-de-partenariat-entre-les-offices-cerealiers-a-niamey\/#primaryimage"},"thumbnailUrl":"https:\/\/www.africascoop.net\/wp-content\/uploads\/2025\/12\/OPAM-1024x576.jpg","articleSection":["Exclusif","Soci\u00e9t\u00e9"],"inLanguage":"fr-FR","potentialAction":[{"@type":"CommentAction","name":"Comment","target":["https:\/\/www.africascoop.net\/index.php\/2025\/12\/17\/aes-lopam-signe-une-convention-de-partenariat-entre-les-offices-cerealiers-a-niamey\/#respond"]}]},{"@type":"WebPage","@id":"https:\/\/www.africascoop.net\/index.php\/2025\/12\/17\/aes-lopam-signe-une-convention-de-partenariat-entre-les-offices-cerealiers-a-niamey\/","url":"https:\/\/www.africascoop.net\/index.php\/2025\/12\/17\/aes-lopam-signe-une-convention-de-partenariat-entre-les-offices-cerealiers-a-niamey\/","name":"AES : l\u2019OPAM signe une convention de partenariat entre les offices c\u00e9r\u00e9aliers \u00e0 Niamey - Actualit\u00e9s Africaines","isPartOf":{"@id":"http:\/\/www.africascoop.net\/#website"},"primaryImageOfPage":{"@id":"https:\/\/www.africascoop.net\/index.php\/2025\/12\/17\/aes-lopam-signe-une-convention-de-partenariat-entre-les-offices-cerealiers-a-niamey\/#primaryimage"},"image":{"@id":"https:\/\/www.africascoop.net\/index.php\/2025\/12\/17\/aes-lopam-signe-une-convention-de-partenariat-entre-les-offices-cerealiers-a-niamey\/#primaryimage"},"thumbnailUrl":"https:\/\/www.africascoop.net\/wp-content\/uploads\/2025\/12\/OPAM-1024x576.jpg","datePublished":"2025-12-17T12:40:11+00:00","dateModified":"2025-12-17T12:40:22+00:00","breadcrumb":{"@id":"https:\/\/www.africascoop.net\/index.php\/2025\/12\/17\/aes-lopam-signe-une-convention-de-partenariat-entre-les-offices-cerealiers-a-niamey\/#breadcrumb"},"inLanguage":"fr-FR","potentialAction":[{"@type":"ReadAction","target":["https:\/\/www.africascoop.net\/index.php\/2025\/12\/17\/aes-lopam-signe-une-convention-de-partenariat-entre-les-offices-cerealiers-a-niamey\/"]}]},{"@type":"ImageObject","inLanguage":"fr-FR","@id":"https:\/\/www.africascoop.net\/index.php\/2025\/12\/17\/aes-lopam-signe-une-convention-de-partenariat-entre-les-offices-cerealiers-a-niamey\/#primaryimage","url":"https:\/\/www.africascoop.net\/wp-content\/uploads\/2025\/12\/OPAM.jpg","contentUrl":"https:\/\/www.africascoop.net\/wp-content\/uploads\/2025\/12\/OPAM.jpg","width":1366,"height":768},{"@type":"BreadcrumbList","@id":"https:\/\/www.africascoop.net\/index.php\/2025\/12\/17\/aes-lopam-signe-une-convention-de-partenariat-entre-les-offices-cerealiers-a-niamey\/#breadcrumb","itemListElement":[{"@type":"ListItem","position":1,"name":"Accueil","item":"http:\/\/www.africascoop.net\/"},{"@type":"ListItem","position":2,"name":"AES : l\u2019OPAM signe une convention de partenariat entre les offices c\u00e9r\u00e9aliers \u00e0 Niamey"}]},{"@type":"WebSite","@id":"http:\/\/www.africascoop.net\/#website","url":"http:\/\/www.africascoop.net\/","name":"Actualit\u00e9s Africaines","description":"","publisher":{"@id":"http:\/\/www.africascoop.net\/#organization"},"potentialAction":[{"@type":"SearchAction","target":{"@type":"EntryPoint","urlTemplate":"http:\/\/www.africascoop.net\/?s={search_term_string}"},"query-input":{"@type":"PropertyValueSpecification","valueRequired":true,"valueName":"search_term_string"}}],"inLanguage":"fr-FR"},{"@type":"Organization","@id":"http:\/\/www.africascoop.net\/#organization","name":"Actualit\u00e9s Africaines","url":"http:\/\/www.africascoop.net\/","logo":{"@type":"ImageObject","inLanguage":"fr-FR","@id":"http:\/\/www.africascoop.net\/#\/schema\/logo\/image\/","url":"https:\/\/www.africascoop.net\/wp-content\/uploads\/2025\/09\/cropped-logo-2.jpg","contentUrl":"https:\/\/www.africascoop.net\/wp-content\/uploads\/2025\/09\/cropped-logo-2.jpg","width":945,"height":591,"caption":"Actualit\u00e9s Africaines"},"image":{"@id":"http:\/\/www.africascoop.net\/#\/schema\/logo\/image\/"}},{"@type":"Person","@id":"http:\/\/www.africascoop.net\/#\/schema\/person\/2cbcc632c110d739d93a6b196c67230a","name":"Africascoop","image":{"@type":"ImageObject","inLanguage":"fr-FR","@id":"http:\/\/www.africascoop.net\/#\/schema\/person\/image\/","url":"https:\/\/secure.gravatar.com\/avatar\/230d851f5173f64fe9487b948bd2daf02707ef49aea942bc1bdad649c82025b9?s=96&d=mm&r=g","contentUrl":"https:\/\/secure.gravatar.com\/avatar\/230d851f5173f64fe9487b948bd2daf02707ef49aea942bc1bdad649c82025b9?s=96&d=mm&r=g","caption":"Africascoop"},"url":"https:\/\/www.africascoop.net\/index.php\/author\/jul\/"}]}},"_links":{"self":[{"href":"https:\/\/www.africascoop.net\/index.php\/wp-json\/wp\/v2\/posts\/1009","targetHints":{"allow":["GET"]}}],"collection":[{"href":"https:\/\/www.africascoop.net\/index.php\/wp-json\/wp\/v2\/posts"}],"about":[{"href":"https:\/\/www.africascoop.net\/index.php\/wp-json\/wp\/v2\/types\/post"}],"author":[{"embeddable":true,"href":"https:\/\/www.africascoop.net\/index.php\/wp-json\/wp\/v2\/users\/3"}],"replies":[{"embeddable":true,"href":"https:\/\/www.africascoop.net\/index.php\/wp-json\/wp\/v2\/comments?post=1009"}],"version-history":[{"count":1,"href":"https:\/\/www.africascoop.net\/index.php\/wp-json\/wp\/v2\/posts\/1009\/revisions"}],"predecessor-version":[{"id":1011,"href":"https:\/\/www.africascoop.net\/index.php\/wp-json\/wp\/v2\/posts\/1009\/revisions\/1011"}],"wp:attachment":[{"href":"https:\/\/www.africascoop.net\/index.php\/wp-json\/wp\/v2\/media?parent=1009"}],"wp:term":[{"taxonomy":"category","embeddable":true,"href":"https:\/\/www.africascoop.net\/index.php\/wp-json\/wp\/v2\/categories?post=1009"},{"taxonomy":"post_tag","embeddable":true,"href":"https:\/\/www.africascoop.net\/index.php\/wp-json\/wp\/v2\/tags?post=1009"}],"curies":[{"name":"wp","href":"https:\/\/api.w.org\/{rel}","templated":true}]}}