{"id":1015,"date":"2025-12-18T13:26:07","date_gmt":"2025-12-18T13:26:07","guid":{"rendered":"https:\/\/www.africascoop.net\/?p=1015"},"modified":"2025-12-18T13:26:53","modified_gmt":"2025-12-18T13:26:53","slug":"election-a-la-presidence-du-ccim-arouna-kante-lance-officiellement-sa-campagne","status":"publish","type":"post","link":"https:\/\/www.africascoop.net\/index.php\/2025\/12\/18\/election-a-la-presidence-du-ccim-arouna-kante-lance-officiellement-sa-campagne\/","title":{"rendered":"\u00c9LECTION \u00c0 LA PR\u00c9SIDENCE DU CCIM\u00a0: Arouna Kant\u00e9 lance officiellement sa campagne"},"content":{"rendered":"\n<figure class=\"wp-block-image size-large\"><img loading=\"lazy\" decoding=\"async\" width=\"1024\" height=\"576\" src=\"https:\/\/www.africascoop.net\/wp-content\/uploads\/2025\/12\/ccim-1024x576.jpg\" alt=\"\" class=\"wp-image-1016\" srcset=\"https:\/\/www.africascoop.net\/wp-content\/uploads\/2025\/12\/ccim-1024x576.jpg 1024w, https:\/\/www.africascoop.net\/wp-content\/uploads\/2025\/12\/ccim-300x169.jpg 300w, https:\/\/www.africascoop.net\/wp-content\/uploads\/2025\/12\/ccim-768x432.jpg 768w, https:\/\/www.africascoop.net\/wp-content\/uploads\/2025\/12\/ccim.jpg 1366w\" sizes=\"auto, (max-width: 1024px) 100vw, 1024px\" \/><\/figure>\n\n\n\n<p><strong><em>Le candidat Arouna Kant\u00e9 a officiellement lanc\u00e9 sa campagne pour la pr\u00e9sidence de la Chambre de commerce et d\u2019industrie du Mali (CCIM), lors d\u2019un \u00e9v\u00e9nement organis\u00e9 le 18 d\u00e9cembre au Maeva Palace.<\/em><\/strong><\/p>\n\n\n\n<p>Au cours de la c\u00e9r\u00e9monie, une vid\u00e9o retra\u00e7ant le parcours professionnel et les projets de renouveau du candidat a \u00e9t\u00e9 projet\u00e9e. Les invit\u00e9s ont ainsi d\u00e9couvert un homme de terrain, charismatique et porteur d\u2019une vision ambitieuse.<\/p>\n\n\n\n<p>Des t\u00e9moignages de proches et de collaborateurs ont mis en lumi\u00e8re son exp\u00e9rience dans le secteur priv\u00e9 ainsi que sa capacit\u00e9 \u00e0 impulser un v\u00e9ritable changement au sein de la CCIM.<\/p>\n\n\n\n<p>Un profil acad\u00e9mique et professionnel solide<\/p>\n\n\n\n<p>Sur les plans acad\u00e9mique et professionnel, Arouna Kant\u00e9 est pr\u00e9sent\u00e9 comme un candidat disposant d\u2019une solide connaissance du terrain, un atout majeur pour relever les d\u00e9fis li\u00e9s \u00e0 la relance et au d\u00e9veloppement de l\u2019\u00e9conomie malienne.<\/p>\n\n\n\n<p>Les grands axes du programme d\u2019Arouna Kant\u00e9<\/p>\n\n\n\n<p>Arouna Kant\u00e9 a d\u00e9clin\u00e9 son programme de r\u00e9forme de la Chambre de commerce et d\u2019industrie du Mali autour de plusieurs axes prioritaires.<\/p>\n\n\n\n<p>Il pr\u00e9voit notamment la modernisation et la digitalisation des services \u00e0 travers la mise en place d\u2019un guichet unique num\u00e9rique, l\u2019interconnexion avec les administrations publiques et la cr\u00e9ation d\u2019une carte professionnelle digitale.<\/p>\n\n\n\n<p>Le programme accorde \u00e9galement une place importante au soutien des PME, des jeunes et des femmes, \u00e0 travers la cr\u00e9ation d\u2019un fonds d\u2019appui, de centres d\u2019incubation ainsi que des programmes de formation et d\u2019accompagnement.<\/p>\n\n\n\n<p>Promotion des exportations et int\u00e9gration r\u00e9gionale<\/p>\n\n\n\n<p>Le candidat ambitionne par ailleurs de renforcer les exportations et l\u2019int\u00e9gration r\u00e9gionale gr\u00e2ce \u00e0 la mise en place de corridors logistiques, le d\u00e9veloppement de fili\u00e8res prioritaires et la cr\u00e9ation de hubs d\u2019exportation internationaux.<\/p>\n\n\n\n<p>S\u00e9curit\u00e9 commerciale et am\u00e9lioration du climat des affaires<\/p>\n\n\n\n<p>Un autre axe majeur du programme concerne la s\u00e9curit\u00e9 commerciale et l\u2019am\u00e9lioration du climat des affaires. Il s\u2019agit notamment de lutter contre les tracasseries et la corruption, de mieux prot\u00e9ger les op\u00e9rateurs \u00e9conomiques et de renforcer les m\u00e9canismes d\u2019arbitrage commercial.<\/p>\n\n\n\n<p>Une gouvernance plus cr\u00e9dible de la CCIM<\/p>\n\n\n\n<p>Enfin, le programme met l\u2019accent sur une gouvernance plus cr\u00e9dible de la CCIM, fond\u00e9e sur l\u2019audit, la transparence, une organisation moderne et une plus grande participation des acteurs \u00e9conomiques, y compris ceux de la diaspora.<\/p>\n\n\n\n<p>Soutiens et appels \u00e0 la mobilisation<\/p>\n\n\n\n<p>Salim Makadji, candidat au poste de vice-pr\u00e9sident de la Chambre du district de Bamako et fid\u00e8le soutien d\u2019Arouna Kant\u00e9, a soulign\u00e9 l\u2019engagement du candidat en faveur des commer\u00e7ants et du secteur priv\u00e9. Il a appel\u00e9 l\u2019ensemble des acteurs \u00e9conomiques \u00e0 se mobiliser autour de cette candidature pour le bien de l\u2019\u00e9conomie nationale.<\/p>\n\n\n\n<p>Des personnalit\u00e9s de marque pr\u00e9sentes<\/p>\n\n\n\n<p>L\u2019\u00e9v\u00e9nement a \u00e9galement enregistr\u00e9 la pr\u00e9sence de plusieurs personnalit\u00e9s de premier plan, dont Mamadou Sinsy Coulibaly, pr\u00e9sident du patronat malien, Drissa Coulibaly (CGB) et Ben Barka, ancien ministre. Leur participation t\u00e9moigne de l\u2019int\u00e9r\u00eat et de la port\u00e9e du projet de renouveau \u00e9conomique port\u00e9 par Arouna Kant\u00e9.<\/p>\n\n\n\n<p>T\u00e9moignage de Siriman<\/p>\n\n\n\n<p>\u00ab Je tiens \u00e0 souligner les grandes qualit\u00e9s humaines et professionnelles de Momo. C\u2019est un homme de foi, int\u00e8gre et disponible pour tous : amis, camarades de promotion, famille et communaut\u00e9. Il parvient \u00e0 concilier vie personnelle et engagements sociaux, ce qui est rare et pr\u00e9cieux.<\/p>\n\n\n\n<p>Intelligent et r\u00e9actif, il sait g\u00e9rer les situations difficiles avec discernement. Lors d\u2019une r\u00e9cente situation sur le march\u00e9, il a su rassurer les acteurs et pr\u00e9venir la panique, d\u00e9montrant ainsi son sens des responsabilit\u00e9s et sa vision du bien commun.<\/p>\n\n\n\n<p>Au regard de toutes ces qualit\u00e9s, je suis convaincu que le secteur priv\u00e9 malien a une r\u00e9elle opportunit\u00e9 de renouveau et que M. Kant\u00e9 ferait un excellent pr\u00e9sident de la Chambre de commerce et d\u2019industrie du Mali. \u00bb<\/p>\n\n\n\n<p>D\u2019autres t\u00e9moignages \u00e9logieux<\/p>\n\n\n\n<p>D\u2019autres t\u00e9moignages, \u00e9manant de personnalit\u00e9s reconnues du secteur commercial, notamment le pr\u00e9sident-directeur g\u00e9n\u00e9ral de Karagnara (stations-service Petro Bama), le pr\u00e9sident des soci\u00e9t\u00e9s de gardiennage et la directrice g\u00e9n\u00e9rale de la Compagnie Diarra Transport, ont \u00e9galement salu\u00e9 les qualit\u00e9s humaines et professionnelles du candidat.<\/p>\n\n\n\n<p>Lamine BAGAYOGO<\/p>\n","protected":false},"excerpt":{"rendered":"<p>Le candidat Arouna Kant\u00e9 a officiellement lanc\u00e9 sa campagne pour la pr\u00e9sidence de la Chambre de commerce et<\/p>\n","protected":false},"author":3,"featured_media":0,"comment_status":"open","ping_status":"open","sticky":false,"template":"","format":"standard","meta":{"footnotes":""},"categories":[36,9],"tags":[],"class_list":["post-1015","post","type-post","status-publish","format-standard","hentry","category-exclusif","category-politique"],"yoast_head":"<!-- This site is optimized with the Yoast SEO plugin v26.0 - https:\/\/yoast.com\/wordpress\/plugins\/seo\/ -->\n<title>\u00c9LECTION \u00c0 LA PR\u00c9SIDENCE DU CCIM\u00a0: Arouna Kant\u00e9 lance officiellement sa campagne - Actualit\u00e9s Africaines<\/title>\n<meta name=\"robots\" content=\"index, follow, max-snippet:-1, max-image-preview:large, max-video-preview:-1\" \/>\n<link rel=\"canonical\" href=\"http:\/\/www.africascoop.net\/index.php\/2025\/12\/18\/election-a-la-presidence-du-ccim-arouna-kante-lance-officiellement-sa-campagne\/\" \/>\n<meta property=\"og:locale\" content=\"fr_FR\" \/>\n<meta property=\"og:type\" content=\"article\" \/>\n<meta property=\"og:title\" content=\"\u00c9LECTION \u00c0 LA PR\u00c9SIDENCE DU CCIM\u00a0: Arouna Kant\u00e9 lance officiellement sa campagne - Actualit\u00e9s Africaines\" \/>\n<meta property=\"og:description\" content=\"Le candidat Arouna Kant\u00e9 a officiellement lanc\u00e9 sa campagne pour la pr\u00e9sidence de la Chambre de commerce et\" \/>\n<meta property=\"og:url\" content=\"http:\/\/www.africascoop.net\/index.php\/2025\/12\/18\/election-a-la-presidence-du-ccim-arouna-kante-lance-officiellement-sa-campagne\/\" \/>\n<meta property=\"og:site_name\" content=\"Actualit\u00e9s Africaines\" \/>\n<meta property=\"article:published_time\" content=\"2025-12-18T13:26:07+00:00\" \/>\n<meta property=\"article:modified_time\" content=\"2025-12-18T13:26:53+00:00\" \/>\n<meta property=\"og:image\" content=\"https:\/\/www.africascoop.net\/wp-content\/uploads\/2025\/12\/ccim-1024x576.jpg\" \/>\n<meta name=\"author\" content=\"Africascoop\" \/>\n<meta name=\"twitter:card\" content=\"summary_large_image\" \/>\n<meta name=\"twitter:label1\" content=\"\u00c9crit par\" \/>\n\t<meta name=\"twitter:data1\" content=\"Africascoop\" \/>\n\t<meta name=\"twitter:label2\" content=\"Dur\u00e9e de lecture estim\u00e9e\" \/>\n\t<meta name=\"twitter:data2\" content=\"4 minutes\" \/>\n<script type=\"application\/ld+json\" class=\"yoast-schema-graph\">{\"@context\":\"https:\/\/schema.org\",\"@graph\":[{\"@type\":\"Article\",\"@id\":\"http:\/\/www.africascoop.net\/index.php\/2025\/12\/18\/election-a-la-presidence-du-ccim-arouna-kante-lance-officiellement-sa-campagne\/#article\",\"isPartOf\":{\"@id\":\"http:\/\/www.africascoop.net\/index.php\/2025\/12\/18\/election-a-la-presidence-du-ccim-arouna-kante-lance-officiellement-sa-campagne\/\"},\"author\":{\"name\":\"Africascoop\",\"@id\":\"http:\/\/www.africascoop.net\/#\/schema\/person\/2cbcc632c110d739d93a6b196c67230a\"},\"headline\":\"\u00c9LECTION \u00c0 LA PR\u00c9SIDENCE DU CCIM\u00a0: Arouna Kant\u00e9 lance officiellement sa campagne\",\"datePublished\":\"2025-12-18T13:26:07+00:00\",\"dateModified\":\"2025-12-18T13:26:53+00:00\",\"mainEntityOfPage\":{\"@id\":\"http:\/\/www.africascoop.net\/index.php\/2025\/12\/18\/election-a-la-presidence-du-ccim-arouna-kante-lance-officiellement-sa-campagne\/\"},\"wordCount\":762,\"commentCount\":0,\"publisher\":{\"@id\":\"http:\/\/www.africascoop.net\/#organization\"},\"image\":{\"@id\":\"http:\/\/www.africascoop.net\/index.php\/2025\/12\/18\/election-a-la-presidence-du-ccim-arouna-kante-lance-officiellement-sa-campagne\/#primaryimage\"},\"thumbnailUrl\":\"https:\/\/www.africascoop.net\/wp-content\/uploads\/2025\/12\/ccim-1024x576.jpg\",\"articleSection\":[\"Exclusif\",\"Politique\"],\"inLanguage\":\"fr-FR\",\"potentialAction\":[{\"@type\":\"CommentAction\",\"name\":\"Comment\",\"target\":[\"http:\/\/www.africascoop.net\/index.php\/2025\/12\/18\/election-a-la-presidence-du-ccim-arouna-kante-lance-officiellement-sa-campagne\/#respond\"]}]},{\"@type\":\"WebPage\",\"@id\":\"http:\/\/www.africascoop.net\/index.php\/2025\/12\/18\/election-a-la-presidence-du-ccim-arouna-kante-lance-officiellement-sa-campagne\/\",\"url\":\"http:\/\/www.africascoop.net\/index.php\/2025\/12\/18\/election-a-la-presidence-du-ccim-arouna-kante-lance-officiellement-sa-campagne\/\",\"name\":\"\u00c9LECTION \u00c0 LA PR\u00c9SIDENCE DU CCIM\u00a0: Arouna Kant\u00e9 lance officiellement sa campagne - Actualit\u00e9s Africaines\",\"isPartOf\":{\"@id\":\"http:\/\/www.africascoop.net\/#website\"},\"primaryImageOfPage\":{\"@id\":\"http:\/\/www.africascoop.net\/index.php\/2025\/12\/18\/election-a-la-presidence-du-ccim-arouna-kante-lance-officiellement-sa-campagne\/#primaryimage\"},\"image\":{\"@id\":\"http:\/\/www.africascoop.net\/index.php\/2025\/12\/18\/election-a-la-presidence-du-ccim-arouna-kante-lance-officiellement-sa-campagne\/#primaryimage\"},\"thumbnailUrl\":\"https:\/\/www.africascoop.net\/wp-content\/uploads\/2025\/12\/ccim-1024x576.jpg\",\"datePublished\":\"2025-12-18T13:26:07+00:00\",\"dateModified\":\"2025-12-18T13:26:53+00:00\",\"breadcrumb\":{\"@id\":\"http:\/\/www.africascoop.net\/index.php\/2025\/12\/18\/election-a-la-presidence-du-ccim-arouna-kante-lance-officiellement-sa-campagne\/#breadcrumb\"},\"inLanguage\":\"fr-FR\",\"potentialAction\":[{\"@type\":\"ReadAction\",\"target\":[\"http:\/\/www.africascoop.net\/index.php\/2025\/12\/18\/election-a-la-presidence-du-ccim-arouna-kante-lance-officiellement-sa-campagne\/\"]}]},{\"@type\":\"ImageObject\",\"inLanguage\":\"fr-FR\",\"@id\":\"http:\/\/www.africascoop.net\/index.php\/2025\/12\/18\/election-a-la-presidence-du-ccim-arouna-kante-lance-officiellement-sa-campagne\/#primaryimage\",\"url\":\"https:\/\/www.africascoop.net\/wp-content\/uploads\/2025\/12\/ccim.jpg\",\"contentUrl\":\"https:\/\/www.africascoop.net\/wp-content\/uploads\/2025\/12\/ccim.jpg\",\"width\":1366,\"height\":768},{\"@type\":\"BreadcrumbList\",\"@id\":\"http:\/\/www.africascoop.net\/index.php\/2025\/12\/18\/election-a-la-presidence-du-ccim-arouna-kante-lance-officiellement-sa-campagne\/#breadcrumb\",\"itemListElement\":[{\"@type\":\"ListItem\",\"position\":1,\"name\":\"Accueil\",\"item\":\"http:\/\/www.africascoop.net\/\"},{\"@type\":\"ListItem\",\"position\":2,\"name\":\"\u00c9LECTION \u00c0 LA PR\u00c9SIDENCE DU CCIM\u00a0: Arouna Kant\u00e9 lance officiellement sa campagne\"}]},{\"@type\":\"WebSite\",\"@id\":\"http:\/\/www.africascoop.net\/#website\",\"url\":\"http:\/\/www.africascoop.net\/\",\"name\":\"Actualit\u00e9s Africaines\",\"description\":\"\",\"publisher\":{\"@id\":\"http:\/\/www.africascoop.net\/#organization\"},\"potentialAction\":[{\"@type\":\"SearchAction\",\"target\":{\"@type\":\"EntryPoint\",\"urlTemplate\":\"http:\/\/www.africascoop.net\/?s={search_term_string}\"},\"query-input\":{\"@type\":\"PropertyValueSpecification\",\"valueRequired\":true,\"valueName\":\"search_term_string\"}}],\"inLanguage\":\"fr-FR\"},{\"@type\":\"Organization\",\"@id\":\"http:\/\/www.africascoop.net\/#organization\",\"name\":\"Actualit\u00e9s Africaines\",\"url\":\"http:\/\/www.africascoop.net\/\",\"logo\":{\"@type\":\"ImageObject\",\"inLanguage\":\"fr-FR\",\"@id\":\"http:\/\/www.africascoop.net\/#\/schema\/logo\/image\/\",\"url\":\"https:\/\/www.africascoop.net\/wp-content\/uploads\/2025\/09\/cropped-logo-2.jpg\",\"contentUrl\":\"https:\/\/www.africascoop.net\/wp-content\/uploads\/2025\/09\/cropped-logo-2.jpg\",\"width\":945,\"height\":591,\"caption\":\"Actualit\u00e9s Africaines\"},\"image\":{\"@id\":\"http:\/\/www.africascoop.net\/#\/schema\/logo\/image\/\"}},{\"@type\":\"Person\",\"@id\":\"http:\/\/www.africascoop.net\/#\/schema\/person\/2cbcc632c110d739d93a6b196c67230a\",\"name\":\"Africascoop\",\"image\":{\"@type\":\"ImageObject\",\"inLanguage\":\"fr-FR\",\"@id\":\"http:\/\/www.africascoop.net\/#\/schema\/person\/image\/\",\"url\":\"https:\/\/secure.gravatar.com\/avatar\/230d851f5173f64fe9487b948bd2daf02707ef49aea942bc1bdad649c82025b9?s=96&d=mm&r=g\",\"contentUrl\":\"https:\/\/secure.gravatar.com\/avatar\/230d851f5173f64fe9487b948bd2daf02707ef49aea942bc1bdad649c82025b9?s=96&d=mm&r=g\",\"caption\":\"Africascoop\"},\"url\":\"https:\/\/www.africascoop.net\/index.php\/author\/jul\/\"}]}<\/script>\n<!-- \/ Yoast SEO plugin. -->","yoast_head_json":{"title":"\u00c9LECTION \u00c0 LA PR\u00c9SIDENCE DU CCIM\u00a0: Arouna Kant\u00e9 lance officiellement sa campagne - Actualit\u00e9s Africaines","robots":{"index":"index","follow":"follow","max-snippet":"max-snippet:-1","max-image-preview":"max-image-preview:large","max-video-preview":"max-video-preview:-1"},"canonical":"http:\/\/www.africascoop.net\/index.php\/2025\/12\/18\/election-a-la-presidence-du-ccim-arouna-kante-lance-officiellement-sa-campagne\/","og_locale":"fr_FR","og_type":"article","og_title":"\u00c9LECTION \u00c0 LA PR\u00c9SIDENCE DU CCIM\u00a0: Arouna Kant\u00e9 lance officiellement sa campagne - Actualit\u00e9s Africaines","og_description":"Le candidat Arouna Kant\u00e9 a officiellement lanc\u00e9 sa campagne pour la pr\u00e9sidence de la Chambre de commerce et","og_url":"http:\/\/www.africascoop.net\/index.php\/2025\/12\/18\/election-a-la-presidence-du-ccim-arouna-kante-lance-officiellement-sa-campagne\/","og_site_name":"Actualit\u00e9s Africaines","article_published_time":"2025-12-18T13:26:07+00:00","article_modified_time":"2025-12-18T13:26:53+00:00","og_image":[{"url":"https:\/\/www.africascoop.net\/wp-content\/uploads\/2025\/12\/ccim-1024x576.jpg","type":"","width":"","height":""}],"author":"Africascoop","twitter_card":"summary_large_image","twitter_misc":{"\u00c9crit par":"Africascoop","Dur\u00e9e de lecture estim\u00e9e":"4 minutes"},"schema":{"@context":"https:\/\/schema.org","@graph":[{"@type":"Article","@id":"http:\/\/www.africascoop.net\/index.php\/2025\/12\/18\/election-a-la-presidence-du-ccim-arouna-kante-lance-officiellement-sa-campagne\/#article","isPartOf":{"@id":"http:\/\/www.africascoop.net\/index.php\/2025\/12\/18\/election-a-la-presidence-du-ccim-arouna-kante-lance-officiellement-sa-campagne\/"},"author":{"name":"Africascoop","@id":"http:\/\/www.africascoop.net\/#\/schema\/person\/2cbcc632c110d739d93a6b196c67230a"},"headline":"\u00c9LECTION \u00c0 LA PR\u00c9SIDENCE DU CCIM\u00a0: Arouna Kant\u00e9 lance officiellement sa campagne","datePublished":"2025-12-18T13:26:07+00:00","dateModified":"2025-12-18T13:26:53+00:00","mainEntityOfPage":{"@id":"http:\/\/www.africascoop.net\/index.php\/2025\/12\/18\/election-a-la-presidence-du-ccim-arouna-kante-lance-officiellement-sa-campagne\/"},"wordCount":762,"commentCount":0,"publisher":{"@id":"http:\/\/www.africascoop.net\/#organization"},"image":{"@id":"http:\/\/www.africascoop.net\/index.php\/2025\/12\/18\/election-a-la-presidence-du-ccim-arouna-kante-lance-officiellement-sa-campagne\/#primaryimage"},"thumbnailUrl":"https:\/\/www.africascoop.net\/wp-content\/uploads\/2025\/12\/ccim-1024x576.jpg","articleSection":["Exclusif","Politique"],"inLanguage":"fr-FR","potentialAction":[{"@type":"CommentAction","name":"Comment","target":["http:\/\/www.africascoop.net\/index.php\/2025\/12\/18\/election-a-la-presidence-du-ccim-arouna-kante-lance-officiellement-sa-campagne\/#respond"]}]},{"@type":"WebPage","@id":"http:\/\/www.africascoop.net\/index.php\/2025\/12\/18\/election-a-la-presidence-du-ccim-arouna-kante-lance-officiellement-sa-campagne\/","url":"http:\/\/www.africascoop.net\/index.php\/2025\/12\/18\/election-a-la-presidence-du-ccim-arouna-kante-lance-officiellement-sa-campagne\/","name":"\u00c9LECTION \u00c0 LA PR\u00c9SIDENCE DU CCIM\u00a0: Arouna Kant\u00e9 lance officiellement sa campagne - Actualit\u00e9s Africaines","isPartOf":{"@id":"http:\/\/www.africascoop.net\/#website"},"primaryImageOfPage":{"@id":"http:\/\/www.africascoop.net\/index.php\/2025\/12\/18\/election-a-la-presidence-du-ccim-arouna-kante-lance-officiellement-sa-campagne\/#primaryimage"},"image":{"@id":"http:\/\/www.africascoop.net\/index.php\/2025\/12\/18\/election-a-la-presidence-du-ccim-arouna-kante-lance-officiellement-sa-campagne\/#primaryimage"},"thumbnailUrl":"https:\/\/www.africascoop.net\/wp-content\/uploads\/2025\/12\/ccim-1024x576.jpg","datePublished":"2025-12-18T13:26:07+00:00","dateModified":"2025-12-18T13:26:53+00:00","breadcrumb":{"@id":"http:\/\/www.africascoop.net\/index.php\/2025\/12\/18\/election-a-la-presidence-du-ccim-arouna-kante-lance-officiellement-sa-campagne\/#breadcrumb"},"inLanguage":"fr-FR","potentialAction":[{"@type":"ReadAction","target":["http:\/\/www.africascoop.net\/index.php\/2025\/12\/18\/election-a-la-presidence-du-ccim-arouna-kante-lance-officiellement-sa-campagne\/"]}]},{"@type":"ImageObject","inLanguage":"fr-FR","@id":"http:\/\/www.africascoop.net\/index.php\/2025\/12\/18\/election-a-la-presidence-du-ccim-arouna-kante-lance-officiellement-sa-campagne\/#primaryimage","url":"https:\/\/www.africascoop.net\/wp-content\/uploads\/2025\/12\/ccim.jpg","contentUrl":"https:\/\/www.africascoop.net\/wp-content\/uploads\/2025\/12\/ccim.jpg","width":1366,"height":768},{"@type":"BreadcrumbList","@id":"http:\/\/www.africascoop.net\/index.php\/2025\/12\/18\/election-a-la-presidence-du-ccim-arouna-kante-lance-officiellement-sa-campagne\/#breadcrumb","itemListElement":[{"@type":"ListItem","position":1,"name":"Accueil","item":"http:\/\/www.africascoop.net\/"},{"@type":"ListItem","position":2,"name":"\u00c9LECTION \u00c0 LA PR\u00c9SIDENCE DU CCIM\u00a0: Arouna Kant\u00e9 lance officiellement sa campagne"}]},{"@type":"WebSite","@id":"http:\/\/www.africascoop.net\/#website","url":"http:\/\/www.africascoop.net\/","name":"Actualit\u00e9s Africaines","description":"","publisher":{"@id":"http:\/\/www.africascoop.net\/#organization"},"potentialAction":[{"@type":"SearchAction","target":{"@type":"EntryPoint","urlTemplate":"http:\/\/www.africascoop.net\/?s={search_term_string}"},"query-input":{"@type":"PropertyValueSpecification","valueRequired":true,"valueName":"search_term_string"}}],"inLanguage":"fr-FR"},{"@type":"Organization","@id":"http:\/\/www.africascoop.net\/#organization","name":"Actualit\u00e9s Africaines","url":"http:\/\/www.africascoop.net\/","logo":{"@type":"ImageObject","inLanguage":"fr-FR","@id":"http:\/\/www.africascoop.net\/#\/schema\/logo\/image\/","url":"https:\/\/www.africascoop.net\/wp-content\/uploads\/2025\/09\/cropped-logo-2.jpg","contentUrl":"https:\/\/www.africascoop.net\/wp-content\/uploads\/2025\/09\/cropped-logo-2.jpg","width":945,"height":591,"caption":"Actualit\u00e9s Africaines"},"image":{"@id":"http:\/\/www.africascoop.net\/#\/schema\/logo\/image\/"}},{"@type":"Person","@id":"http:\/\/www.africascoop.net\/#\/schema\/person\/2cbcc632c110d739d93a6b196c67230a","name":"Africascoop","image":{"@type":"ImageObject","inLanguage":"fr-FR","@id":"http:\/\/www.africascoop.net\/#\/schema\/person\/image\/","url":"https:\/\/secure.gravatar.com\/avatar\/230d851f5173f64fe9487b948bd2daf02707ef49aea942bc1bdad649c82025b9?s=96&d=mm&r=g","contentUrl":"https:\/\/secure.gravatar.com\/avatar\/230d851f5173f64fe9487b948bd2daf02707ef49aea942bc1bdad649c82025b9?s=96&d=mm&r=g","caption":"Africascoop"},"url":"https:\/\/www.africascoop.net\/index.php\/author\/jul\/"}]}},"_links":{"self":[{"href":"https:\/\/www.africascoop.net\/index.php\/wp-json\/wp\/v2\/posts\/1015","targetHints":{"allow":["GET"]}}],"collection":[{"href":"https:\/\/www.africascoop.net\/index.php\/wp-json\/wp\/v2\/posts"}],"about":[{"href":"https:\/\/www.africascoop.net\/index.php\/wp-json\/wp\/v2\/types\/post"}],"author":[{"embeddable":true,"href":"https:\/\/www.africascoop.net\/index.php\/wp-json\/wp\/v2\/users\/3"}],"replies":[{"embeddable":true,"href":"https:\/\/www.africascoop.net\/index.php\/wp-json\/wp\/v2\/comments?post=1015"}],"version-history":[{"count":1,"href":"https:\/\/www.africascoop.net\/index.php\/wp-json\/wp\/v2\/posts\/1015\/revisions"}],"predecessor-version":[{"id":1017,"href":"https:\/\/www.africascoop.net\/index.php\/wp-json\/wp\/v2\/posts\/1015\/revisions\/1017"}],"wp:attachment":[{"href":"https:\/\/www.africascoop.net\/index.php\/wp-json\/wp\/v2\/media?parent=1015"}],"wp:term":[{"taxonomy":"category","embeddable":true,"href":"https:\/\/www.africascoop.net\/index.php\/wp-json\/wp\/v2\/categories?post=1015"},{"taxonomy":"post_tag","embeddable":true,"href":"https:\/\/www.africascoop.net\/index.php\/wp-json\/wp\/v2\/tags?post=1015"}],"curies":[{"name":"wp","href":"https:\/\/api.w.org\/{rel}","templated":true}]}}