{"id":1029,"date":"2025-12-20T10:27:35","date_gmt":"2025-12-20T10:27:35","guid":{"rendered":"https:\/\/www.africascoop.net\/?p=1029"},"modified":"2025-12-20T10:28:06","modified_gmt":"2025-12-20T10:28:06","slug":"mali-africa-scoop-deja-sur-le-toit-du-paysage-mediatique","status":"publish","type":"post","link":"https:\/\/www.africascoop.net\/index.php\/2025\/12\/20\/mali-africa-scoop-deja-sur-le-toit-du-paysage-mediatique\/","title":{"rendered":"Mali : Africa-Scoop d\u00e9j\u00e0 sur le toit du paysage m\u00e9diatique"},"content":{"rendered":"\n<figure class=\"wp-block-image size-large\"><img loading=\"lazy\" decoding=\"async\" width=\"1024\" height=\"576\" src=\"https:\/\/www.africascoop.net\/wp-content\/uploads\/2025\/12\/Africa-1024x576.jpg\" alt=\"\" class=\"wp-image-1030\" srcset=\"https:\/\/www.africascoop.net\/wp-content\/uploads\/2025\/12\/Africa-1024x576.jpg 1024w, https:\/\/www.africascoop.net\/wp-content\/uploads\/2025\/12\/Africa-300x169.jpg 300w, https:\/\/www.africascoop.net\/wp-content\/uploads\/2025\/12\/Africa-768x432.jpg 768w, https:\/\/www.africascoop.net\/wp-content\/uploads\/2025\/12\/Africa.jpg 1366w\" sizes=\"auto, (max-width: 1024px) 100vw, 1024px\" \/><\/figure>\n\n\n\n<p><strong><em>\u00c0 peine quelques mois apr\u00e8s son lancement, le site d\u2019information Africa-Scoop s\u2019impose d\u00e9j\u00e0 comme une r\u00e9f\u00e9rence dans le paysage m\u00e9diatique malien. Le m\u00e9dia en ligne a remport\u00e9 le premier prix dans la cat\u00e9gorie t\u00e9l\u00e9vision et site internet lors du concours de productions m\u00e9diatiques 2025 sur les questions de population, organis\u00e9 par la Direction nationale de la Population (DNP), en partenariat avec le projet Horizon d\u2019Espoir.<\/em><\/strong><\/p>\n\n\n\n<p>La c\u00e9r\u00e9monie officielle de remise des prix s\u2019est tenue le 19 d\u00e9cembre 2025, consacrant le travail de la r\u00e9daction d\u2019Africa-Scoop et de notre collegue, Djibrila Tour\u00e9, qui a re\u00e7u la distinction au nom du m\u00e9dia. Une performance notable pour un organe de presse encore jeune, mais d\u00e9j\u00e0 tr\u00e8s comp\u00e9titif.<\/p>\n\n\n\n<p>Lanc\u00e9 r\u00e9cemment sur l\u2019\u00e9chiquier m\u00e9diatique national, Africa-Scoop s\u2019est distingu\u00e9 face \u00e0 plusieurs m\u00e9dias bien \u00e9tablis, issus de la presse en ligne et t\u00e9l\u00e9vision. Cette reconnaissance t\u00e9moigne de la qualit\u00e9 \u00e9ditoriale du site ainsi que de la pertinence des productions soumises dans le cadre de ce concours.<\/p>\n\n\n\n<p>Initi\u00e9e par la Direction nationale de la Population, en collaboration avec le projet Horizon d\u2019Espoir financ\u00e9 par l\u2019Ambassade des Pays-Bas et mis en \u0153uvre par le consortium Groupe Pivot Sant\u00e9 Population WILDAF RIPOD la comp\u00e9tition visait \u00e0 encourager un traitement professionnel des th\u00e9matiques li\u00e9es \u00e0 la population. Les productions \u00e9valu\u00e9es portaient notamment sur la sant\u00e9 de la reproduction et la planification familiale, la lutte contre les violences bas\u00e9es sur le genre, ainsi que l\u2019autonomisation des filles et femmes migrantes et des personnes d\u00e9plac\u00e9es internes.<\/p>\n\n\n\n<p>Cr\u00e9\u00e9 pour rapprocher davantage le public de l\u2019actualit\u00e9, Africa-Scoop est un m\u00e9dia en ligne \u00e0 vocation panafricaine, accessible via la plateforme www.africascoop.net. La r\u00e9daction centrale, bas\u00e9e \u00e0 Bamako, s\u2019appuie sur un r\u00e9seau de correspondants pr\u00e9sents dans plusieurs pays africains.<\/p>\n\n\n\n<p>La ligne \u00e9ditoriale du m\u00e9dia est principalement orient\u00e9e vers les questions humanitaires, un choix strat\u00e9gique dans un contexte o\u00f9 ces th\u00e9matiques restent encore peu couvertes \u00e0 l\u2019\u00e9chelle du continent. Africa-Scoop traite \u00e9galement des sujets li\u00e9s \u00e0 la justice, \u00e0 la gouvernance et \u00e0 la lutte contre la corruption, avec pour ambition de promouvoir une information saine, cr\u00e9dible et responsable.<\/p>\n\n\n\n<p>\u00c0 travers ses productions, Africa-Scoop entend donner la parole aux populations vuln\u00e9rables, aux oubli\u00e9s, aux personnes d\u00e9plac\u00e9es, aux femmes migrantes et \u00e0 tous ceux dont les r\u00e9alit\u00e9s sont souvent rel\u00e9gu\u00e9es au second plan. Cette vision \u00e9ditoriale engag\u00e9e a visiblement s\u00e9duit le jury du concours.<\/p>\n\n\n\n<p>En remportant ce premier prix \u00e0 seulement quelques mois de son lancement, Africa-Scoop confirme que l\u2019excellence journalistique peut s\u2019imposer rapidement et s\u2019affirme d\u00e9j\u00e0 comme un acteur cr\u00e9dible et prometteur du paysage m\u00e9diatique malien et panafricain.<\/p>\n\n\n\n<p>La R\u00e9daction<\/p>\n","protected":false},"excerpt":{"rendered":"<p>\u00c0 peine quelques mois apr\u00e8s son lancement, le site d\u2019information Africa-Scoop s\u2019impose d\u00e9j\u00e0 comme une r\u00e9f\u00e9rence dans le<\/p>\n","protected":false},"author":3,"featured_media":0,"comment_status":"open","ping_status":"open","sticky":false,"template":"","format":"standard","meta":{"footnotes":""},"categories":[36],"tags":[],"class_list":["post-1029","post","type-post","status-publish","format-standard","hentry","category-exclusif"],"yoast_head":"<!-- This site is optimized with the Yoast SEO plugin v26.0 - https:\/\/yoast.com\/wordpress\/plugins\/seo\/ -->\n<title>Mali : Africa-Scoop d\u00e9j\u00e0 sur le toit du paysage m\u00e9diatique - Actualit\u00e9s Africaines<\/title>\n<meta name=\"robots\" content=\"index, follow, max-snippet:-1, max-image-preview:large, max-video-preview:-1\" \/>\n<link rel=\"canonical\" href=\"https:\/\/www.africascoop.net\/index.php\/2025\/12\/20\/mali-africa-scoop-deja-sur-le-toit-du-paysage-mediatique\/\" \/>\n<meta property=\"og:locale\" content=\"fr_FR\" \/>\n<meta property=\"og:type\" content=\"article\" \/>\n<meta property=\"og:title\" content=\"Mali : Africa-Scoop d\u00e9j\u00e0 sur le toit du paysage m\u00e9diatique - Actualit\u00e9s Africaines\" \/>\n<meta property=\"og:description\" content=\"\u00c0 peine quelques mois apr\u00e8s son lancement, le site d\u2019information Africa-Scoop s\u2019impose d\u00e9j\u00e0 comme une r\u00e9f\u00e9rence dans le\" \/>\n<meta property=\"og:url\" content=\"https:\/\/www.africascoop.net\/index.php\/2025\/12\/20\/mali-africa-scoop-deja-sur-le-toit-du-paysage-mediatique\/\" \/>\n<meta property=\"og:site_name\" content=\"Actualit\u00e9s Africaines\" \/>\n<meta property=\"article:published_time\" content=\"2025-12-20T10:27:35+00:00\" \/>\n<meta property=\"article:modified_time\" content=\"2025-12-20T10:28:06+00:00\" \/>\n<meta property=\"og:image\" content=\"https:\/\/www.africascoop.net\/wp-content\/uploads\/2025\/12\/Africa-1024x576.jpg\" \/>\n<meta name=\"author\" content=\"Africascoop\" \/>\n<meta name=\"twitter:card\" content=\"summary_large_image\" \/>\n<meta name=\"twitter:label1\" content=\"\u00c9crit par\" \/>\n\t<meta name=\"twitter:data1\" content=\"Africascoop\" \/>\n\t<meta name=\"twitter:label2\" content=\"Dur\u00e9e de lecture estim\u00e9e\" \/>\n\t<meta name=\"twitter:data2\" content=\"3 minutes\" \/>\n<script type=\"application\/ld+json\" class=\"yoast-schema-graph\">{\"@context\":\"https:\/\/schema.org\",\"@graph\":[{\"@type\":\"Article\",\"@id\":\"https:\/\/www.africascoop.net\/index.php\/2025\/12\/20\/mali-africa-scoop-deja-sur-le-toit-du-paysage-mediatique\/#article\",\"isPartOf\":{\"@id\":\"https:\/\/www.africascoop.net\/index.php\/2025\/12\/20\/mali-africa-scoop-deja-sur-le-toit-du-paysage-mediatique\/\"},\"author\":{\"name\":\"Africascoop\",\"@id\":\"http:\/\/www.africascoop.net\/#\/schema\/person\/2cbcc632c110d739d93a6b196c67230a\"},\"headline\":\"Mali : Africa-Scoop d\u00e9j\u00e0 sur le toit du paysage m\u00e9diatique\",\"datePublished\":\"2025-12-20T10:27:35+00:00\",\"dateModified\":\"2025-12-20T10:28:06+00:00\",\"mainEntityOfPage\":{\"@id\":\"https:\/\/www.africascoop.net\/index.php\/2025\/12\/20\/mali-africa-scoop-deja-sur-le-toit-du-paysage-mediatique\/\"},\"wordCount\":494,\"commentCount\":0,\"publisher\":{\"@id\":\"http:\/\/www.africascoop.net\/#organization\"},\"image\":{\"@id\":\"https:\/\/www.africascoop.net\/index.php\/2025\/12\/20\/mali-africa-scoop-deja-sur-le-toit-du-paysage-mediatique\/#primaryimage\"},\"thumbnailUrl\":\"https:\/\/www.africascoop.net\/wp-content\/uploads\/2025\/12\/Africa-1024x576.jpg\",\"articleSection\":[\"Exclusif\"],\"inLanguage\":\"fr-FR\",\"potentialAction\":[{\"@type\":\"CommentAction\",\"name\":\"Comment\",\"target\":[\"https:\/\/www.africascoop.net\/index.php\/2025\/12\/20\/mali-africa-scoop-deja-sur-le-toit-du-paysage-mediatique\/#respond\"]}]},{\"@type\":\"WebPage\",\"@id\":\"https:\/\/www.africascoop.net\/index.php\/2025\/12\/20\/mali-africa-scoop-deja-sur-le-toit-du-paysage-mediatique\/\",\"url\":\"https:\/\/www.africascoop.net\/index.php\/2025\/12\/20\/mali-africa-scoop-deja-sur-le-toit-du-paysage-mediatique\/\",\"name\":\"Mali : Africa-Scoop d\u00e9j\u00e0 sur le toit du paysage m\u00e9diatique - Actualit\u00e9s Africaines\",\"isPartOf\":{\"@id\":\"http:\/\/www.africascoop.net\/#website\"},\"primaryImageOfPage\":{\"@id\":\"https:\/\/www.africascoop.net\/index.php\/2025\/12\/20\/mali-africa-scoop-deja-sur-le-toit-du-paysage-mediatique\/#primaryimage\"},\"image\":{\"@id\":\"https:\/\/www.africascoop.net\/index.php\/2025\/12\/20\/mali-africa-scoop-deja-sur-le-toit-du-paysage-mediatique\/#primaryimage\"},\"thumbnailUrl\":\"https:\/\/www.africascoop.net\/wp-content\/uploads\/2025\/12\/Africa-1024x576.jpg\",\"datePublished\":\"2025-12-20T10:27:35+00:00\",\"dateModified\":\"2025-12-20T10:28:06+00:00\",\"breadcrumb\":{\"@id\":\"https:\/\/www.africascoop.net\/index.php\/2025\/12\/20\/mali-africa-scoop-deja-sur-le-toit-du-paysage-mediatique\/#breadcrumb\"},\"inLanguage\":\"fr-FR\",\"potentialAction\":[{\"@type\":\"ReadAction\",\"target\":[\"https:\/\/www.africascoop.net\/index.php\/2025\/12\/20\/mali-africa-scoop-deja-sur-le-toit-du-paysage-mediatique\/\"]}]},{\"@type\":\"ImageObject\",\"inLanguage\":\"fr-FR\",\"@id\":\"https:\/\/www.africascoop.net\/index.php\/2025\/12\/20\/mali-africa-scoop-deja-sur-le-toit-du-paysage-mediatique\/#primaryimage\",\"url\":\"https:\/\/www.africascoop.net\/wp-content\/uploads\/2025\/12\/Africa.jpg\",\"contentUrl\":\"https:\/\/www.africascoop.net\/wp-content\/uploads\/2025\/12\/Africa.jpg\",\"width\":1366,\"height\":768},{\"@type\":\"BreadcrumbList\",\"@id\":\"https:\/\/www.africascoop.net\/index.php\/2025\/12\/20\/mali-africa-scoop-deja-sur-le-toit-du-paysage-mediatique\/#breadcrumb\",\"itemListElement\":[{\"@type\":\"ListItem\",\"position\":1,\"name\":\"Accueil\",\"item\":\"http:\/\/www.africascoop.net\/\"},{\"@type\":\"ListItem\",\"position\":2,\"name\":\"Mali : Africa-Scoop d\u00e9j\u00e0 sur le toit du paysage m\u00e9diatique\"}]},{\"@type\":\"WebSite\",\"@id\":\"http:\/\/www.africascoop.net\/#website\",\"url\":\"http:\/\/www.africascoop.net\/\",\"name\":\"Actualit\u00e9s Africaines\",\"description\":\"\",\"publisher\":{\"@id\":\"http:\/\/www.africascoop.net\/#organization\"},\"potentialAction\":[{\"@type\":\"SearchAction\",\"target\":{\"@type\":\"EntryPoint\",\"urlTemplate\":\"http:\/\/www.africascoop.net\/?s={search_term_string}\"},\"query-input\":{\"@type\":\"PropertyValueSpecification\",\"valueRequired\":true,\"valueName\":\"search_term_string\"}}],\"inLanguage\":\"fr-FR\"},{\"@type\":\"Organization\",\"@id\":\"http:\/\/www.africascoop.net\/#organization\",\"name\":\"Actualit\u00e9s Africaines\",\"url\":\"http:\/\/www.africascoop.net\/\",\"logo\":{\"@type\":\"ImageObject\",\"inLanguage\":\"fr-FR\",\"@id\":\"http:\/\/www.africascoop.net\/#\/schema\/logo\/image\/\",\"url\":\"https:\/\/www.africascoop.net\/wp-content\/uploads\/2025\/09\/cropped-logo-2.jpg\",\"contentUrl\":\"https:\/\/www.africascoop.net\/wp-content\/uploads\/2025\/09\/cropped-logo-2.jpg\",\"width\":945,\"height\":591,\"caption\":\"Actualit\u00e9s Africaines\"},\"image\":{\"@id\":\"http:\/\/www.africascoop.net\/#\/schema\/logo\/image\/\"}},{\"@type\":\"Person\",\"@id\":\"http:\/\/www.africascoop.net\/#\/schema\/person\/2cbcc632c110d739d93a6b196c67230a\",\"name\":\"Africascoop\",\"image\":{\"@type\":\"ImageObject\",\"inLanguage\":\"fr-FR\",\"@id\":\"http:\/\/www.africascoop.net\/#\/schema\/person\/image\/\",\"url\":\"https:\/\/secure.gravatar.com\/avatar\/230d851f5173f64fe9487b948bd2daf02707ef49aea942bc1bdad649c82025b9?s=96&d=mm&r=g\",\"contentUrl\":\"https:\/\/secure.gravatar.com\/avatar\/230d851f5173f64fe9487b948bd2daf02707ef49aea942bc1bdad649c82025b9?s=96&d=mm&r=g\",\"caption\":\"Africascoop\"},\"url\":\"https:\/\/www.africascoop.net\/index.php\/author\/jul\/\"}]}<\/script>\n<!-- \/ Yoast SEO plugin. -->","yoast_head_json":{"title":"Mali : Africa-Scoop d\u00e9j\u00e0 sur le toit du paysage m\u00e9diatique - Actualit\u00e9s Africaines","robots":{"index":"index","follow":"follow","max-snippet":"max-snippet:-1","max-image-preview":"max-image-preview:large","max-video-preview":"max-video-preview:-1"},"canonical":"https:\/\/www.africascoop.net\/index.php\/2025\/12\/20\/mali-africa-scoop-deja-sur-le-toit-du-paysage-mediatique\/","og_locale":"fr_FR","og_type":"article","og_title":"Mali : Africa-Scoop d\u00e9j\u00e0 sur le toit du paysage m\u00e9diatique - Actualit\u00e9s Africaines","og_description":"\u00c0 peine quelques mois apr\u00e8s son lancement, le site d\u2019information Africa-Scoop s\u2019impose d\u00e9j\u00e0 comme une r\u00e9f\u00e9rence dans le","og_url":"https:\/\/www.africascoop.net\/index.php\/2025\/12\/20\/mali-africa-scoop-deja-sur-le-toit-du-paysage-mediatique\/","og_site_name":"Actualit\u00e9s Africaines","article_published_time":"2025-12-20T10:27:35+00:00","article_modified_time":"2025-12-20T10:28:06+00:00","og_image":[{"url":"https:\/\/www.africascoop.net\/wp-content\/uploads\/2025\/12\/Africa-1024x576.jpg","type":"","width":"","height":""}],"author":"Africascoop","twitter_card":"summary_large_image","twitter_misc":{"\u00c9crit par":"Africascoop","Dur\u00e9e de lecture estim\u00e9e":"3 minutes"},"schema":{"@context":"https:\/\/schema.org","@graph":[{"@type":"Article","@id":"https:\/\/www.africascoop.net\/index.php\/2025\/12\/20\/mali-africa-scoop-deja-sur-le-toit-du-paysage-mediatique\/#article","isPartOf":{"@id":"https:\/\/www.africascoop.net\/index.php\/2025\/12\/20\/mali-africa-scoop-deja-sur-le-toit-du-paysage-mediatique\/"},"author":{"name":"Africascoop","@id":"http:\/\/www.africascoop.net\/#\/schema\/person\/2cbcc632c110d739d93a6b196c67230a"},"headline":"Mali : Africa-Scoop d\u00e9j\u00e0 sur le toit du paysage m\u00e9diatique","datePublished":"2025-12-20T10:27:35+00:00","dateModified":"2025-12-20T10:28:06+00:00","mainEntityOfPage":{"@id":"https:\/\/www.africascoop.net\/index.php\/2025\/12\/20\/mali-africa-scoop-deja-sur-le-toit-du-paysage-mediatique\/"},"wordCount":494,"commentCount":0,"publisher":{"@id":"http:\/\/www.africascoop.net\/#organization"},"image":{"@id":"https:\/\/www.africascoop.net\/index.php\/2025\/12\/20\/mali-africa-scoop-deja-sur-le-toit-du-paysage-mediatique\/#primaryimage"},"thumbnailUrl":"https:\/\/www.africascoop.net\/wp-content\/uploads\/2025\/12\/Africa-1024x576.jpg","articleSection":["Exclusif"],"inLanguage":"fr-FR","potentialAction":[{"@type":"CommentAction","name":"Comment","target":["https:\/\/www.africascoop.net\/index.php\/2025\/12\/20\/mali-africa-scoop-deja-sur-le-toit-du-paysage-mediatique\/#respond"]}]},{"@type":"WebPage","@id":"https:\/\/www.africascoop.net\/index.php\/2025\/12\/20\/mali-africa-scoop-deja-sur-le-toit-du-paysage-mediatique\/","url":"https:\/\/www.africascoop.net\/index.php\/2025\/12\/20\/mali-africa-scoop-deja-sur-le-toit-du-paysage-mediatique\/","name":"Mali : Africa-Scoop d\u00e9j\u00e0 sur le toit du paysage m\u00e9diatique - Actualit\u00e9s Africaines","isPartOf":{"@id":"http:\/\/www.africascoop.net\/#website"},"primaryImageOfPage":{"@id":"https:\/\/www.africascoop.net\/index.php\/2025\/12\/20\/mali-africa-scoop-deja-sur-le-toit-du-paysage-mediatique\/#primaryimage"},"image":{"@id":"https:\/\/www.africascoop.net\/index.php\/2025\/12\/20\/mali-africa-scoop-deja-sur-le-toit-du-paysage-mediatique\/#primaryimage"},"thumbnailUrl":"https:\/\/www.africascoop.net\/wp-content\/uploads\/2025\/12\/Africa-1024x576.jpg","datePublished":"2025-12-20T10:27:35+00:00","dateModified":"2025-12-20T10:28:06+00:00","breadcrumb":{"@id":"https:\/\/www.africascoop.net\/index.php\/2025\/12\/20\/mali-africa-scoop-deja-sur-le-toit-du-paysage-mediatique\/#breadcrumb"},"inLanguage":"fr-FR","potentialAction":[{"@type":"ReadAction","target":["https:\/\/www.africascoop.net\/index.php\/2025\/12\/20\/mali-africa-scoop-deja-sur-le-toit-du-paysage-mediatique\/"]}]},{"@type":"ImageObject","inLanguage":"fr-FR","@id":"https:\/\/www.africascoop.net\/index.php\/2025\/12\/20\/mali-africa-scoop-deja-sur-le-toit-du-paysage-mediatique\/#primaryimage","url":"https:\/\/www.africascoop.net\/wp-content\/uploads\/2025\/12\/Africa.jpg","contentUrl":"https:\/\/www.africascoop.net\/wp-content\/uploads\/2025\/12\/Africa.jpg","width":1366,"height":768},{"@type":"BreadcrumbList","@id":"https:\/\/www.africascoop.net\/index.php\/2025\/12\/20\/mali-africa-scoop-deja-sur-le-toit-du-paysage-mediatique\/#breadcrumb","itemListElement":[{"@type":"ListItem","position":1,"name":"Accueil","item":"http:\/\/www.africascoop.net\/"},{"@type":"ListItem","position":2,"name":"Mali : Africa-Scoop d\u00e9j\u00e0 sur le toit du paysage m\u00e9diatique"}]},{"@type":"WebSite","@id":"http:\/\/www.africascoop.net\/#website","url":"http:\/\/www.africascoop.net\/","name":"Actualit\u00e9s Africaines","description":"","publisher":{"@id":"http:\/\/www.africascoop.net\/#organization"},"potentialAction":[{"@type":"SearchAction","target":{"@type":"EntryPoint","urlTemplate":"http:\/\/www.africascoop.net\/?s={search_term_string}"},"query-input":{"@type":"PropertyValueSpecification","valueRequired":true,"valueName":"search_term_string"}}],"inLanguage":"fr-FR"},{"@type":"Organization","@id":"http:\/\/www.africascoop.net\/#organization","name":"Actualit\u00e9s Africaines","url":"http:\/\/www.africascoop.net\/","logo":{"@type":"ImageObject","inLanguage":"fr-FR","@id":"http:\/\/www.africascoop.net\/#\/schema\/logo\/image\/","url":"https:\/\/www.africascoop.net\/wp-content\/uploads\/2025\/09\/cropped-logo-2.jpg","contentUrl":"https:\/\/www.africascoop.net\/wp-content\/uploads\/2025\/09\/cropped-logo-2.jpg","width":945,"height":591,"caption":"Actualit\u00e9s Africaines"},"image":{"@id":"http:\/\/www.africascoop.net\/#\/schema\/logo\/image\/"}},{"@type":"Person","@id":"http:\/\/www.africascoop.net\/#\/schema\/person\/2cbcc632c110d739d93a6b196c67230a","name":"Africascoop","image":{"@type":"ImageObject","inLanguage":"fr-FR","@id":"http:\/\/www.africascoop.net\/#\/schema\/person\/image\/","url":"https:\/\/secure.gravatar.com\/avatar\/230d851f5173f64fe9487b948bd2daf02707ef49aea942bc1bdad649c82025b9?s=96&d=mm&r=g","contentUrl":"https:\/\/secure.gravatar.com\/avatar\/230d851f5173f64fe9487b948bd2daf02707ef49aea942bc1bdad649c82025b9?s=96&d=mm&r=g","caption":"Africascoop"},"url":"https:\/\/www.africascoop.net\/index.php\/author\/jul\/"}]}},"_links":{"self":[{"href":"https:\/\/www.africascoop.net\/index.php\/wp-json\/wp\/v2\/posts\/1029","targetHints":{"allow":["GET"]}}],"collection":[{"href":"https:\/\/www.africascoop.net\/index.php\/wp-json\/wp\/v2\/posts"}],"about":[{"href":"https:\/\/www.africascoop.net\/index.php\/wp-json\/wp\/v2\/types\/post"}],"author":[{"embeddable":true,"href":"https:\/\/www.africascoop.net\/index.php\/wp-json\/wp\/v2\/users\/3"}],"replies":[{"embeddable":true,"href":"https:\/\/www.africascoop.net\/index.php\/wp-json\/wp\/v2\/comments?post=1029"}],"version-history":[{"count":1,"href":"https:\/\/www.africascoop.net\/index.php\/wp-json\/wp\/v2\/posts\/1029\/revisions"}],"predecessor-version":[{"id":1031,"href":"https:\/\/www.africascoop.net\/index.php\/wp-json\/wp\/v2\/posts\/1029\/revisions\/1031"}],"wp:attachment":[{"href":"https:\/\/www.africascoop.net\/index.php\/wp-json\/wp\/v2\/media?parent=1029"}],"wp:term":[{"taxonomy":"category","embeddable":true,"href":"https:\/\/www.africascoop.net\/index.php\/wp-json\/wp\/v2\/categories?post=1029"},{"taxonomy":"post_tag","embeddable":true,"href":"https:\/\/www.africascoop.net\/index.php\/wp-json\/wp\/v2\/tags?post=1029"}],"curies":[{"name":"wp","href":"https:\/\/api.w.org\/{rel}","templated":true}]}}