{"id":1032,"date":"2025-12-21T11:09:26","date_gmt":"2025-12-21T11:09:26","guid":{"rendered":"https:\/\/www.africascoop.net\/?p=1032"},"modified":"2025-12-21T11:09:29","modified_gmt":"2025-12-21T11:09:29","slug":"aes-lentree-en-activite-officielle-de-la-force-unifiee","status":"publish","type":"post","link":"https:\/\/www.africascoop.net\/index.php\/2025\/12\/21\/aes-lentree-en-activite-officielle-de-la-force-unifiee\/","title":{"rendered":"AES\u00a0: l\u00b4entr\u00e9e en activit\u00e9 officielle de la Force unifi\u00e9e"},"content":{"rendered":"\n<figure class=\"wp-block-image size-large\"><img loading=\"lazy\" decoding=\"async\" width=\"1024\" height=\"576\" src=\"https:\/\/www.africascoop.net\/wp-content\/uploads\/2025\/12\/asso-aes-1024x576.jpg\" alt=\"\" class=\"wp-image-1033\" srcset=\"https:\/\/www.africascoop.net\/wp-content\/uploads\/2025\/12\/asso-aes-1024x576.jpg 1024w, https:\/\/www.africascoop.net\/wp-content\/uploads\/2025\/12\/asso-aes-300x169.jpg 300w, https:\/\/www.africascoop.net\/wp-content\/uploads\/2025\/12\/asso-aes-768x432.jpg 768w, https:\/\/www.africascoop.net\/wp-content\/uploads\/2025\/12\/asso-aes.jpg 1366w\" sizes=\"auto, (max-width: 1024px) 100vw, 1024px\" \/><\/figure>\n\n\n\n<p><strong><em>La Force unifi\u00e9e de l\u2019Alliance des \u00c9tats du Sahel (FU-AES) est d\u00e9sormais officiellement op\u00e9rationnelle. \u00c0 Bamako, le Pr\u00e9sident de la Transition du Mali, Chef de l\u2019\u00c9tat et Pr\u00e9sident de la Conf\u00e9d\u00e9ration des \u00c9tats du Sahel, le G\u00e9n\u00e9ral d\u2019Arm\u00e9e Assimi Go\u00efta, a pr\u00e9sid\u00e9 la c\u00e9r\u00e9monie solennelle de remise de l\u2019\u00e9tendard \u00e0 cette force multinationale, marquant une \u00e9tape majeure dans le renforcement de la coop\u00e9ration s\u00e9curitaire entre les pays membres de l\u2019AES.<\/em><\/strong><\/p>\n\n\n\n<p>Organis\u00e9e dans un contexte r\u00e9gional toujours marqu\u00e9 par la persistance de la menace terroriste, la c\u00e9r\u00e9monie a r\u00e9uni de nombreuses autorit\u00e9s civiles et militaires, dont le Premier ministre du Mali, les pr\u00e9sidents des institutions de la R\u00e9publique, les ministres de la D\u00e9fense des pays de l\u2019AES, les chefs d\u2019\u00e9tat-major des arm\u00e9es, ainsi que des diplomates et repr\u00e9sentants d\u2019organisations internationales. Pour les autorit\u00e9s conf\u00e9d\u00e9rales, cette mobilisation traduit l\u2019importance strat\u00e9gique accord\u00e9e \u00e0 la s\u00e9curit\u00e9 collective du Sahel.<\/p>\n\n\n\n<p>Dans son allocution, le Pr\u00e9sident Assimi Go\u00efta a qualifi\u00e9 la remise de l\u2019\u00e9tendard d\u2019acte fondateur, symbolisant le d\u00e9marrage effectif des activit\u00e9s op\u00e9rationnelles de la FU-AES. Il a salu\u00e9 les acquis issus de la coop\u00e9ration militaire engag\u00e9e depuis la D\u00e9claration de Niamey du 6 juillet 2024, notamment \u00e0 travers les op\u00e9rations conjointes Y\u00e9r\u00e9ko I et Y\u00e9r\u00e9ko II, qui ont permis des avanc\u00e9es notables sur le terrain gr\u00e2ce \u00e0 la coordination des forces et au partage du renseignement.<\/p>\n\n\n\n<p>Face \u00e0 l\u2019adaptation constante des groupes arm\u00e9s terroristes, le Chef de l\u2019\u00c9tat a insist\u00e9 sur la n\u00e9cessit\u00e9 d\u2019une anticipation strat\u00e9gique permanente, d\u00e9sormais confi\u00e9e au commandement de la Force unifi\u00e9e. Il a \u00e9galement \u00e9voqu\u00e9 les d\u00e9fis \u00e9conomiques et informationnels auxquels font face les \u00c9tats du Sahel, annon\u00e7ant la mise en place de m\u00e9dias conf\u00e9d\u00e9raux pour renforcer la souverainet\u00e9 informationnelle.<\/p>\n\n\n\n<p>Plac\u00e9e sous le commandement du G\u00e9n\u00e9ral de Brigade Daouda Traor\u00e9, la FU-AES a pour mission de conduire des op\u00e9rations conjointes afin de garantir la s\u00e9curit\u00e9, la stabilit\u00e9 et la souverainet\u00e9 de l\u2019espace conf\u00e9d\u00e9ral, avec le soutien affirm\u00e9 des populations sah\u00e9liennes.<\/p>\n\n\n\n<p>Par Djibrilla Tour\u00e9<\/p>\n","protected":false},"excerpt":{"rendered":"<p>La Force unifi\u00e9e de l\u2019Alliance des \u00c9tats du Sahel (FU-AES) est d\u00e9sormais officiellement op\u00e9rationnelle. \u00c0 Bamako, le Pr\u00e9sident<\/p>\n","protected":false},"author":3,"featured_media":0,"comment_status":"open","ping_status":"open","sticky":false,"template":"","format":"standard","meta":{"footnotes":""},"categories":[6,36],"tags":[],"class_list":["post-1032","post","type-post","status-publish","format-standard","hentry","category-aes","category-exclusif"],"yoast_head":"<!-- This site is optimized with the Yoast SEO plugin v26.0 - https:\/\/yoast.com\/wordpress\/plugins\/seo\/ -->\n<title>AES\u00a0: l\u00b4entr\u00e9e en activit\u00e9 officielle de la Force unifi\u00e9e - Actualit\u00e9s Africaines<\/title>\n<meta name=\"robots\" content=\"index, follow, max-snippet:-1, max-image-preview:large, max-video-preview:-1\" \/>\n<link rel=\"canonical\" href=\"https:\/\/www.africascoop.net\/index.php\/2025\/12\/21\/aes-lentree-en-activite-officielle-de-la-force-unifiee\/\" \/>\n<meta property=\"og:locale\" content=\"fr_FR\" \/>\n<meta property=\"og:type\" content=\"article\" \/>\n<meta property=\"og:title\" content=\"AES\u00a0: l\u00b4entr\u00e9e en activit\u00e9 officielle de la Force unifi\u00e9e - Actualit\u00e9s Africaines\" \/>\n<meta property=\"og:description\" content=\"La Force unifi\u00e9e de l\u2019Alliance des \u00c9tats du Sahel (FU-AES) est d\u00e9sormais officiellement op\u00e9rationnelle. \u00c0 Bamako, le Pr\u00e9sident\" \/>\n<meta property=\"og:url\" content=\"https:\/\/www.africascoop.net\/index.php\/2025\/12\/21\/aes-lentree-en-activite-officielle-de-la-force-unifiee\/\" \/>\n<meta property=\"og:site_name\" content=\"Actualit\u00e9s Africaines\" \/>\n<meta property=\"article:published_time\" content=\"2025-12-21T11:09:26+00:00\" \/>\n<meta property=\"article:modified_time\" content=\"2025-12-21T11:09:29+00:00\" \/>\n<meta property=\"og:image\" content=\"https:\/\/www.africascoop.net\/wp-content\/uploads\/2025\/12\/asso-aes-1024x576.jpg\" \/>\n<meta name=\"author\" content=\"Africascoop\" \/>\n<meta name=\"twitter:card\" content=\"summary_large_image\" \/>\n<meta name=\"twitter:label1\" content=\"\u00c9crit par\" \/>\n\t<meta name=\"twitter:data1\" content=\"Africascoop\" \/>\n\t<meta name=\"twitter:label2\" content=\"Dur\u00e9e de lecture estim\u00e9e\" \/>\n\t<meta name=\"twitter:data2\" content=\"2 minutes\" \/>\n<script type=\"application\/ld+json\" class=\"yoast-schema-graph\">{\"@context\":\"https:\/\/schema.org\",\"@graph\":[{\"@type\":\"Article\",\"@id\":\"https:\/\/www.africascoop.net\/index.php\/2025\/12\/21\/aes-lentree-en-activite-officielle-de-la-force-unifiee\/#article\",\"isPartOf\":{\"@id\":\"https:\/\/www.africascoop.net\/index.php\/2025\/12\/21\/aes-lentree-en-activite-officielle-de-la-force-unifiee\/\"},\"author\":{\"name\":\"Africascoop\",\"@id\":\"http:\/\/www.africascoop.net\/#\/schema\/person\/2cbcc632c110d739d93a6b196c67230a\"},\"headline\":\"AES\u00a0: l\u00b4entr\u00e9e en activit\u00e9 officielle de la Force unifi\u00e9e\",\"datePublished\":\"2025-12-21T11:09:26+00:00\",\"dateModified\":\"2025-12-21T11:09:29+00:00\",\"mainEntityOfPage\":{\"@id\":\"https:\/\/www.africascoop.net\/index.php\/2025\/12\/21\/aes-lentree-en-activite-officielle-de-la-force-unifiee\/\"},\"wordCount\":408,\"commentCount\":0,\"publisher\":{\"@id\":\"http:\/\/www.africascoop.net\/#organization\"},\"image\":{\"@id\":\"https:\/\/www.africascoop.net\/index.php\/2025\/12\/21\/aes-lentree-en-activite-officielle-de-la-force-unifiee\/#primaryimage\"},\"thumbnailUrl\":\"https:\/\/www.africascoop.net\/wp-content\/uploads\/2025\/12\/asso-aes-1024x576.jpg\",\"articleSection\":[\"Actualit\u00e9s AES\",\"Exclusif\"],\"inLanguage\":\"fr-FR\",\"potentialAction\":[{\"@type\":\"CommentAction\",\"name\":\"Comment\",\"target\":[\"https:\/\/www.africascoop.net\/index.php\/2025\/12\/21\/aes-lentree-en-activite-officielle-de-la-force-unifiee\/#respond\"]}]},{\"@type\":\"WebPage\",\"@id\":\"https:\/\/www.africascoop.net\/index.php\/2025\/12\/21\/aes-lentree-en-activite-officielle-de-la-force-unifiee\/\",\"url\":\"https:\/\/www.africascoop.net\/index.php\/2025\/12\/21\/aes-lentree-en-activite-officielle-de-la-force-unifiee\/\",\"name\":\"AES\u00a0: l\u00b4entr\u00e9e en activit\u00e9 officielle de la Force unifi\u00e9e - Actualit\u00e9s Africaines\",\"isPartOf\":{\"@id\":\"http:\/\/www.africascoop.net\/#website\"},\"primaryImageOfPage\":{\"@id\":\"https:\/\/www.africascoop.net\/index.php\/2025\/12\/21\/aes-lentree-en-activite-officielle-de-la-force-unifiee\/#primaryimage\"},\"image\":{\"@id\":\"https:\/\/www.africascoop.net\/index.php\/2025\/12\/21\/aes-lentree-en-activite-officielle-de-la-force-unifiee\/#primaryimage\"},\"thumbnailUrl\":\"https:\/\/www.africascoop.net\/wp-content\/uploads\/2025\/12\/asso-aes-1024x576.jpg\",\"datePublished\":\"2025-12-21T11:09:26+00:00\",\"dateModified\":\"2025-12-21T11:09:29+00:00\",\"breadcrumb\":{\"@id\":\"https:\/\/www.africascoop.net\/index.php\/2025\/12\/21\/aes-lentree-en-activite-officielle-de-la-force-unifiee\/#breadcrumb\"},\"inLanguage\":\"fr-FR\",\"potentialAction\":[{\"@type\":\"ReadAction\",\"target\":[\"https:\/\/www.africascoop.net\/index.php\/2025\/12\/21\/aes-lentree-en-activite-officielle-de-la-force-unifiee\/\"]}]},{\"@type\":\"ImageObject\",\"inLanguage\":\"fr-FR\",\"@id\":\"https:\/\/www.africascoop.net\/index.php\/2025\/12\/21\/aes-lentree-en-activite-officielle-de-la-force-unifiee\/#primaryimage\",\"url\":\"https:\/\/www.africascoop.net\/wp-content\/uploads\/2025\/12\/asso-aes.jpg\",\"contentUrl\":\"https:\/\/www.africascoop.net\/wp-content\/uploads\/2025\/12\/asso-aes.jpg\",\"width\":1366,\"height\":768},{\"@type\":\"BreadcrumbList\",\"@id\":\"https:\/\/www.africascoop.net\/index.php\/2025\/12\/21\/aes-lentree-en-activite-officielle-de-la-force-unifiee\/#breadcrumb\",\"itemListElement\":[{\"@type\":\"ListItem\",\"position\":1,\"name\":\"Accueil\",\"item\":\"http:\/\/www.africascoop.net\/\"},{\"@type\":\"ListItem\",\"position\":2,\"name\":\"AES\u00a0: l\u00b4entr\u00e9e en activit\u00e9 officielle de la Force unifi\u00e9e\"}]},{\"@type\":\"WebSite\",\"@id\":\"http:\/\/www.africascoop.net\/#website\",\"url\":\"http:\/\/www.africascoop.net\/\",\"name\":\"Actualit\u00e9s Africaines\",\"description\":\"\",\"publisher\":{\"@id\":\"http:\/\/www.africascoop.net\/#organization\"},\"potentialAction\":[{\"@type\":\"SearchAction\",\"target\":{\"@type\":\"EntryPoint\",\"urlTemplate\":\"http:\/\/www.africascoop.net\/?s={search_term_string}\"},\"query-input\":{\"@type\":\"PropertyValueSpecification\",\"valueRequired\":true,\"valueName\":\"search_term_string\"}}],\"inLanguage\":\"fr-FR\"},{\"@type\":\"Organization\",\"@id\":\"http:\/\/www.africascoop.net\/#organization\",\"name\":\"Actualit\u00e9s Africaines\",\"url\":\"http:\/\/www.africascoop.net\/\",\"logo\":{\"@type\":\"ImageObject\",\"inLanguage\":\"fr-FR\",\"@id\":\"http:\/\/www.africascoop.net\/#\/schema\/logo\/image\/\",\"url\":\"https:\/\/www.africascoop.net\/wp-content\/uploads\/2025\/09\/cropped-logo-2.jpg\",\"contentUrl\":\"https:\/\/www.africascoop.net\/wp-content\/uploads\/2025\/09\/cropped-logo-2.jpg\",\"width\":945,\"height\":591,\"caption\":\"Actualit\u00e9s Africaines\"},\"image\":{\"@id\":\"http:\/\/www.africascoop.net\/#\/schema\/logo\/image\/\"}},{\"@type\":\"Person\",\"@id\":\"http:\/\/www.africascoop.net\/#\/schema\/person\/2cbcc632c110d739d93a6b196c67230a\",\"name\":\"Africascoop\",\"image\":{\"@type\":\"ImageObject\",\"inLanguage\":\"fr-FR\",\"@id\":\"http:\/\/www.africascoop.net\/#\/schema\/person\/image\/\",\"url\":\"https:\/\/secure.gravatar.com\/avatar\/230d851f5173f64fe9487b948bd2daf02707ef49aea942bc1bdad649c82025b9?s=96&d=mm&r=g\",\"contentUrl\":\"https:\/\/secure.gravatar.com\/avatar\/230d851f5173f64fe9487b948bd2daf02707ef49aea942bc1bdad649c82025b9?s=96&d=mm&r=g\",\"caption\":\"Africascoop\"},\"url\":\"https:\/\/www.africascoop.net\/index.php\/author\/jul\/\"}]}<\/script>\n<!-- \/ Yoast SEO plugin. -->","yoast_head_json":{"title":"AES\u00a0: l\u00b4entr\u00e9e en activit\u00e9 officielle de la Force unifi\u00e9e - Actualit\u00e9s Africaines","robots":{"index":"index","follow":"follow","max-snippet":"max-snippet:-1","max-image-preview":"max-image-preview:large","max-video-preview":"max-video-preview:-1"},"canonical":"https:\/\/www.africascoop.net\/index.php\/2025\/12\/21\/aes-lentree-en-activite-officielle-de-la-force-unifiee\/","og_locale":"fr_FR","og_type":"article","og_title":"AES\u00a0: l\u00b4entr\u00e9e en activit\u00e9 officielle de la Force unifi\u00e9e - Actualit\u00e9s Africaines","og_description":"La Force unifi\u00e9e de l\u2019Alliance des \u00c9tats du Sahel (FU-AES) est d\u00e9sormais officiellement op\u00e9rationnelle. \u00c0 Bamako, le Pr\u00e9sident","og_url":"https:\/\/www.africascoop.net\/index.php\/2025\/12\/21\/aes-lentree-en-activite-officielle-de-la-force-unifiee\/","og_site_name":"Actualit\u00e9s Africaines","article_published_time":"2025-12-21T11:09:26+00:00","article_modified_time":"2025-12-21T11:09:29+00:00","og_image":[{"url":"https:\/\/www.africascoop.net\/wp-content\/uploads\/2025\/12\/asso-aes-1024x576.jpg","type":"","width":"","height":""}],"author":"Africascoop","twitter_card":"summary_large_image","twitter_misc":{"\u00c9crit par":"Africascoop","Dur\u00e9e de lecture estim\u00e9e":"2 minutes"},"schema":{"@context":"https:\/\/schema.org","@graph":[{"@type":"Article","@id":"https:\/\/www.africascoop.net\/index.php\/2025\/12\/21\/aes-lentree-en-activite-officielle-de-la-force-unifiee\/#article","isPartOf":{"@id":"https:\/\/www.africascoop.net\/index.php\/2025\/12\/21\/aes-lentree-en-activite-officielle-de-la-force-unifiee\/"},"author":{"name":"Africascoop","@id":"http:\/\/www.africascoop.net\/#\/schema\/person\/2cbcc632c110d739d93a6b196c67230a"},"headline":"AES\u00a0: l\u00b4entr\u00e9e en activit\u00e9 officielle de la Force unifi\u00e9e","datePublished":"2025-12-21T11:09:26+00:00","dateModified":"2025-12-21T11:09:29+00:00","mainEntityOfPage":{"@id":"https:\/\/www.africascoop.net\/index.php\/2025\/12\/21\/aes-lentree-en-activite-officielle-de-la-force-unifiee\/"},"wordCount":408,"commentCount":0,"publisher":{"@id":"http:\/\/www.africascoop.net\/#organization"},"image":{"@id":"https:\/\/www.africascoop.net\/index.php\/2025\/12\/21\/aes-lentree-en-activite-officielle-de-la-force-unifiee\/#primaryimage"},"thumbnailUrl":"https:\/\/www.africascoop.net\/wp-content\/uploads\/2025\/12\/asso-aes-1024x576.jpg","articleSection":["Actualit\u00e9s AES","Exclusif"],"inLanguage":"fr-FR","potentialAction":[{"@type":"CommentAction","name":"Comment","target":["https:\/\/www.africascoop.net\/index.php\/2025\/12\/21\/aes-lentree-en-activite-officielle-de-la-force-unifiee\/#respond"]}]},{"@type":"WebPage","@id":"https:\/\/www.africascoop.net\/index.php\/2025\/12\/21\/aes-lentree-en-activite-officielle-de-la-force-unifiee\/","url":"https:\/\/www.africascoop.net\/index.php\/2025\/12\/21\/aes-lentree-en-activite-officielle-de-la-force-unifiee\/","name":"AES\u00a0: l\u00b4entr\u00e9e en activit\u00e9 officielle de la Force unifi\u00e9e - Actualit\u00e9s Africaines","isPartOf":{"@id":"http:\/\/www.africascoop.net\/#website"},"primaryImageOfPage":{"@id":"https:\/\/www.africascoop.net\/index.php\/2025\/12\/21\/aes-lentree-en-activite-officielle-de-la-force-unifiee\/#primaryimage"},"image":{"@id":"https:\/\/www.africascoop.net\/index.php\/2025\/12\/21\/aes-lentree-en-activite-officielle-de-la-force-unifiee\/#primaryimage"},"thumbnailUrl":"https:\/\/www.africascoop.net\/wp-content\/uploads\/2025\/12\/asso-aes-1024x576.jpg","datePublished":"2025-12-21T11:09:26+00:00","dateModified":"2025-12-21T11:09:29+00:00","breadcrumb":{"@id":"https:\/\/www.africascoop.net\/index.php\/2025\/12\/21\/aes-lentree-en-activite-officielle-de-la-force-unifiee\/#breadcrumb"},"inLanguage":"fr-FR","potentialAction":[{"@type":"ReadAction","target":["https:\/\/www.africascoop.net\/index.php\/2025\/12\/21\/aes-lentree-en-activite-officielle-de-la-force-unifiee\/"]}]},{"@type":"ImageObject","inLanguage":"fr-FR","@id":"https:\/\/www.africascoop.net\/index.php\/2025\/12\/21\/aes-lentree-en-activite-officielle-de-la-force-unifiee\/#primaryimage","url":"https:\/\/www.africascoop.net\/wp-content\/uploads\/2025\/12\/asso-aes.jpg","contentUrl":"https:\/\/www.africascoop.net\/wp-content\/uploads\/2025\/12\/asso-aes.jpg","width":1366,"height":768},{"@type":"BreadcrumbList","@id":"https:\/\/www.africascoop.net\/index.php\/2025\/12\/21\/aes-lentree-en-activite-officielle-de-la-force-unifiee\/#breadcrumb","itemListElement":[{"@type":"ListItem","position":1,"name":"Accueil","item":"http:\/\/www.africascoop.net\/"},{"@type":"ListItem","position":2,"name":"AES\u00a0: l\u00b4entr\u00e9e en activit\u00e9 officielle de la Force unifi\u00e9e"}]},{"@type":"WebSite","@id":"http:\/\/www.africascoop.net\/#website","url":"http:\/\/www.africascoop.net\/","name":"Actualit\u00e9s Africaines","description":"","publisher":{"@id":"http:\/\/www.africascoop.net\/#organization"},"potentialAction":[{"@type":"SearchAction","target":{"@type":"EntryPoint","urlTemplate":"http:\/\/www.africascoop.net\/?s={search_term_string}"},"query-input":{"@type":"PropertyValueSpecification","valueRequired":true,"valueName":"search_term_string"}}],"inLanguage":"fr-FR"},{"@type":"Organization","@id":"http:\/\/www.africascoop.net\/#organization","name":"Actualit\u00e9s Africaines","url":"http:\/\/www.africascoop.net\/","logo":{"@type":"ImageObject","inLanguage":"fr-FR","@id":"http:\/\/www.africascoop.net\/#\/schema\/logo\/image\/","url":"https:\/\/www.africascoop.net\/wp-content\/uploads\/2025\/09\/cropped-logo-2.jpg","contentUrl":"https:\/\/www.africascoop.net\/wp-content\/uploads\/2025\/09\/cropped-logo-2.jpg","width":945,"height":591,"caption":"Actualit\u00e9s Africaines"},"image":{"@id":"http:\/\/www.africascoop.net\/#\/schema\/logo\/image\/"}},{"@type":"Person","@id":"http:\/\/www.africascoop.net\/#\/schema\/person\/2cbcc632c110d739d93a6b196c67230a","name":"Africascoop","image":{"@type":"ImageObject","inLanguage":"fr-FR","@id":"http:\/\/www.africascoop.net\/#\/schema\/person\/image\/","url":"https:\/\/secure.gravatar.com\/avatar\/230d851f5173f64fe9487b948bd2daf02707ef49aea942bc1bdad649c82025b9?s=96&d=mm&r=g","contentUrl":"https:\/\/secure.gravatar.com\/avatar\/230d851f5173f64fe9487b948bd2daf02707ef49aea942bc1bdad649c82025b9?s=96&d=mm&r=g","caption":"Africascoop"},"url":"https:\/\/www.africascoop.net\/index.php\/author\/jul\/"}]}},"_links":{"self":[{"href":"https:\/\/www.africascoop.net\/index.php\/wp-json\/wp\/v2\/posts\/1032","targetHints":{"allow":["GET"]}}],"collection":[{"href":"https:\/\/www.africascoop.net\/index.php\/wp-json\/wp\/v2\/posts"}],"about":[{"href":"https:\/\/www.africascoop.net\/index.php\/wp-json\/wp\/v2\/types\/post"}],"author":[{"embeddable":true,"href":"https:\/\/www.africascoop.net\/index.php\/wp-json\/wp\/v2\/users\/3"}],"replies":[{"embeddable":true,"href":"https:\/\/www.africascoop.net\/index.php\/wp-json\/wp\/v2\/comments?post=1032"}],"version-history":[{"count":1,"href":"https:\/\/www.africascoop.net\/index.php\/wp-json\/wp\/v2\/posts\/1032\/revisions"}],"predecessor-version":[{"id":1034,"href":"https:\/\/www.africascoop.net\/index.php\/wp-json\/wp\/v2\/posts\/1032\/revisions\/1034"}],"wp:attachment":[{"href":"https:\/\/www.africascoop.net\/index.php\/wp-json\/wp\/v2\/media?parent=1032"}],"wp:term":[{"taxonomy":"category","embeddable":true,"href":"https:\/\/www.africascoop.net\/index.php\/wp-json\/wp\/v2\/categories?post=1032"},{"taxonomy":"post_tag","embeddable":true,"href":"https:\/\/www.africascoop.net\/index.php\/wp-json\/wp\/v2\/tags?post=1032"}],"curies":[{"name":"wp","href":"https:\/\/api.w.org\/{rel}","templated":true}]}}