{"id":1035,"date":"2025-12-21T11:13:17","date_gmt":"2025-12-21T11:13:17","guid":{"rendered":"https:\/\/www.africascoop.net\/?p=1035"},"modified":"2025-12-21T11:13:48","modified_gmt":"2025-12-21T11:13:48","slug":"aes-bamako-accueille-la-premiere-session-confederale-du-conseil-des-ministres","status":"publish","type":"post","link":"https:\/\/www.africascoop.net\/index.php\/2025\/12\/21\/aes-bamako-accueille-la-premiere-session-confederale-du-conseil-des-ministres\/","title":{"rendered":"AES\u00a0: Bamako accueille la premi\u00e8re session conf\u00e9d\u00e9rale du Conseil des Ministres"},"content":{"rendered":"\n<figure class=\"wp-block-image size-large\"><img loading=\"lazy\" decoding=\"async\" width=\"1024\" height=\"576\" src=\"https:\/\/www.africascoop.net\/wp-content\/uploads\/2025\/12\/conseil-aes-1024x576.jpg\" alt=\"\" class=\"wp-image-1036\" srcset=\"https:\/\/www.africascoop.net\/wp-content\/uploads\/2025\/12\/conseil-aes-1024x576.jpg 1024w, https:\/\/www.africascoop.net\/wp-content\/uploads\/2025\/12\/conseil-aes-300x169.jpg 300w, https:\/\/www.africascoop.net\/wp-content\/uploads\/2025\/12\/conseil-aes-768x432.jpg 768w, https:\/\/www.africascoop.net\/wp-content\/uploads\/2025\/12\/conseil-aes.jpg 1366w\" sizes=\"auto, (max-width: 1024px) 100vw, 1024px\" \/><\/figure>\n\n\n\n<p><strong><em>La premi\u00e8re session conf\u00e9d\u00e9rale du Conseil des Ministres de la Conf\u00e9d\u00e9ration des \u00c9tats du Sahel (AES) s\u2019est ouverte le samedi 20 d\u00e9cembre 2025 au Palais de Koulouba, \u00e0 Bamako, sous la pr\u00e9sidence du G\u00e9n\u00e9ral d\u2019Arm\u00e9e Assimi Go\u00efta, Pr\u00e9sident de la Transition du Mali et Pr\u00e9sident de la Conf\u00e9d\u00e9ration AES. Cette rencontre a r\u00e9uni les ministres du Mali, du Burkina Faso et du Niger et marque une \u00e9tape importante dans la consolidation institutionnelle de la Conf\u00e9d\u00e9ration.<\/em><\/strong><\/p>\n\n\n\n<p>Dans son allocution d\u2019ouverture, le Pr\u00e9sident de la Conf\u00e9d\u00e9ration a pr\u00e9sent\u00e9 cette session comme une phase inaugurale et pr\u00e9paratoire \u00e0 la deuxi\u00e8me session du Coll\u00e8ge des Chefs d\u2019\u00c9tat de l\u2019AES, pr\u00e9vue les 22 et 23 d\u00e9cembre \u00e0 Bamako. Il a rappel\u00e9 que le Conseil des Ministres constitue, avec le Coll\u00e8ge des Chefs d\u2019\u00c9tat et le futur Parlement conf\u00e9d\u00e9ral, l\u2019un des trois piliers de la gouvernance de l\u2019AES, conform\u00e9ment au Trait\u00e9 constitutif sign\u00e9 \u00e0 Niamey le 6 juillet 2024.<\/p>\n\n\n\n<p>Les travaux de cette premi\u00e8re session portent sur des dossiers structurants, notamment l\u2019examen du rapport d\u2019ex\u00e9cution de la feuille de route de l\u2019An I, l\u2019adoption de protocoles additionnels relatifs \u00e0 la d\u00e9fense, \u00e0 la diplomatie et au d\u00e9veloppement, ainsi que les textes encadrant les sessions parlementaires conf\u00e9d\u00e9rales. Ces documents visent \u00e0 achever l\u2019architecture institutionnelle de la Conf\u00e9d\u00e9ration.<\/p>\n\n\n\n<p>Le Pr\u00e9sident Assimi Go\u00efta a r\u00e9affirm\u00e9 la vocation de l\u2019AES \u00e0 devenir un cadre d\u2019\u00e9mancipation, de libert\u00e9 et d\u2019ind\u00e9pendance v\u00e9ritable, fond\u00e9 sur les ressources et les capacit\u00e9s propres aux peuples sah\u00e9liens. Il a soulign\u00e9 le choix souverain des trois \u00c9tats de mutualiser leurs efforts pour b\u00e2tir un espace stable et favorable au d\u00e9veloppement.<\/p>\n\n\n\n<p>Abordant le contexte international, le Chef de l\u2019\u00c9tat a d\u00e9nonc\u00e9 des pressions qualifi\u00e9es de terrorisme \u00e9conomique et m\u00e9diatique, estimant qu\u2019elles visent \u00e0 affaiblir le soutien populaire \u00e0 l\u2019AES. Il a rendu hommage aux Forces de D\u00e9fense et de S\u00e9curit\u00e9 des \u00c9tats membres ainsi qu\u2019aux populations sah\u00e9liennes, avant d\u2019appeler \u00e0 une coop\u00e9ration r\u00e9gionale fond\u00e9e sur la solidarit\u00e9 et le respect mutuel en Afrique de l\u2019Ouest.<\/p>\n\n\n\n<p>Par Djibrilla Tour\u00e9<\/p>\n","protected":false},"excerpt":{"rendered":"<p>La premi\u00e8re session conf\u00e9d\u00e9rale du Conseil des Ministres de la Conf\u00e9d\u00e9ration des \u00c9tats du Sahel (AES) s\u2019est ouverte<\/p>\n","protected":false},"author":3,"featured_media":0,"comment_status":"open","ping_status":"open","sticky":false,"template":"","format":"standard","meta":{"footnotes":""},"categories":[6,36],"tags":[],"class_list":["post-1035","post","type-post","status-publish","format-standard","hentry","category-aes","category-exclusif"],"yoast_head":"<!-- This site is optimized with the Yoast SEO plugin v26.0 - https:\/\/yoast.com\/wordpress\/plugins\/seo\/ -->\n<title>AES\u00a0: Bamako accueille la premi\u00e8re session conf\u00e9d\u00e9rale du Conseil des Ministres - Actualit\u00e9s Africaines<\/title>\n<meta name=\"robots\" content=\"index, follow, max-snippet:-1, max-image-preview:large, max-video-preview:-1\" \/>\n<link rel=\"canonical\" href=\"https:\/\/www.africascoop.net\/index.php\/2025\/12\/21\/aes-bamako-accueille-la-premiere-session-confederale-du-conseil-des-ministres\/\" \/>\n<meta property=\"og:locale\" content=\"fr_FR\" \/>\n<meta property=\"og:type\" content=\"article\" \/>\n<meta property=\"og:title\" content=\"AES\u00a0: Bamako accueille la premi\u00e8re session conf\u00e9d\u00e9rale du Conseil des Ministres - Actualit\u00e9s Africaines\" \/>\n<meta property=\"og:description\" content=\"La premi\u00e8re session conf\u00e9d\u00e9rale du Conseil des Ministres de la Conf\u00e9d\u00e9ration des \u00c9tats du Sahel (AES) s\u2019est ouverte\" \/>\n<meta property=\"og:url\" content=\"https:\/\/www.africascoop.net\/index.php\/2025\/12\/21\/aes-bamako-accueille-la-premiere-session-confederale-du-conseil-des-ministres\/\" \/>\n<meta property=\"og:site_name\" content=\"Actualit\u00e9s Africaines\" \/>\n<meta property=\"article:published_time\" content=\"2025-12-21T11:13:17+00:00\" \/>\n<meta property=\"article:modified_time\" content=\"2025-12-21T11:13:48+00:00\" \/>\n<meta property=\"og:image\" content=\"https:\/\/www.africascoop.net\/wp-content\/uploads\/2025\/12\/conseil-aes-1024x576.jpg\" \/>\n<meta name=\"author\" content=\"Africascoop\" \/>\n<meta name=\"twitter:card\" content=\"summary_large_image\" \/>\n<meta name=\"twitter:label1\" content=\"\u00c9crit par\" \/>\n\t<meta name=\"twitter:data1\" content=\"Africascoop\" \/>\n\t<meta name=\"twitter:label2\" content=\"Dur\u00e9e de lecture estim\u00e9e\" \/>\n\t<meta name=\"twitter:data2\" content=\"2 minutes\" \/>\n<script type=\"application\/ld+json\" class=\"yoast-schema-graph\">{\"@context\":\"https:\/\/schema.org\",\"@graph\":[{\"@type\":\"Article\",\"@id\":\"https:\/\/www.africascoop.net\/index.php\/2025\/12\/21\/aes-bamako-accueille-la-premiere-session-confederale-du-conseil-des-ministres\/#article\",\"isPartOf\":{\"@id\":\"https:\/\/www.africascoop.net\/index.php\/2025\/12\/21\/aes-bamako-accueille-la-premiere-session-confederale-du-conseil-des-ministres\/\"},\"author\":{\"name\":\"Africascoop\",\"@id\":\"http:\/\/www.africascoop.net\/#\/schema\/person\/2cbcc632c110d739d93a6b196c67230a\"},\"headline\":\"AES\u00a0: Bamako accueille la premi\u00e8re session conf\u00e9d\u00e9rale du Conseil des Ministres\",\"datePublished\":\"2025-12-21T11:13:17+00:00\",\"dateModified\":\"2025-12-21T11:13:48+00:00\",\"mainEntityOfPage\":{\"@id\":\"https:\/\/www.africascoop.net\/index.php\/2025\/12\/21\/aes-bamako-accueille-la-premiere-session-confederale-du-conseil-des-ministres\/\"},\"wordCount\":406,\"commentCount\":0,\"publisher\":{\"@id\":\"http:\/\/www.africascoop.net\/#organization\"},\"image\":{\"@id\":\"https:\/\/www.africascoop.net\/index.php\/2025\/12\/21\/aes-bamako-accueille-la-premiere-session-confederale-du-conseil-des-ministres\/#primaryimage\"},\"thumbnailUrl\":\"https:\/\/www.africascoop.net\/wp-content\/uploads\/2025\/12\/conseil-aes-1024x576.jpg\",\"articleSection\":[\"Actualit\u00e9s AES\",\"Exclusif\"],\"inLanguage\":\"fr-FR\",\"potentialAction\":[{\"@type\":\"CommentAction\",\"name\":\"Comment\",\"target\":[\"https:\/\/www.africascoop.net\/index.php\/2025\/12\/21\/aes-bamako-accueille-la-premiere-session-confederale-du-conseil-des-ministres\/#respond\"]}]},{\"@type\":\"WebPage\",\"@id\":\"https:\/\/www.africascoop.net\/index.php\/2025\/12\/21\/aes-bamako-accueille-la-premiere-session-confederale-du-conseil-des-ministres\/\",\"url\":\"https:\/\/www.africascoop.net\/index.php\/2025\/12\/21\/aes-bamako-accueille-la-premiere-session-confederale-du-conseil-des-ministres\/\",\"name\":\"AES\u00a0: Bamako accueille la premi\u00e8re session conf\u00e9d\u00e9rale du Conseil des Ministres - Actualit\u00e9s Africaines\",\"isPartOf\":{\"@id\":\"http:\/\/www.africascoop.net\/#website\"},\"primaryImageOfPage\":{\"@id\":\"https:\/\/www.africascoop.net\/index.php\/2025\/12\/21\/aes-bamako-accueille-la-premiere-session-confederale-du-conseil-des-ministres\/#primaryimage\"},\"image\":{\"@id\":\"https:\/\/www.africascoop.net\/index.php\/2025\/12\/21\/aes-bamako-accueille-la-premiere-session-confederale-du-conseil-des-ministres\/#primaryimage\"},\"thumbnailUrl\":\"https:\/\/www.africascoop.net\/wp-content\/uploads\/2025\/12\/conseil-aes-1024x576.jpg\",\"datePublished\":\"2025-12-21T11:13:17+00:00\",\"dateModified\":\"2025-12-21T11:13:48+00:00\",\"breadcrumb\":{\"@id\":\"https:\/\/www.africascoop.net\/index.php\/2025\/12\/21\/aes-bamako-accueille-la-premiere-session-confederale-du-conseil-des-ministres\/#breadcrumb\"},\"inLanguage\":\"fr-FR\",\"potentialAction\":[{\"@type\":\"ReadAction\",\"target\":[\"https:\/\/www.africascoop.net\/index.php\/2025\/12\/21\/aes-bamako-accueille-la-premiere-session-confederale-du-conseil-des-ministres\/\"]}]},{\"@type\":\"ImageObject\",\"inLanguage\":\"fr-FR\",\"@id\":\"https:\/\/www.africascoop.net\/index.php\/2025\/12\/21\/aes-bamako-accueille-la-premiere-session-confederale-du-conseil-des-ministres\/#primaryimage\",\"url\":\"https:\/\/www.africascoop.net\/wp-content\/uploads\/2025\/12\/conseil-aes.jpg\",\"contentUrl\":\"https:\/\/www.africascoop.net\/wp-content\/uploads\/2025\/12\/conseil-aes.jpg\",\"width\":1366,\"height\":768},{\"@type\":\"BreadcrumbList\",\"@id\":\"https:\/\/www.africascoop.net\/index.php\/2025\/12\/21\/aes-bamako-accueille-la-premiere-session-confederale-du-conseil-des-ministres\/#breadcrumb\",\"itemListElement\":[{\"@type\":\"ListItem\",\"position\":1,\"name\":\"Accueil\",\"item\":\"http:\/\/www.africascoop.net\/\"},{\"@type\":\"ListItem\",\"position\":2,\"name\":\"AES\u00a0: Bamako accueille la premi\u00e8re session conf\u00e9d\u00e9rale du Conseil des Ministres\"}]},{\"@type\":\"WebSite\",\"@id\":\"http:\/\/www.africascoop.net\/#website\",\"url\":\"http:\/\/www.africascoop.net\/\",\"name\":\"Actualit\u00e9s Africaines\",\"description\":\"\",\"publisher\":{\"@id\":\"http:\/\/www.africascoop.net\/#organization\"},\"potentialAction\":[{\"@type\":\"SearchAction\",\"target\":{\"@type\":\"EntryPoint\",\"urlTemplate\":\"http:\/\/www.africascoop.net\/?s={search_term_string}\"},\"query-input\":{\"@type\":\"PropertyValueSpecification\",\"valueRequired\":true,\"valueName\":\"search_term_string\"}}],\"inLanguage\":\"fr-FR\"},{\"@type\":\"Organization\",\"@id\":\"http:\/\/www.africascoop.net\/#organization\",\"name\":\"Actualit\u00e9s Africaines\",\"url\":\"http:\/\/www.africascoop.net\/\",\"logo\":{\"@type\":\"ImageObject\",\"inLanguage\":\"fr-FR\",\"@id\":\"http:\/\/www.africascoop.net\/#\/schema\/logo\/image\/\",\"url\":\"https:\/\/www.africascoop.net\/wp-content\/uploads\/2025\/09\/cropped-logo-2.jpg\",\"contentUrl\":\"https:\/\/www.africascoop.net\/wp-content\/uploads\/2025\/09\/cropped-logo-2.jpg\",\"width\":945,\"height\":591,\"caption\":\"Actualit\u00e9s Africaines\"},\"image\":{\"@id\":\"http:\/\/www.africascoop.net\/#\/schema\/logo\/image\/\"}},{\"@type\":\"Person\",\"@id\":\"http:\/\/www.africascoop.net\/#\/schema\/person\/2cbcc632c110d739d93a6b196c67230a\",\"name\":\"Africascoop\",\"image\":{\"@type\":\"ImageObject\",\"inLanguage\":\"fr-FR\",\"@id\":\"http:\/\/www.africascoop.net\/#\/schema\/person\/image\/\",\"url\":\"https:\/\/secure.gravatar.com\/avatar\/230d851f5173f64fe9487b948bd2daf02707ef49aea942bc1bdad649c82025b9?s=96&d=mm&r=g\",\"contentUrl\":\"https:\/\/secure.gravatar.com\/avatar\/230d851f5173f64fe9487b948bd2daf02707ef49aea942bc1bdad649c82025b9?s=96&d=mm&r=g\",\"caption\":\"Africascoop\"},\"url\":\"https:\/\/www.africascoop.net\/index.php\/author\/jul\/\"}]}<\/script>\n<!-- \/ Yoast SEO plugin. -->","yoast_head_json":{"title":"AES\u00a0: Bamako accueille la premi\u00e8re session conf\u00e9d\u00e9rale du Conseil des Ministres - Actualit\u00e9s Africaines","robots":{"index":"index","follow":"follow","max-snippet":"max-snippet:-1","max-image-preview":"max-image-preview:large","max-video-preview":"max-video-preview:-1"},"canonical":"https:\/\/www.africascoop.net\/index.php\/2025\/12\/21\/aes-bamako-accueille-la-premiere-session-confederale-du-conseil-des-ministres\/","og_locale":"fr_FR","og_type":"article","og_title":"AES\u00a0: Bamako accueille la premi\u00e8re session conf\u00e9d\u00e9rale du Conseil des Ministres - Actualit\u00e9s Africaines","og_description":"La premi\u00e8re session conf\u00e9d\u00e9rale du Conseil des Ministres de la Conf\u00e9d\u00e9ration des \u00c9tats du Sahel (AES) s\u2019est ouverte","og_url":"https:\/\/www.africascoop.net\/index.php\/2025\/12\/21\/aes-bamako-accueille-la-premiere-session-confederale-du-conseil-des-ministres\/","og_site_name":"Actualit\u00e9s Africaines","article_published_time":"2025-12-21T11:13:17+00:00","article_modified_time":"2025-12-21T11:13:48+00:00","og_image":[{"url":"https:\/\/www.africascoop.net\/wp-content\/uploads\/2025\/12\/conseil-aes-1024x576.jpg","type":"","width":"","height":""}],"author":"Africascoop","twitter_card":"summary_large_image","twitter_misc":{"\u00c9crit par":"Africascoop","Dur\u00e9e de lecture estim\u00e9e":"2 minutes"},"schema":{"@context":"https:\/\/schema.org","@graph":[{"@type":"Article","@id":"https:\/\/www.africascoop.net\/index.php\/2025\/12\/21\/aes-bamako-accueille-la-premiere-session-confederale-du-conseil-des-ministres\/#article","isPartOf":{"@id":"https:\/\/www.africascoop.net\/index.php\/2025\/12\/21\/aes-bamako-accueille-la-premiere-session-confederale-du-conseil-des-ministres\/"},"author":{"name":"Africascoop","@id":"http:\/\/www.africascoop.net\/#\/schema\/person\/2cbcc632c110d739d93a6b196c67230a"},"headline":"AES\u00a0: Bamako accueille la premi\u00e8re session conf\u00e9d\u00e9rale du Conseil des Ministres","datePublished":"2025-12-21T11:13:17+00:00","dateModified":"2025-12-21T11:13:48+00:00","mainEntityOfPage":{"@id":"https:\/\/www.africascoop.net\/index.php\/2025\/12\/21\/aes-bamako-accueille-la-premiere-session-confederale-du-conseil-des-ministres\/"},"wordCount":406,"commentCount":0,"publisher":{"@id":"http:\/\/www.africascoop.net\/#organization"},"image":{"@id":"https:\/\/www.africascoop.net\/index.php\/2025\/12\/21\/aes-bamako-accueille-la-premiere-session-confederale-du-conseil-des-ministres\/#primaryimage"},"thumbnailUrl":"https:\/\/www.africascoop.net\/wp-content\/uploads\/2025\/12\/conseil-aes-1024x576.jpg","articleSection":["Actualit\u00e9s AES","Exclusif"],"inLanguage":"fr-FR","potentialAction":[{"@type":"CommentAction","name":"Comment","target":["https:\/\/www.africascoop.net\/index.php\/2025\/12\/21\/aes-bamako-accueille-la-premiere-session-confederale-du-conseil-des-ministres\/#respond"]}]},{"@type":"WebPage","@id":"https:\/\/www.africascoop.net\/index.php\/2025\/12\/21\/aes-bamako-accueille-la-premiere-session-confederale-du-conseil-des-ministres\/","url":"https:\/\/www.africascoop.net\/index.php\/2025\/12\/21\/aes-bamako-accueille-la-premiere-session-confederale-du-conseil-des-ministres\/","name":"AES\u00a0: Bamako accueille la premi\u00e8re session conf\u00e9d\u00e9rale du Conseil des Ministres - Actualit\u00e9s Africaines","isPartOf":{"@id":"http:\/\/www.africascoop.net\/#website"},"primaryImageOfPage":{"@id":"https:\/\/www.africascoop.net\/index.php\/2025\/12\/21\/aes-bamako-accueille-la-premiere-session-confederale-du-conseil-des-ministres\/#primaryimage"},"image":{"@id":"https:\/\/www.africascoop.net\/index.php\/2025\/12\/21\/aes-bamako-accueille-la-premiere-session-confederale-du-conseil-des-ministres\/#primaryimage"},"thumbnailUrl":"https:\/\/www.africascoop.net\/wp-content\/uploads\/2025\/12\/conseil-aes-1024x576.jpg","datePublished":"2025-12-21T11:13:17+00:00","dateModified":"2025-12-21T11:13:48+00:00","breadcrumb":{"@id":"https:\/\/www.africascoop.net\/index.php\/2025\/12\/21\/aes-bamako-accueille-la-premiere-session-confederale-du-conseil-des-ministres\/#breadcrumb"},"inLanguage":"fr-FR","potentialAction":[{"@type":"ReadAction","target":["https:\/\/www.africascoop.net\/index.php\/2025\/12\/21\/aes-bamako-accueille-la-premiere-session-confederale-du-conseil-des-ministres\/"]}]},{"@type":"ImageObject","inLanguage":"fr-FR","@id":"https:\/\/www.africascoop.net\/index.php\/2025\/12\/21\/aes-bamako-accueille-la-premiere-session-confederale-du-conseil-des-ministres\/#primaryimage","url":"https:\/\/www.africascoop.net\/wp-content\/uploads\/2025\/12\/conseil-aes.jpg","contentUrl":"https:\/\/www.africascoop.net\/wp-content\/uploads\/2025\/12\/conseil-aes.jpg","width":1366,"height":768},{"@type":"BreadcrumbList","@id":"https:\/\/www.africascoop.net\/index.php\/2025\/12\/21\/aes-bamako-accueille-la-premiere-session-confederale-du-conseil-des-ministres\/#breadcrumb","itemListElement":[{"@type":"ListItem","position":1,"name":"Accueil","item":"http:\/\/www.africascoop.net\/"},{"@type":"ListItem","position":2,"name":"AES\u00a0: Bamako accueille la premi\u00e8re session conf\u00e9d\u00e9rale du Conseil des Ministres"}]},{"@type":"WebSite","@id":"http:\/\/www.africascoop.net\/#website","url":"http:\/\/www.africascoop.net\/","name":"Actualit\u00e9s Africaines","description":"","publisher":{"@id":"http:\/\/www.africascoop.net\/#organization"},"potentialAction":[{"@type":"SearchAction","target":{"@type":"EntryPoint","urlTemplate":"http:\/\/www.africascoop.net\/?s={search_term_string}"},"query-input":{"@type":"PropertyValueSpecification","valueRequired":true,"valueName":"search_term_string"}}],"inLanguage":"fr-FR"},{"@type":"Organization","@id":"http:\/\/www.africascoop.net\/#organization","name":"Actualit\u00e9s Africaines","url":"http:\/\/www.africascoop.net\/","logo":{"@type":"ImageObject","inLanguage":"fr-FR","@id":"http:\/\/www.africascoop.net\/#\/schema\/logo\/image\/","url":"https:\/\/www.africascoop.net\/wp-content\/uploads\/2025\/09\/cropped-logo-2.jpg","contentUrl":"https:\/\/www.africascoop.net\/wp-content\/uploads\/2025\/09\/cropped-logo-2.jpg","width":945,"height":591,"caption":"Actualit\u00e9s Africaines"},"image":{"@id":"http:\/\/www.africascoop.net\/#\/schema\/logo\/image\/"}},{"@type":"Person","@id":"http:\/\/www.africascoop.net\/#\/schema\/person\/2cbcc632c110d739d93a6b196c67230a","name":"Africascoop","image":{"@type":"ImageObject","inLanguage":"fr-FR","@id":"http:\/\/www.africascoop.net\/#\/schema\/person\/image\/","url":"https:\/\/secure.gravatar.com\/avatar\/230d851f5173f64fe9487b948bd2daf02707ef49aea942bc1bdad649c82025b9?s=96&d=mm&r=g","contentUrl":"https:\/\/secure.gravatar.com\/avatar\/230d851f5173f64fe9487b948bd2daf02707ef49aea942bc1bdad649c82025b9?s=96&d=mm&r=g","caption":"Africascoop"},"url":"https:\/\/www.africascoop.net\/index.php\/author\/jul\/"}]}},"_links":{"self":[{"href":"https:\/\/www.africascoop.net\/index.php\/wp-json\/wp\/v2\/posts\/1035","targetHints":{"allow":["GET"]}}],"collection":[{"href":"https:\/\/www.africascoop.net\/index.php\/wp-json\/wp\/v2\/posts"}],"about":[{"href":"https:\/\/www.africascoop.net\/index.php\/wp-json\/wp\/v2\/types\/post"}],"author":[{"embeddable":true,"href":"https:\/\/www.africascoop.net\/index.php\/wp-json\/wp\/v2\/users\/3"}],"replies":[{"embeddable":true,"href":"https:\/\/www.africascoop.net\/index.php\/wp-json\/wp\/v2\/comments?post=1035"}],"version-history":[{"count":1,"href":"https:\/\/www.africascoop.net\/index.php\/wp-json\/wp\/v2\/posts\/1035\/revisions"}],"predecessor-version":[{"id":1037,"href":"https:\/\/www.africascoop.net\/index.php\/wp-json\/wp\/v2\/posts\/1035\/revisions\/1037"}],"wp:attachment":[{"href":"https:\/\/www.africascoop.net\/index.php\/wp-json\/wp\/v2\/media?parent=1035"}],"wp:term":[{"taxonomy":"category","embeddable":true,"href":"https:\/\/www.africascoop.net\/index.php\/wp-json\/wp\/v2\/categories?post=1035"},{"taxonomy":"post_tag","embeddable":true,"href":"https:\/\/www.africascoop.net\/index.php\/wp-json\/wp\/v2\/tags?post=1035"}],"curies":[{"name":"wp","href":"https:\/\/api.w.org\/{rel}","templated":true}]}}