{"id":1041,"date":"2025-12-22T20:43:45","date_gmt":"2025-12-22T20:43:45","guid":{"rendered":"https:\/\/www.africascoop.net\/?p=1041"},"modified":"2025-12-22T20:43:50","modified_gmt":"2025-12-22T20:43:50","slug":"tombouctou-radio-lafia-la-voix-pionniere-qui-a-faconne-lespace-mediatique-regional","status":"publish","type":"post","link":"https:\/\/www.africascoop.net\/index.php\/2025\/12\/22\/tombouctou-radio-lafia-la-voix-pionniere-qui-a-faconne-lespace-mediatique-regional\/","title":{"rendered":"Tombouctou : Radio Lafia, la voix pionni\u00e8re qui a fa\u00e7onn\u00e9 l\u2019espace m\u00e9diatique r\u00e9gional"},"content":{"rendered":"\n<figure class=\"wp-block-image size-large\"><img loading=\"lazy\" decoding=\"async\" width=\"1024\" height=\"576\" src=\"https:\/\/www.africascoop.net\/wp-content\/uploads\/2025\/12\/tombouct-1024x576.jpg\" alt=\"\" class=\"wp-image-1042\" srcset=\"https:\/\/www.africascoop.net\/wp-content\/uploads\/2025\/12\/tombouct-1024x576.jpg 1024w, https:\/\/www.africascoop.net\/wp-content\/uploads\/2025\/12\/tombouct-300x169.jpg 300w, https:\/\/www.africascoop.net\/wp-content\/uploads\/2025\/12\/tombouct-768x432.jpg 768w, https:\/\/www.africascoop.net\/wp-content\/uploads\/2025\/12\/tombouct.jpg 1366w\" sizes=\"auto, (max-width: 1024px) 100vw, 1024px\" \/><\/figure>\n\n\n\n<p><strong><em>Premi\u00e8re radio priv\u00e9e et r\u00e9gionale de Tombouctou, Radio Lafia demeure, plus de trois d\u00e9cennies apr\u00e8s sa cr\u00e9ation, une r\u00e9f\u00e9rence incontournable dans l\u2019histoire de la communication au nord du Mali. N\u00e9e dans un contexte de crise s\u00e9curitaire et d\u2019isolement m\u00e9diatique, la radio s\u2019est impos\u00e9e comme un outil strat\u00e9gique d\u2019information, de sensibilisation et de coh\u00e9sion sociale au service des populations de la Cit\u00e9 des 333 saints.<\/em><\/strong><\/p>\n\n\n\n<p>L\u2019aventure commence le 30 septembre 1993, \u00e0 une p\u00e9riode o\u00f9 la r\u00e9bellion secoue le nord du pays et o\u00f9 l\u2019acc\u00e8s \u00e0 l\u2019information reste extr\u00eamement limit\u00e9. \u00ab \u00c0 ce moment-l\u00e0, la communication \u00e9tait un besoin vital. Les autorit\u00e9s locales avaient besoin d\u2019un moyen pour atteindre les populations, surtout pour la sensibilisation \u00bb, raconte Modibo Ke\u00efta, promoteur et directeur du r\u00e9seau Lafia. L\u2019ORTM, qui \u00e9mettait alors en ondes courtes, \u00e9tait difficilement captable \u00e0 Tombouctou.<\/p>\n\n\n\n<p>Form\u00e9 hors de la r\u00e9gion, Modibo Ke\u00efta revient avec une id\u00e9e audacieuse : cr\u00e9er une radio locale \u00e0 partir de moyens modestes. Il con\u00e7oit un premier \u00e9metteur artisanal couvrant \u00e0 peine 100 \u00e0 200 m\u00e8tres. Progressivement am\u00e9lior\u00e9, l\u2019\u00e9quipement finit par couvrir toute la ville, donnant ainsi naissance \u00e0 la premi\u00e8re radio r\u00e9gionale de Tombouctou.<\/p>\n\n\n\n<p>Tr\u00e8s vite, Radio Lafia d\u00e9passe le simple cadre de la diffusion d\u2019informations. Elle devient un rempart contre la d\u00e9sinformation et les rumeurs, dans un contexte o\u00f9 certains discours entretenaient la confusion entre r\u00e9bellion et appartenance ethnique. \u00ab Beaucoup pensaient que le mot \u201crebelle\u201d d\u00e9signait une ethnie. Il fallait couper court \u00e0 cet amalgame pour \u00e9viter la panique \u00bb, explique Modibo Ke\u00efta. La radio joue alors un r\u00f4le p\u00e9dagogique essentiel, contribuant \u00e0 pr\u00e9server la paix sociale.<\/p>\n\n\n\n<p>Pour son fondateur, l\u2019enjeu \u00e9tait aussi de r\u00e9pondre \u00e0 ce qu\u2019il qualifie de \u201cguerre de communication\u201d men\u00e9e contre le pays. \u00ab L\u2019information est la cl\u00e9 de tout. Il fallait prendre l\u2019ascendant et aider la population \u00e0 comprendre les r\u00e9alit\u00e9s \u00bb, affirme-t-il. Cette conviction reste intacte face aux d\u00e9fis actuels, notamment la manipulation de l\u2019information. Il plaide pour une presse nationale plus pr\u00e9sente et plus influente, estimant que les m\u00e9dias internationaux ne doivent pas dicter le r\u00e9cit sur le Mali.<\/p>\n\n\n\n<p>Modibo Ke\u00efta est formel : la lutte contre le terrorisme ne peut \u00eatre uniquement militaire. \u00ab Les armes ne suffisent pas. Les m\u00e9dias, surtout la radio, doivent \u00eatre prioris\u00e9s. La radio est aussi une arme \u00bb, soutient-il. Fid\u00e8le \u00e0 cette vision, Radio Lafia continue de mettre l\u2019accent sur la coh\u00e9sion sociale, le vivre-ensemble et la proximit\u00e9 avec les populations, consolidant ainsi son r\u00f4le de m\u00e9dia communautaire au c\u0153ur de Tombouctou.<\/p>\n\n\n\n<p>C\u2019est dans ce contexte charg\u00e9 d\u2019histoire et de symboles que l\u2019Union des Journalistes Reporters du Mali (UJRM) a inscrit sa visite \u00e0 Radio Lafia, dans le cadre de la 4\u1d49 \u00e9dition de sa tourn\u00e9e r\u00e9gionale. Cette visite de courtoisie et de travail visait \u00e0 valoriser les m\u00e9dias locaux, \u00e0 mieux comprendre les r\u00e9alit\u00e9s de Tombouctou et \u00e0 souligner le r\u00f4le fondamental des radios de proximit\u00e9.<\/p>\n\n\n\n<p>\u00c0 l\u2019occasion de cette rencontre, Modibo Ke\u00efta a salu\u00e9 l\u2019initiative de l\u2019UJRM et a encourag\u00e9 les jeunes journalistes \u00e0 s\u2019inspirer des exp\u00e9riences locales, tout en \u0153uvrant pour un journalisme engag\u00e9, responsable et au service des communaut\u00e9s. Une reconnaissance de plus pour Radio Lafia, v\u00e9ritable m\u00e9moire vivante des ondes de Tombouctou.<\/p>\n\n\n\n<p>Par Abdrahamane Baba Kouyat\u00e9 depuis Tombouctou<\/p>\n","protected":false},"excerpt":{"rendered":"<p>Premi\u00e8re radio priv\u00e9e et r\u00e9gionale de Tombouctou, Radio Lafia demeure, plus de trois d\u00e9cennies apr\u00e8s sa cr\u00e9ation, une<\/p>\n","protected":false},"author":3,"featured_media":0,"comment_status":"open","ping_status":"open","sticky":false,"template":"","format":"standard","meta":{"footnotes":""},"categories":[13,36],"tags":[],"class_list":["post-1041","post","type-post","status-publish","format-standard","hentry","category-education-et-culture","category-exclusif"],"yoast_head":"<!-- This site is optimized with the Yoast SEO plugin v26.0 - https:\/\/yoast.com\/wordpress\/plugins\/seo\/ -->\n<title>Tombouctou : Radio Lafia, la voix pionni\u00e8re qui a fa\u00e7onn\u00e9 l\u2019espace m\u00e9diatique r\u00e9gional - Actualit\u00e9s Africaines<\/title>\n<meta name=\"robots\" content=\"index, follow, max-snippet:-1, max-image-preview:large, max-video-preview:-1\" \/>\n<link rel=\"canonical\" href=\"https:\/\/www.africascoop.net\/index.php\/2025\/12\/22\/tombouctou-radio-lafia-la-voix-pionniere-qui-a-faconne-lespace-mediatique-regional\/\" \/>\n<meta property=\"og:locale\" content=\"fr_FR\" \/>\n<meta property=\"og:type\" content=\"article\" \/>\n<meta property=\"og:title\" content=\"Tombouctou : Radio Lafia, la voix pionni\u00e8re qui a fa\u00e7onn\u00e9 l\u2019espace m\u00e9diatique r\u00e9gional - Actualit\u00e9s Africaines\" \/>\n<meta property=\"og:description\" content=\"Premi\u00e8re radio priv\u00e9e et r\u00e9gionale de Tombouctou, Radio Lafia demeure, plus de trois d\u00e9cennies apr\u00e8s sa cr\u00e9ation, une\" \/>\n<meta property=\"og:url\" content=\"https:\/\/www.africascoop.net\/index.php\/2025\/12\/22\/tombouctou-radio-lafia-la-voix-pionniere-qui-a-faconne-lespace-mediatique-regional\/\" \/>\n<meta property=\"og:site_name\" content=\"Actualit\u00e9s Africaines\" \/>\n<meta property=\"article:published_time\" content=\"2025-12-22T20:43:45+00:00\" \/>\n<meta property=\"article:modified_time\" content=\"2025-12-22T20:43:50+00:00\" \/>\n<meta property=\"og:image\" content=\"https:\/\/www.africascoop.net\/wp-content\/uploads\/2025\/12\/tombouct-1024x576.jpg\" \/>\n<meta name=\"author\" content=\"Africascoop\" \/>\n<meta name=\"twitter:card\" content=\"summary_large_image\" \/>\n<meta name=\"twitter:label1\" content=\"\u00c9crit par\" \/>\n\t<meta name=\"twitter:data1\" content=\"Africascoop\" \/>\n\t<meta name=\"twitter:label2\" content=\"Dur\u00e9e de lecture estim\u00e9e\" \/>\n\t<meta name=\"twitter:data2\" content=\"3 minutes\" \/>\n<script type=\"application\/ld+json\" class=\"yoast-schema-graph\">{\"@context\":\"https:\/\/schema.org\",\"@graph\":[{\"@type\":\"Article\",\"@id\":\"https:\/\/www.africascoop.net\/index.php\/2025\/12\/22\/tombouctou-radio-lafia-la-voix-pionniere-qui-a-faconne-lespace-mediatique-regional\/#article\",\"isPartOf\":{\"@id\":\"https:\/\/www.africascoop.net\/index.php\/2025\/12\/22\/tombouctou-radio-lafia-la-voix-pionniere-qui-a-faconne-lespace-mediatique-regional\/\"},\"author\":{\"name\":\"Africascoop\",\"@id\":\"https:\/\/www.africascoop.net\/#\/schema\/person\/2cbcc632c110d739d93a6b196c67230a\"},\"headline\":\"Tombouctou : Radio Lafia, la voix pionni\u00e8re qui a fa\u00e7onn\u00e9 l\u2019espace m\u00e9diatique r\u00e9gional\",\"datePublished\":\"2025-12-22T20:43:45+00:00\",\"dateModified\":\"2025-12-22T20:43:50+00:00\",\"mainEntityOfPage\":{\"@id\":\"https:\/\/www.africascoop.net\/index.php\/2025\/12\/22\/tombouctou-radio-lafia-la-voix-pionniere-qui-a-faconne-lespace-mediatique-regional\/\"},\"wordCount\":607,\"commentCount\":0,\"publisher\":{\"@id\":\"https:\/\/www.africascoop.net\/#organization\"},\"image\":{\"@id\":\"https:\/\/www.africascoop.net\/index.php\/2025\/12\/22\/tombouctou-radio-lafia-la-voix-pionniere-qui-a-faconne-lespace-mediatique-regional\/#primaryimage\"},\"thumbnailUrl\":\"https:\/\/www.africascoop.net\/wp-content\/uploads\/2025\/12\/tombouct-1024x576.jpg\",\"articleSection\":[\"\u00c9ducation et culture\",\"Exclusif\"],\"inLanguage\":\"fr-FR\",\"potentialAction\":[{\"@type\":\"CommentAction\",\"name\":\"Comment\",\"target\":[\"https:\/\/www.africascoop.net\/index.php\/2025\/12\/22\/tombouctou-radio-lafia-la-voix-pionniere-qui-a-faconne-lespace-mediatique-regional\/#respond\"]}]},{\"@type\":\"WebPage\",\"@id\":\"https:\/\/www.africascoop.net\/index.php\/2025\/12\/22\/tombouctou-radio-lafia-la-voix-pionniere-qui-a-faconne-lespace-mediatique-regional\/\",\"url\":\"https:\/\/www.africascoop.net\/index.php\/2025\/12\/22\/tombouctou-radio-lafia-la-voix-pionniere-qui-a-faconne-lespace-mediatique-regional\/\",\"name\":\"Tombouctou : Radio Lafia, la voix pionni\u00e8re qui a fa\u00e7onn\u00e9 l\u2019espace m\u00e9diatique r\u00e9gional - Actualit\u00e9s Africaines\",\"isPartOf\":{\"@id\":\"https:\/\/www.africascoop.net\/#website\"},\"primaryImageOfPage\":{\"@id\":\"https:\/\/www.africascoop.net\/index.php\/2025\/12\/22\/tombouctou-radio-lafia-la-voix-pionniere-qui-a-faconne-lespace-mediatique-regional\/#primaryimage\"},\"image\":{\"@id\":\"https:\/\/www.africascoop.net\/index.php\/2025\/12\/22\/tombouctou-radio-lafia-la-voix-pionniere-qui-a-faconne-lespace-mediatique-regional\/#primaryimage\"},\"thumbnailUrl\":\"https:\/\/www.africascoop.net\/wp-content\/uploads\/2025\/12\/tombouct-1024x576.jpg\",\"datePublished\":\"2025-12-22T20:43:45+00:00\",\"dateModified\":\"2025-12-22T20:43:50+00:00\",\"breadcrumb\":{\"@id\":\"https:\/\/www.africascoop.net\/index.php\/2025\/12\/22\/tombouctou-radio-lafia-la-voix-pionniere-qui-a-faconne-lespace-mediatique-regional\/#breadcrumb\"},\"inLanguage\":\"fr-FR\",\"potentialAction\":[{\"@type\":\"ReadAction\",\"target\":[\"https:\/\/www.africascoop.net\/index.php\/2025\/12\/22\/tombouctou-radio-lafia-la-voix-pionniere-qui-a-faconne-lespace-mediatique-regional\/\"]}]},{\"@type\":\"ImageObject\",\"inLanguage\":\"fr-FR\",\"@id\":\"https:\/\/www.africascoop.net\/index.php\/2025\/12\/22\/tombouctou-radio-lafia-la-voix-pionniere-qui-a-faconne-lespace-mediatique-regional\/#primaryimage\",\"url\":\"https:\/\/www.africascoop.net\/wp-content\/uploads\/2025\/12\/tombouct.jpg\",\"contentUrl\":\"https:\/\/www.africascoop.net\/wp-content\/uploads\/2025\/12\/tombouct.jpg\",\"width\":1366,\"height\":768},{\"@type\":\"BreadcrumbList\",\"@id\":\"https:\/\/www.africascoop.net\/index.php\/2025\/12\/22\/tombouctou-radio-lafia-la-voix-pionniere-qui-a-faconne-lespace-mediatique-regional\/#breadcrumb\",\"itemListElement\":[{\"@type\":\"ListItem\",\"position\":1,\"name\":\"Accueil\",\"item\":\"https:\/\/www.africascoop.net\/\"},{\"@type\":\"ListItem\",\"position\":2,\"name\":\"Tombouctou : Radio Lafia, la voix pionni\u00e8re qui a fa\u00e7onn\u00e9 l\u2019espace m\u00e9diatique r\u00e9gional\"}]},{\"@type\":\"WebSite\",\"@id\":\"https:\/\/www.africascoop.net\/#website\",\"url\":\"https:\/\/www.africascoop.net\/\",\"name\":\"Actualit\u00e9s Africaines\",\"description\":\"\",\"publisher\":{\"@id\":\"https:\/\/www.africascoop.net\/#organization\"},\"potentialAction\":[{\"@type\":\"SearchAction\",\"target\":{\"@type\":\"EntryPoint\",\"urlTemplate\":\"https:\/\/www.africascoop.net\/?s={search_term_string}\"},\"query-input\":{\"@type\":\"PropertyValueSpecification\",\"valueRequired\":true,\"valueName\":\"search_term_string\"}}],\"inLanguage\":\"fr-FR\"},{\"@type\":\"Organization\",\"@id\":\"https:\/\/www.africascoop.net\/#organization\",\"name\":\"Actualit\u00e9s Africaines\",\"url\":\"https:\/\/www.africascoop.net\/\",\"logo\":{\"@type\":\"ImageObject\",\"inLanguage\":\"fr-FR\",\"@id\":\"https:\/\/www.africascoop.net\/#\/schema\/logo\/image\/\",\"url\":\"https:\/\/www.africascoop.net\/wp-content\/uploads\/2025\/09\/cropped-logo-2.jpg\",\"contentUrl\":\"https:\/\/www.africascoop.net\/wp-content\/uploads\/2025\/09\/cropped-logo-2.jpg\",\"width\":945,\"height\":591,\"caption\":\"Actualit\u00e9s Africaines\"},\"image\":{\"@id\":\"https:\/\/www.africascoop.net\/#\/schema\/logo\/image\/\"}},{\"@type\":\"Person\",\"@id\":\"https:\/\/www.africascoop.net\/#\/schema\/person\/2cbcc632c110d739d93a6b196c67230a\",\"name\":\"Africascoop\",\"image\":{\"@type\":\"ImageObject\",\"inLanguage\":\"fr-FR\",\"@id\":\"https:\/\/www.africascoop.net\/#\/schema\/person\/image\/\",\"url\":\"https:\/\/secure.gravatar.com\/avatar\/230d851f5173f64fe9487b948bd2daf02707ef49aea942bc1bdad649c82025b9?s=96&d=mm&r=g\",\"contentUrl\":\"https:\/\/secure.gravatar.com\/avatar\/230d851f5173f64fe9487b948bd2daf02707ef49aea942bc1bdad649c82025b9?s=96&d=mm&r=g\",\"caption\":\"Africascoop\"},\"url\":\"https:\/\/www.africascoop.net\/index.php\/author\/jul\/\"}]}<\/script>\n<!-- \/ Yoast SEO plugin. -->","yoast_head_json":{"title":"Tombouctou : Radio Lafia, la voix pionni\u00e8re qui a fa\u00e7onn\u00e9 l\u2019espace m\u00e9diatique r\u00e9gional - Actualit\u00e9s Africaines","robots":{"index":"index","follow":"follow","max-snippet":"max-snippet:-1","max-image-preview":"max-image-preview:large","max-video-preview":"max-video-preview:-1"},"canonical":"https:\/\/www.africascoop.net\/index.php\/2025\/12\/22\/tombouctou-radio-lafia-la-voix-pionniere-qui-a-faconne-lespace-mediatique-regional\/","og_locale":"fr_FR","og_type":"article","og_title":"Tombouctou : Radio Lafia, la voix pionni\u00e8re qui a fa\u00e7onn\u00e9 l\u2019espace m\u00e9diatique r\u00e9gional - Actualit\u00e9s Africaines","og_description":"Premi\u00e8re radio priv\u00e9e et r\u00e9gionale de Tombouctou, Radio Lafia demeure, plus de trois d\u00e9cennies apr\u00e8s sa cr\u00e9ation, une","og_url":"https:\/\/www.africascoop.net\/index.php\/2025\/12\/22\/tombouctou-radio-lafia-la-voix-pionniere-qui-a-faconne-lespace-mediatique-regional\/","og_site_name":"Actualit\u00e9s Africaines","article_published_time":"2025-12-22T20:43:45+00:00","article_modified_time":"2025-12-22T20:43:50+00:00","og_image":[{"url":"https:\/\/www.africascoop.net\/wp-content\/uploads\/2025\/12\/tombouct-1024x576.jpg","type":"","width":"","height":""}],"author":"Africascoop","twitter_card":"summary_large_image","twitter_misc":{"\u00c9crit par":"Africascoop","Dur\u00e9e de lecture estim\u00e9e":"3 minutes"},"schema":{"@context":"https:\/\/schema.org","@graph":[{"@type":"Article","@id":"https:\/\/www.africascoop.net\/index.php\/2025\/12\/22\/tombouctou-radio-lafia-la-voix-pionniere-qui-a-faconne-lespace-mediatique-regional\/#article","isPartOf":{"@id":"https:\/\/www.africascoop.net\/index.php\/2025\/12\/22\/tombouctou-radio-lafia-la-voix-pionniere-qui-a-faconne-lespace-mediatique-regional\/"},"author":{"name":"Africascoop","@id":"https:\/\/www.africascoop.net\/#\/schema\/person\/2cbcc632c110d739d93a6b196c67230a"},"headline":"Tombouctou : Radio Lafia, la voix pionni\u00e8re qui a fa\u00e7onn\u00e9 l\u2019espace m\u00e9diatique r\u00e9gional","datePublished":"2025-12-22T20:43:45+00:00","dateModified":"2025-12-22T20:43:50+00:00","mainEntityOfPage":{"@id":"https:\/\/www.africascoop.net\/index.php\/2025\/12\/22\/tombouctou-radio-lafia-la-voix-pionniere-qui-a-faconne-lespace-mediatique-regional\/"},"wordCount":607,"commentCount":0,"publisher":{"@id":"https:\/\/www.africascoop.net\/#organization"},"image":{"@id":"https:\/\/www.africascoop.net\/index.php\/2025\/12\/22\/tombouctou-radio-lafia-la-voix-pionniere-qui-a-faconne-lespace-mediatique-regional\/#primaryimage"},"thumbnailUrl":"https:\/\/www.africascoop.net\/wp-content\/uploads\/2025\/12\/tombouct-1024x576.jpg","articleSection":["\u00c9ducation et culture","Exclusif"],"inLanguage":"fr-FR","potentialAction":[{"@type":"CommentAction","name":"Comment","target":["https:\/\/www.africascoop.net\/index.php\/2025\/12\/22\/tombouctou-radio-lafia-la-voix-pionniere-qui-a-faconne-lespace-mediatique-regional\/#respond"]}]},{"@type":"WebPage","@id":"https:\/\/www.africascoop.net\/index.php\/2025\/12\/22\/tombouctou-radio-lafia-la-voix-pionniere-qui-a-faconne-lespace-mediatique-regional\/","url":"https:\/\/www.africascoop.net\/index.php\/2025\/12\/22\/tombouctou-radio-lafia-la-voix-pionniere-qui-a-faconne-lespace-mediatique-regional\/","name":"Tombouctou : Radio Lafia, la voix pionni\u00e8re qui a fa\u00e7onn\u00e9 l\u2019espace m\u00e9diatique r\u00e9gional - Actualit\u00e9s Africaines","isPartOf":{"@id":"https:\/\/www.africascoop.net\/#website"},"primaryImageOfPage":{"@id":"https:\/\/www.africascoop.net\/index.php\/2025\/12\/22\/tombouctou-radio-lafia-la-voix-pionniere-qui-a-faconne-lespace-mediatique-regional\/#primaryimage"},"image":{"@id":"https:\/\/www.africascoop.net\/index.php\/2025\/12\/22\/tombouctou-radio-lafia-la-voix-pionniere-qui-a-faconne-lespace-mediatique-regional\/#primaryimage"},"thumbnailUrl":"https:\/\/www.africascoop.net\/wp-content\/uploads\/2025\/12\/tombouct-1024x576.jpg","datePublished":"2025-12-22T20:43:45+00:00","dateModified":"2025-12-22T20:43:50+00:00","breadcrumb":{"@id":"https:\/\/www.africascoop.net\/index.php\/2025\/12\/22\/tombouctou-radio-lafia-la-voix-pionniere-qui-a-faconne-lespace-mediatique-regional\/#breadcrumb"},"inLanguage":"fr-FR","potentialAction":[{"@type":"ReadAction","target":["https:\/\/www.africascoop.net\/index.php\/2025\/12\/22\/tombouctou-radio-lafia-la-voix-pionniere-qui-a-faconne-lespace-mediatique-regional\/"]}]},{"@type":"ImageObject","inLanguage":"fr-FR","@id":"https:\/\/www.africascoop.net\/index.php\/2025\/12\/22\/tombouctou-radio-lafia-la-voix-pionniere-qui-a-faconne-lespace-mediatique-regional\/#primaryimage","url":"https:\/\/www.africascoop.net\/wp-content\/uploads\/2025\/12\/tombouct.jpg","contentUrl":"https:\/\/www.africascoop.net\/wp-content\/uploads\/2025\/12\/tombouct.jpg","width":1366,"height":768},{"@type":"BreadcrumbList","@id":"https:\/\/www.africascoop.net\/index.php\/2025\/12\/22\/tombouctou-radio-lafia-la-voix-pionniere-qui-a-faconne-lespace-mediatique-regional\/#breadcrumb","itemListElement":[{"@type":"ListItem","position":1,"name":"Accueil","item":"https:\/\/www.africascoop.net\/"},{"@type":"ListItem","position":2,"name":"Tombouctou : Radio Lafia, la voix pionni\u00e8re qui a fa\u00e7onn\u00e9 l\u2019espace m\u00e9diatique r\u00e9gional"}]},{"@type":"WebSite","@id":"https:\/\/www.africascoop.net\/#website","url":"https:\/\/www.africascoop.net\/","name":"Actualit\u00e9s Africaines","description":"","publisher":{"@id":"https:\/\/www.africascoop.net\/#organization"},"potentialAction":[{"@type":"SearchAction","target":{"@type":"EntryPoint","urlTemplate":"https:\/\/www.africascoop.net\/?s={search_term_string}"},"query-input":{"@type":"PropertyValueSpecification","valueRequired":true,"valueName":"search_term_string"}}],"inLanguage":"fr-FR"},{"@type":"Organization","@id":"https:\/\/www.africascoop.net\/#organization","name":"Actualit\u00e9s Africaines","url":"https:\/\/www.africascoop.net\/","logo":{"@type":"ImageObject","inLanguage":"fr-FR","@id":"https:\/\/www.africascoop.net\/#\/schema\/logo\/image\/","url":"https:\/\/www.africascoop.net\/wp-content\/uploads\/2025\/09\/cropped-logo-2.jpg","contentUrl":"https:\/\/www.africascoop.net\/wp-content\/uploads\/2025\/09\/cropped-logo-2.jpg","width":945,"height":591,"caption":"Actualit\u00e9s Africaines"},"image":{"@id":"https:\/\/www.africascoop.net\/#\/schema\/logo\/image\/"}},{"@type":"Person","@id":"https:\/\/www.africascoop.net\/#\/schema\/person\/2cbcc632c110d739d93a6b196c67230a","name":"Africascoop","image":{"@type":"ImageObject","inLanguage":"fr-FR","@id":"https:\/\/www.africascoop.net\/#\/schema\/person\/image\/","url":"https:\/\/secure.gravatar.com\/avatar\/230d851f5173f64fe9487b948bd2daf02707ef49aea942bc1bdad649c82025b9?s=96&d=mm&r=g","contentUrl":"https:\/\/secure.gravatar.com\/avatar\/230d851f5173f64fe9487b948bd2daf02707ef49aea942bc1bdad649c82025b9?s=96&d=mm&r=g","caption":"Africascoop"},"url":"https:\/\/www.africascoop.net\/index.php\/author\/jul\/"}]}},"_links":{"self":[{"href":"https:\/\/www.africascoop.net\/index.php\/wp-json\/wp\/v2\/posts\/1041","targetHints":{"allow":["GET"]}}],"collection":[{"href":"https:\/\/www.africascoop.net\/index.php\/wp-json\/wp\/v2\/posts"}],"about":[{"href":"https:\/\/www.africascoop.net\/index.php\/wp-json\/wp\/v2\/types\/post"}],"author":[{"embeddable":true,"href":"https:\/\/www.africascoop.net\/index.php\/wp-json\/wp\/v2\/users\/3"}],"replies":[{"embeddable":true,"href":"https:\/\/www.africascoop.net\/index.php\/wp-json\/wp\/v2\/comments?post=1041"}],"version-history":[{"count":1,"href":"https:\/\/www.africascoop.net\/index.php\/wp-json\/wp\/v2\/posts\/1041\/revisions"}],"predecessor-version":[{"id":1043,"href":"https:\/\/www.africascoop.net\/index.php\/wp-json\/wp\/v2\/posts\/1041\/revisions\/1043"}],"wp:attachment":[{"href":"https:\/\/www.africascoop.net\/index.php\/wp-json\/wp\/v2\/media?parent=1041"}],"wp:term":[{"taxonomy":"category","embeddable":true,"href":"https:\/\/www.africascoop.net\/index.php\/wp-json\/wp\/v2\/categories?post=1041"},{"taxonomy":"post_tag","embeddable":true,"href":"https:\/\/www.africascoop.net\/index.php\/wp-json\/wp\/v2\/tags?post=1041"}],"curies":[{"name":"wp","href":"https:\/\/api.w.org\/{rel}","templated":true}]}}