{"id":1044,"date":"2025-12-22T21:49:33","date_gmt":"2025-12-22T21:49:33","guid":{"rendered":"https:\/\/www.africascoop.net\/?p=1044"},"modified":"2025-12-22T21:49:38","modified_gmt":"2025-12-22T21:49:38","slug":"sortie-de-limam-mahmoud-dicko-coincidence-ou-calcul","status":"publish","type":"post","link":"https:\/\/www.africascoop.net\/index.php\/2025\/12\/22\/sortie-de-limam-mahmoud-dicko-coincidence-ou-calcul\/","title":{"rendered":"Sortie de l&rsquo;imam Mahmoud Dicko : Co\u00efncidence ou calcul ?"},"content":{"rendered":"\n<figure class=\"wp-block-image size-large\"><img loading=\"lazy\" decoding=\"async\" width=\"1024\" height=\"576\" src=\"https:\/\/www.africascoop.net\/wp-content\/uploads\/2025\/12\/dicko-1024x576.jpg\" alt=\"\" class=\"wp-image-1045\" srcset=\"https:\/\/www.africascoop.net\/wp-content\/uploads\/2025\/12\/dicko-1024x576.jpg 1024w, https:\/\/www.africascoop.net\/wp-content\/uploads\/2025\/12\/dicko-300x169.jpg 300w, https:\/\/www.africascoop.net\/wp-content\/uploads\/2025\/12\/dicko-768x432.jpg 768w, https:\/\/www.africascoop.net\/wp-content\/uploads\/2025\/12\/dicko.jpg 1366w\" sizes=\"auto, (max-width: 1024px) 100vw, 1024px\" \/><\/figure>\n\n\n\n<p><strong><em>Apr\u00e8s de longs mois de silence, l\u2019imam Mahmoud Dicko a refait surface \u00e0 travers une vid\u00e9o largement relay\u00e9e sur les r\u00e9seaux sociaux. Dans cet enregistrement, diffus\u00e9 en bambara et en peulh, la figure religieuse malienne confirme son adh\u00e9sion \u00e0 une coalition r\u00e9cemment constitu\u00e9e et oppos\u00e9e \u00e0 la transition en cours au Mali. Une prise de parole qui intervient \u00e0 un moment particuli\u00e8rement sensible : \u00e0 la veille du sommet des chefs d\u2019\u00c9tat de l\u2019Alliance des \u00c9tats du Sahel (AES).<\/em><\/strong><\/p>\n\n\n\n<p>Dans sa d\u00e9claration, l\u2019imam justifie sa sortie par la volont\u00e9 de r\u00e9pondre \u00e0 des rumeurs persistantes. Selon lui, le mouvement auquel il adh\u00e8re aurait \u00e9t\u00e9 accus\u00e9, \u00e0 tort, de vouloir \u00ab r\u00e9pandre le sang \u00bb et \u00ab semer le d\u00e9sordre \u00bb. Il affirme au contraire que la d\u00e9marche s\u2019inscrit dans une logique pacifique et citoyenne. Toutefois, cette explication peine \u00e0 dissiper toutes les interrogations.<\/p>\n\n\n\n<p>Pour de nombreux observateurs, le choix du timing n\u2019a rien d\u2019anodin. Pourquoi avoir attendu plusieurs mois pour s\u2019exprimer, et surtout pourquoi le faire pr\u00e9cis\u00e9ment \u00e0 la veille d\u2019un sommet strat\u00e9gique r\u00e9unissant les dirigeants de l\u2019AES ? Cette concomitance alimente les analyses sur une possible volont\u00e9 d\u2019influencer l\u2019opinion publique nationale et r\u00e9gionale \u00e0 un moment o\u00f9 les autorit\u00e9s de transition cherchent \u00e0 afficher une unit\u00e9 politique et diplomatique.<\/p>\n\n\n\n<p>Le choix des langues utilis\u00e9es dans la vid\u00e9o suscite \u00e9galement des d\u00e9bats. En s\u2019exprimant en bambara et en peulh, l\u2019imam Dicko s\u2019adresse directement \u00e0 deux communaut\u00e9s linguistiques majeures du pays. Une option qui peut \u00eatre interpr\u00e9t\u00e9e comme une strat\u00e9gie de proximit\u00e9, visant \u00e0 toucher les couches populaires, souvent plus r\u00e9ceptives aux messages en langues nationales. Mais l\u2019absence du songha\u00ef ou du fran\u00e7ais, langue officielle et administrative, soul\u00e8ve des questions sur les publics cibl\u00e9s et les intentions r\u00e9elles de cette communication.<\/p>\n\n\n\n<p>Personnalit\u00e9 centrale du paysage religieux et politique malien, Mahmoud Dicko a, par le pass\u00e9, d\u00e9montr\u00e9 sa capacit\u00e9 \u00e0 mobiliser largement. Son retour m\u00e9diatique, m\u00eame mesur\u00e9, ravive donc les d\u00e9bats sur son r\u00f4le actuel et futur dans la recomposition politique du pays. S\u2019agit-il d\u2019une simple mise au point face \u00e0 des accusations jug\u00e9es infond\u00e9es, ou d\u2019un signal politique soigneusement calibr\u00e9 dans un contexte r\u00e9gional tendu ?<\/p>\n\n\n\n<p>Pour l\u2019heure, aucune r\u00e9ponse claire ne permet de trancher. Mais une chose est certaine : cette sortie relance la pr\u00e9sence de l\u2019imam Dicko dans l\u2019espace politique et replace son nom au c\u0153ur des discussions, \u00e0 un moment o\u00f9 le Mali et ses partenaires de l\u2019AES cherchent \u00e0 consolider leur trajectoire politique et s\u00e9curitaire.<\/p>\n\n\n\n<p>Par Djibrilla Tour\u00e9<\/p>\n","protected":false},"excerpt":{"rendered":"<p>Apr\u00e8s de longs mois de silence, l\u2019imam Mahmoud Dicko a refait surface \u00e0 travers une vid\u00e9o largement relay\u00e9e<\/p>\n","protected":false},"author":3,"featured_media":0,"comment_status":"open","ping_status":"open","sticky":false,"template":"","format":"standard","meta":{"footnotes":""},"categories":[36,9],"tags":[],"class_list":["post-1044","post","type-post","status-publish","format-standard","hentry","category-exclusif","category-politique"],"yoast_head":"<!-- This site is optimized with the Yoast SEO plugin v26.0 - https:\/\/yoast.com\/wordpress\/plugins\/seo\/ -->\n<title>Sortie de l&#039;imam Mahmoud Dicko : Co\u00efncidence ou calcul ? - Actualit\u00e9s Africaines<\/title>\n<meta name=\"robots\" content=\"index, follow, max-snippet:-1, max-image-preview:large, max-video-preview:-1\" \/>\n<link rel=\"canonical\" href=\"https:\/\/www.africascoop.net\/index.php\/2025\/12\/22\/sortie-de-limam-mahmoud-dicko-coincidence-ou-calcul\/\" \/>\n<meta property=\"og:locale\" content=\"fr_FR\" \/>\n<meta property=\"og:type\" content=\"article\" \/>\n<meta property=\"og:title\" content=\"Sortie de l&#039;imam Mahmoud Dicko : Co\u00efncidence ou calcul ? - Actualit\u00e9s Africaines\" \/>\n<meta property=\"og:description\" content=\"Apr\u00e8s de longs mois de silence, l\u2019imam Mahmoud Dicko a refait surface \u00e0 travers une vid\u00e9o largement relay\u00e9e\" \/>\n<meta property=\"og:url\" content=\"https:\/\/www.africascoop.net\/index.php\/2025\/12\/22\/sortie-de-limam-mahmoud-dicko-coincidence-ou-calcul\/\" \/>\n<meta property=\"og:site_name\" content=\"Actualit\u00e9s Africaines\" \/>\n<meta property=\"article:published_time\" content=\"2025-12-22T21:49:33+00:00\" \/>\n<meta property=\"article:modified_time\" content=\"2025-12-22T21:49:38+00:00\" \/>\n<meta property=\"og:image\" content=\"https:\/\/www.africascoop.net\/wp-content\/uploads\/2025\/12\/dicko-1024x576.jpg\" \/>\n<meta name=\"author\" content=\"Africascoop\" \/>\n<meta name=\"twitter:card\" content=\"summary_large_image\" \/>\n<meta name=\"twitter:label1\" content=\"\u00c9crit par\" \/>\n\t<meta name=\"twitter:data1\" content=\"Africascoop\" \/>\n\t<meta name=\"twitter:label2\" content=\"Dur\u00e9e de lecture estim\u00e9e\" \/>\n\t<meta name=\"twitter:data2\" content=\"3 minutes\" \/>\n<script type=\"application\/ld+json\" class=\"yoast-schema-graph\">{\"@context\":\"https:\/\/schema.org\",\"@graph\":[{\"@type\":\"Article\",\"@id\":\"https:\/\/www.africascoop.net\/index.php\/2025\/12\/22\/sortie-de-limam-mahmoud-dicko-coincidence-ou-calcul\/#article\",\"isPartOf\":{\"@id\":\"https:\/\/www.africascoop.net\/index.php\/2025\/12\/22\/sortie-de-limam-mahmoud-dicko-coincidence-ou-calcul\/\"},\"author\":{\"name\":\"Africascoop\",\"@id\":\"https:\/\/www.africascoop.net\/#\/schema\/person\/2cbcc632c110d739d93a6b196c67230a\"},\"headline\":\"Sortie de l&rsquo;imam Mahmoud Dicko : Co\u00efncidence ou calcul ?\",\"datePublished\":\"2025-12-22T21:49:33+00:00\",\"dateModified\":\"2025-12-22T21:49:38+00:00\",\"mainEntityOfPage\":{\"@id\":\"https:\/\/www.africascoop.net\/index.php\/2025\/12\/22\/sortie-de-limam-mahmoud-dicko-coincidence-ou-calcul\/\"},\"wordCount\":464,\"commentCount\":1,\"publisher\":{\"@id\":\"https:\/\/www.africascoop.net\/#organization\"},\"image\":{\"@id\":\"https:\/\/www.africascoop.net\/index.php\/2025\/12\/22\/sortie-de-limam-mahmoud-dicko-coincidence-ou-calcul\/#primaryimage\"},\"thumbnailUrl\":\"https:\/\/www.africascoop.net\/wp-content\/uploads\/2025\/12\/dicko-1024x576.jpg\",\"articleSection\":[\"Exclusif\",\"Politique\"],\"inLanguage\":\"fr-FR\",\"potentialAction\":[{\"@type\":\"CommentAction\",\"name\":\"Comment\",\"target\":[\"https:\/\/www.africascoop.net\/index.php\/2025\/12\/22\/sortie-de-limam-mahmoud-dicko-coincidence-ou-calcul\/#respond\"]}]},{\"@type\":\"WebPage\",\"@id\":\"https:\/\/www.africascoop.net\/index.php\/2025\/12\/22\/sortie-de-limam-mahmoud-dicko-coincidence-ou-calcul\/\",\"url\":\"https:\/\/www.africascoop.net\/index.php\/2025\/12\/22\/sortie-de-limam-mahmoud-dicko-coincidence-ou-calcul\/\",\"name\":\"Sortie de l'imam Mahmoud Dicko : Co\u00efncidence ou calcul ? - Actualit\u00e9s Africaines\",\"isPartOf\":{\"@id\":\"https:\/\/www.africascoop.net\/#website\"},\"primaryImageOfPage\":{\"@id\":\"https:\/\/www.africascoop.net\/index.php\/2025\/12\/22\/sortie-de-limam-mahmoud-dicko-coincidence-ou-calcul\/#primaryimage\"},\"image\":{\"@id\":\"https:\/\/www.africascoop.net\/index.php\/2025\/12\/22\/sortie-de-limam-mahmoud-dicko-coincidence-ou-calcul\/#primaryimage\"},\"thumbnailUrl\":\"https:\/\/www.africascoop.net\/wp-content\/uploads\/2025\/12\/dicko-1024x576.jpg\",\"datePublished\":\"2025-12-22T21:49:33+00:00\",\"dateModified\":\"2025-12-22T21:49:38+00:00\",\"breadcrumb\":{\"@id\":\"https:\/\/www.africascoop.net\/index.php\/2025\/12\/22\/sortie-de-limam-mahmoud-dicko-coincidence-ou-calcul\/#breadcrumb\"},\"inLanguage\":\"fr-FR\",\"potentialAction\":[{\"@type\":\"ReadAction\",\"target\":[\"https:\/\/www.africascoop.net\/index.php\/2025\/12\/22\/sortie-de-limam-mahmoud-dicko-coincidence-ou-calcul\/\"]}]},{\"@type\":\"ImageObject\",\"inLanguage\":\"fr-FR\",\"@id\":\"https:\/\/www.africascoop.net\/index.php\/2025\/12\/22\/sortie-de-limam-mahmoud-dicko-coincidence-ou-calcul\/#primaryimage\",\"url\":\"https:\/\/www.africascoop.net\/wp-content\/uploads\/2025\/12\/dicko.jpg\",\"contentUrl\":\"https:\/\/www.africascoop.net\/wp-content\/uploads\/2025\/12\/dicko.jpg\",\"width\":1366,\"height\":768},{\"@type\":\"BreadcrumbList\",\"@id\":\"https:\/\/www.africascoop.net\/index.php\/2025\/12\/22\/sortie-de-limam-mahmoud-dicko-coincidence-ou-calcul\/#breadcrumb\",\"itemListElement\":[{\"@type\":\"ListItem\",\"position\":1,\"name\":\"Accueil\",\"item\":\"https:\/\/www.africascoop.net\/\"},{\"@type\":\"ListItem\",\"position\":2,\"name\":\"Sortie de l&rsquo;imam Mahmoud Dicko : Co\u00efncidence ou calcul ?\"}]},{\"@type\":\"WebSite\",\"@id\":\"https:\/\/www.africascoop.net\/#website\",\"url\":\"https:\/\/www.africascoop.net\/\",\"name\":\"Actualit\u00e9s Africaines\",\"description\":\"\",\"publisher\":{\"@id\":\"https:\/\/www.africascoop.net\/#organization\"},\"potentialAction\":[{\"@type\":\"SearchAction\",\"target\":{\"@type\":\"EntryPoint\",\"urlTemplate\":\"https:\/\/www.africascoop.net\/?s={search_term_string}\"},\"query-input\":{\"@type\":\"PropertyValueSpecification\",\"valueRequired\":true,\"valueName\":\"search_term_string\"}}],\"inLanguage\":\"fr-FR\"},{\"@type\":\"Organization\",\"@id\":\"https:\/\/www.africascoop.net\/#organization\",\"name\":\"Actualit\u00e9s Africaines\",\"url\":\"https:\/\/www.africascoop.net\/\",\"logo\":{\"@type\":\"ImageObject\",\"inLanguage\":\"fr-FR\",\"@id\":\"https:\/\/www.africascoop.net\/#\/schema\/logo\/image\/\",\"url\":\"https:\/\/www.africascoop.net\/wp-content\/uploads\/2025\/09\/cropped-logo-2.jpg\",\"contentUrl\":\"https:\/\/www.africascoop.net\/wp-content\/uploads\/2025\/09\/cropped-logo-2.jpg\",\"width\":945,\"height\":591,\"caption\":\"Actualit\u00e9s Africaines\"},\"image\":{\"@id\":\"https:\/\/www.africascoop.net\/#\/schema\/logo\/image\/\"}},{\"@type\":\"Person\",\"@id\":\"https:\/\/www.africascoop.net\/#\/schema\/person\/2cbcc632c110d739d93a6b196c67230a\",\"name\":\"Africascoop\",\"image\":{\"@type\":\"ImageObject\",\"inLanguage\":\"fr-FR\",\"@id\":\"https:\/\/www.africascoop.net\/#\/schema\/person\/image\/\",\"url\":\"https:\/\/secure.gravatar.com\/avatar\/230d851f5173f64fe9487b948bd2daf02707ef49aea942bc1bdad649c82025b9?s=96&d=mm&r=g\",\"contentUrl\":\"https:\/\/secure.gravatar.com\/avatar\/230d851f5173f64fe9487b948bd2daf02707ef49aea942bc1bdad649c82025b9?s=96&d=mm&r=g\",\"caption\":\"Africascoop\"},\"url\":\"https:\/\/www.africascoop.net\/index.php\/author\/jul\/\"}]}<\/script>\n<!-- \/ Yoast SEO plugin. -->","yoast_head_json":{"title":"Sortie de l'imam Mahmoud Dicko : Co\u00efncidence ou calcul ? - Actualit\u00e9s Africaines","robots":{"index":"index","follow":"follow","max-snippet":"max-snippet:-1","max-image-preview":"max-image-preview:large","max-video-preview":"max-video-preview:-1"},"canonical":"https:\/\/www.africascoop.net\/index.php\/2025\/12\/22\/sortie-de-limam-mahmoud-dicko-coincidence-ou-calcul\/","og_locale":"fr_FR","og_type":"article","og_title":"Sortie de l'imam Mahmoud Dicko : Co\u00efncidence ou calcul ? - Actualit\u00e9s Africaines","og_description":"Apr\u00e8s de longs mois de silence, l\u2019imam Mahmoud Dicko a refait surface \u00e0 travers une vid\u00e9o largement relay\u00e9e","og_url":"https:\/\/www.africascoop.net\/index.php\/2025\/12\/22\/sortie-de-limam-mahmoud-dicko-coincidence-ou-calcul\/","og_site_name":"Actualit\u00e9s Africaines","article_published_time":"2025-12-22T21:49:33+00:00","article_modified_time":"2025-12-22T21:49:38+00:00","og_image":[{"url":"https:\/\/www.africascoop.net\/wp-content\/uploads\/2025\/12\/dicko-1024x576.jpg","type":"","width":"","height":""}],"author":"Africascoop","twitter_card":"summary_large_image","twitter_misc":{"\u00c9crit par":"Africascoop","Dur\u00e9e de lecture estim\u00e9e":"3 minutes"},"schema":{"@context":"https:\/\/schema.org","@graph":[{"@type":"Article","@id":"https:\/\/www.africascoop.net\/index.php\/2025\/12\/22\/sortie-de-limam-mahmoud-dicko-coincidence-ou-calcul\/#article","isPartOf":{"@id":"https:\/\/www.africascoop.net\/index.php\/2025\/12\/22\/sortie-de-limam-mahmoud-dicko-coincidence-ou-calcul\/"},"author":{"name":"Africascoop","@id":"https:\/\/www.africascoop.net\/#\/schema\/person\/2cbcc632c110d739d93a6b196c67230a"},"headline":"Sortie de l&rsquo;imam Mahmoud Dicko : Co\u00efncidence ou calcul ?","datePublished":"2025-12-22T21:49:33+00:00","dateModified":"2025-12-22T21:49:38+00:00","mainEntityOfPage":{"@id":"https:\/\/www.africascoop.net\/index.php\/2025\/12\/22\/sortie-de-limam-mahmoud-dicko-coincidence-ou-calcul\/"},"wordCount":464,"commentCount":1,"publisher":{"@id":"https:\/\/www.africascoop.net\/#organization"},"image":{"@id":"https:\/\/www.africascoop.net\/index.php\/2025\/12\/22\/sortie-de-limam-mahmoud-dicko-coincidence-ou-calcul\/#primaryimage"},"thumbnailUrl":"https:\/\/www.africascoop.net\/wp-content\/uploads\/2025\/12\/dicko-1024x576.jpg","articleSection":["Exclusif","Politique"],"inLanguage":"fr-FR","potentialAction":[{"@type":"CommentAction","name":"Comment","target":["https:\/\/www.africascoop.net\/index.php\/2025\/12\/22\/sortie-de-limam-mahmoud-dicko-coincidence-ou-calcul\/#respond"]}]},{"@type":"WebPage","@id":"https:\/\/www.africascoop.net\/index.php\/2025\/12\/22\/sortie-de-limam-mahmoud-dicko-coincidence-ou-calcul\/","url":"https:\/\/www.africascoop.net\/index.php\/2025\/12\/22\/sortie-de-limam-mahmoud-dicko-coincidence-ou-calcul\/","name":"Sortie de l'imam Mahmoud Dicko : Co\u00efncidence ou calcul ? - Actualit\u00e9s Africaines","isPartOf":{"@id":"https:\/\/www.africascoop.net\/#website"},"primaryImageOfPage":{"@id":"https:\/\/www.africascoop.net\/index.php\/2025\/12\/22\/sortie-de-limam-mahmoud-dicko-coincidence-ou-calcul\/#primaryimage"},"image":{"@id":"https:\/\/www.africascoop.net\/index.php\/2025\/12\/22\/sortie-de-limam-mahmoud-dicko-coincidence-ou-calcul\/#primaryimage"},"thumbnailUrl":"https:\/\/www.africascoop.net\/wp-content\/uploads\/2025\/12\/dicko-1024x576.jpg","datePublished":"2025-12-22T21:49:33+00:00","dateModified":"2025-12-22T21:49:38+00:00","breadcrumb":{"@id":"https:\/\/www.africascoop.net\/index.php\/2025\/12\/22\/sortie-de-limam-mahmoud-dicko-coincidence-ou-calcul\/#breadcrumb"},"inLanguage":"fr-FR","potentialAction":[{"@type":"ReadAction","target":["https:\/\/www.africascoop.net\/index.php\/2025\/12\/22\/sortie-de-limam-mahmoud-dicko-coincidence-ou-calcul\/"]}]},{"@type":"ImageObject","inLanguage":"fr-FR","@id":"https:\/\/www.africascoop.net\/index.php\/2025\/12\/22\/sortie-de-limam-mahmoud-dicko-coincidence-ou-calcul\/#primaryimage","url":"https:\/\/www.africascoop.net\/wp-content\/uploads\/2025\/12\/dicko.jpg","contentUrl":"https:\/\/www.africascoop.net\/wp-content\/uploads\/2025\/12\/dicko.jpg","width":1366,"height":768},{"@type":"BreadcrumbList","@id":"https:\/\/www.africascoop.net\/index.php\/2025\/12\/22\/sortie-de-limam-mahmoud-dicko-coincidence-ou-calcul\/#breadcrumb","itemListElement":[{"@type":"ListItem","position":1,"name":"Accueil","item":"https:\/\/www.africascoop.net\/"},{"@type":"ListItem","position":2,"name":"Sortie de l&rsquo;imam Mahmoud Dicko : Co\u00efncidence ou calcul ?"}]},{"@type":"WebSite","@id":"https:\/\/www.africascoop.net\/#website","url":"https:\/\/www.africascoop.net\/","name":"Actualit\u00e9s Africaines","description":"","publisher":{"@id":"https:\/\/www.africascoop.net\/#organization"},"potentialAction":[{"@type":"SearchAction","target":{"@type":"EntryPoint","urlTemplate":"https:\/\/www.africascoop.net\/?s={search_term_string}"},"query-input":{"@type":"PropertyValueSpecification","valueRequired":true,"valueName":"search_term_string"}}],"inLanguage":"fr-FR"},{"@type":"Organization","@id":"https:\/\/www.africascoop.net\/#organization","name":"Actualit\u00e9s Africaines","url":"https:\/\/www.africascoop.net\/","logo":{"@type":"ImageObject","inLanguage":"fr-FR","@id":"https:\/\/www.africascoop.net\/#\/schema\/logo\/image\/","url":"https:\/\/www.africascoop.net\/wp-content\/uploads\/2025\/09\/cropped-logo-2.jpg","contentUrl":"https:\/\/www.africascoop.net\/wp-content\/uploads\/2025\/09\/cropped-logo-2.jpg","width":945,"height":591,"caption":"Actualit\u00e9s Africaines"},"image":{"@id":"https:\/\/www.africascoop.net\/#\/schema\/logo\/image\/"}},{"@type":"Person","@id":"https:\/\/www.africascoop.net\/#\/schema\/person\/2cbcc632c110d739d93a6b196c67230a","name":"Africascoop","image":{"@type":"ImageObject","inLanguage":"fr-FR","@id":"https:\/\/www.africascoop.net\/#\/schema\/person\/image\/","url":"https:\/\/secure.gravatar.com\/avatar\/230d851f5173f64fe9487b948bd2daf02707ef49aea942bc1bdad649c82025b9?s=96&d=mm&r=g","contentUrl":"https:\/\/secure.gravatar.com\/avatar\/230d851f5173f64fe9487b948bd2daf02707ef49aea942bc1bdad649c82025b9?s=96&d=mm&r=g","caption":"Africascoop"},"url":"https:\/\/www.africascoop.net\/index.php\/author\/jul\/"}]}},"_links":{"self":[{"href":"https:\/\/www.africascoop.net\/index.php\/wp-json\/wp\/v2\/posts\/1044","targetHints":{"allow":["GET"]}}],"collection":[{"href":"https:\/\/www.africascoop.net\/index.php\/wp-json\/wp\/v2\/posts"}],"about":[{"href":"https:\/\/www.africascoop.net\/index.php\/wp-json\/wp\/v2\/types\/post"}],"author":[{"embeddable":true,"href":"https:\/\/www.africascoop.net\/index.php\/wp-json\/wp\/v2\/users\/3"}],"replies":[{"embeddable":true,"href":"https:\/\/www.africascoop.net\/index.php\/wp-json\/wp\/v2\/comments?post=1044"}],"version-history":[{"count":1,"href":"https:\/\/www.africascoop.net\/index.php\/wp-json\/wp\/v2\/posts\/1044\/revisions"}],"predecessor-version":[{"id":1046,"href":"https:\/\/www.africascoop.net\/index.php\/wp-json\/wp\/v2\/posts\/1044\/revisions\/1046"}],"wp:attachment":[{"href":"https:\/\/www.africascoop.net\/index.php\/wp-json\/wp\/v2\/media?parent=1044"}],"wp:term":[{"taxonomy":"category","embeddable":true,"href":"https:\/\/www.africascoop.net\/index.php\/wp-json\/wp\/v2\/categories?post=1044"},{"taxonomy":"post_tag","embeddable":true,"href":"https:\/\/www.africascoop.net\/index.php\/wp-json\/wp\/v2\/tags?post=1044"}],"curies":[{"name":"wp","href":"https:\/\/api.w.org\/{rel}","templated":true}]}}