{"id":1062,"date":"2025-12-23T20:01:29","date_gmt":"2025-12-23T20:01:29","guid":{"rendered":"https:\/\/www.africascoop.net\/?p=1062"},"modified":"2025-12-23T20:02:12","modified_gmt":"2025-12-23T20:02:12","slug":"espace-aes-le-capitaine-traore-du-burkina-designe-president","status":"publish","type":"post","link":"https:\/\/www.africascoop.net\/index.php\/2025\/12\/23\/espace-aes-le-capitaine-traore-du-burkina-designe-president\/","title":{"rendered":"Espace AES\u00a0: Le capitaine Traor\u00e9 du Burkina d\u00e9sign\u00e9 pr\u00e9sident"},"content":{"rendered":"\n<figure class=\"wp-block-image size-large\"><img loading=\"lazy\" decoding=\"async\" width=\"1024\" height=\"576\" src=\"https:\/\/www.africascoop.net\/wp-content\/uploads\/2025\/12\/ib-presi-1024x576.jpg\" alt=\"\" class=\"wp-image-1063\" srcset=\"https:\/\/www.africascoop.net\/wp-content\/uploads\/2025\/12\/ib-presi-1024x576.jpg 1024w, https:\/\/www.africascoop.net\/wp-content\/uploads\/2025\/12\/ib-presi-300x169.jpg 300w, https:\/\/www.africascoop.net\/wp-content\/uploads\/2025\/12\/ib-presi-768x432.jpg 768w, https:\/\/www.africascoop.net\/wp-content\/uploads\/2025\/12\/ib-presi.jpg 1366w\" sizes=\"auto, (max-width: 1024px) 100vw, 1024px\" \/><\/figure>\n\n\n\n<p>Le capitaine Ibrahim Traor\u00e9 a \u00e9t\u00e9 officiellement d\u00e9sign\u00e9 Pr\u00e9sident de la Conf\u00e9d\u00e9ration des \u00c9tats du Sahel (AES) pour un mandat d\u2019un an, succ\u00e9dant ainsi au G\u00e9n\u00e9ral Assimi Go\u00efta \u00e0 la t\u00eate de la Conf\u00e9rence. <\/p>\n\n\n\n<p>Cette passation marque la continuit\u00e9 de la coop\u00e9ration entre les \u00c9tats membres et la consolidation de l\u2019espace conf\u00e9d\u00e9ral. Traor\u00e9 h\u00e9rite d\u2019un agenda ambitieux, ax\u00e9 sur la s\u00e9curit\u00e9, le d\u00e9veloppement \u00e9conomique et la souverainet\u00e9 r\u00e9gionale. <\/p>\n\n\n\n<p>Sa pr\u00e9sidence intervient dans un contexte de renforcement des institutions de l\u2019AES et de visibilit\u00e9 accrue sur la sc\u00e8ne internationale, avec pour objectif de poursuivre l\u2019unit\u00e9 et la stabilit\u00e9 au sein du Sahel.<\/p>\n\n\n\n<p>Par Djibrilla Toure<\/p>\n","protected":false},"excerpt":{"rendered":"<p>Le capitaine Ibrahim Traor\u00e9 a \u00e9t\u00e9 officiellement d\u00e9sign\u00e9 Pr\u00e9sident de la Conf\u00e9d\u00e9ration des \u00c9tats du Sahel (AES) pour<\/p>\n","protected":false},"author":3,"featured_media":0,"comment_status":"open","ping_status":"open","sticky":false,"template":"","format":"standard","meta":{"footnotes":""},"categories":[6,36],"tags":[],"class_list":["post-1062","post","type-post","status-publish","format-standard","hentry","category-aes","category-exclusif"],"yoast_head":"<!-- This site is optimized with the Yoast SEO plugin v26.0 - https:\/\/yoast.com\/wordpress\/plugins\/seo\/ -->\n<title>Espace AES\u00a0: Le capitaine Traor\u00e9 du Burkina d\u00e9sign\u00e9 pr\u00e9sident - Actualit\u00e9s Africaines<\/title>\n<meta name=\"robots\" content=\"index, follow, max-snippet:-1, max-image-preview:large, max-video-preview:-1\" \/>\n<link rel=\"canonical\" href=\"https:\/\/www.africascoop.net\/index.php\/2025\/12\/23\/espace-aes-le-capitaine-traore-du-burkina-designe-president\/\" \/>\n<meta property=\"og:locale\" content=\"fr_FR\" \/>\n<meta property=\"og:type\" content=\"article\" \/>\n<meta property=\"og:title\" content=\"Espace AES\u00a0: Le capitaine Traor\u00e9 du Burkina d\u00e9sign\u00e9 pr\u00e9sident - Actualit\u00e9s Africaines\" \/>\n<meta property=\"og:description\" content=\"Le capitaine Ibrahim Traor\u00e9 a \u00e9t\u00e9 officiellement d\u00e9sign\u00e9 Pr\u00e9sident de la Conf\u00e9d\u00e9ration des \u00c9tats du Sahel (AES) pour\" \/>\n<meta property=\"og:url\" content=\"https:\/\/www.africascoop.net\/index.php\/2025\/12\/23\/espace-aes-le-capitaine-traore-du-burkina-designe-president\/\" \/>\n<meta property=\"og:site_name\" content=\"Actualit\u00e9s Africaines\" \/>\n<meta property=\"article:published_time\" content=\"2025-12-23T20:01:29+00:00\" \/>\n<meta property=\"article:modified_time\" content=\"2025-12-23T20:02:12+00:00\" \/>\n<meta property=\"og:image\" content=\"https:\/\/www.africascoop.net\/wp-content\/uploads\/2025\/12\/ib-presi-1024x576.jpg\" \/>\n<meta name=\"author\" content=\"Africascoop\" \/>\n<meta name=\"twitter:card\" content=\"summary_large_image\" \/>\n<meta name=\"twitter:label1\" content=\"\u00c9crit par\" \/>\n\t<meta name=\"twitter:data1\" content=\"Africascoop\" \/>\n\t<meta name=\"twitter:label2\" content=\"Dur\u00e9e de lecture estim\u00e9e\" \/>\n\t<meta name=\"twitter:data2\" content=\"1 minute\" \/>\n<script type=\"application\/ld+json\" class=\"yoast-schema-graph\">{\"@context\":\"https:\/\/schema.org\",\"@graph\":[{\"@type\":\"Article\",\"@id\":\"https:\/\/www.africascoop.net\/index.php\/2025\/12\/23\/espace-aes-le-capitaine-traore-du-burkina-designe-president\/#article\",\"isPartOf\":{\"@id\":\"https:\/\/www.africascoop.net\/index.php\/2025\/12\/23\/espace-aes-le-capitaine-traore-du-burkina-designe-president\/\"},\"author\":{\"name\":\"Africascoop\",\"@id\":\"https:\/\/www.africascoop.net\/#\/schema\/person\/2cbcc632c110d739d93a6b196c67230a\"},\"headline\":\"Espace AES\u00a0: Le capitaine Traor\u00e9 du Burkina d\u00e9sign\u00e9 pr\u00e9sident\",\"datePublished\":\"2025-12-23T20:01:29+00:00\",\"dateModified\":\"2025-12-23T20:02:12+00:00\",\"mainEntityOfPage\":{\"@id\":\"https:\/\/www.africascoop.net\/index.php\/2025\/12\/23\/espace-aes-le-capitaine-traore-du-burkina-designe-president\/\"},\"wordCount\":138,\"commentCount\":0,\"publisher\":{\"@id\":\"https:\/\/www.africascoop.net\/#organization\"},\"image\":{\"@id\":\"https:\/\/www.africascoop.net\/index.php\/2025\/12\/23\/espace-aes-le-capitaine-traore-du-burkina-designe-president\/#primaryimage\"},\"thumbnailUrl\":\"https:\/\/www.africascoop.net\/wp-content\/uploads\/2025\/12\/ib-presi-1024x576.jpg\",\"articleSection\":[\"Actualit\u00e9s AES\",\"Exclusif\"],\"inLanguage\":\"fr-FR\",\"potentialAction\":[{\"@type\":\"CommentAction\",\"name\":\"Comment\",\"target\":[\"https:\/\/www.africascoop.net\/index.php\/2025\/12\/23\/espace-aes-le-capitaine-traore-du-burkina-designe-president\/#respond\"]}]},{\"@type\":\"WebPage\",\"@id\":\"https:\/\/www.africascoop.net\/index.php\/2025\/12\/23\/espace-aes-le-capitaine-traore-du-burkina-designe-president\/\",\"url\":\"https:\/\/www.africascoop.net\/index.php\/2025\/12\/23\/espace-aes-le-capitaine-traore-du-burkina-designe-president\/\",\"name\":\"Espace AES\u00a0: Le capitaine Traor\u00e9 du Burkina d\u00e9sign\u00e9 pr\u00e9sident - Actualit\u00e9s Africaines\",\"isPartOf\":{\"@id\":\"https:\/\/www.africascoop.net\/#website\"},\"primaryImageOfPage\":{\"@id\":\"https:\/\/www.africascoop.net\/index.php\/2025\/12\/23\/espace-aes-le-capitaine-traore-du-burkina-designe-president\/#primaryimage\"},\"image\":{\"@id\":\"https:\/\/www.africascoop.net\/index.php\/2025\/12\/23\/espace-aes-le-capitaine-traore-du-burkina-designe-president\/#primaryimage\"},\"thumbnailUrl\":\"https:\/\/www.africascoop.net\/wp-content\/uploads\/2025\/12\/ib-presi-1024x576.jpg\",\"datePublished\":\"2025-12-23T20:01:29+00:00\",\"dateModified\":\"2025-12-23T20:02:12+00:00\",\"breadcrumb\":{\"@id\":\"https:\/\/www.africascoop.net\/index.php\/2025\/12\/23\/espace-aes-le-capitaine-traore-du-burkina-designe-president\/#breadcrumb\"},\"inLanguage\":\"fr-FR\",\"potentialAction\":[{\"@type\":\"ReadAction\",\"target\":[\"https:\/\/www.africascoop.net\/index.php\/2025\/12\/23\/espace-aes-le-capitaine-traore-du-burkina-designe-president\/\"]}]},{\"@type\":\"ImageObject\",\"inLanguage\":\"fr-FR\",\"@id\":\"https:\/\/www.africascoop.net\/index.php\/2025\/12\/23\/espace-aes-le-capitaine-traore-du-burkina-designe-president\/#primaryimage\",\"url\":\"https:\/\/www.africascoop.net\/wp-content\/uploads\/2025\/12\/ib-presi.jpg\",\"contentUrl\":\"https:\/\/www.africascoop.net\/wp-content\/uploads\/2025\/12\/ib-presi.jpg\",\"width\":1366,\"height\":768},{\"@type\":\"BreadcrumbList\",\"@id\":\"https:\/\/www.africascoop.net\/index.php\/2025\/12\/23\/espace-aes-le-capitaine-traore-du-burkina-designe-president\/#breadcrumb\",\"itemListElement\":[{\"@type\":\"ListItem\",\"position\":1,\"name\":\"Accueil\",\"item\":\"https:\/\/www.africascoop.net\/\"},{\"@type\":\"ListItem\",\"position\":2,\"name\":\"Espace AES\u00a0: Le capitaine Traor\u00e9 du Burkina d\u00e9sign\u00e9 pr\u00e9sident\"}]},{\"@type\":\"WebSite\",\"@id\":\"https:\/\/www.africascoop.net\/#website\",\"url\":\"https:\/\/www.africascoop.net\/\",\"name\":\"Actualit\u00e9s Africaines\",\"description\":\"\",\"publisher\":{\"@id\":\"https:\/\/www.africascoop.net\/#organization\"},\"potentialAction\":[{\"@type\":\"SearchAction\",\"target\":{\"@type\":\"EntryPoint\",\"urlTemplate\":\"https:\/\/www.africascoop.net\/?s={search_term_string}\"},\"query-input\":{\"@type\":\"PropertyValueSpecification\",\"valueRequired\":true,\"valueName\":\"search_term_string\"}}],\"inLanguage\":\"fr-FR\"},{\"@type\":\"Organization\",\"@id\":\"https:\/\/www.africascoop.net\/#organization\",\"name\":\"Actualit\u00e9s Africaines\",\"url\":\"https:\/\/www.africascoop.net\/\",\"logo\":{\"@type\":\"ImageObject\",\"inLanguage\":\"fr-FR\",\"@id\":\"https:\/\/www.africascoop.net\/#\/schema\/logo\/image\/\",\"url\":\"https:\/\/www.africascoop.net\/wp-content\/uploads\/2025\/09\/cropped-logo-2.jpg\",\"contentUrl\":\"https:\/\/www.africascoop.net\/wp-content\/uploads\/2025\/09\/cropped-logo-2.jpg\",\"width\":945,\"height\":591,\"caption\":\"Actualit\u00e9s Africaines\"},\"image\":{\"@id\":\"https:\/\/www.africascoop.net\/#\/schema\/logo\/image\/\"}},{\"@type\":\"Person\",\"@id\":\"https:\/\/www.africascoop.net\/#\/schema\/person\/2cbcc632c110d739d93a6b196c67230a\",\"name\":\"Africascoop\",\"image\":{\"@type\":\"ImageObject\",\"inLanguage\":\"fr-FR\",\"@id\":\"https:\/\/www.africascoop.net\/#\/schema\/person\/image\/\",\"url\":\"https:\/\/secure.gravatar.com\/avatar\/230d851f5173f64fe9487b948bd2daf02707ef49aea942bc1bdad649c82025b9?s=96&d=mm&r=g\",\"contentUrl\":\"https:\/\/secure.gravatar.com\/avatar\/230d851f5173f64fe9487b948bd2daf02707ef49aea942bc1bdad649c82025b9?s=96&d=mm&r=g\",\"caption\":\"Africascoop\"},\"url\":\"https:\/\/www.africascoop.net\/index.php\/author\/jul\/\"}]}<\/script>\n<!-- \/ Yoast SEO plugin. -->","yoast_head_json":{"title":"Espace AES\u00a0: Le capitaine Traor\u00e9 du Burkina d\u00e9sign\u00e9 pr\u00e9sident - Actualit\u00e9s Africaines","robots":{"index":"index","follow":"follow","max-snippet":"max-snippet:-1","max-image-preview":"max-image-preview:large","max-video-preview":"max-video-preview:-1"},"canonical":"https:\/\/www.africascoop.net\/index.php\/2025\/12\/23\/espace-aes-le-capitaine-traore-du-burkina-designe-president\/","og_locale":"fr_FR","og_type":"article","og_title":"Espace AES\u00a0: Le capitaine Traor\u00e9 du Burkina d\u00e9sign\u00e9 pr\u00e9sident - Actualit\u00e9s Africaines","og_description":"Le capitaine Ibrahim Traor\u00e9 a \u00e9t\u00e9 officiellement d\u00e9sign\u00e9 Pr\u00e9sident de la Conf\u00e9d\u00e9ration des \u00c9tats du Sahel (AES) pour","og_url":"https:\/\/www.africascoop.net\/index.php\/2025\/12\/23\/espace-aes-le-capitaine-traore-du-burkina-designe-president\/","og_site_name":"Actualit\u00e9s Africaines","article_published_time":"2025-12-23T20:01:29+00:00","article_modified_time":"2025-12-23T20:02:12+00:00","og_image":[{"url":"https:\/\/www.africascoop.net\/wp-content\/uploads\/2025\/12\/ib-presi-1024x576.jpg","type":"","width":"","height":""}],"author":"Africascoop","twitter_card":"summary_large_image","twitter_misc":{"\u00c9crit par":"Africascoop","Dur\u00e9e de lecture estim\u00e9e":"1 minute"},"schema":{"@context":"https:\/\/schema.org","@graph":[{"@type":"Article","@id":"https:\/\/www.africascoop.net\/index.php\/2025\/12\/23\/espace-aes-le-capitaine-traore-du-burkina-designe-president\/#article","isPartOf":{"@id":"https:\/\/www.africascoop.net\/index.php\/2025\/12\/23\/espace-aes-le-capitaine-traore-du-burkina-designe-president\/"},"author":{"name":"Africascoop","@id":"https:\/\/www.africascoop.net\/#\/schema\/person\/2cbcc632c110d739d93a6b196c67230a"},"headline":"Espace AES\u00a0: Le capitaine Traor\u00e9 du Burkina d\u00e9sign\u00e9 pr\u00e9sident","datePublished":"2025-12-23T20:01:29+00:00","dateModified":"2025-12-23T20:02:12+00:00","mainEntityOfPage":{"@id":"https:\/\/www.africascoop.net\/index.php\/2025\/12\/23\/espace-aes-le-capitaine-traore-du-burkina-designe-president\/"},"wordCount":138,"commentCount":0,"publisher":{"@id":"https:\/\/www.africascoop.net\/#organization"},"image":{"@id":"https:\/\/www.africascoop.net\/index.php\/2025\/12\/23\/espace-aes-le-capitaine-traore-du-burkina-designe-president\/#primaryimage"},"thumbnailUrl":"https:\/\/www.africascoop.net\/wp-content\/uploads\/2025\/12\/ib-presi-1024x576.jpg","articleSection":["Actualit\u00e9s AES","Exclusif"],"inLanguage":"fr-FR","potentialAction":[{"@type":"CommentAction","name":"Comment","target":["https:\/\/www.africascoop.net\/index.php\/2025\/12\/23\/espace-aes-le-capitaine-traore-du-burkina-designe-president\/#respond"]}]},{"@type":"WebPage","@id":"https:\/\/www.africascoop.net\/index.php\/2025\/12\/23\/espace-aes-le-capitaine-traore-du-burkina-designe-president\/","url":"https:\/\/www.africascoop.net\/index.php\/2025\/12\/23\/espace-aes-le-capitaine-traore-du-burkina-designe-president\/","name":"Espace AES\u00a0: Le capitaine Traor\u00e9 du Burkina d\u00e9sign\u00e9 pr\u00e9sident - Actualit\u00e9s Africaines","isPartOf":{"@id":"https:\/\/www.africascoop.net\/#website"},"primaryImageOfPage":{"@id":"https:\/\/www.africascoop.net\/index.php\/2025\/12\/23\/espace-aes-le-capitaine-traore-du-burkina-designe-president\/#primaryimage"},"image":{"@id":"https:\/\/www.africascoop.net\/index.php\/2025\/12\/23\/espace-aes-le-capitaine-traore-du-burkina-designe-president\/#primaryimage"},"thumbnailUrl":"https:\/\/www.africascoop.net\/wp-content\/uploads\/2025\/12\/ib-presi-1024x576.jpg","datePublished":"2025-12-23T20:01:29+00:00","dateModified":"2025-12-23T20:02:12+00:00","breadcrumb":{"@id":"https:\/\/www.africascoop.net\/index.php\/2025\/12\/23\/espace-aes-le-capitaine-traore-du-burkina-designe-president\/#breadcrumb"},"inLanguage":"fr-FR","potentialAction":[{"@type":"ReadAction","target":["https:\/\/www.africascoop.net\/index.php\/2025\/12\/23\/espace-aes-le-capitaine-traore-du-burkina-designe-president\/"]}]},{"@type":"ImageObject","inLanguage":"fr-FR","@id":"https:\/\/www.africascoop.net\/index.php\/2025\/12\/23\/espace-aes-le-capitaine-traore-du-burkina-designe-president\/#primaryimage","url":"https:\/\/www.africascoop.net\/wp-content\/uploads\/2025\/12\/ib-presi.jpg","contentUrl":"https:\/\/www.africascoop.net\/wp-content\/uploads\/2025\/12\/ib-presi.jpg","width":1366,"height":768},{"@type":"BreadcrumbList","@id":"https:\/\/www.africascoop.net\/index.php\/2025\/12\/23\/espace-aes-le-capitaine-traore-du-burkina-designe-president\/#breadcrumb","itemListElement":[{"@type":"ListItem","position":1,"name":"Accueil","item":"https:\/\/www.africascoop.net\/"},{"@type":"ListItem","position":2,"name":"Espace AES\u00a0: Le capitaine Traor\u00e9 du Burkina d\u00e9sign\u00e9 pr\u00e9sident"}]},{"@type":"WebSite","@id":"https:\/\/www.africascoop.net\/#website","url":"https:\/\/www.africascoop.net\/","name":"Actualit\u00e9s Africaines","description":"","publisher":{"@id":"https:\/\/www.africascoop.net\/#organization"},"potentialAction":[{"@type":"SearchAction","target":{"@type":"EntryPoint","urlTemplate":"https:\/\/www.africascoop.net\/?s={search_term_string}"},"query-input":{"@type":"PropertyValueSpecification","valueRequired":true,"valueName":"search_term_string"}}],"inLanguage":"fr-FR"},{"@type":"Organization","@id":"https:\/\/www.africascoop.net\/#organization","name":"Actualit\u00e9s Africaines","url":"https:\/\/www.africascoop.net\/","logo":{"@type":"ImageObject","inLanguage":"fr-FR","@id":"https:\/\/www.africascoop.net\/#\/schema\/logo\/image\/","url":"https:\/\/www.africascoop.net\/wp-content\/uploads\/2025\/09\/cropped-logo-2.jpg","contentUrl":"https:\/\/www.africascoop.net\/wp-content\/uploads\/2025\/09\/cropped-logo-2.jpg","width":945,"height":591,"caption":"Actualit\u00e9s Africaines"},"image":{"@id":"https:\/\/www.africascoop.net\/#\/schema\/logo\/image\/"}},{"@type":"Person","@id":"https:\/\/www.africascoop.net\/#\/schema\/person\/2cbcc632c110d739d93a6b196c67230a","name":"Africascoop","image":{"@type":"ImageObject","inLanguage":"fr-FR","@id":"https:\/\/www.africascoop.net\/#\/schema\/person\/image\/","url":"https:\/\/secure.gravatar.com\/avatar\/230d851f5173f64fe9487b948bd2daf02707ef49aea942bc1bdad649c82025b9?s=96&d=mm&r=g","contentUrl":"https:\/\/secure.gravatar.com\/avatar\/230d851f5173f64fe9487b948bd2daf02707ef49aea942bc1bdad649c82025b9?s=96&d=mm&r=g","caption":"Africascoop"},"url":"https:\/\/www.africascoop.net\/index.php\/author\/jul\/"}]}},"_links":{"self":[{"href":"https:\/\/www.africascoop.net\/index.php\/wp-json\/wp\/v2\/posts\/1062","targetHints":{"allow":["GET"]}}],"collection":[{"href":"https:\/\/www.africascoop.net\/index.php\/wp-json\/wp\/v2\/posts"}],"about":[{"href":"https:\/\/www.africascoop.net\/index.php\/wp-json\/wp\/v2\/types\/post"}],"author":[{"embeddable":true,"href":"https:\/\/www.africascoop.net\/index.php\/wp-json\/wp\/v2\/users\/3"}],"replies":[{"embeddable":true,"href":"https:\/\/www.africascoop.net\/index.php\/wp-json\/wp\/v2\/comments?post=1062"}],"version-history":[{"count":2,"href":"https:\/\/www.africascoop.net\/index.php\/wp-json\/wp\/v2\/posts\/1062\/revisions"}],"predecessor-version":[{"id":1065,"href":"https:\/\/www.africascoop.net\/index.php\/wp-json\/wp\/v2\/posts\/1062\/revisions\/1065"}],"wp:attachment":[{"href":"https:\/\/www.africascoop.net\/index.php\/wp-json\/wp\/v2\/media?parent=1062"}],"wp:term":[{"taxonomy":"category","embeddable":true,"href":"https:\/\/www.africascoop.net\/index.php\/wp-json\/wp\/v2\/categories?post=1062"},{"taxonomy":"post_tag","embeddable":true,"href":"https:\/\/www.africascoop.net\/index.php\/wp-json\/wp\/v2\/tags?post=1062"}],"curies":[{"name":"wp","href":"https:\/\/api.w.org\/{rel}","templated":true}]}}