{"id":1072,"date":"2025-12-25T17:12:35","date_gmt":"2025-12-25T17:12:35","guid":{"rendered":"https:\/\/www.africascoop.net\/?p=1072"},"modified":"2025-12-25T17:12:40","modified_gmt":"2025-12-25T17:12:40","slug":"onef-plus-de-165-milliard-fcfa-pour-renforcer-lemploi-et-la-formation-en-2026","status":"publish","type":"post","link":"https:\/\/www.africascoop.net\/index.php\/2025\/12\/25\/onef-plus-de-165-milliard-fcfa-pour-renforcer-lemploi-et-la-formation-en-2026\/","title":{"rendered":"ONEF : plus de 1,65 milliard FCFA pour renforcer l\u2019emploi et la formation en 2026"},"content":{"rendered":"\n<figure class=\"wp-block-image size-large\"><img loading=\"lazy\" decoding=\"async\" width=\"1024\" height=\"576\" src=\"https:\/\/www.africascoop.net\/wp-content\/uploads\/2025\/12\/emploi-1024x576.jpg\" alt=\"\" class=\"wp-image-1073\" srcset=\"https:\/\/www.africascoop.net\/wp-content\/uploads\/2025\/12\/emploi-1024x576.jpg 1024w, https:\/\/www.africascoop.net\/wp-content\/uploads\/2025\/12\/emploi-300x169.jpg 300w, https:\/\/www.africascoop.net\/wp-content\/uploads\/2025\/12\/emploi-768x432.jpg 768w, https:\/\/www.africascoop.net\/wp-content\/uploads\/2025\/12\/emploi.jpg 1366w\" sizes=\"auto, (max-width: 1024px) 100vw, 1024px\" \/><\/figure>\n\n\n\n<p>L\u2019Observatoire National de l\u2019Emploi et de la Formation (ONEF) a tenu, ce mardi 24 d\u00e9cembre 2025 \u00e0 Bacodjicoroni, la 16\u1d49 session ordinaire de son Conseil d\u2019administration, sous la pr\u00e9sidence de Mme Dicko Fatoumata Abdourahamane, repr\u00e9sentante de la ministre de l\u2019Entrepreneuriat national, de l\u2019Emploi et de la Formation professionnelle. La rencontre s\u2019est d\u00e9roul\u00e9e autour du th\u00e8me : \u00ab Mali Kura : ne taasira ka ben 2063 ma \u00bb.<\/p>\n\n\n\n<p>Moment cl\u00e9 de cette session, l\u2019examen et l\u2019adoption du budget pr\u00e9visionnel 2026, estim\u00e9 \u00e0 1 652 739 000 francs CFA, ont retenu une attention particuli\u00e8re des administrateurs. Ce budget enregistre une l\u00e9g\u00e8re hausse de 0,11 % par rapport \u00e0 l\u2019exercice 2025, traduisant la volont\u00e9 des autorit\u00e9s de consolider les actions de l\u2019ONEF en mati\u00e8re de production de donn\u00e9es, d\u2019analyse du march\u00e9 du travail et d\u2019orientation des politiques publiques de l\u2019emploi.<\/p>\n\n\n\n<p>Selon Mme Dicko Fatoumata Abdourahamane, les ressources n\u00e9cessaires \u00e0 la mise en \u0153uvre du programme d\u2019activit\u00e9s 2026 seront mobilis\u00e9es aupr\u00e8s de l\u2019\u00c9tat malien, mais \u00e9galement gr\u00e2ce \u00e0 l\u2019appui des partenaires techniques et financiers. \u00ab Il s\u2019agit notamment de l\u2019Organisation internationale du Travail (OIT), du Fonds international de d\u00e9veloppement agricole (FIDA) \u00e0 travers le Projet FIER, du Programme des Nations unies pour le d\u00e9veloppement (PNUD), ainsi que des recettes issues des prestations de l\u2019ONEF \u00bb, a-t-elle pr\u00e9cis\u00e9.<\/p>\n\n\n\n<p>Avant de se projeter vers 2026, le Conseil d\u2019administration a dress\u00e9 le bilan de l\u2019ann\u00e9e 2025. Les r\u00e9sultats pr\u00e9sent\u00e9s font \u00e9tat d\u2019un taux de r\u00e9alisation des activit\u00e9s de 77 % et d\u2019un taux d\u2019ex\u00e9cution financi\u00e8re de 97,7 %, pour un niveau de mobilisation de 55,8 % du budget pr\u00e9visionnel. Des performances jug\u00e9es encourageantes au regard du contexte national.<\/p>\n\n\n\n<p>Pour le directeur g\u00e9n\u00e9ral de l\u2019ONEF, Aboubacar Diallo, ce budget 2026 permettra de renforcer les actions strat\u00e9giques de l\u2019Observatoire. Il a notamment \u00e9voqu\u00e9 la poursuite des \u00e9tudes sur la qualit\u00e9 des statistiques produites par l\u2019ONEF, ainsi que les enqu\u00eates men\u00e9es dans les entreprises formelles afin d\u2019identifier les besoins r\u00e9els en formation et en main-d\u2019\u0153uvre.<\/p>\n\n\n\n<p>\u00ab L\u2019objectif est de mieux pr\u00e9parer les \u00e9tudiants et les apprenants aux exigences du march\u00e9 du travail \u00bb, a-t-il indiqu\u00e9, rappelant \u00e9galement la collaboration avec l\u2019Institut national de la statistique (INSTAT) pour l\u2019analyse globale de la situation de l\u2019emploi des jeunes au Mali.<\/p>\n\n\n\n<p>\u00c0 travers l\u2019adoption de ce budget pr\u00e9visionnel 2026, l\u2019ONEF entend ainsi renforcer son r\u00f4le d\u2019outil d\u2019aide \u00e0 la d\u00e9cision pour l\u2019\u00c9tat et ses partenaires, dans la perspective d\u2019un d\u00e9veloppement inclusif et durable du march\u00e9 de l\u2019emploi au Mali.<\/p>\n\n\n\n<p>Par Mariam Kouyat\u00e9<\/p>\n","protected":false},"excerpt":{"rendered":"<p>L\u2019Observatoire National de l\u2019Emploi et de la Formation (ONEF) a tenu, ce mardi 24 d\u00e9cembre 2025 \u00e0 Bacodjicoroni,<\/p>\n","protected":false},"author":3,"featured_media":0,"comment_status":"open","ping_status":"open","sticky":false,"template":"","format":"standard","meta":{"footnotes":""},"categories":[13,36],"tags":[],"class_list":["post-1072","post","type-post","status-publish","format-standard","hentry","category-education-et-culture","category-exclusif"],"yoast_head":"<!-- This site is optimized with the Yoast SEO plugin v26.0 - https:\/\/yoast.com\/wordpress\/plugins\/seo\/ -->\n<title>ONEF : plus de 1,65 milliard FCFA pour renforcer l\u2019emploi et la formation en 2026 - Actualit\u00e9s Africaines<\/title>\n<meta name=\"robots\" content=\"index, follow, max-snippet:-1, max-image-preview:large, max-video-preview:-1\" \/>\n<link rel=\"canonical\" href=\"https:\/\/www.africascoop.net\/index.php\/2025\/12\/25\/onef-plus-de-165-milliard-fcfa-pour-renforcer-lemploi-et-la-formation-en-2026\/\" \/>\n<meta property=\"og:locale\" content=\"fr_FR\" \/>\n<meta property=\"og:type\" content=\"article\" \/>\n<meta property=\"og:title\" content=\"ONEF : plus de 1,65 milliard FCFA pour renforcer l\u2019emploi et la formation en 2026 - Actualit\u00e9s Africaines\" \/>\n<meta property=\"og:description\" content=\"L\u2019Observatoire National de l\u2019Emploi et de la Formation (ONEF) a tenu, ce mardi 24 d\u00e9cembre 2025 \u00e0 Bacodjicoroni,\" \/>\n<meta property=\"og:url\" content=\"https:\/\/www.africascoop.net\/index.php\/2025\/12\/25\/onef-plus-de-165-milliard-fcfa-pour-renforcer-lemploi-et-la-formation-en-2026\/\" \/>\n<meta property=\"og:site_name\" content=\"Actualit\u00e9s Africaines\" \/>\n<meta property=\"article:published_time\" content=\"2025-12-25T17:12:35+00:00\" \/>\n<meta property=\"article:modified_time\" content=\"2025-12-25T17:12:40+00:00\" \/>\n<meta property=\"og:image\" content=\"https:\/\/www.africascoop.net\/wp-content\/uploads\/2025\/12\/emploi-1024x576.jpg\" \/>\n<meta name=\"author\" content=\"Africascoop\" \/>\n<meta name=\"twitter:card\" content=\"summary_large_image\" \/>\n<meta name=\"twitter:label1\" content=\"\u00c9crit par\" \/>\n\t<meta name=\"twitter:data1\" content=\"Africascoop\" \/>\n\t<meta name=\"twitter:label2\" content=\"Dur\u00e9e de lecture estim\u00e9e\" \/>\n\t<meta name=\"twitter:data2\" content=\"3 minutes\" \/>\n<script type=\"application\/ld+json\" class=\"yoast-schema-graph\">{\"@context\":\"https:\/\/schema.org\",\"@graph\":[{\"@type\":\"Article\",\"@id\":\"https:\/\/www.africascoop.net\/index.php\/2025\/12\/25\/onef-plus-de-165-milliard-fcfa-pour-renforcer-lemploi-et-la-formation-en-2026\/#article\",\"isPartOf\":{\"@id\":\"https:\/\/www.africascoop.net\/index.php\/2025\/12\/25\/onef-plus-de-165-milliard-fcfa-pour-renforcer-lemploi-et-la-formation-en-2026\/\"},\"author\":{\"name\":\"Africascoop\",\"@id\":\"https:\/\/www.africascoop.net\/#\/schema\/person\/2cbcc632c110d739d93a6b196c67230a\"},\"headline\":\"ONEF : plus de 1,65 milliard FCFA pour renforcer l\u2019emploi et la formation en 2026\",\"datePublished\":\"2025-12-25T17:12:35+00:00\",\"dateModified\":\"2025-12-25T17:12:40+00:00\",\"mainEntityOfPage\":{\"@id\":\"https:\/\/www.africascoop.net\/index.php\/2025\/12\/25\/onef-plus-de-165-milliard-fcfa-pour-renforcer-lemploi-et-la-formation-en-2026\/\"},\"wordCount\":465,\"commentCount\":0,\"publisher\":{\"@id\":\"https:\/\/www.africascoop.net\/#organization\"},\"image\":{\"@id\":\"https:\/\/www.africascoop.net\/index.php\/2025\/12\/25\/onef-plus-de-165-milliard-fcfa-pour-renforcer-lemploi-et-la-formation-en-2026\/#primaryimage\"},\"thumbnailUrl\":\"https:\/\/www.africascoop.net\/wp-content\/uploads\/2025\/12\/emploi-1024x576.jpg\",\"articleSection\":[\"\u00c9ducation et culture\",\"Exclusif\"],\"inLanguage\":\"fr-FR\",\"potentialAction\":[{\"@type\":\"CommentAction\",\"name\":\"Comment\",\"target\":[\"https:\/\/www.africascoop.net\/index.php\/2025\/12\/25\/onef-plus-de-165-milliard-fcfa-pour-renforcer-lemploi-et-la-formation-en-2026\/#respond\"]}]},{\"@type\":\"WebPage\",\"@id\":\"https:\/\/www.africascoop.net\/index.php\/2025\/12\/25\/onef-plus-de-165-milliard-fcfa-pour-renforcer-lemploi-et-la-formation-en-2026\/\",\"url\":\"https:\/\/www.africascoop.net\/index.php\/2025\/12\/25\/onef-plus-de-165-milliard-fcfa-pour-renforcer-lemploi-et-la-formation-en-2026\/\",\"name\":\"ONEF : plus de 1,65 milliard FCFA pour renforcer l\u2019emploi et la formation en 2026 - Actualit\u00e9s Africaines\",\"isPartOf\":{\"@id\":\"https:\/\/www.africascoop.net\/#website\"},\"primaryImageOfPage\":{\"@id\":\"https:\/\/www.africascoop.net\/index.php\/2025\/12\/25\/onef-plus-de-165-milliard-fcfa-pour-renforcer-lemploi-et-la-formation-en-2026\/#primaryimage\"},\"image\":{\"@id\":\"https:\/\/www.africascoop.net\/index.php\/2025\/12\/25\/onef-plus-de-165-milliard-fcfa-pour-renforcer-lemploi-et-la-formation-en-2026\/#primaryimage\"},\"thumbnailUrl\":\"https:\/\/www.africascoop.net\/wp-content\/uploads\/2025\/12\/emploi-1024x576.jpg\",\"datePublished\":\"2025-12-25T17:12:35+00:00\",\"dateModified\":\"2025-12-25T17:12:40+00:00\",\"breadcrumb\":{\"@id\":\"https:\/\/www.africascoop.net\/index.php\/2025\/12\/25\/onef-plus-de-165-milliard-fcfa-pour-renforcer-lemploi-et-la-formation-en-2026\/#breadcrumb\"},\"inLanguage\":\"fr-FR\",\"potentialAction\":[{\"@type\":\"ReadAction\",\"target\":[\"https:\/\/www.africascoop.net\/index.php\/2025\/12\/25\/onef-plus-de-165-milliard-fcfa-pour-renforcer-lemploi-et-la-formation-en-2026\/\"]}]},{\"@type\":\"ImageObject\",\"inLanguage\":\"fr-FR\",\"@id\":\"https:\/\/www.africascoop.net\/index.php\/2025\/12\/25\/onef-plus-de-165-milliard-fcfa-pour-renforcer-lemploi-et-la-formation-en-2026\/#primaryimage\",\"url\":\"https:\/\/www.africascoop.net\/wp-content\/uploads\/2025\/12\/emploi.jpg\",\"contentUrl\":\"https:\/\/www.africascoop.net\/wp-content\/uploads\/2025\/12\/emploi.jpg\",\"width\":1366,\"height\":768},{\"@type\":\"BreadcrumbList\",\"@id\":\"https:\/\/www.africascoop.net\/index.php\/2025\/12\/25\/onef-plus-de-165-milliard-fcfa-pour-renforcer-lemploi-et-la-formation-en-2026\/#breadcrumb\",\"itemListElement\":[{\"@type\":\"ListItem\",\"position\":1,\"name\":\"Accueil\",\"item\":\"https:\/\/www.africascoop.net\/\"},{\"@type\":\"ListItem\",\"position\":2,\"name\":\"ONEF : plus de 1,65 milliard FCFA pour renforcer l\u2019emploi et la formation en 2026\"}]},{\"@type\":\"WebSite\",\"@id\":\"https:\/\/www.africascoop.net\/#website\",\"url\":\"https:\/\/www.africascoop.net\/\",\"name\":\"Actualit\u00e9s Africaines\",\"description\":\"\",\"publisher\":{\"@id\":\"https:\/\/www.africascoop.net\/#organization\"},\"potentialAction\":[{\"@type\":\"SearchAction\",\"target\":{\"@type\":\"EntryPoint\",\"urlTemplate\":\"https:\/\/www.africascoop.net\/?s={search_term_string}\"},\"query-input\":{\"@type\":\"PropertyValueSpecification\",\"valueRequired\":true,\"valueName\":\"search_term_string\"}}],\"inLanguage\":\"fr-FR\"},{\"@type\":\"Organization\",\"@id\":\"https:\/\/www.africascoop.net\/#organization\",\"name\":\"Actualit\u00e9s Africaines\",\"url\":\"https:\/\/www.africascoop.net\/\",\"logo\":{\"@type\":\"ImageObject\",\"inLanguage\":\"fr-FR\",\"@id\":\"https:\/\/www.africascoop.net\/#\/schema\/logo\/image\/\",\"url\":\"https:\/\/www.africascoop.net\/wp-content\/uploads\/2025\/09\/cropped-logo-2.jpg\",\"contentUrl\":\"https:\/\/www.africascoop.net\/wp-content\/uploads\/2025\/09\/cropped-logo-2.jpg\",\"width\":945,\"height\":591,\"caption\":\"Actualit\u00e9s Africaines\"},\"image\":{\"@id\":\"https:\/\/www.africascoop.net\/#\/schema\/logo\/image\/\"}},{\"@type\":\"Person\",\"@id\":\"https:\/\/www.africascoop.net\/#\/schema\/person\/2cbcc632c110d739d93a6b196c67230a\",\"name\":\"Africascoop\",\"image\":{\"@type\":\"ImageObject\",\"inLanguage\":\"fr-FR\",\"@id\":\"https:\/\/www.africascoop.net\/#\/schema\/person\/image\/\",\"url\":\"https:\/\/secure.gravatar.com\/avatar\/230d851f5173f64fe9487b948bd2daf02707ef49aea942bc1bdad649c82025b9?s=96&d=mm&r=g\",\"contentUrl\":\"https:\/\/secure.gravatar.com\/avatar\/230d851f5173f64fe9487b948bd2daf02707ef49aea942bc1bdad649c82025b9?s=96&d=mm&r=g\",\"caption\":\"Africascoop\"},\"url\":\"https:\/\/www.africascoop.net\/index.php\/author\/jul\/\"}]}<\/script>\n<!-- \/ Yoast SEO plugin. -->","yoast_head_json":{"title":"ONEF : plus de 1,65 milliard FCFA pour renforcer l\u2019emploi et la formation en 2026 - Actualit\u00e9s Africaines","robots":{"index":"index","follow":"follow","max-snippet":"max-snippet:-1","max-image-preview":"max-image-preview:large","max-video-preview":"max-video-preview:-1"},"canonical":"https:\/\/www.africascoop.net\/index.php\/2025\/12\/25\/onef-plus-de-165-milliard-fcfa-pour-renforcer-lemploi-et-la-formation-en-2026\/","og_locale":"fr_FR","og_type":"article","og_title":"ONEF : plus de 1,65 milliard FCFA pour renforcer l\u2019emploi et la formation en 2026 - Actualit\u00e9s Africaines","og_description":"L\u2019Observatoire National de l\u2019Emploi et de la Formation (ONEF) a tenu, ce mardi 24 d\u00e9cembre 2025 \u00e0 Bacodjicoroni,","og_url":"https:\/\/www.africascoop.net\/index.php\/2025\/12\/25\/onef-plus-de-165-milliard-fcfa-pour-renforcer-lemploi-et-la-formation-en-2026\/","og_site_name":"Actualit\u00e9s Africaines","article_published_time":"2025-12-25T17:12:35+00:00","article_modified_time":"2025-12-25T17:12:40+00:00","og_image":[{"url":"https:\/\/www.africascoop.net\/wp-content\/uploads\/2025\/12\/emploi-1024x576.jpg","type":"","width":"","height":""}],"author":"Africascoop","twitter_card":"summary_large_image","twitter_misc":{"\u00c9crit par":"Africascoop","Dur\u00e9e de lecture estim\u00e9e":"3 minutes"},"schema":{"@context":"https:\/\/schema.org","@graph":[{"@type":"Article","@id":"https:\/\/www.africascoop.net\/index.php\/2025\/12\/25\/onef-plus-de-165-milliard-fcfa-pour-renforcer-lemploi-et-la-formation-en-2026\/#article","isPartOf":{"@id":"https:\/\/www.africascoop.net\/index.php\/2025\/12\/25\/onef-plus-de-165-milliard-fcfa-pour-renforcer-lemploi-et-la-formation-en-2026\/"},"author":{"name":"Africascoop","@id":"https:\/\/www.africascoop.net\/#\/schema\/person\/2cbcc632c110d739d93a6b196c67230a"},"headline":"ONEF : plus de 1,65 milliard FCFA pour renforcer l\u2019emploi et la formation en 2026","datePublished":"2025-12-25T17:12:35+00:00","dateModified":"2025-12-25T17:12:40+00:00","mainEntityOfPage":{"@id":"https:\/\/www.africascoop.net\/index.php\/2025\/12\/25\/onef-plus-de-165-milliard-fcfa-pour-renforcer-lemploi-et-la-formation-en-2026\/"},"wordCount":465,"commentCount":0,"publisher":{"@id":"https:\/\/www.africascoop.net\/#organization"},"image":{"@id":"https:\/\/www.africascoop.net\/index.php\/2025\/12\/25\/onef-plus-de-165-milliard-fcfa-pour-renforcer-lemploi-et-la-formation-en-2026\/#primaryimage"},"thumbnailUrl":"https:\/\/www.africascoop.net\/wp-content\/uploads\/2025\/12\/emploi-1024x576.jpg","articleSection":["\u00c9ducation et culture","Exclusif"],"inLanguage":"fr-FR","potentialAction":[{"@type":"CommentAction","name":"Comment","target":["https:\/\/www.africascoop.net\/index.php\/2025\/12\/25\/onef-plus-de-165-milliard-fcfa-pour-renforcer-lemploi-et-la-formation-en-2026\/#respond"]}]},{"@type":"WebPage","@id":"https:\/\/www.africascoop.net\/index.php\/2025\/12\/25\/onef-plus-de-165-milliard-fcfa-pour-renforcer-lemploi-et-la-formation-en-2026\/","url":"https:\/\/www.africascoop.net\/index.php\/2025\/12\/25\/onef-plus-de-165-milliard-fcfa-pour-renforcer-lemploi-et-la-formation-en-2026\/","name":"ONEF : plus de 1,65 milliard FCFA pour renforcer l\u2019emploi et la formation en 2026 - Actualit\u00e9s Africaines","isPartOf":{"@id":"https:\/\/www.africascoop.net\/#website"},"primaryImageOfPage":{"@id":"https:\/\/www.africascoop.net\/index.php\/2025\/12\/25\/onef-plus-de-165-milliard-fcfa-pour-renforcer-lemploi-et-la-formation-en-2026\/#primaryimage"},"image":{"@id":"https:\/\/www.africascoop.net\/index.php\/2025\/12\/25\/onef-plus-de-165-milliard-fcfa-pour-renforcer-lemploi-et-la-formation-en-2026\/#primaryimage"},"thumbnailUrl":"https:\/\/www.africascoop.net\/wp-content\/uploads\/2025\/12\/emploi-1024x576.jpg","datePublished":"2025-12-25T17:12:35+00:00","dateModified":"2025-12-25T17:12:40+00:00","breadcrumb":{"@id":"https:\/\/www.africascoop.net\/index.php\/2025\/12\/25\/onef-plus-de-165-milliard-fcfa-pour-renforcer-lemploi-et-la-formation-en-2026\/#breadcrumb"},"inLanguage":"fr-FR","potentialAction":[{"@type":"ReadAction","target":["https:\/\/www.africascoop.net\/index.php\/2025\/12\/25\/onef-plus-de-165-milliard-fcfa-pour-renforcer-lemploi-et-la-formation-en-2026\/"]}]},{"@type":"ImageObject","inLanguage":"fr-FR","@id":"https:\/\/www.africascoop.net\/index.php\/2025\/12\/25\/onef-plus-de-165-milliard-fcfa-pour-renforcer-lemploi-et-la-formation-en-2026\/#primaryimage","url":"https:\/\/www.africascoop.net\/wp-content\/uploads\/2025\/12\/emploi.jpg","contentUrl":"https:\/\/www.africascoop.net\/wp-content\/uploads\/2025\/12\/emploi.jpg","width":1366,"height":768},{"@type":"BreadcrumbList","@id":"https:\/\/www.africascoop.net\/index.php\/2025\/12\/25\/onef-plus-de-165-milliard-fcfa-pour-renforcer-lemploi-et-la-formation-en-2026\/#breadcrumb","itemListElement":[{"@type":"ListItem","position":1,"name":"Accueil","item":"https:\/\/www.africascoop.net\/"},{"@type":"ListItem","position":2,"name":"ONEF : plus de 1,65 milliard FCFA pour renforcer l\u2019emploi et la formation en 2026"}]},{"@type":"WebSite","@id":"https:\/\/www.africascoop.net\/#website","url":"https:\/\/www.africascoop.net\/","name":"Actualit\u00e9s Africaines","description":"","publisher":{"@id":"https:\/\/www.africascoop.net\/#organization"},"potentialAction":[{"@type":"SearchAction","target":{"@type":"EntryPoint","urlTemplate":"https:\/\/www.africascoop.net\/?s={search_term_string}"},"query-input":{"@type":"PropertyValueSpecification","valueRequired":true,"valueName":"search_term_string"}}],"inLanguage":"fr-FR"},{"@type":"Organization","@id":"https:\/\/www.africascoop.net\/#organization","name":"Actualit\u00e9s Africaines","url":"https:\/\/www.africascoop.net\/","logo":{"@type":"ImageObject","inLanguage":"fr-FR","@id":"https:\/\/www.africascoop.net\/#\/schema\/logo\/image\/","url":"https:\/\/www.africascoop.net\/wp-content\/uploads\/2025\/09\/cropped-logo-2.jpg","contentUrl":"https:\/\/www.africascoop.net\/wp-content\/uploads\/2025\/09\/cropped-logo-2.jpg","width":945,"height":591,"caption":"Actualit\u00e9s Africaines"},"image":{"@id":"https:\/\/www.africascoop.net\/#\/schema\/logo\/image\/"}},{"@type":"Person","@id":"https:\/\/www.africascoop.net\/#\/schema\/person\/2cbcc632c110d739d93a6b196c67230a","name":"Africascoop","image":{"@type":"ImageObject","inLanguage":"fr-FR","@id":"https:\/\/www.africascoop.net\/#\/schema\/person\/image\/","url":"https:\/\/secure.gravatar.com\/avatar\/230d851f5173f64fe9487b948bd2daf02707ef49aea942bc1bdad649c82025b9?s=96&d=mm&r=g","contentUrl":"https:\/\/secure.gravatar.com\/avatar\/230d851f5173f64fe9487b948bd2daf02707ef49aea942bc1bdad649c82025b9?s=96&d=mm&r=g","caption":"Africascoop"},"url":"https:\/\/www.africascoop.net\/index.php\/author\/jul\/"}]}},"_links":{"self":[{"href":"https:\/\/www.africascoop.net\/index.php\/wp-json\/wp\/v2\/posts\/1072","targetHints":{"allow":["GET"]}}],"collection":[{"href":"https:\/\/www.africascoop.net\/index.php\/wp-json\/wp\/v2\/posts"}],"about":[{"href":"https:\/\/www.africascoop.net\/index.php\/wp-json\/wp\/v2\/types\/post"}],"author":[{"embeddable":true,"href":"https:\/\/www.africascoop.net\/index.php\/wp-json\/wp\/v2\/users\/3"}],"replies":[{"embeddable":true,"href":"https:\/\/www.africascoop.net\/index.php\/wp-json\/wp\/v2\/comments?post=1072"}],"version-history":[{"count":1,"href":"https:\/\/www.africascoop.net\/index.php\/wp-json\/wp\/v2\/posts\/1072\/revisions"}],"predecessor-version":[{"id":1074,"href":"https:\/\/www.africascoop.net\/index.php\/wp-json\/wp\/v2\/posts\/1072\/revisions\/1074"}],"wp:attachment":[{"href":"https:\/\/www.africascoop.net\/index.php\/wp-json\/wp\/v2\/media?parent=1072"}],"wp:term":[{"taxonomy":"category","embeddable":true,"href":"https:\/\/www.africascoop.net\/index.php\/wp-json\/wp\/v2\/categories?post=1072"},{"taxonomy":"post_tag","embeddable":true,"href":"https:\/\/www.africascoop.net\/index.php\/wp-json\/wp\/v2\/tags?post=1072"}],"curies":[{"name":"wp","href":"https:\/\/api.w.org\/{rel}","templated":true}]}}