{"id":1098,"date":"2025-12-30T23:06:46","date_gmt":"2025-12-30T23:06:46","guid":{"rendered":"https:\/\/www.africascoop.net\/?p=1098"},"modified":"2025-12-30T23:06:49","modified_gmt":"2025-12-30T23:06:49","slug":"pour-la-promotion-du-patrimoine-soninke-au-mali-lalliance-lance-ses-activites-a-kabala","status":"publish","type":"post","link":"https:\/\/www.africascoop.net\/index.php\/2025\/12\/30\/pour-la-promotion-du-patrimoine-soninke-au-mali-lalliance-lance-ses-activites-a-kabala\/","title":{"rendered":"Pour la promotion du patrimoine sonink\u00e9 au Mali : l\u2019Alliance lance ses activit\u00e9s \u00e0 Kabala"},"content":{"rendered":"\n<figure class=\"wp-block-image size-large\"><img loading=\"lazy\" decoding=\"async\" width=\"1024\" height=\"793\" src=\"https:\/\/www.africascoop.net\/wp-content\/uploads\/2025\/12\/WhatsApp-Image-2025-12-28-at-08.54.15-1024x793.jpeg\" alt=\"\" class=\"wp-image-1099\" srcset=\"https:\/\/www.africascoop.net\/wp-content\/uploads\/2025\/12\/WhatsApp-Image-2025-12-28-at-08.54.15-1024x793.jpeg 1024w, https:\/\/www.africascoop.net\/wp-content\/uploads\/2025\/12\/WhatsApp-Image-2025-12-28-at-08.54.15-300x232.jpeg 300w, https:\/\/www.africascoop.net\/wp-content\/uploads\/2025\/12\/WhatsApp-Image-2025-12-28-at-08.54.15-768x595.jpeg 768w, https:\/\/www.africascoop.net\/wp-content\/uploads\/2025\/12\/WhatsApp-Image-2025-12-28-at-08.54.15.jpeg 1038w\" sizes=\"auto, (max-width: 1024px) 100vw, 1024px\" \/><\/figure>\n\n\n\n<p>L\u2019Association Alliance pour la promotion du patrimoine sonink\u00e9 a lanc\u00e9 officiellement ses activit\u00e9s, le 27 d\u00e9cembre 2025 \u00e0 Kabala, sous la pr\u00e9sidence de Mme Ouelimatou Haidara. La c\u00e9r\u00e9monie marque une \u00e9tape majeure dans la sauvegarde et la valorisation de la culture sonink\u00e9 au Mali, avec un focus sur l\u2019\u00e9ducation, la transmission des savoirs et la pr\u00e9servation des traditions.<\/p>\n\n\n\n<p>\u00ab C\u2019est parti ! \u00bb a lanc\u00e9 Mme Ouelimatou Haidara, pr\u00e9sidente de l\u2019Alliance, devant un public compos\u00e9 de membres de l\u2019association, d\u2019autorit\u00e9s locales et d\u2019acteurs culturels. \u00ab Aujourd\u2019hui, nous ouvrons une nouvelle page pour la promotion de notre patrimoine. Notre mission est claire : pr\u00e9server, valoriser et transmettre l\u2019identit\u00e9 culturelle sonink\u00e9 aux g\u00e9n\u00e9rations futures \u00bb, a-t-elle affirm\u00e9.<\/p>\n\n\n\n<p>La pr\u00e9sidente a d\u00e9taill\u00e9 les objectifs prioritaires de l\u2019association : \u00ab Nous allons constituer des archives exhaustives audiovisuelles, \u00e9crites et num\u00e9riques pour sauvegarder notre h\u00e9ritage. Nous collecterons et transcrirons la litt\u00e9rature orale, incluant contes, l\u00e9gendes, mythes, \u00e9pop\u00e9es, proverbes, devinettes et po\u00e9sies. Nous soutiendrons la recherche universitaire en histoire, sociologie, linguistique et ethnomusicologie sur la civilisation sonink\u00e9. \u00bb<\/p>\n\n\n\n<p>Mme Haidara a aussi insist\u00e9 sur la cartographie des sites historiques et culturels du pays sonink\u00e9 et sur la promotion de la langue sonink\u00e9 aupr\u00e8s des jeunes, via des cours, ateliers et supports p\u00e9dagogiques : \u00ab Nous voulons encourager la pr\u00e9sence de notre culture dans les syst\u00e8mes \u00e9ducatifs formels et informels, afin qu\u2019elle continue de vivre dans le quotidien des nouvelles g\u00e9n\u00e9rations \u00bb, a-t-elle ajout\u00e9.<\/p>\n\n\n\n<p>Elle a soulign\u00e9 l\u2019importance de mobiliser tous les acteurs : \u00ab Je fais appel aux jeunes, aux leaders traditionnels, aux autorit\u00e9s locales et aux communaut\u00e9s pour devenir des ambassadeurs de notre culture. Chacun doit s\u2019engager pour garantir le succ\u00e8s de cette initiative. La pr\u00e9servation de notre patrimoine est un levier de coh\u00e9sion sociale, de dialogue interg\u00e9n\u00e9rationnel et de d\u00e9veloppement durable. \u00bb<\/p>\n\n\n\n<p>L\u2019Alliance pour la promotion du patrimoine sonink\u00e9 est dirig\u00e9e par un bureau ex\u00e9cutif de sept membres, plac\u00e9 sous la pr\u00e9sidence de Mme Haidara.<\/p>\n\n\n\n<p>La c\u00e9r\u00e9monie de lancement de Kabala constitue le premier pas concret d\u2019une s\u00e9rie d\u2019actions culturelles, \u00e9ducatives et communautaires, destin\u00e9es \u00e0 renforcer l\u2019identit\u00e9 sonink\u00e9 et \u00e0 valoriser son riche patrimoine \u00e0 travers le Mali.<\/p>\n\n\n\n<p>Tidiane Bamadio<\/p>\n","protected":false},"excerpt":{"rendered":"<p>L\u2019Association Alliance pour la promotion du patrimoine sonink\u00e9 a lanc\u00e9 officiellement ses activit\u00e9s, le 27 d\u00e9cembre 2025 \u00e0<\/p>\n","protected":false},"author":3,"featured_media":0,"comment_status":"open","ping_status":"open","sticky":false,"template":"","format":"standard","meta":{"footnotes":""},"categories":[36],"tags":[],"class_list":["post-1098","post","type-post","status-publish","format-standard","hentry","category-exclusif"],"yoast_head":"<!-- This site is optimized with the Yoast SEO plugin v26.0 - https:\/\/yoast.com\/wordpress\/plugins\/seo\/ -->\n<title>Pour la promotion du patrimoine sonink\u00e9 au Mali : l\u2019Alliance lance ses activit\u00e9s \u00e0 Kabala - Actualit\u00e9s Africaines<\/title>\n<meta name=\"robots\" content=\"index, follow, max-snippet:-1, max-image-preview:large, max-video-preview:-1\" \/>\n<link rel=\"canonical\" href=\"http:\/\/www.africascoop.net\/index.php\/2025\/12\/30\/pour-la-promotion-du-patrimoine-soninke-au-mali-lalliance-lance-ses-activites-a-kabala\/\" \/>\n<meta property=\"og:locale\" content=\"fr_FR\" \/>\n<meta property=\"og:type\" content=\"article\" \/>\n<meta property=\"og:title\" content=\"Pour la promotion du patrimoine sonink\u00e9 au Mali : l\u2019Alliance lance ses activit\u00e9s \u00e0 Kabala - Actualit\u00e9s Africaines\" \/>\n<meta property=\"og:description\" content=\"L\u2019Association Alliance pour la promotion du patrimoine sonink\u00e9 a lanc\u00e9 officiellement ses activit\u00e9s, le 27 d\u00e9cembre 2025 \u00e0\" \/>\n<meta property=\"og:url\" content=\"http:\/\/www.africascoop.net\/index.php\/2025\/12\/30\/pour-la-promotion-du-patrimoine-soninke-au-mali-lalliance-lance-ses-activites-a-kabala\/\" \/>\n<meta property=\"og:site_name\" content=\"Actualit\u00e9s Africaines\" \/>\n<meta property=\"article:published_time\" content=\"2025-12-30T23:06:46+00:00\" \/>\n<meta property=\"article:modified_time\" content=\"2025-12-30T23:06:49+00:00\" \/>\n<meta property=\"og:image\" content=\"https:\/\/www.africascoop.net\/wp-content\/uploads\/2025\/12\/WhatsApp-Image-2025-12-28-at-08.54.15-1024x793.jpeg\" \/>\n<meta name=\"author\" content=\"Africascoop\" \/>\n<meta name=\"twitter:card\" content=\"summary_large_image\" \/>\n<meta name=\"twitter:label1\" content=\"\u00c9crit par\" \/>\n\t<meta name=\"twitter:data1\" content=\"Africascoop\" \/>\n\t<meta name=\"twitter:label2\" content=\"Dur\u00e9e de lecture estim\u00e9e\" \/>\n\t<meta name=\"twitter:data2\" content=\"2 minutes\" \/>\n<script type=\"application\/ld+json\" class=\"yoast-schema-graph\">{\"@context\":\"https:\/\/schema.org\",\"@graph\":[{\"@type\":\"Article\",\"@id\":\"http:\/\/www.africascoop.net\/index.php\/2025\/12\/30\/pour-la-promotion-du-patrimoine-soninke-au-mali-lalliance-lance-ses-activites-a-kabala\/#article\",\"isPartOf\":{\"@id\":\"http:\/\/www.africascoop.net\/index.php\/2025\/12\/30\/pour-la-promotion-du-patrimoine-soninke-au-mali-lalliance-lance-ses-activites-a-kabala\/\"},\"author\":{\"name\":\"Africascoop\",\"@id\":\"https:\/\/www.africascoop.net\/#\/schema\/person\/2cbcc632c110d739d93a6b196c67230a\"},\"headline\":\"Pour la promotion du patrimoine sonink\u00e9 au Mali : l\u2019Alliance lance ses activit\u00e9s \u00e0 Kabala\",\"datePublished\":\"2025-12-30T23:06:46+00:00\",\"dateModified\":\"2025-12-30T23:06:49+00:00\",\"mainEntityOfPage\":{\"@id\":\"http:\/\/www.africascoop.net\/index.php\/2025\/12\/30\/pour-la-promotion-du-patrimoine-soninke-au-mali-lalliance-lance-ses-activites-a-kabala\/\"},\"wordCount\":407,\"commentCount\":0,\"publisher\":{\"@id\":\"https:\/\/www.africascoop.net\/#organization\"},\"image\":{\"@id\":\"http:\/\/www.africascoop.net\/index.php\/2025\/12\/30\/pour-la-promotion-du-patrimoine-soninke-au-mali-lalliance-lance-ses-activites-a-kabala\/#primaryimage\"},\"thumbnailUrl\":\"https:\/\/www.africascoop.net\/wp-content\/uploads\/2025\/12\/WhatsApp-Image-2025-12-28-at-08.54.15-1024x793.jpeg\",\"articleSection\":[\"Exclusif\"],\"inLanguage\":\"fr-FR\",\"potentialAction\":[{\"@type\":\"CommentAction\",\"name\":\"Comment\",\"target\":[\"http:\/\/www.africascoop.net\/index.php\/2025\/12\/30\/pour-la-promotion-du-patrimoine-soninke-au-mali-lalliance-lance-ses-activites-a-kabala\/#respond\"]}]},{\"@type\":\"WebPage\",\"@id\":\"http:\/\/www.africascoop.net\/index.php\/2025\/12\/30\/pour-la-promotion-du-patrimoine-soninke-au-mali-lalliance-lance-ses-activites-a-kabala\/\",\"url\":\"http:\/\/www.africascoop.net\/index.php\/2025\/12\/30\/pour-la-promotion-du-patrimoine-soninke-au-mali-lalliance-lance-ses-activites-a-kabala\/\",\"name\":\"Pour la promotion du patrimoine sonink\u00e9 au Mali : l\u2019Alliance lance ses activit\u00e9s \u00e0 Kabala - Actualit\u00e9s Africaines\",\"isPartOf\":{\"@id\":\"https:\/\/www.africascoop.net\/#website\"},\"primaryImageOfPage\":{\"@id\":\"http:\/\/www.africascoop.net\/index.php\/2025\/12\/30\/pour-la-promotion-du-patrimoine-soninke-au-mali-lalliance-lance-ses-activites-a-kabala\/#primaryimage\"},\"image\":{\"@id\":\"http:\/\/www.africascoop.net\/index.php\/2025\/12\/30\/pour-la-promotion-du-patrimoine-soninke-au-mali-lalliance-lance-ses-activites-a-kabala\/#primaryimage\"},\"thumbnailUrl\":\"https:\/\/www.africascoop.net\/wp-content\/uploads\/2025\/12\/WhatsApp-Image-2025-12-28-at-08.54.15-1024x793.jpeg\",\"datePublished\":\"2025-12-30T23:06:46+00:00\",\"dateModified\":\"2025-12-30T23:06:49+00:00\",\"breadcrumb\":{\"@id\":\"http:\/\/www.africascoop.net\/index.php\/2025\/12\/30\/pour-la-promotion-du-patrimoine-soninke-au-mali-lalliance-lance-ses-activites-a-kabala\/#breadcrumb\"},\"inLanguage\":\"fr-FR\",\"potentialAction\":[{\"@type\":\"ReadAction\",\"target\":[\"http:\/\/www.africascoop.net\/index.php\/2025\/12\/30\/pour-la-promotion-du-patrimoine-soninke-au-mali-lalliance-lance-ses-activites-a-kabala\/\"]}]},{\"@type\":\"ImageObject\",\"inLanguage\":\"fr-FR\",\"@id\":\"http:\/\/www.africascoop.net\/index.php\/2025\/12\/30\/pour-la-promotion-du-patrimoine-soninke-au-mali-lalliance-lance-ses-activites-a-kabala\/#primaryimage\",\"url\":\"https:\/\/www.africascoop.net\/wp-content\/uploads\/2025\/12\/WhatsApp-Image-2025-12-28-at-08.54.15.jpeg\",\"contentUrl\":\"https:\/\/www.africascoop.net\/wp-content\/uploads\/2025\/12\/WhatsApp-Image-2025-12-28-at-08.54.15.jpeg\",\"width\":1038,\"height\":804},{\"@type\":\"BreadcrumbList\",\"@id\":\"http:\/\/www.africascoop.net\/index.php\/2025\/12\/30\/pour-la-promotion-du-patrimoine-soninke-au-mali-lalliance-lance-ses-activites-a-kabala\/#breadcrumb\",\"itemListElement\":[{\"@type\":\"ListItem\",\"position\":1,\"name\":\"Accueil\",\"item\":\"https:\/\/www.africascoop.net\/\"},{\"@type\":\"ListItem\",\"position\":2,\"name\":\"Pour la promotion du patrimoine sonink\u00e9 au Mali : l\u2019Alliance lance ses activit\u00e9s \u00e0 Kabala\"}]},{\"@type\":\"WebSite\",\"@id\":\"https:\/\/www.africascoop.net\/#website\",\"url\":\"https:\/\/www.africascoop.net\/\",\"name\":\"Actualit\u00e9s Africaines\",\"description\":\"\",\"publisher\":{\"@id\":\"https:\/\/www.africascoop.net\/#organization\"},\"potentialAction\":[{\"@type\":\"SearchAction\",\"target\":{\"@type\":\"EntryPoint\",\"urlTemplate\":\"https:\/\/www.africascoop.net\/?s={search_term_string}\"},\"query-input\":{\"@type\":\"PropertyValueSpecification\",\"valueRequired\":true,\"valueName\":\"search_term_string\"}}],\"inLanguage\":\"fr-FR\"},{\"@type\":\"Organization\",\"@id\":\"https:\/\/www.africascoop.net\/#organization\",\"name\":\"Actualit\u00e9s Africaines\",\"url\":\"https:\/\/www.africascoop.net\/\",\"logo\":{\"@type\":\"ImageObject\",\"inLanguage\":\"fr-FR\",\"@id\":\"https:\/\/www.africascoop.net\/#\/schema\/logo\/image\/\",\"url\":\"https:\/\/www.africascoop.net\/wp-content\/uploads\/2025\/09\/cropped-logo-2.jpg\",\"contentUrl\":\"https:\/\/www.africascoop.net\/wp-content\/uploads\/2025\/09\/cropped-logo-2.jpg\",\"width\":945,\"height\":591,\"caption\":\"Actualit\u00e9s Africaines\"},\"image\":{\"@id\":\"https:\/\/www.africascoop.net\/#\/schema\/logo\/image\/\"}},{\"@type\":\"Person\",\"@id\":\"https:\/\/www.africascoop.net\/#\/schema\/person\/2cbcc632c110d739d93a6b196c67230a\",\"name\":\"Africascoop\",\"image\":{\"@type\":\"ImageObject\",\"inLanguage\":\"fr-FR\",\"@id\":\"https:\/\/www.africascoop.net\/#\/schema\/person\/image\/\",\"url\":\"https:\/\/secure.gravatar.com\/avatar\/230d851f5173f64fe9487b948bd2daf02707ef49aea942bc1bdad649c82025b9?s=96&d=mm&r=g\",\"contentUrl\":\"https:\/\/secure.gravatar.com\/avatar\/230d851f5173f64fe9487b948bd2daf02707ef49aea942bc1bdad649c82025b9?s=96&d=mm&r=g\",\"caption\":\"Africascoop\"},\"url\":\"https:\/\/www.africascoop.net\/index.php\/author\/jul\/\"}]}<\/script>\n<!-- \/ Yoast SEO plugin. -->","yoast_head_json":{"title":"Pour la promotion du patrimoine sonink\u00e9 au Mali : l\u2019Alliance lance ses activit\u00e9s \u00e0 Kabala - Actualit\u00e9s Africaines","robots":{"index":"index","follow":"follow","max-snippet":"max-snippet:-1","max-image-preview":"max-image-preview:large","max-video-preview":"max-video-preview:-1"},"canonical":"http:\/\/www.africascoop.net\/index.php\/2025\/12\/30\/pour-la-promotion-du-patrimoine-soninke-au-mali-lalliance-lance-ses-activites-a-kabala\/","og_locale":"fr_FR","og_type":"article","og_title":"Pour la promotion du patrimoine sonink\u00e9 au Mali : l\u2019Alliance lance ses activit\u00e9s \u00e0 Kabala - Actualit\u00e9s Africaines","og_description":"L\u2019Association Alliance pour la promotion du patrimoine sonink\u00e9 a lanc\u00e9 officiellement ses activit\u00e9s, le 27 d\u00e9cembre 2025 \u00e0","og_url":"http:\/\/www.africascoop.net\/index.php\/2025\/12\/30\/pour-la-promotion-du-patrimoine-soninke-au-mali-lalliance-lance-ses-activites-a-kabala\/","og_site_name":"Actualit\u00e9s Africaines","article_published_time":"2025-12-30T23:06:46+00:00","article_modified_time":"2025-12-30T23:06:49+00:00","og_image":[{"url":"https:\/\/www.africascoop.net\/wp-content\/uploads\/2025\/12\/WhatsApp-Image-2025-12-28-at-08.54.15-1024x793.jpeg","type":"","width":"","height":""}],"author":"Africascoop","twitter_card":"summary_large_image","twitter_misc":{"\u00c9crit par":"Africascoop","Dur\u00e9e de lecture estim\u00e9e":"2 minutes"},"schema":{"@context":"https:\/\/schema.org","@graph":[{"@type":"Article","@id":"http:\/\/www.africascoop.net\/index.php\/2025\/12\/30\/pour-la-promotion-du-patrimoine-soninke-au-mali-lalliance-lance-ses-activites-a-kabala\/#article","isPartOf":{"@id":"http:\/\/www.africascoop.net\/index.php\/2025\/12\/30\/pour-la-promotion-du-patrimoine-soninke-au-mali-lalliance-lance-ses-activites-a-kabala\/"},"author":{"name":"Africascoop","@id":"https:\/\/www.africascoop.net\/#\/schema\/person\/2cbcc632c110d739d93a6b196c67230a"},"headline":"Pour la promotion du patrimoine sonink\u00e9 au Mali : l\u2019Alliance lance ses activit\u00e9s \u00e0 Kabala","datePublished":"2025-12-30T23:06:46+00:00","dateModified":"2025-12-30T23:06:49+00:00","mainEntityOfPage":{"@id":"http:\/\/www.africascoop.net\/index.php\/2025\/12\/30\/pour-la-promotion-du-patrimoine-soninke-au-mali-lalliance-lance-ses-activites-a-kabala\/"},"wordCount":407,"commentCount":0,"publisher":{"@id":"https:\/\/www.africascoop.net\/#organization"},"image":{"@id":"http:\/\/www.africascoop.net\/index.php\/2025\/12\/30\/pour-la-promotion-du-patrimoine-soninke-au-mali-lalliance-lance-ses-activites-a-kabala\/#primaryimage"},"thumbnailUrl":"https:\/\/www.africascoop.net\/wp-content\/uploads\/2025\/12\/WhatsApp-Image-2025-12-28-at-08.54.15-1024x793.jpeg","articleSection":["Exclusif"],"inLanguage":"fr-FR","potentialAction":[{"@type":"CommentAction","name":"Comment","target":["http:\/\/www.africascoop.net\/index.php\/2025\/12\/30\/pour-la-promotion-du-patrimoine-soninke-au-mali-lalliance-lance-ses-activites-a-kabala\/#respond"]}]},{"@type":"WebPage","@id":"http:\/\/www.africascoop.net\/index.php\/2025\/12\/30\/pour-la-promotion-du-patrimoine-soninke-au-mali-lalliance-lance-ses-activites-a-kabala\/","url":"http:\/\/www.africascoop.net\/index.php\/2025\/12\/30\/pour-la-promotion-du-patrimoine-soninke-au-mali-lalliance-lance-ses-activites-a-kabala\/","name":"Pour la promotion du patrimoine sonink\u00e9 au Mali : l\u2019Alliance lance ses activit\u00e9s \u00e0 Kabala - Actualit\u00e9s Africaines","isPartOf":{"@id":"https:\/\/www.africascoop.net\/#website"},"primaryImageOfPage":{"@id":"http:\/\/www.africascoop.net\/index.php\/2025\/12\/30\/pour-la-promotion-du-patrimoine-soninke-au-mali-lalliance-lance-ses-activites-a-kabala\/#primaryimage"},"image":{"@id":"http:\/\/www.africascoop.net\/index.php\/2025\/12\/30\/pour-la-promotion-du-patrimoine-soninke-au-mali-lalliance-lance-ses-activites-a-kabala\/#primaryimage"},"thumbnailUrl":"https:\/\/www.africascoop.net\/wp-content\/uploads\/2025\/12\/WhatsApp-Image-2025-12-28-at-08.54.15-1024x793.jpeg","datePublished":"2025-12-30T23:06:46+00:00","dateModified":"2025-12-30T23:06:49+00:00","breadcrumb":{"@id":"http:\/\/www.africascoop.net\/index.php\/2025\/12\/30\/pour-la-promotion-du-patrimoine-soninke-au-mali-lalliance-lance-ses-activites-a-kabala\/#breadcrumb"},"inLanguage":"fr-FR","potentialAction":[{"@type":"ReadAction","target":["http:\/\/www.africascoop.net\/index.php\/2025\/12\/30\/pour-la-promotion-du-patrimoine-soninke-au-mali-lalliance-lance-ses-activites-a-kabala\/"]}]},{"@type":"ImageObject","inLanguage":"fr-FR","@id":"http:\/\/www.africascoop.net\/index.php\/2025\/12\/30\/pour-la-promotion-du-patrimoine-soninke-au-mali-lalliance-lance-ses-activites-a-kabala\/#primaryimage","url":"https:\/\/www.africascoop.net\/wp-content\/uploads\/2025\/12\/WhatsApp-Image-2025-12-28-at-08.54.15.jpeg","contentUrl":"https:\/\/www.africascoop.net\/wp-content\/uploads\/2025\/12\/WhatsApp-Image-2025-12-28-at-08.54.15.jpeg","width":1038,"height":804},{"@type":"BreadcrumbList","@id":"http:\/\/www.africascoop.net\/index.php\/2025\/12\/30\/pour-la-promotion-du-patrimoine-soninke-au-mali-lalliance-lance-ses-activites-a-kabala\/#breadcrumb","itemListElement":[{"@type":"ListItem","position":1,"name":"Accueil","item":"https:\/\/www.africascoop.net\/"},{"@type":"ListItem","position":2,"name":"Pour la promotion du patrimoine sonink\u00e9 au Mali : l\u2019Alliance lance ses activit\u00e9s \u00e0 Kabala"}]},{"@type":"WebSite","@id":"https:\/\/www.africascoop.net\/#website","url":"https:\/\/www.africascoop.net\/","name":"Actualit\u00e9s Africaines","description":"","publisher":{"@id":"https:\/\/www.africascoop.net\/#organization"},"potentialAction":[{"@type":"SearchAction","target":{"@type":"EntryPoint","urlTemplate":"https:\/\/www.africascoop.net\/?s={search_term_string}"},"query-input":{"@type":"PropertyValueSpecification","valueRequired":true,"valueName":"search_term_string"}}],"inLanguage":"fr-FR"},{"@type":"Organization","@id":"https:\/\/www.africascoop.net\/#organization","name":"Actualit\u00e9s Africaines","url":"https:\/\/www.africascoop.net\/","logo":{"@type":"ImageObject","inLanguage":"fr-FR","@id":"https:\/\/www.africascoop.net\/#\/schema\/logo\/image\/","url":"https:\/\/www.africascoop.net\/wp-content\/uploads\/2025\/09\/cropped-logo-2.jpg","contentUrl":"https:\/\/www.africascoop.net\/wp-content\/uploads\/2025\/09\/cropped-logo-2.jpg","width":945,"height":591,"caption":"Actualit\u00e9s Africaines"},"image":{"@id":"https:\/\/www.africascoop.net\/#\/schema\/logo\/image\/"}},{"@type":"Person","@id":"https:\/\/www.africascoop.net\/#\/schema\/person\/2cbcc632c110d739d93a6b196c67230a","name":"Africascoop","image":{"@type":"ImageObject","inLanguage":"fr-FR","@id":"https:\/\/www.africascoop.net\/#\/schema\/person\/image\/","url":"https:\/\/secure.gravatar.com\/avatar\/230d851f5173f64fe9487b948bd2daf02707ef49aea942bc1bdad649c82025b9?s=96&d=mm&r=g","contentUrl":"https:\/\/secure.gravatar.com\/avatar\/230d851f5173f64fe9487b948bd2daf02707ef49aea942bc1bdad649c82025b9?s=96&d=mm&r=g","caption":"Africascoop"},"url":"https:\/\/www.africascoop.net\/index.php\/author\/jul\/"}]}},"_links":{"self":[{"href":"https:\/\/www.africascoop.net\/index.php\/wp-json\/wp\/v2\/posts\/1098","targetHints":{"allow":["GET"]}}],"collection":[{"href":"https:\/\/www.africascoop.net\/index.php\/wp-json\/wp\/v2\/posts"}],"about":[{"href":"https:\/\/www.africascoop.net\/index.php\/wp-json\/wp\/v2\/types\/post"}],"author":[{"embeddable":true,"href":"https:\/\/www.africascoop.net\/index.php\/wp-json\/wp\/v2\/users\/3"}],"replies":[{"embeddable":true,"href":"https:\/\/www.africascoop.net\/index.php\/wp-json\/wp\/v2\/comments?post=1098"}],"version-history":[{"count":1,"href":"https:\/\/www.africascoop.net\/index.php\/wp-json\/wp\/v2\/posts\/1098\/revisions"}],"predecessor-version":[{"id":1100,"href":"https:\/\/www.africascoop.net\/index.php\/wp-json\/wp\/v2\/posts\/1098\/revisions\/1100"}],"wp:attachment":[{"href":"https:\/\/www.africascoop.net\/index.php\/wp-json\/wp\/v2\/media?parent=1098"}],"wp:term":[{"taxonomy":"category","embeddable":true,"href":"https:\/\/www.africascoop.net\/index.php\/wp-json\/wp\/v2\/categories?post=1098"},{"taxonomy":"post_tag","embeddable":true,"href":"https:\/\/www.africascoop.net\/index.php\/wp-json\/wp\/v2\/tags?post=1098"}],"curies":[{"name":"wp","href":"https:\/\/api.w.org\/{rel}","templated":true}]}}