{"id":1108,"date":"2026-01-04T10:37:11","date_gmt":"2026-01-04T10:37:11","guid":{"rendered":"https:\/\/www.africascoop.net\/?p=1108"},"modified":"2026-01-04T10:37:43","modified_gmt":"2026-01-04T10:37:43","slug":"choc-geopolitique-a-caracas-larrestation-de-maduro-redessine-lequilibre-latino-americain","status":"publish","type":"post","link":"https:\/\/www.africascoop.net\/index.php\/2026\/01\/04\/choc-geopolitique-a-caracas-larrestation-de-maduro-redessine-lequilibre-latino-americain\/","title":{"rendered":"Choc g\u00e9opolitique \u00e0 Caracas : l\u2019arrestation de Maduro redessine l\u2019\u00e9quilibre latino-am\u00e9ricain"},"content":{"rendered":"\n<figure class=\"wp-block-image size-large\"><img loading=\"lazy\" decoding=\"async\" width=\"1024\" height=\"715\" src=\"https:\/\/www.africascoop.net\/wp-content\/uploads\/2026\/01\/WhatsApp-Image-2026-01-03-at-14.10.59-1024x715.jpeg\" alt=\"\" class=\"wp-image-1109\" srcset=\"https:\/\/www.africascoop.net\/wp-content\/uploads\/2026\/01\/WhatsApp-Image-2026-01-03-at-14.10.59-1024x715.jpeg 1024w, https:\/\/www.africascoop.net\/wp-content\/uploads\/2026\/01\/WhatsApp-Image-2026-01-03-at-14.10.59-300x209.jpeg 300w, https:\/\/www.africascoop.net\/wp-content\/uploads\/2026\/01\/WhatsApp-Image-2026-01-03-at-14.10.59-768x536.jpeg 768w, https:\/\/www.africascoop.net\/wp-content\/uploads\/2026\/01\/WhatsApp-Image-2026-01-03-at-14.10.59-825x575.jpeg 825w, https:\/\/www.africascoop.net\/wp-content\/uploads\/2026\/01\/WhatsApp-Image-2026-01-03-at-14.10.59.jpeg 1198w\" sizes=\"auto, (max-width: 1024px) 100vw, 1024px\" \/><\/figure>\n\n\n\n<p>L\u2019arrestation de Nicol\u00e1s Maduro marque une rupture historique dans la strat\u00e9gie am\u00e9ricaine envers le Venezuela, apr\u00e8s des ann\u00e9es de pressions diplomatiques et \u00e9conomiques sans intervention directe. Men\u00e9e de nuit par les forces sp\u00e9ciales am\u00e9ricaines, l\u2019op\u00e9ration, pr\u00e9c\u00e9d\u00e9e d\u2019un \u00e9tau militaire et s\u00e9curitaire progressif, s\u2019est sold\u00e9e par un succ\u00e8s tactique rapide. Pour Washington, l\u2019enjeu d\u00e9passe le p\u00e9trole : il s\u2019agit de neutraliser un narco-\u00c9tat dont l\u2019effondrement alimente trafics, crise humanitaire et instabilit\u00e9 r\u00e9gionale. Les r\u00e9percussions pourraient \u00eatre imm\u00e9diates, notamment pour Cuba et le Nicaragua, d\u00e9pendants du soutien v\u00e9n\u00e9zu\u00e9lien. Reste l\u2019essentiel : la chute de Maduro ouvre une s\u00e9quence politique incertaine, o\u00f9 la reconstruction de l\u2019\u00c9tat v\u00e9n\u00e9zu\u00e9lien constituera le v\u00e9ritable test.<\/p>\n\n\n\n<p>Par ABK<\/p>\n","protected":false},"excerpt":{"rendered":"<p>L\u2019arrestation de Nicol\u00e1s Maduro marque une rupture historique dans la strat\u00e9gie am\u00e9ricaine envers le Venezuela, apr\u00e8s des ann\u00e9es<\/p>\n","protected":false},"author":3,"featured_media":0,"comment_status":"open","ping_status":"open","sticky":false,"template":"","format":"standard","meta":{"footnotes":""},"categories":[36,9],"tags":[],"class_list":["post-1108","post","type-post","status-publish","format-standard","hentry","category-exclusif","category-politique"],"yoast_head":"<!-- This site is optimized with the Yoast SEO plugin v26.0 - https:\/\/yoast.com\/wordpress\/plugins\/seo\/ -->\n<title>Choc g\u00e9opolitique \u00e0 Caracas : l\u2019arrestation de Maduro redessine l\u2019\u00e9quilibre latino-am\u00e9ricain - Actualit\u00e9s Africaines<\/title>\n<meta name=\"robots\" content=\"index, follow, max-snippet:-1, max-image-preview:large, max-video-preview:-1\" \/>\n<link rel=\"canonical\" href=\"http:\/\/www.africascoop.net\/index.php\/2026\/01\/04\/choc-geopolitique-a-caracas-larrestation-de-maduro-redessine-lequilibre-latino-americain\/\" \/>\n<meta property=\"og:locale\" content=\"fr_FR\" \/>\n<meta property=\"og:type\" content=\"article\" \/>\n<meta property=\"og:title\" content=\"Choc g\u00e9opolitique \u00e0 Caracas : l\u2019arrestation de Maduro redessine l\u2019\u00e9quilibre latino-am\u00e9ricain - Actualit\u00e9s Africaines\" \/>\n<meta property=\"og:description\" content=\"L\u2019arrestation de Nicol\u00e1s Maduro marque une rupture historique dans la strat\u00e9gie am\u00e9ricaine envers le Venezuela, apr\u00e8s des ann\u00e9es\" \/>\n<meta property=\"og:url\" content=\"http:\/\/www.africascoop.net\/index.php\/2026\/01\/04\/choc-geopolitique-a-caracas-larrestation-de-maduro-redessine-lequilibre-latino-americain\/\" \/>\n<meta property=\"og:site_name\" content=\"Actualit\u00e9s Africaines\" \/>\n<meta property=\"article:published_time\" content=\"2026-01-04T10:37:11+00:00\" \/>\n<meta property=\"article:modified_time\" content=\"2026-01-04T10:37:43+00:00\" \/>\n<meta property=\"og:image\" content=\"https:\/\/www.africascoop.net\/wp-content\/uploads\/2026\/01\/WhatsApp-Image-2026-01-03-at-14.10.59-1024x715.jpeg\" \/>\n<meta name=\"author\" content=\"Africascoop\" \/>\n<meta name=\"twitter:card\" content=\"summary_large_image\" \/>\n<meta name=\"twitter:label1\" content=\"\u00c9crit par\" \/>\n\t<meta name=\"twitter:data1\" content=\"Africascoop\" \/>\n\t<meta name=\"twitter:label2\" content=\"Dur\u00e9e de lecture estim\u00e9e\" \/>\n\t<meta name=\"twitter:data2\" content=\"1 minute\" \/>\n<script type=\"application\/ld+json\" class=\"yoast-schema-graph\">{\"@context\":\"https:\/\/schema.org\",\"@graph\":[{\"@type\":\"Article\",\"@id\":\"http:\/\/www.africascoop.net\/index.php\/2026\/01\/04\/choc-geopolitique-a-caracas-larrestation-de-maduro-redessine-lequilibre-latino-americain\/#article\",\"isPartOf\":{\"@id\":\"http:\/\/www.africascoop.net\/index.php\/2026\/01\/04\/choc-geopolitique-a-caracas-larrestation-de-maduro-redessine-lequilibre-latino-americain\/\"},\"author\":{\"name\":\"Africascoop\",\"@id\":\"https:\/\/www.africascoop.net\/#\/schema\/person\/2cbcc632c110d739d93a6b196c67230a\"},\"headline\":\"Choc g\u00e9opolitique \u00e0 Caracas : l\u2019arrestation de Maduro redessine l\u2019\u00e9quilibre latino-am\u00e9ricain\",\"datePublished\":\"2026-01-04T10:37:11+00:00\",\"dateModified\":\"2026-01-04T10:37:43+00:00\",\"mainEntityOfPage\":{\"@id\":\"http:\/\/www.africascoop.net\/index.php\/2026\/01\/04\/choc-geopolitique-a-caracas-larrestation-de-maduro-redessine-lequilibre-latino-americain\/\"},\"wordCount\":160,\"commentCount\":0,\"publisher\":{\"@id\":\"https:\/\/www.africascoop.net\/#organization\"},\"image\":{\"@id\":\"http:\/\/www.africascoop.net\/index.php\/2026\/01\/04\/choc-geopolitique-a-caracas-larrestation-de-maduro-redessine-lequilibre-latino-americain\/#primaryimage\"},\"thumbnailUrl\":\"https:\/\/www.africascoop.net\/wp-content\/uploads\/2026\/01\/WhatsApp-Image-2026-01-03-at-14.10.59-1024x715.jpeg\",\"articleSection\":[\"Exclusif\",\"Politique\"],\"inLanguage\":\"fr-FR\",\"potentialAction\":[{\"@type\":\"CommentAction\",\"name\":\"Comment\",\"target\":[\"http:\/\/www.africascoop.net\/index.php\/2026\/01\/04\/choc-geopolitique-a-caracas-larrestation-de-maduro-redessine-lequilibre-latino-americain\/#respond\"]}]},{\"@type\":\"WebPage\",\"@id\":\"http:\/\/www.africascoop.net\/index.php\/2026\/01\/04\/choc-geopolitique-a-caracas-larrestation-de-maduro-redessine-lequilibre-latino-americain\/\",\"url\":\"http:\/\/www.africascoop.net\/index.php\/2026\/01\/04\/choc-geopolitique-a-caracas-larrestation-de-maduro-redessine-lequilibre-latino-americain\/\",\"name\":\"Choc g\u00e9opolitique \u00e0 Caracas : l\u2019arrestation de Maduro redessine l\u2019\u00e9quilibre latino-am\u00e9ricain - Actualit\u00e9s Africaines\",\"isPartOf\":{\"@id\":\"https:\/\/www.africascoop.net\/#website\"},\"primaryImageOfPage\":{\"@id\":\"http:\/\/www.africascoop.net\/index.php\/2026\/01\/04\/choc-geopolitique-a-caracas-larrestation-de-maduro-redessine-lequilibre-latino-americain\/#primaryimage\"},\"image\":{\"@id\":\"http:\/\/www.africascoop.net\/index.php\/2026\/01\/04\/choc-geopolitique-a-caracas-larrestation-de-maduro-redessine-lequilibre-latino-americain\/#primaryimage\"},\"thumbnailUrl\":\"https:\/\/www.africascoop.net\/wp-content\/uploads\/2026\/01\/WhatsApp-Image-2026-01-03-at-14.10.59-1024x715.jpeg\",\"datePublished\":\"2026-01-04T10:37:11+00:00\",\"dateModified\":\"2026-01-04T10:37:43+00:00\",\"breadcrumb\":{\"@id\":\"http:\/\/www.africascoop.net\/index.php\/2026\/01\/04\/choc-geopolitique-a-caracas-larrestation-de-maduro-redessine-lequilibre-latino-americain\/#breadcrumb\"},\"inLanguage\":\"fr-FR\",\"potentialAction\":[{\"@type\":\"ReadAction\",\"target\":[\"http:\/\/www.africascoop.net\/index.php\/2026\/01\/04\/choc-geopolitique-a-caracas-larrestation-de-maduro-redessine-lequilibre-latino-americain\/\"]}]},{\"@type\":\"ImageObject\",\"inLanguage\":\"fr-FR\",\"@id\":\"http:\/\/www.africascoop.net\/index.php\/2026\/01\/04\/choc-geopolitique-a-caracas-larrestation-de-maduro-redessine-lequilibre-latino-americain\/#primaryimage\",\"url\":\"https:\/\/www.africascoop.net\/wp-content\/uploads\/2026\/01\/WhatsApp-Image-2026-01-03-at-14.10.59.jpeg\",\"contentUrl\":\"https:\/\/www.africascoop.net\/wp-content\/uploads\/2026\/01\/WhatsApp-Image-2026-01-03-at-14.10.59.jpeg\",\"width\":1198,\"height\":836},{\"@type\":\"BreadcrumbList\",\"@id\":\"http:\/\/www.africascoop.net\/index.php\/2026\/01\/04\/choc-geopolitique-a-caracas-larrestation-de-maduro-redessine-lequilibre-latino-americain\/#breadcrumb\",\"itemListElement\":[{\"@type\":\"ListItem\",\"position\":1,\"name\":\"Accueil\",\"item\":\"https:\/\/www.africascoop.net\/\"},{\"@type\":\"ListItem\",\"position\":2,\"name\":\"Choc g\u00e9opolitique \u00e0 Caracas : l\u2019arrestation de Maduro redessine l\u2019\u00e9quilibre latino-am\u00e9ricain\"}]},{\"@type\":\"WebSite\",\"@id\":\"https:\/\/www.africascoop.net\/#website\",\"url\":\"https:\/\/www.africascoop.net\/\",\"name\":\"Actualit\u00e9s Africaines\",\"description\":\"\",\"publisher\":{\"@id\":\"https:\/\/www.africascoop.net\/#organization\"},\"potentialAction\":[{\"@type\":\"SearchAction\",\"target\":{\"@type\":\"EntryPoint\",\"urlTemplate\":\"https:\/\/www.africascoop.net\/?s={search_term_string}\"},\"query-input\":{\"@type\":\"PropertyValueSpecification\",\"valueRequired\":true,\"valueName\":\"search_term_string\"}}],\"inLanguage\":\"fr-FR\"},{\"@type\":\"Organization\",\"@id\":\"https:\/\/www.africascoop.net\/#organization\",\"name\":\"Actualit\u00e9s Africaines\",\"url\":\"https:\/\/www.africascoop.net\/\",\"logo\":{\"@type\":\"ImageObject\",\"inLanguage\":\"fr-FR\",\"@id\":\"https:\/\/www.africascoop.net\/#\/schema\/logo\/image\/\",\"url\":\"https:\/\/www.africascoop.net\/wp-content\/uploads\/2025\/09\/cropped-logo-2.jpg\",\"contentUrl\":\"https:\/\/www.africascoop.net\/wp-content\/uploads\/2025\/09\/cropped-logo-2.jpg\",\"width\":945,\"height\":591,\"caption\":\"Actualit\u00e9s Africaines\"},\"image\":{\"@id\":\"https:\/\/www.africascoop.net\/#\/schema\/logo\/image\/\"}},{\"@type\":\"Person\",\"@id\":\"https:\/\/www.africascoop.net\/#\/schema\/person\/2cbcc632c110d739d93a6b196c67230a\",\"name\":\"Africascoop\",\"image\":{\"@type\":\"ImageObject\",\"inLanguage\":\"fr-FR\",\"@id\":\"https:\/\/www.africascoop.net\/#\/schema\/person\/image\/\",\"url\":\"https:\/\/secure.gravatar.com\/avatar\/230d851f5173f64fe9487b948bd2daf02707ef49aea942bc1bdad649c82025b9?s=96&d=mm&r=g\",\"contentUrl\":\"https:\/\/secure.gravatar.com\/avatar\/230d851f5173f64fe9487b948bd2daf02707ef49aea942bc1bdad649c82025b9?s=96&d=mm&r=g\",\"caption\":\"Africascoop\"},\"url\":\"https:\/\/www.africascoop.net\/index.php\/author\/jul\/\"}]}<\/script>\n<!-- \/ Yoast SEO plugin. -->","yoast_head_json":{"title":"Choc g\u00e9opolitique \u00e0 Caracas : l\u2019arrestation de Maduro redessine l\u2019\u00e9quilibre latino-am\u00e9ricain - Actualit\u00e9s Africaines","robots":{"index":"index","follow":"follow","max-snippet":"max-snippet:-1","max-image-preview":"max-image-preview:large","max-video-preview":"max-video-preview:-1"},"canonical":"http:\/\/www.africascoop.net\/index.php\/2026\/01\/04\/choc-geopolitique-a-caracas-larrestation-de-maduro-redessine-lequilibre-latino-americain\/","og_locale":"fr_FR","og_type":"article","og_title":"Choc g\u00e9opolitique \u00e0 Caracas : l\u2019arrestation de Maduro redessine l\u2019\u00e9quilibre latino-am\u00e9ricain - Actualit\u00e9s Africaines","og_description":"L\u2019arrestation de Nicol\u00e1s Maduro marque une rupture historique dans la strat\u00e9gie am\u00e9ricaine envers le Venezuela, apr\u00e8s des ann\u00e9es","og_url":"http:\/\/www.africascoop.net\/index.php\/2026\/01\/04\/choc-geopolitique-a-caracas-larrestation-de-maduro-redessine-lequilibre-latino-americain\/","og_site_name":"Actualit\u00e9s Africaines","article_published_time":"2026-01-04T10:37:11+00:00","article_modified_time":"2026-01-04T10:37:43+00:00","og_image":[{"url":"https:\/\/www.africascoop.net\/wp-content\/uploads\/2026\/01\/WhatsApp-Image-2026-01-03-at-14.10.59-1024x715.jpeg","type":"","width":"","height":""}],"author":"Africascoop","twitter_card":"summary_large_image","twitter_misc":{"\u00c9crit par":"Africascoop","Dur\u00e9e de lecture estim\u00e9e":"1 minute"},"schema":{"@context":"https:\/\/schema.org","@graph":[{"@type":"Article","@id":"http:\/\/www.africascoop.net\/index.php\/2026\/01\/04\/choc-geopolitique-a-caracas-larrestation-de-maduro-redessine-lequilibre-latino-americain\/#article","isPartOf":{"@id":"http:\/\/www.africascoop.net\/index.php\/2026\/01\/04\/choc-geopolitique-a-caracas-larrestation-de-maduro-redessine-lequilibre-latino-americain\/"},"author":{"name":"Africascoop","@id":"https:\/\/www.africascoop.net\/#\/schema\/person\/2cbcc632c110d739d93a6b196c67230a"},"headline":"Choc g\u00e9opolitique \u00e0 Caracas : l\u2019arrestation de Maduro redessine l\u2019\u00e9quilibre latino-am\u00e9ricain","datePublished":"2026-01-04T10:37:11+00:00","dateModified":"2026-01-04T10:37:43+00:00","mainEntityOfPage":{"@id":"http:\/\/www.africascoop.net\/index.php\/2026\/01\/04\/choc-geopolitique-a-caracas-larrestation-de-maduro-redessine-lequilibre-latino-americain\/"},"wordCount":160,"commentCount":0,"publisher":{"@id":"https:\/\/www.africascoop.net\/#organization"},"image":{"@id":"http:\/\/www.africascoop.net\/index.php\/2026\/01\/04\/choc-geopolitique-a-caracas-larrestation-de-maduro-redessine-lequilibre-latino-americain\/#primaryimage"},"thumbnailUrl":"https:\/\/www.africascoop.net\/wp-content\/uploads\/2026\/01\/WhatsApp-Image-2026-01-03-at-14.10.59-1024x715.jpeg","articleSection":["Exclusif","Politique"],"inLanguage":"fr-FR","potentialAction":[{"@type":"CommentAction","name":"Comment","target":["http:\/\/www.africascoop.net\/index.php\/2026\/01\/04\/choc-geopolitique-a-caracas-larrestation-de-maduro-redessine-lequilibre-latino-americain\/#respond"]}]},{"@type":"WebPage","@id":"http:\/\/www.africascoop.net\/index.php\/2026\/01\/04\/choc-geopolitique-a-caracas-larrestation-de-maduro-redessine-lequilibre-latino-americain\/","url":"http:\/\/www.africascoop.net\/index.php\/2026\/01\/04\/choc-geopolitique-a-caracas-larrestation-de-maduro-redessine-lequilibre-latino-americain\/","name":"Choc g\u00e9opolitique \u00e0 Caracas : l\u2019arrestation de Maduro redessine l\u2019\u00e9quilibre latino-am\u00e9ricain - Actualit\u00e9s Africaines","isPartOf":{"@id":"https:\/\/www.africascoop.net\/#website"},"primaryImageOfPage":{"@id":"http:\/\/www.africascoop.net\/index.php\/2026\/01\/04\/choc-geopolitique-a-caracas-larrestation-de-maduro-redessine-lequilibre-latino-americain\/#primaryimage"},"image":{"@id":"http:\/\/www.africascoop.net\/index.php\/2026\/01\/04\/choc-geopolitique-a-caracas-larrestation-de-maduro-redessine-lequilibre-latino-americain\/#primaryimage"},"thumbnailUrl":"https:\/\/www.africascoop.net\/wp-content\/uploads\/2026\/01\/WhatsApp-Image-2026-01-03-at-14.10.59-1024x715.jpeg","datePublished":"2026-01-04T10:37:11+00:00","dateModified":"2026-01-04T10:37:43+00:00","breadcrumb":{"@id":"http:\/\/www.africascoop.net\/index.php\/2026\/01\/04\/choc-geopolitique-a-caracas-larrestation-de-maduro-redessine-lequilibre-latino-americain\/#breadcrumb"},"inLanguage":"fr-FR","potentialAction":[{"@type":"ReadAction","target":["http:\/\/www.africascoop.net\/index.php\/2026\/01\/04\/choc-geopolitique-a-caracas-larrestation-de-maduro-redessine-lequilibre-latino-americain\/"]}]},{"@type":"ImageObject","inLanguage":"fr-FR","@id":"http:\/\/www.africascoop.net\/index.php\/2026\/01\/04\/choc-geopolitique-a-caracas-larrestation-de-maduro-redessine-lequilibre-latino-americain\/#primaryimage","url":"https:\/\/www.africascoop.net\/wp-content\/uploads\/2026\/01\/WhatsApp-Image-2026-01-03-at-14.10.59.jpeg","contentUrl":"https:\/\/www.africascoop.net\/wp-content\/uploads\/2026\/01\/WhatsApp-Image-2026-01-03-at-14.10.59.jpeg","width":1198,"height":836},{"@type":"BreadcrumbList","@id":"http:\/\/www.africascoop.net\/index.php\/2026\/01\/04\/choc-geopolitique-a-caracas-larrestation-de-maduro-redessine-lequilibre-latino-americain\/#breadcrumb","itemListElement":[{"@type":"ListItem","position":1,"name":"Accueil","item":"https:\/\/www.africascoop.net\/"},{"@type":"ListItem","position":2,"name":"Choc g\u00e9opolitique \u00e0 Caracas : l\u2019arrestation de Maduro redessine l\u2019\u00e9quilibre latino-am\u00e9ricain"}]},{"@type":"WebSite","@id":"https:\/\/www.africascoop.net\/#website","url":"https:\/\/www.africascoop.net\/","name":"Actualit\u00e9s Africaines","description":"","publisher":{"@id":"https:\/\/www.africascoop.net\/#organization"},"potentialAction":[{"@type":"SearchAction","target":{"@type":"EntryPoint","urlTemplate":"https:\/\/www.africascoop.net\/?s={search_term_string}"},"query-input":{"@type":"PropertyValueSpecification","valueRequired":true,"valueName":"search_term_string"}}],"inLanguage":"fr-FR"},{"@type":"Organization","@id":"https:\/\/www.africascoop.net\/#organization","name":"Actualit\u00e9s Africaines","url":"https:\/\/www.africascoop.net\/","logo":{"@type":"ImageObject","inLanguage":"fr-FR","@id":"https:\/\/www.africascoop.net\/#\/schema\/logo\/image\/","url":"https:\/\/www.africascoop.net\/wp-content\/uploads\/2025\/09\/cropped-logo-2.jpg","contentUrl":"https:\/\/www.africascoop.net\/wp-content\/uploads\/2025\/09\/cropped-logo-2.jpg","width":945,"height":591,"caption":"Actualit\u00e9s Africaines"},"image":{"@id":"https:\/\/www.africascoop.net\/#\/schema\/logo\/image\/"}},{"@type":"Person","@id":"https:\/\/www.africascoop.net\/#\/schema\/person\/2cbcc632c110d739d93a6b196c67230a","name":"Africascoop","image":{"@type":"ImageObject","inLanguage":"fr-FR","@id":"https:\/\/www.africascoop.net\/#\/schema\/person\/image\/","url":"https:\/\/secure.gravatar.com\/avatar\/230d851f5173f64fe9487b948bd2daf02707ef49aea942bc1bdad649c82025b9?s=96&d=mm&r=g","contentUrl":"https:\/\/secure.gravatar.com\/avatar\/230d851f5173f64fe9487b948bd2daf02707ef49aea942bc1bdad649c82025b9?s=96&d=mm&r=g","caption":"Africascoop"},"url":"https:\/\/www.africascoop.net\/index.php\/author\/jul\/"}]}},"_links":{"self":[{"href":"https:\/\/www.africascoop.net\/index.php\/wp-json\/wp\/v2\/posts\/1108","targetHints":{"allow":["GET"]}}],"collection":[{"href":"https:\/\/www.africascoop.net\/index.php\/wp-json\/wp\/v2\/posts"}],"about":[{"href":"https:\/\/www.africascoop.net\/index.php\/wp-json\/wp\/v2\/types\/post"}],"author":[{"embeddable":true,"href":"https:\/\/www.africascoop.net\/index.php\/wp-json\/wp\/v2\/users\/3"}],"replies":[{"embeddable":true,"href":"https:\/\/www.africascoop.net\/index.php\/wp-json\/wp\/v2\/comments?post=1108"}],"version-history":[{"count":1,"href":"https:\/\/www.africascoop.net\/index.php\/wp-json\/wp\/v2\/posts\/1108\/revisions"}],"predecessor-version":[{"id":1110,"href":"https:\/\/www.africascoop.net\/index.php\/wp-json\/wp\/v2\/posts\/1108\/revisions\/1110"}],"wp:attachment":[{"href":"https:\/\/www.africascoop.net\/index.php\/wp-json\/wp\/v2\/media?parent=1108"}],"wp:term":[{"taxonomy":"category","embeddable":true,"href":"https:\/\/www.africascoop.net\/index.php\/wp-json\/wp\/v2\/categories?post=1108"},{"taxonomy":"post_tag","embeddable":true,"href":"https:\/\/www.africascoop.net\/index.php\/wp-json\/wp\/v2\/tags?post=1108"}],"curies":[{"name":"wp","href":"https:\/\/api.w.org\/{rel}","templated":true}]}}