{"id":1148,"date":"2026-01-16T22:24:30","date_gmt":"2026-01-16T22:24:30","guid":{"rendered":"https:\/\/www.africascoop.net\/?p=1148"},"modified":"2026-01-16T22:24:33","modified_gmt":"2026-01-16T22:24:33","slug":"depuis-sa-detention-choguel-maiga-appelle-le-mali-et-lalgerie-a-la-retenue-diplomatique","status":"publish","type":"post","link":"https:\/\/www.africascoop.net\/index.php\/2026\/01\/16\/depuis-sa-detention-choguel-maiga-appelle-le-mali-et-lalgerie-a-la-retenue-diplomatique\/","title":{"rendered":"Depuis sa d\u00e9tention : Choguel Ma\u00efga appelle le Mali et l\u2019Alg\u00e9rie \u00e0 la retenue diplomatique"},"content":{"rendered":"\n<figure class=\"wp-block-image size-large\"><img loading=\"lazy\" decoding=\"async\" width=\"1024\" height=\"576\" src=\"https:\/\/www.africascoop.net\/wp-content\/uploads\/2026\/01\/choguel-1024x576.jpg\" alt=\"\" class=\"wp-image-1149\" srcset=\"https:\/\/www.africascoop.net\/wp-content\/uploads\/2026\/01\/choguel-1024x576.jpg 1024w, https:\/\/www.africascoop.net\/wp-content\/uploads\/2026\/01\/choguel-300x169.jpg 300w, https:\/\/www.africascoop.net\/wp-content\/uploads\/2026\/01\/choguel-768x432.jpg 768w, https:\/\/www.africascoop.net\/wp-content\/uploads\/2026\/01\/choguel.jpg 1366w\" sizes=\"auto, (max-width: 1024px) 100vw, 1024px\" \/><\/figure>\n\n\n\n<p><strong><em>L\u2019ancien Premier ministre malien, Choguel Kokalla Ma\u00efga, a adress\u00e9 une lettre ouverte au pr\u00e9sident de la R\u00e9publique alg\u00e9rienne d\u00e9mocratique et populaire, Abdelmadjid Tebboune, dans laquelle il exprime ses pr\u00e9occupations face \u00e0 la d\u00e9gradation des relations diplomatiques entre le Mali et l\u2019Alg\u00e9rie. Dat\u00e9e du 14 janvier 2025 \u00e0 Koulikoro, cette correspondance a \u00e9t\u00e9 \u00e9crite alors que l\u2019ancien chef du gouvernement se trouvait en d\u00e9tention.<\/em><\/strong><\/p>\n\n\n\n<p>Dans cette lettre, Choguel Ma\u00efga affirme s\u2019exprimer en tant que citoyen profond\u00e9ment attach\u00e9 \u00e0 l\u2019unit\u00e9 nationale du Mali, \u00e0 l\u2019int\u00e9grit\u00e9 de son territoire et \u00e0 la souverainet\u00e9 de l\u2019\u00c9tat, mais \u00e9galement \u00e0 la solidit\u00e9 des liens historiques et fraternels unissant le Mali et l\u2019Alg\u00e9rie. Malgr\u00e9 sa situation personnelle, il dit agir par souci de paix et de responsabilit\u00e9, anim\u00e9 par la volont\u00e9 de pr\u00e9server une relation bilat\u00e9rale qu\u2019il juge essentielle pour la stabilit\u00e9 r\u00e9gionale.<\/p>\n\n\n\n<p>L\u2019ancien Premier ministre rappelle le parcours historique du peuple alg\u00e9rien, saluant son combat contre la domination \u00e9trang\u00e8re et sa contribution aux luttes de lib\u00e9ration des peuples opprim\u00e9s. Il indique avoir suivi, avec une grande attention et une profonde inqui\u00e9tude, les r\u00e9centes prises de position des responsables des deux \u00c9tats, tant dans les forums internationaux que dans les m\u00e9dias.<\/p>\n\n\n\n<p>Selon lui, une situation d\u2019incompr\u00e9hension s\u2019est progressivement install\u00e9e, marqu\u00e9e par des pol\u00e9miques, des accusations et des invectives r\u00e9ciproques sur la sc\u00e8ne diplomatique internationale. Une dynamique qu\u2019il consid\u00e8re comme dangereuse et pr\u00e9judiciable \u00e0 la s\u00e9curit\u00e9 des deux peuples, ainsi qu\u2019aux relations de bon voisinage qui ont historiquement pr\u00e9valu entre le Mali et l\u2019Alg\u00e9rie.<\/p>\n\n\n\n<p>Choguel Ma\u00efga cite notamment les interventions des repr\u00e9sentants officiels des deux pays lors de la 80\u1d49 session de l\u2019Assembl\u00e9e g\u00e9n\u00e9rale des Nations unies, en septembre 2025. Il estime que certaines agressions verbales observ\u00e9es \u00e0 cette tribune \u00e9taient inappropri\u00e9es et contre-productives. Il \u00e9voque \u00e9galement la conf\u00e9rence de presse du ministre alg\u00e9rien des Affaires \u00e9trang\u00e8res, Ahmed Attaf, tenue le 18 novembre 2025, ainsi que l\u2019intervention de l\u2019ambassadeur d\u2019Alg\u00e9rie aux \u00c9tats-Unis, Sabri Boudouma, lors d\u2019un panel diplomatique \u00e0 Washington le 24 novembre 2025. Des d\u00e9clarations qui, selon lui, suscitent des inqui\u00e9tudes quant \u00e0 la perception de la situation r\u00e9elle au Nord du Mali.<\/p>\n\n\n\n<p>Pour l\u2019ancien chef du gouvernement, ces prises de position publiques portent atteinte \u00e0 l\u2019image des deux \u00c9tats et fragilisent la confiance mutuelle indispensable \u00e0 des relations fraternelles et durables. Depuis sa d\u00e9tention, il lance ainsi un appel solennel \u00e0 la retenue et \u00e0 la raison, invitant les dirigeants et personnalit\u00e9s publiques des deux pays \u00e0 ne jamais perdre de vue les liens historiques, humains et culturels qui unissent Maliens et Alg\u00e9riens.<\/p>\n\n\n\n<p>Reconnaissant que les relations entre les gouvernements des deux pays ont connu des tensions ces derni\u00e8res ann\u00e9es, Choguel Ma\u00efga insiste toutefois sur la n\u00e9cessit\u00e9 de conserver le sens de l\u2019histoire, de la responsabilit\u00e9 et du \u00ab temps long \u00bb dans la conduite des relations diplomatiques. Il plaide pour une patience strat\u00e9gique et un discernement constant afin d\u2019\u00e9viter toute escalade nuisible aux int\u00e9r\u00eats des peuples.<\/p>\n\n\n\n<p>Dans cette d\u00e9marche, il indique avoir joint \u00e0 sa lettre un m\u00e9morandum destin\u00e9 \u00e0 porter \u00e0 l\u2019attention du pr\u00e9sident alg\u00e9rien certains faits et \u00e9l\u00e9ments d\u2019analyse susceptibles de contribuer \u00e0 l\u2019am\u00e9lioration des relations bilat\u00e9rales. Il soutient qu\u2019un probl\u00e8me existe, mais que son examen \u00e0 la lumi\u00e8re de l\u2019histoire, ancienne et r\u00e9cente, peut permettre de le d\u00e9passer.<\/p>\n\n\n\n<p>Enfin, Choguel Kokalla Ma\u00efga rappelle que ses positions sur ces questions s\u2019inscrivent dans la continuit\u00e9 de travaux et de publications ant\u00e9rieurs consacr\u00e9s aux r\u00e9bellions au Nord du Mali, \u00e0 la crise de l\u2019\u00c9tat et \u00e0 l\u2019histoire des r\u00e9sistances locales. Concluant sa lettre dans un contexte symbolique, marqu\u00e9 par le mois sacr\u00e9 de Rajab et la Journ\u00e9e nationale de la souverainet\u00e9 retrouv\u00e9e du Mali, l\u2019ancien Premier ministre r\u00e9affirme son souhait de voir pr\u00e9valoir la concorde, la compr\u00e9hension mutuelle et la fraternit\u00e9 entre les peuples malien et alg\u00e9rien.<\/p>\n\n\n\n<p>Par Abdrahamane Baba Kouyat\u00e9<\/p>\n","protected":false},"excerpt":{"rendered":"<p>L\u2019ancien Premier ministre malien, Choguel Kokalla Ma\u00efga, a adress\u00e9 une lettre ouverte au pr\u00e9sident de la R\u00e9publique alg\u00e9rienne<\/p>\n","protected":false},"author":3,"featured_media":0,"comment_status":"open","ping_status":"open","sticky":false,"template":"","format":"standard","meta":{"footnotes":""},"categories":[36],"tags":[],"class_list":["post-1148","post","type-post","status-publish","format-standard","hentry","category-exclusif"],"yoast_head":"<!-- This site is optimized with the Yoast SEO plugin v26.0 - https:\/\/yoast.com\/wordpress\/plugins\/seo\/ -->\n<title>Depuis sa d\u00e9tention : Choguel Ma\u00efga appelle le Mali et l\u2019Alg\u00e9rie \u00e0 la retenue diplomatique - Actualit\u00e9s Africaines<\/title>\n<meta name=\"robots\" content=\"index, follow, max-snippet:-1, max-image-preview:large, max-video-preview:-1\" \/>\n<link rel=\"canonical\" href=\"https:\/\/www.africascoop.net\/index.php\/2026\/01\/16\/depuis-sa-detention-choguel-maiga-appelle-le-mali-et-lalgerie-a-la-retenue-diplomatique\/\" \/>\n<meta property=\"og:locale\" content=\"fr_FR\" \/>\n<meta property=\"og:type\" content=\"article\" \/>\n<meta property=\"og:title\" content=\"Depuis sa d\u00e9tention : Choguel Ma\u00efga appelle le Mali et l\u2019Alg\u00e9rie \u00e0 la retenue diplomatique - Actualit\u00e9s Africaines\" \/>\n<meta property=\"og:description\" content=\"L\u2019ancien Premier ministre malien, Choguel Kokalla Ma\u00efga, a adress\u00e9 une lettre ouverte au pr\u00e9sident de la R\u00e9publique alg\u00e9rienne\" \/>\n<meta property=\"og:url\" content=\"https:\/\/www.africascoop.net\/index.php\/2026\/01\/16\/depuis-sa-detention-choguel-maiga-appelle-le-mali-et-lalgerie-a-la-retenue-diplomatique\/\" \/>\n<meta property=\"og:site_name\" content=\"Actualit\u00e9s Africaines\" \/>\n<meta property=\"article:published_time\" content=\"2026-01-16T22:24:30+00:00\" \/>\n<meta property=\"article:modified_time\" content=\"2026-01-16T22:24:33+00:00\" \/>\n<meta property=\"og:image\" content=\"https:\/\/www.africascoop.net\/wp-content\/uploads\/2026\/01\/choguel-1024x576.jpg\" \/>\n<meta name=\"author\" content=\"Africascoop\" \/>\n<meta name=\"twitter:card\" content=\"summary_large_image\" \/>\n<meta name=\"twitter:label1\" content=\"\u00c9crit par\" \/>\n\t<meta name=\"twitter:data1\" content=\"Africascoop\" \/>\n\t<meta name=\"twitter:label2\" content=\"Dur\u00e9e de lecture estim\u00e9e\" \/>\n\t<meta name=\"twitter:data2\" content=\"4 minutes\" \/>\n<script type=\"application\/ld+json\" class=\"yoast-schema-graph\">{\"@context\":\"https:\/\/schema.org\",\"@graph\":[{\"@type\":\"Article\",\"@id\":\"https:\/\/www.africascoop.net\/index.php\/2026\/01\/16\/depuis-sa-detention-choguel-maiga-appelle-le-mali-et-lalgerie-a-la-retenue-diplomatique\/#article\",\"isPartOf\":{\"@id\":\"https:\/\/www.africascoop.net\/index.php\/2026\/01\/16\/depuis-sa-detention-choguel-maiga-appelle-le-mali-et-lalgerie-a-la-retenue-diplomatique\/\"},\"author\":{\"name\":\"Africascoop\",\"@id\":\"https:\/\/www.africascoop.net\/#\/schema\/person\/2cbcc632c110d739d93a6b196c67230a\"},\"headline\":\"Depuis sa d\u00e9tention : Choguel Ma\u00efga appelle le Mali et l\u2019Alg\u00e9rie \u00e0 la retenue diplomatique\",\"datePublished\":\"2026-01-16T22:24:30+00:00\",\"dateModified\":\"2026-01-16T22:24:33+00:00\",\"mainEntityOfPage\":{\"@id\":\"https:\/\/www.africascoop.net\/index.php\/2026\/01\/16\/depuis-sa-detention-choguel-maiga-appelle-le-mali-et-lalgerie-a-la-retenue-diplomatique\/\"},\"wordCount\":726,\"commentCount\":0,\"publisher\":{\"@id\":\"https:\/\/www.africascoop.net\/#organization\"},\"image\":{\"@id\":\"https:\/\/www.africascoop.net\/index.php\/2026\/01\/16\/depuis-sa-detention-choguel-maiga-appelle-le-mali-et-lalgerie-a-la-retenue-diplomatique\/#primaryimage\"},\"thumbnailUrl\":\"https:\/\/www.africascoop.net\/wp-content\/uploads\/2026\/01\/choguel-1024x576.jpg\",\"articleSection\":[\"Exclusif\"],\"inLanguage\":\"fr-FR\",\"potentialAction\":[{\"@type\":\"CommentAction\",\"name\":\"Comment\",\"target\":[\"https:\/\/www.africascoop.net\/index.php\/2026\/01\/16\/depuis-sa-detention-choguel-maiga-appelle-le-mali-et-lalgerie-a-la-retenue-diplomatique\/#respond\"]}]},{\"@type\":\"WebPage\",\"@id\":\"https:\/\/www.africascoop.net\/index.php\/2026\/01\/16\/depuis-sa-detention-choguel-maiga-appelle-le-mali-et-lalgerie-a-la-retenue-diplomatique\/\",\"url\":\"https:\/\/www.africascoop.net\/index.php\/2026\/01\/16\/depuis-sa-detention-choguel-maiga-appelle-le-mali-et-lalgerie-a-la-retenue-diplomatique\/\",\"name\":\"Depuis sa d\u00e9tention : Choguel Ma\u00efga appelle le Mali et l\u2019Alg\u00e9rie \u00e0 la retenue diplomatique - Actualit\u00e9s Africaines\",\"isPartOf\":{\"@id\":\"https:\/\/www.africascoop.net\/#website\"},\"primaryImageOfPage\":{\"@id\":\"https:\/\/www.africascoop.net\/index.php\/2026\/01\/16\/depuis-sa-detention-choguel-maiga-appelle-le-mali-et-lalgerie-a-la-retenue-diplomatique\/#primaryimage\"},\"image\":{\"@id\":\"https:\/\/www.africascoop.net\/index.php\/2026\/01\/16\/depuis-sa-detention-choguel-maiga-appelle-le-mali-et-lalgerie-a-la-retenue-diplomatique\/#primaryimage\"},\"thumbnailUrl\":\"https:\/\/www.africascoop.net\/wp-content\/uploads\/2026\/01\/choguel-1024x576.jpg\",\"datePublished\":\"2026-01-16T22:24:30+00:00\",\"dateModified\":\"2026-01-16T22:24:33+00:00\",\"breadcrumb\":{\"@id\":\"https:\/\/www.africascoop.net\/index.php\/2026\/01\/16\/depuis-sa-detention-choguel-maiga-appelle-le-mali-et-lalgerie-a-la-retenue-diplomatique\/#breadcrumb\"},\"inLanguage\":\"fr-FR\",\"potentialAction\":[{\"@type\":\"ReadAction\",\"target\":[\"https:\/\/www.africascoop.net\/index.php\/2026\/01\/16\/depuis-sa-detention-choguel-maiga-appelle-le-mali-et-lalgerie-a-la-retenue-diplomatique\/\"]}]},{\"@type\":\"ImageObject\",\"inLanguage\":\"fr-FR\",\"@id\":\"https:\/\/www.africascoop.net\/index.php\/2026\/01\/16\/depuis-sa-detention-choguel-maiga-appelle-le-mali-et-lalgerie-a-la-retenue-diplomatique\/#primaryimage\",\"url\":\"https:\/\/www.africascoop.net\/wp-content\/uploads\/2026\/01\/choguel.jpg\",\"contentUrl\":\"https:\/\/www.africascoop.net\/wp-content\/uploads\/2026\/01\/choguel.jpg\",\"width\":1366,\"height\":768},{\"@type\":\"BreadcrumbList\",\"@id\":\"https:\/\/www.africascoop.net\/index.php\/2026\/01\/16\/depuis-sa-detention-choguel-maiga-appelle-le-mali-et-lalgerie-a-la-retenue-diplomatique\/#breadcrumb\",\"itemListElement\":[{\"@type\":\"ListItem\",\"position\":1,\"name\":\"Accueil\",\"item\":\"https:\/\/www.africascoop.net\/\"},{\"@type\":\"ListItem\",\"position\":2,\"name\":\"Depuis sa d\u00e9tention : Choguel Ma\u00efga appelle le Mali et l\u2019Alg\u00e9rie \u00e0 la retenue diplomatique\"}]},{\"@type\":\"WebSite\",\"@id\":\"https:\/\/www.africascoop.net\/#website\",\"url\":\"https:\/\/www.africascoop.net\/\",\"name\":\"Actualit\u00e9s Africaines\",\"description\":\"\",\"publisher\":{\"@id\":\"https:\/\/www.africascoop.net\/#organization\"},\"potentialAction\":[{\"@type\":\"SearchAction\",\"target\":{\"@type\":\"EntryPoint\",\"urlTemplate\":\"https:\/\/www.africascoop.net\/?s={search_term_string}\"},\"query-input\":{\"@type\":\"PropertyValueSpecification\",\"valueRequired\":true,\"valueName\":\"search_term_string\"}}],\"inLanguage\":\"fr-FR\"},{\"@type\":\"Organization\",\"@id\":\"https:\/\/www.africascoop.net\/#organization\",\"name\":\"Actualit\u00e9s Africaines\",\"url\":\"https:\/\/www.africascoop.net\/\",\"logo\":{\"@type\":\"ImageObject\",\"inLanguage\":\"fr-FR\",\"@id\":\"https:\/\/www.africascoop.net\/#\/schema\/logo\/image\/\",\"url\":\"https:\/\/www.africascoop.net\/wp-content\/uploads\/2025\/09\/cropped-logo-2.jpg\",\"contentUrl\":\"https:\/\/www.africascoop.net\/wp-content\/uploads\/2025\/09\/cropped-logo-2.jpg\",\"width\":945,\"height\":591,\"caption\":\"Actualit\u00e9s Africaines\"},\"image\":{\"@id\":\"https:\/\/www.africascoop.net\/#\/schema\/logo\/image\/\"}},{\"@type\":\"Person\",\"@id\":\"https:\/\/www.africascoop.net\/#\/schema\/person\/2cbcc632c110d739d93a6b196c67230a\",\"name\":\"Africascoop\",\"image\":{\"@type\":\"ImageObject\",\"inLanguage\":\"fr-FR\",\"@id\":\"https:\/\/www.africascoop.net\/#\/schema\/person\/image\/\",\"url\":\"https:\/\/secure.gravatar.com\/avatar\/230d851f5173f64fe9487b948bd2daf02707ef49aea942bc1bdad649c82025b9?s=96&d=mm&r=g\",\"contentUrl\":\"https:\/\/secure.gravatar.com\/avatar\/230d851f5173f64fe9487b948bd2daf02707ef49aea942bc1bdad649c82025b9?s=96&d=mm&r=g\",\"caption\":\"Africascoop\"},\"url\":\"https:\/\/www.africascoop.net\/index.php\/author\/jul\/\"}]}<\/script>\n<!-- \/ Yoast SEO plugin. -->","yoast_head_json":{"title":"Depuis sa d\u00e9tention : Choguel Ma\u00efga appelle le Mali et l\u2019Alg\u00e9rie \u00e0 la retenue diplomatique - Actualit\u00e9s Africaines","robots":{"index":"index","follow":"follow","max-snippet":"max-snippet:-1","max-image-preview":"max-image-preview:large","max-video-preview":"max-video-preview:-1"},"canonical":"https:\/\/www.africascoop.net\/index.php\/2026\/01\/16\/depuis-sa-detention-choguel-maiga-appelle-le-mali-et-lalgerie-a-la-retenue-diplomatique\/","og_locale":"fr_FR","og_type":"article","og_title":"Depuis sa d\u00e9tention : Choguel Ma\u00efga appelle le Mali et l\u2019Alg\u00e9rie \u00e0 la retenue diplomatique - Actualit\u00e9s Africaines","og_description":"L\u2019ancien Premier ministre malien, Choguel Kokalla Ma\u00efga, a adress\u00e9 une lettre ouverte au pr\u00e9sident de la R\u00e9publique alg\u00e9rienne","og_url":"https:\/\/www.africascoop.net\/index.php\/2026\/01\/16\/depuis-sa-detention-choguel-maiga-appelle-le-mali-et-lalgerie-a-la-retenue-diplomatique\/","og_site_name":"Actualit\u00e9s Africaines","article_published_time":"2026-01-16T22:24:30+00:00","article_modified_time":"2026-01-16T22:24:33+00:00","og_image":[{"url":"https:\/\/www.africascoop.net\/wp-content\/uploads\/2026\/01\/choguel-1024x576.jpg","type":"","width":"","height":""}],"author":"Africascoop","twitter_card":"summary_large_image","twitter_misc":{"\u00c9crit par":"Africascoop","Dur\u00e9e de lecture estim\u00e9e":"4 minutes"},"schema":{"@context":"https:\/\/schema.org","@graph":[{"@type":"Article","@id":"https:\/\/www.africascoop.net\/index.php\/2026\/01\/16\/depuis-sa-detention-choguel-maiga-appelle-le-mali-et-lalgerie-a-la-retenue-diplomatique\/#article","isPartOf":{"@id":"https:\/\/www.africascoop.net\/index.php\/2026\/01\/16\/depuis-sa-detention-choguel-maiga-appelle-le-mali-et-lalgerie-a-la-retenue-diplomatique\/"},"author":{"name":"Africascoop","@id":"https:\/\/www.africascoop.net\/#\/schema\/person\/2cbcc632c110d739d93a6b196c67230a"},"headline":"Depuis sa d\u00e9tention : Choguel Ma\u00efga appelle le Mali et l\u2019Alg\u00e9rie \u00e0 la retenue diplomatique","datePublished":"2026-01-16T22:24:30+00:00","dateModified":"2026-01-16T22:24:33+00:00","mainEntityOfPage":{"@id":"https:\/\/www.africascoop.net\/index.php\/2026\/01\/16\/depuis-sa-detention-choguel-maiga-appelle-le-mali-et-lalgerie-a-la-retenue-diplomatique\/"},"wordCount":726,"commentCount":0,"publisher":{"@id":"https:\/\/www.africascoop.net\/#organization"},"image":{"@id":"https:\/\/www.africascoop.net\/index.php\/2026\/01\/16\/depuis-sa-detention-choguel-maiga-appelle-le-mali-et-lalgerie-a-la-retenue-diplomatique\/#primaryimage"},"thumbnailUrl":"https:\/\/www.africascoop.net\/wp-content\/uploads\/2026\/01\/choguel-1024x576.jpg","articleSection":["Exclusif"],"inLanguage":"fr-FR","potentialAction":[{"@type":"CommentAction","name":"Comment","target":["https:\/\/www.africascoop.net\/index.php\/2026\/01\/16\/depuis-sa-detention-choguel-maiga-appelle-le-mali-et-lalgerie-a-la-retenue-diplomatique\/#respond"]}]},{"@type":"WebPage","@id":"https:\/\/www.africascoop.net\/index.php\/2026\/01\/16\/depuis-sa-detention-choguel-maiga-appelle-le-mali-et-lalgerie-a-la-retenue-diplomatique\/","url":"https:\/\/www.africascoop.net\/index.php\/2026\/01\/16\/depuis-sa-detention-choguel-maiga-appelle-le-mali-et-lalgerie-a-la-retenue-diplomatique\/","name":"Depuis sa d\u00e9tention : Choguel Ma\u00efga appelle le Mali et l\u2019Alg\u00e9rie \u00e0 la retenue diplomatique - Actualit\u00e9s Africaines","isPartOf":{"@id":"https:\/\/www.africascoop.net\/#website"},"primaryImageOfPage":{"@id":"https:\/\/www.africascoop.net\/index.php\/2026\/01\/16\/depuis-sa-detention-choguel-maiga-appelle-le-mali-et-lalgerie-a-la-retenue-diplomatique\/#primaryimage"},"image":{"@id":"https:\/\/www.africascoop.net\/index.php\/2026\/01\/16\/depuis-sa-detention-choguel-maiga-appelle-le-mali-et-lalgerie-a-la-retenue-diplomatique\/#primaryimage"},"thumbnailUrl":"https:\/\/www.africascoop.net\/wp-content\/uploads\/2026\/01\/choguel-1024x576.jpg","datePublished":"2026-01-16T22:24:30+00:00","dateModified":"2026-01-16T22:24:33+00:00","breadcrumb":{"@id":"https:\/\/www.africascoop.net\/index.php\/2026\/01\/16\/depuis-sa-detention-choguel-maiga-appelle-le-mali-et-lalgerie-a-la-retenue-diplomatique\/#breadcrumb"},"inLanguage":"fr-FR","potentialAction":[{"@type":"ReadAction","target":["https:\/\/www.africascoop.net\/index.php\/2026\/01\/16\/depuis-sa-detention-choguel-maiga-appelle-le-mali-et-lalgerie-a-la-retenue-diplomatique\/"]}]},{"@type":"ImageObject","inLanguage":"fr-FR","@id":"https:\/\/www.africascoop.net\/index.php\/2026\/01\/16\/depuis-sa-detention-choguel-maiga-appelle-le-mali-et-lalgerie-a-la-retenue-diplomatique\/#primaryimage","url":"https:\/\/www.africascoop.net\/wp-content\/uploads\/2026\/01\/choguel.jpg","contentUrl":"https:\/\/www.africascoop.net\/wp-content\/uploads\/2026\/01\/choguel.jpg","width":1366,"height":768},{"@type":"BreadcrumbList","@id":"https:\/\/www.africascoop.net\/index.php\/2026\/01\/16\/depuis-sa-detention-choguel-maiga-appelle-le-mali-et-lalgerie-a-la-retenue-diplomatique\/#breadcrumb","itemListElement":[{"@type":"ListItem","position":1,"name":"Accueil","item":"https:\/\/www.africascoop.net\/"},{"@type":"ListItem","position":2,"name":"Depuis sa d\u00e9tention : Choguel Ma\u00efga appelle le Mali et l\u2019Alg\u00e9rie \u00e0 la retenue diplomatique"}]},{"@type":"WebSite","@id":"https:\/\/www.africascoop.net\/#website","url":"https:\/\/www.africascoop.net\/","name":"Actualit\u00e9s Africaines","description":"","publisher":{"@id":"https:\/\/www.africascoop.net\/#organization"},"potentialAction":[{"@type":"SearchAction","target":{"@type":"EntryPoint","urlTemplate":"https:\/\/www.africascoop.net\/?s={search_term_string}"},"query-input":{"@type":"PropertyValueSpecification","valueRequired":true,"valueName":"search_term_string"}}],"inLanguage":"fr-FR"},{"@type":"Organization","@id":"https:\/\/www.africascoop.net\/#organization","name":"Actualit\u00e9s Africaines","url":"https:\/\/www.africascoop.net\/","logo":{"@type":"ImageObject","inLanguage":"fr-FR","@id":"https:\/\/www.africascoop.net\/#\/schema\/logo\/image\/","url":"https:\/\/www.africascoop.net\/wp-content\/uploads\/2025\/09\/cropped-logo-2.jpg","contentUrl":"https:\/\/www.africascoop.net\/wp-content\/uploads\/2025\/09\/cropped-logo-2.jpg","width":945,"height":591,"caption":"Actualit\u00e9s Africaines"},"image":{"@id":"https:\/\/www.africascoop.net\/#\/schema\/logo\/image\/"}},{"@type":"Person","@id":"https:\/\/www.africascoop.net\/#\/schema\/person\/2cbcc632c110d739d93a6b196c67230a","name":"Africascoop","image":{"@type":"ImageObject","inLanguage":"fr-FR","@id":"https:\/\/www.africascoop.net\/#\/schema\/person\/image\/","url":"https:\/\/secure.gravatar.com\/avatar\/230d851f5173f64fe9487b948bd2daf02707ef49aea942bc1bdad649c82025b9?s=96&d=mm&r=g","contentUrl":"https:\/\/secure.gravatar.com\/avatar\/230d851f5173f64fe9487b948bd2daf02707ef49aea942bc1bdad649c82025b9?s=96&d=mm&r=g","caption":"Africascoop"},"url":"https:\/\/www.africascoop.net\/index.php\/author\/jul\/"}]}},"_links":{"self":[{"href":"https:\/\/www.africascoop.net\/index.php\/wp-json\/wp\/v2\/posts\/1148","targetHints":{"allow":["GET"]}}],"collection":[{"href":"https:\/\/www.africascoop.net\/index.php\/wp-json\/wp\/v2\/posts"}],"about":[{"href":"https:\/\/www.africascoop.net\/index.php\/wp-json\/wp\/v2\/types\/post"}],"author":[{"embeddable":true,"href":"https:\/\/www.africascoop.net\/index.php\/wp-json\/wp\/v2\/users\/3"}],"replies":[{"embeddable":true,"href":"https:\/\/www.africascoop.net\/index.php\/wp-json\/wp\/v2\/comments?post=1148"}],"version-history":[{"count":1,"href":"https:\/\/www.africascoop.net\/index.php\/wp-json\/wp\/v2\/posts\/1148\/revisions"}],"predecessor-version":[{"id":1150,"href":"https:\/\/www.africascoop.net\/index.php\/wp-json\/wp\/v2\/posts\/1148\/revisions\/1150"}],"wp:attachment":[{"href":"https:\/\/www.africascoop.net\/index.php\/wp-json\/wp\/v2\/media?parent=1148"}],"wp:term":[{"taxonomy":"category","embeddable":true,"href":"https:\/\/www.africascoop.net\/index.php\/wp-json\/wp\/v2\/categories?post=1148"},{"taxonomy":"post_tag","embeddable":true,"href":"https:\/\/www.africascoop.net\/index.php\/wp-json\/wp\/v2\/tags?post=1148"}],"curies":[{"name":"wp","href":"https:\/\/api.w.org\/{rel}","templated":true}]}}