{"id":1151,"date":"2026-01-16T22:29:28","date_gmt":"2026-01-16T22:29:28","guid":{"rendered":"https:\/\/www.africascoop.net\/?p=1151"},"modified":"2026-01-16T22:29:32","modified_gmt":"2026-01-16T22:29:32","slug":"le-mali-interdit-le-journal-jeune-afrique-pour-apologie-du-terrorisme-et-atteinte-a-lordre-public","status":"publish","type":"post","link":"https:\/\/www.africascoop.net\/index.php\/2026\/01\/16\/le-mali-interdit-le-journal-jeune-afrique-pour-apologie-du-terrorisme-et-atteinte-a-lordre-public\/","title":{"rendered":"Le Mali interdit le journal Jeune Afrique pour \u00ab apologie du terrorisme et atteinte \u00e0 l\u2019ordre public \u00bb"},"content":{"rendered":"\n<figure class=\"wp-block-image size-large\"><img loading=\"lazy\" decoding=\"async\" width=\"1024\" height=\"576\" src=\"https:\/\/www.africascoop.net\/wp-content\/uploads\/2026\/01\/assimi-goita-1024x576.jpg\" alt=\"\" class=\"wp-image-1152\" srcset=\"https:\/\/www.africascoop.net\/wp-content\/uploads\/2026\/01\/assimi-goita-1024x576.jpg 1024w, https:\/\/www.africascoop.net\/wp-content\/uploads\/2026\/01\/assimi-goita-300x169.jpg 300w, https:\/\/www.africascoop.net\/wp-content\/uploads\/2026\/01\/assimi-goita-768x432.jpg 768w, https:\/\/www.africascoop.net\/wp-content\/uploads\/2026\/01\/assimi-goita.jpg 1366w\" sizes=\"auto, (max-width: 1024px) 100vw, 1024px\" \/><\/figure>\n\n\n\n<p><strong><em>Ce vendredi 16 janvier 2026, le gouvernement malien a d\u00e9cid\u00e9 d\u2019interdire la circulation, la distribution et la vente du journal Jeune Afrique sur toute l\u2019\u00e9tendue du territoire national. La mesure a \u00e9t\u00e9 prise par le ministre de l\u2019Administration territoriale et de la D\u00e9centralisation, le g\u00e9n\u00e9ral de division Abdoulaye Ma\u00efga, invoquant la n\u00e9cessit\u00e9 de pr\u00e9server l\u2019ordre public.<\/em><\/strong><\/p>\n\n\n\n<p>Dans une d\u00e9cision officielle, le minist\u00e8re s\u2019appuie sur la Constitution, la Charte de la Transition r\u00e9vis\u00e9e, la loi portant r\u00e9gime de la presse et d\u00e9lit de presse, ainsi que le d\u00e9cret de nomination des membres du gouvernement. Les autorit\u00e9s reprochent au journal panafricain la diffusion d\u2019accusations jug\u00e9es fallacieuses et subversives contre le Mali, notamment en lien avec la perturbation de l\u2019approvisionnement en hydrocarbures, ainsi que des contenus assimil\u00e9s \u00e0 une apologie du terrorisme.<\/p>\n\n\n\n<p>La d\u00e9cision \u00e9voque \u00e9galement une absence d\u2019\u00e9quilibre et d\u2019objectivit\u00e9 dans le traitement de l\u2019information, marqu\u00e9e par des all\u00e9gations sans fondement d\u2019exactions imput\u00e9es aux autorit\u00e9s des pays de la Conf\u00e9d\u00e9ration des \u00c9tats du Sahel et aux Forces arm\u00e9es burkinab\u00e8. Le gouvernement d\u00e9nonce en outre des pratiques de diffamation et d\u2019incitation \u00e0 la haine, susceptibles de porter atteinte \u00e0 la coh\u00e9sion sociale.<\/p>\n\n\n\n<p>Tout contrevenant \u00e0 cette interdiction s\u2019exposera aux sanctions pr\u00e9vues par la r\u00e9glementation en vigueur. La mesure prend effet \u00e0 compter de sa date de signature et sera communiqu\u00e9e et publi\u00e9e partout o\u00f9 besoin sera.<\/p>\n\n\n\n<p>Par ABK<\/p>\n","protected":false},"excerpt":{"rendered":"<p>Ce vendredi 16 janvier 2026, le gouvernement malien a d\u00e9cid\u00e9 d\u2019interdire la circulation, la distribution et la vente<\/p>\n","protected":false},"author":3,"featured_media":0,"comment_status":"open","ping_status":"open","sticky":false,"template":"","format":"standard","meta":{"footnotes":""},"categories":[15,36],"tags":[],"class_list":["post-1151","post","type-post","status-publish","format-standard","hentry","category-actualites-internationales","category-exclusif"],"yoast_head":"<!-- This site is optimized with the Yoast SEO plugin v26.0 - https:\/\/yoast.com\/wordpress\/plugins\/seo\/ -->\n<title>Le Mali interdit le journal Jeune Afrique pour \u00ab apologie du terrorisme et atteinte \u00e0 l\u2019ordre public \u00bb - Actualit\u00e9s Africaines<\/title>\n<meta name=\"robots\" content=\"index, follow, max-snippet:-1, max-image-preview:large, max-video-preview:-1\" \/>\n<link rel=\"canonical\" href=\"http:\/\/www.africascoop.net\/index.php\/2026\/01\/16\/le-mali-interdit-le-journal-jeune-afrique-pour-apologie-du-terrorisme-et-atteinte-a-lordre-public\/\" \/>\n<meta property=\"og:locale\" content=\"fr_FR\" \/>\n<meta property=\"og:type\" content=\"article\" \/>\n<meta property=\"og:title\" content=\"Le Mali interdit le journal Jeune Afrique pour \u00ab apologie du terrorisme et atteinte \u00e0 l\u2019ordre public \u00bb - Actualit\u00e9s Africaines\" \/>\n<meta property=\"og:description\" content=\"Ce vendredi 16 janvier 2026, le gouvernement malien a d\u00e9cid\u00e9 d\u2019interdire la circulation, la distribution et la vente\" \/>\n<meta property=\"og:url\" content=\"http:\/\/www.africascoop.net\/index.php\/2026\/01\/16\/le-mali-interdit-le-journal-jeune-afrique-pour-apologie-du-terrorisme-et-atteinte-a-lordre-public\/\" \/>\n<meta property=\"og:site_name\" content=\"Actualit\u00e9s Africaines\" \/>\n<meta property=\"article:published_time\" content=\"2026-01-16T22:29:28+00:00\" \/>\n<meta property=\"article:modified_time\" content=\"2026-01-16T22:29:32+00:00\" \/>\n<meta property=\"og:image\" content=\"https:\/\/www.africascoop.net\/wp-content\/uploads\/2026\/01\/assimi-goita-1024x576.jpg\" \/>\n<meta name=\"author\" content=\"Africascoop\" \/>\n<meta name=\"twitter:card\" content=\"summary_large_image\" \/>\n<meta name=\"twitter:label1\" content=\"\u00c9crit par\" \/>\n\t<meta name=\"twitter:data1\" content=\"Africascoop\" \/>\n\t<meta name=\"twitter:label2\" content=\"Dur\u00e9e de lecture estim\u00e9e\" \/>\n\t<meta name=\"twitter:data2\" content=\"2 minutes\" \/>\n<script type=\"application\/ld+json\" class=\"yoast-schema-graph\">{\"@context\":\"https:\/\/schema.org\",\"@graph\":[{\"@type\":\"Article\",\"@id\":\"http:\/\/www.africascoop.net\/index.php\/2026\/01\/16\/le-mali-interdit-le-journal-jeune-afrique-pour-apologie-du-terrorisme-et-atteinte-a-lordre-public\/#article\",\"isPartOf\":{\"@id\":\"http:\/\/www.africascoop.net\/index.php\/2026\/01\/16\/le-mali-interdit-le-journal-jeune-afrique-pour-apologie-du-terrorisme-et-atteinte-a-lordre-public\/\"},\"author\":{\"name\":\"Africascoop\",\"@id\":\"https:\/\/www.africascoop.net\/#\/schema\/person\/2cbcc632c110d739d93a6b196c67230a\"},\"headline\":\"Le Mali interdit le journal Jeune Afrique pour \u00ab apologie du terrorisme et atteinte \u00e0 l\u2019ordre public \u00bb\",\"datePublished\":\"2026-01-16T22:29:28+00:00\",\"dateModified\":\"2026-01-16T22:29:32+00:00\",\"mainEntityOfPage\":{\"@id\":\"http:\/\/www.africascoop.net\/index.php\/2026\/01\/16\/le-mali-interdit-le-journal-jeune-afrique-pour-apologie-du-terrorisme-et-atteinte-a-lordre-public\/\"},\"wordCount\":278,\"commentCount\":0,\"publisher\":{\"@id\":\"https:\/\/www.africascoop.net\/#organization\"},\"image\":{\"@id\":\"http:\/\/www.africascoop.net\/index.php\/2026\/01\/16\/le-mali-interdit-le-journal-jeune-afrique-pour-apologie-du-terrorisme-et-atteinte-a-lordre-public\/#primaryimage\"},\"thumbnailUrl\":\"https:\/\/www.africascoop.net\/wp-content\/uploads\/2026\/01\/assimi-goita-1024x576.jpg\",\"articleSection\":[\"Actualit\u00e9s internationales\",\"Exclusif\"],\"inLanguage\":\"fr-FR\",\"potentialAction\":[{\"@type\":\"CommentAction\",\"name\":\"Comment\",\"target\":[\"http:\/\/www.africascoop.net\/index.php\/2026\/01\/16\/le-mali-interdit-le-journal-jeune-afrique-pour-apologie-du-terrorisme-et-atteinte-a-lordre-public\/#respond\"]}]},{\"@type\":\"WebPage\",\"@id\":\"http:\/\/www.africascoop.net\/index.php\/2026\/01\/16\/le-mali-interdit-le-journal-jeune-afrique-pour-apologie-du-terrorisme-et-atteinte-a-lordre-public\/\",\"url\":\"http:\/\/www.africascoop.net\/index.php\/2026\/01\/16\/le-mali-interdit-le-journal-jeune-afrique-pour-apologie-du-terrorisme-et-atteinte-a-lordre-public\/\",\"name\":\"Le Mali interdit le journal Jeune Afrique pour \u00ab apologie du terrorisme et atteinte \u00e0 l\u2019ordre public \u00bb - Actualit\u00e9s Africaines\",\"isPartOf\":{\"@id\":\"https:\/\/www.africascoop.net\/#website\"},\"primaryImageOfPage\":{\"@id\":\"http:\/\/www.africascoop.net\/index.php\/2026\/01\/16\/le-mali-interdit-le-journal-jeune-afrique-pour-apologie-du-terrorisme-et-atteinte-a-lordre-public\/#primaryimage\"},\"image\":{\"@id\":\"http:\/\/www.africascoop.net\/index.php\/2026\/01\/16\/le-mali-interdit-le-journal-jeune-afrique-pour-apologie-du-terrorisme-et-atteinte-a-lordre-public\/#primaryimage\"},\"thumbnailUrl\":\"https:\/\/www.africascoop.net\/wp-content\/uploads\/2026\/01\/assimi-goita-1024x576.jpg\",\"datePublished\":\"2026-01-16T22:29:28+00:00\",\"dateModified\":\"2026-01-16T22:29:32+00:00\",\"breadcrumb\":{\"@id\":\"http:\/\/www.africascoop.net\/index.php\/2026\/01\/16\/le-mali-interdit-le-journal-jeune-afrique-pour-apologie-du-terrorisme-et-atteinte-a-lordre-public\/#breadcrumb\"},\"inLanguage\":\"fr-FR\",\"potentialAction\":[{\"@type\":\"ReadAction\",\"target\":[\"http:\/\/www.africascoop.net\/index.php\/2026\/01\/16\/le-mali-interdit-le-journal-jeune-afrique-pour-apologie-du-terrorisme-et-atteinte-a-lordre-public\/\"]}]},{\"@type\":\"ImageObject\",\"inLanguage\":\"fr-FR\",\"@id\":\"http:\/\/www.africascoop.net\/index.php\/2026\/01\/16\/le-mali-interdit-le-journal-jeune-afrique-pour-apologie-du-terrorisme-et-atteinte-a-lordre-public\/#primaryimage\",\"url\":\"https:\/\/www.africascoop.net\/wp-content\/uploads\/2026\/01\/assimi-goita.jpg\",\"contentUrl\":\"https:\/\/www.africascoop.net\/wp-content\/uploads\/2026\/01\/assimi-goita.jpg\",\"width\":1366,\"height\":768},{\"@type\":\"BreadcrumbList\",\"@id\":\"http:\/\/www.africascoop.net\/index.php\/2026\/01\/16\/le-mali-interdit-le-journal-jeune-afrique-pour-apologie-du-terrorisme-et-atteinte-a-lordre-public\/#breadcrumb\",\"itemListElement\":[{\"@type\":\"ListItem\",\"position\":1,\"name\":\"Accueil\",\"item\":\"https:\/\/www.africascoop.net\/\"},{\"@type\":\"ListItem\",\"position\":2,\"name\":\"Le Mali interdit le journal Jeune Afrique pour \u00ab apologie du terrorisme et atteinte \u00e0 l\u2019ordre public \u00bb\"}]},{\"@type\":\"WebSite\",\"@id\":\"https:\/\/www.africascoop.net\/#website\",\"url\":\"https:\/\/www.africascoop.net\/\",\"name\":\"Actualit\u00e9s Africaines\",\"description\":\"\",\"publisher\":{\"@id\":\"https:\/\/www.africascoop.net\/#organization\"},\"potentialAction\":[{\"@type\":\"SearchAction\",\"target\":{\"@type\":\"EntryPoint\",\"urlTemplate\":\"https:\/\/www.africascoop.net\/?s={search_term_string}\"},\"query-input\":{\"@type\":\"PropertyValueSpecification\",\"valueRequired\":true,\"valueName\":\"search_term_string\"}}],\"inLanguage\":\"fr-FR\"},{\"@type\":\"Organization\",\"@id\":\"https:\/\/www.africascoop.net\/#organization\",\"name\":\"Actualit\u00e9s Africaines\",\"url\":\"https:\/\/www.africascoop.net\/\",\"logo\":{\"@type\":\"ImageObject\",\"inLanguage\":\"fr-FR\",\"@id\":\"https:\/\/www.africascoop.net\/#\/schema\/logo\/image\/\",\"url\":\"https:\/\/www.africascoop.net\/wp-content\/uploads\/2025\/09\/cropped-logo-2.jpg\",\"contentUrl\":\"https:\/\/www.africascoop.net\/wp-content\/uploads\/2025\/09\/cropped-logo-2.jpg\",\"width\":945,\"height\":591,\"caption\":\"Actualit\u00e9s Africaines\"},\"image\":{\"@id\":\"https:\/\/www.africascoop.net\/#\/schema\/logo\/image\/\"}},{\"@type\":\"Person\",\"@id\":\"https:\/\/www.africascoop.net\/#\/schema\/person\/2cbcc632c110d739d93a6b196c67230a\",\"name\":\"Africascoop\",\"image\":{\"@type\":\"ImageObject\",\"inLanguage\":\"fr-FR\",\"@id\":\"https:\/\/www.africascoop.net\/#\/schema\/person\/image\/\",\"url\":\"https:\/\/secure.gravatar.com\/avatar\/230d851f5173f64fe9487b948bd2daf02707ef49aea942bc1bdad649c82025b9?s=96&d=mm&r=g\",\"contentUrl\":\"https:\/\/secure.gravatar.com\/avatar\/230d851f5173f64fe9487b948bd2daf02707ef49aea942bc1bdad649c82025b9?s=96&d=mm&r=g\",\"caption\":\"Africascoop\"},\"url\":\"https:\/\/www.africascoop.net\/index.php\/author\/jul\/\"}]}<\/script>\n<!-- \/ Yoast SEO plugin. -->","yoast_head_json":{"title":"Le Mali interdit le journal Jeune Afrique pour \u00ab apologie du terrorisme et atteinte \u00e0 l\u2019ordre public \u00bb - Actualit\u00e9s Africaines","robots":{"index":"index","follow":"follow","max-snippet":"max-snippet:-1","max-image-preview":"max-image-preview:large","max-video-preview":"max-video-preview:-1"},"canonical":"http:\/\/www.africascoop.net\/index.php\/2026\/01\/16\/le-mali-interdit-le-journal-jeune-afrique-pour-apologie-du-terrorisme-et-atteinte-a-lordre-public\/","og_locale":"fr_FR","og_type":"article","og_title":"Le Mali interdit le journal Jeune Afrique pour \u00ab apologie du terrorisme et atteinte \u00e0 l\u2019ordre public \u00bb - Actualit\u00e9s Africaines","og_description":"Ce vendredi 16 janvier 2026, le gouvernement malien a d\u00e9cid\u00e9 d\u2019interdire la circulation, la distribution et la vente","og_url":"http:\/\/www.africascoop.net\/index.php\/2026\/01\/16\/le-mali-interdit-le-journal-jeune-afrique-pour-apologie-du-terrorisme-et-atteinte-a-lordre-public\/","og_site_name":"Actualit\u00e9s Africaines","article_published_time":"2026-01-16T22:29:28+00:00","article_modified_time":"2026-01-16T22:29:32+00:00","og_image":[{"url":"https:\/\/www.africascoop.net\/wp-content\/uploads\/2026\/01\/assimi-goita-1024x576.jpg","type":"","width":"","height":""}],"author":"Africascoop","twitter_card":"summary_large_image","twitter_misc":{"\u00c9crit par":"Africascoop","Dur\u00e9e de lecture estim\u00e9e":"2 minutes"},"schema":{"@context":"https:\/\/schema.org","@graph":[{"@type":"Article","@id":"http:\/\/www.africascoop.net\/index.php\/2026\/01\/16\/le-mali-interdit-le-journal-jeune-afrique-pour-apologie-du-terrorisme-et-atteinte-a-lordre-public\/#article","isPartOf":{"@id":"http:\/\/www.africascoop.net\/index.php\/2026\/01\/16\/le-mali-interdit-le-journal-jeune-afrique-pour-apologie-du-terrorisme-et-atteinte-a-lordre-public\/"},"author":{"name":"Africascoop","@id":"https:\/\/www.africascoop.net\/#\/schema\/person\/2cbcc632c110d739d93a6b196c67230a"},"headline":"Le Mali interdit le journal Jeune Afrique pour \u00ab apologie du terrorisme et atteinte \u00e0 l\u2019ordre public \u00bb","datePublished":"2026-01-16T22:29:28+00:00","dateModified":"2026-01-16T22:29:32+00:00","mainEntityOfPage":{"@id":"http:\/\/www.africascoop.net\/index.php\/2026\/01\/16\/le-mali-interdit-le-journal-jeune-afrique-pour-apologie-du-terrorisme-et-atteinte-a-lordre-public\/"},"wordCount":278,"commentCount":0,"publisher":{"@id":"https:\/\/www.africascoop.net\/#organization"},"image":{"@id":"http:\/\/www.africascoop.net\/index.php\/2026\/01\/16\/le-mali-interdit-le-journal-jeune-afrique-pour-apologie-du-terrorisme-et-atteinte-a-lordre-public\/#primaryimage"},"thumbnailUrl":"https:\/\/www.africascoop.net\/wp-content\/uploads\/2026\/01\/assimi-goita-1024x576.jpg","articleSection":["Actualit\u00e9s internationales","Exclusif"],"inLanguage":"fr-FR","potentialAction":[{"@type":"CommentAction","name":"Comment","target":["http:\/\/www.africascoop.net\/index.php\/2026\/01\/16\/le-mali-interdit-le-journal-jeune-afrique-pour-apologie-du-terrorisme-et-atteinte-a-lordre-public\/#respond"]}]},{"@type":"WebPage","@id":"http:\/\/www.africascoop.net\/index.php\/2026\/01\/16\/le-mali-interdit-le-journal-jeune-afrique-pour-apologie-du-terrorisme-et-atteinte-a-lordre-public\/","url":"http:\/\/www.africascoop.net\/index.php\/2026\/01\/16\/le-mali-interdit-le-journal-jeune-afrique-pour-apologie-du-terrorisme-et-atteinte-a-lordre-public\/","name":"Le Mali interdit le journal Jeune Afrique pour \u00ab apologie du terrorisme et atteinte \u00e0 l\u2019ordre public \u00bb - Actualit\u00e9s Africaines","isPartOf":{"@id":"https:\/\/www.africascoop.net\/#website"},"primaryImageOfPage":{"@id":"http:\/\/www.africascoop.net\/index.php\/2026\/01\/16\/le-mali-interdit-le-journal-jeune-afrique-pour-apologie-du-terrorisme-et-atteinte-a-lordre-public\/#primaryimage"},"image":{"@id":"http:\/\/www.africascoop.net\/index.php\/2026\/01\/16\/le-mali-interdit-le-journal-jeune-afrique-pour-apologie-du-terrorisme-et-atteinte-a-lordre-public\/#primaryimage"},"thumbnailUrl":"https:\/\/www.africascoop.net\/wp-content\/uploads\/2026\/01\/assimi-goita-1024x576.jpg","datePublished":"2026-01-16T22:29:28+00:00","dateModified":"2026-01-16T22:29:32+00:00","breadcrumb":{"@id":"http:\/\/www.africascoop.net\/index.php\/2026\/01\/16\/le-mali-interdit-le-journal-jeune-afrique-pour-apologie-du-terrorisme-et-atteinte-a-lordre-public\/#breadcrumb"},"inLanguage":"fr-FR","potentialAction":[{"@type":"ReadAction","target":["http:\/\/www.africascoop.net\/index.php\/2026\/01\/16\/le-mali-interdit-le-journal-jeune-afrique-pour-apologie-du-terrorisme-et-atteinte-a-lordre-public\/"]}]},{"@type":"ImageObject","inLanguage":"fr-FR","@id":"http:\/\/www.africascoop.net\/index.php\/2026\/01\/16\/le-mali-interdit-le-journal-jeune-afrique-pour-apologie-du-terrorisme-et-atteinte-a-lordre-public\/#primaryimage","url":"https:\/\/www.africascoop.net\/wp-content\/uploads\/2026\/01\/assimi-goita.jpg","contentUrl":"https:\/\/www.africascoop.net\/wp-content\/uploads\/2026\/01\/assimi-goita.jpg","width":1366,"height":768},{"@type":"BreadcrumbList","@id":"http:\/\/www.africascoop.net\/index.php\/2026\/01\/16\/le-mali-interdit-le-journal-jeune-afrique-pour-apologie-du-terrorisme-et-atteinte-a-lordre-public\/#breadcrumb","itemListElement":[{"@type":"ListItem","position":1,"name":"Accueil","item":"https:\/\/www.africascoop.net\/"},{"@type":"ListItem","position":2,"name":"Le Mali interdit le journal Jeune Afrique pour \u00ab apologie du terrorisme et atteinte \u00e0 l\u2019ordre public \u00bb"}]},{"@type":"WebSite","@id":"https:\/\/www.africascoop.net\/#website","url":"https:\/\/www.africascoop.net\/","name":"Actualit\u00e9s Africaines","description":"","publisher":{"@id":"https:\/\/www.africascoop.net\/#organization"},"potentialAction":[{"@type":"SearchAction","target":{"@type":"EntryPoint","urlTemplate":"https:\/\/www.africascoop.net\/?s={search_term_string}"},"query-input":{"@type":"PropertyValueSpecification","valueRequired":true,"valueName":"search_term_string"}}],"inLanguage":"fr-FR"},{"@type":"Organization","@id":"https:\/\/www.africascoop.net\/#organization","name":"Actualit\u00e9s Africaines","url":"https:\/\/www.africascoop.net\/","logo":{"@type":"ImageObject","inLanguage":"fr-FR","@id":"https:\/\/www.africascoop.net\/#\/schema\/logo\/image\/","url":"https:\/\/www.africascoop.net\/wp-content\/uploads\/2025\/09\/cropped-logo-2.jpg","contentUrl":"https:\/\/www.africascoop.net\/wp-content\/uploads\/2025\/09\/cropped-logo-2.jpg","width":945,"height":591,"caption":"Actualit\u00e9s Africaines"},"image":{"@id":"https:\/\/www.africascoop.net\/#\/schema\/logo\/image\/"}},{"@type":"Person","@id":"https:\/\/www.africascoop.net\/#\/schema\/person\/2cbcc632c110d739d93a6b196c67230a","name":"Africascoop","image":{"@type":"ImageObject","inLanguage":"fr-FR","@id":"https:\/\/www.africascoop.net\/#\/schema\/person\/image\/","url":"https:\/\/secure.gravatar.com\/avatar\/230d851f5173f64fe9487b948bd2daf02707ef49aea942bc1bdad649c82025b9?s=96&d=mm&r=g","contentUrl":"https:\/\/secure.gravatar.com\/avatar\/230d851f5173f64fe9487b948bd2daf02707ef49aea942bc1bdad649c82025b9?s=96&d=mm&r=g","caption":"Africascoop"},"url":"https:\/\/www.africascoop.net\/index.php\/author\/jul\/"}]}},"_links":{"self":[{"href":"https:\/\/www.africascoop.net\/index.php\/wp-json\/wp\/v2\/posts\/1151","targetHints":{"allow":["GET"]}}],"collection":[{"href":"https:\/\/www.africascoop.net\/index.php\/wp-json\/wp\/v2\/posts"}],"about":[{"href":"https:\/\/www.africascoop.net\/index.php\/wp-json\/wp\/v2\/types\/post"}],"author":[{"embeddable":true,"href":"https:\/\/www.africascoop.net\/index.php\/wp-json\/wp\/v2\/users\/3"}],"replies":[{"embeddable":true,"href":"https:\/\/www.africascoop.net\/index.php\/wp-json\/wp\/v2\/comments?post=1151"}],"version-history":[{"count":1,"href":"https:\/\/www.africascoop.net\/index.php\/wp-json\/wp\/v2\/posts\/1151\/revisions"}],"predecessor-version":[{"id":1153,"href":"https:\/\/www.africascoop.net\/index.php\/wp-json\/wp\/v2\/posts\/1151\/revisions\/1153"}],"wp:attachment":[{"href":"https:\/\/www.africascoop.net\/index.php\/wp-json\/wp\/v2\/media?parent=1151"}],"wp:term":[{"taxonomy":"category","embeddable":true,"href":"https:\/\/www.africascoop.net\/index.php\/wp-json\/wp\/v2\/categories?post=1151"},{"taxonomy":"post_tag","embeddable":true,"href":"https:\/\/www.africascoop.net\/index.php\/wp-json\/wp\/v2\/tags?post=1151"}],"curies":[{"name":"wp","href":"https:\/\/api.w.org\/{rel}","templated":true}]}}