{"id":1154,"date":"2026-01-17T19:16:50","date_gmt":"2026-01-17T19:16:50","guid":{"rendered":"https:\/\/www.africascoop.net\/?p=1154"},"modified":"2026-01-18T10:40:53","modified_gmt":"2026-01-18T10:40:53","slug":"ibibi-quand-la-photographie-africaine-sort-de-lombre","status":"publish","type":"post","link":"https:\/\/www.africascoop.net\/index.php\/2026\/01\/17\/ibibi-quand-la-photographie-africaine-sort-de-lombre\/","title":{"rendered":"IBIBI : Quand la photographie africaine sort de l\u2019ombre"},"content":{"rendered":"\n<figure class=\"wp-block-image size-large\"><img loading=\"lazy\" decoding=\"async\" width=\"1024\" height=\"732\" src=\"https:\/\/www.africascoop.net\/wp-content\/uploads\/2026\/01\/WhatsApp-Image-2026-01-17-at-20.43.36-1024x732.jpeg\" alt=\"\" class=\"wp-image-1166\" srcset=\"https:\/\/www.africascoop.net\/wp-content\/uploads\/2026\/01\/WhatsApp-Image-2026-01-17-at-20.43.36-1024x732.jpeg 1024w, https:\/\/www.africascoop.net\/wp-content\/uploads\/2026\/01\/WhatsApp-Image-2026-01-17-at-20.43.36-300x214.jpeg 300w, https:\/\/www.africascoop.net\/wp-content\/uploads\/2026\/01\/WhatsApp-Image-2026-01-17-at-20.43.36-768x549.jpeg 768w, https:\/\/www.africascoop.net\/wp-content\/uploads\/2026\/01\/WhatsApp-Image-2026-01-17-at-20.43.36.jpeg 1080w\" sizes=\"auto, (max-width: 1024px) 100vw, 1024px\" \/><\/figure>\n\n\n\n<p><strong><em>C\u2019est le jeudi 7 janvier 2026, a Sotuba Bougouba, que le groupe Yamarou Photo a proc\u00e9d\u00e9 au lancement officiel du projet IBIBI, \u00e0 travers une conf\u00e9rence de presse organis\u00e9e \u00e0 Sotuba Bougouba. Journalistes, passionn\u00e9s d\u2019images et membres du collectif Yamarou Photo ont r\u00e9pondu pr\u00e9sents pour d\u00e9couvrir les contours d\u2019un projet ambitieux d\u00e9di\u00e9 \u00e0 la photographie africaine.<\/em><\/strong><\/p>\n\n\n\n<p>Face aux hommes de m\u00e9dias, Bintou Alexandra Diarah a lev\u00e9 le voile sur la vision et les activit\u00e9s pr\u00e9vues dans le cadre du projet IBIBI, un programme qui se veut \u00e0 la fois artistique, formateur et f\u00e9d\u00e9rateur.<\/p>\n\n\n\n<p>Prenant la parole \u00e0 cette occasion, Seydou Camara, Directeur g\u00e9n\u00e9ral de Yamarou Photo, est revenu sur la symbolique du nom du projet.<\/p>\n\n\n\n<p>\u00ab IBIBI est un mot songha\u00ef qui signifie \u201cle noir\u201d. Il fait r\u00e9f\u00e9rence \u00e0 la chambre noire de la photographie, mais aussi au continent africain, un projet pens\u00e9 par des Noirs et pour les Noirs \u00bb, a-t-il expliqu\u00e9.<\/p>\n\n\n\n<p>Au-del\u00e0 de l\u2019appellation, IBIBI se pr\u00e9sente comme un espace d\u2019\u00e9change et de rencontres autour de la photographie. Selon Seydou Camara, le projet a \u00e9t\u00e9 initi\u00e9 pour accompagner, soutenir et construire une photographie africaine forte, ouverte sur le monde.<\/p>\n\n\n\n<p>\u00ab IBIBI est un prix destin\u00e9 aux photographes \u00e9mergents. C\u2019est un projet futuriste que nous souhaitons organiser tous les deux ans afin de rehausser la photographie d\u2019ici et d\u2019ailleurs \u00bb, a-t-il d\u00e9clar\u00e9.<\/p>\n\n\n\n<p>De son c\u00f4t\u00e9, Bintou Alexandra Diarah a d\u00e9taill\u00e9 les distinctions pr\u00e9vues dans le cadre du projet. Trois prix majeurs sont annonc\u00e9s.<\/p>\n\n\n\n<p>Le Prix IBIBI, ouvert \u00e0 tous les photographes, hommes et femmes.<\/p>\n\n\n\n<p>Le Prix Feue Naomi Steuer, du nom de l\u2019ancienne directrice de la Fondation Oumou Dilly, exclusivement r\u00e9serv\u00e9 aux femmes photographes.<\/p>\n\n\n\n<p>Enfin, le Prix de l\u2019Album, qui r\u00e9compense un travail photographique structur\u00e9 et abouti.<\/p>\n\n\n\n<p>Mais IBIBI ne se limite pas \u00e0 la photographie. Les initiateurs du projet souhaitent renforcer la collaboration avec les professionnels des m\u00e9dias, afin de mieux valoriser les \u0153uvres produites. Une alliance est \u00e9galement envisag\u00e9e entre journalistes professionnels et \u00e9tudiants en journalisme, \u00e0 travers un syst\u00e8me de mentorat pour assurer une couverture m\u00e9diatique de qualit\u00e9.<\/p>\n\n\n\n<p>\u00c0 terme, le projet ambitionne la mise en place d\u2019une presse \u00e9crite quotidienne, d\u00e9di\u00e9e \u00e0 la promotion de l\u2019image et de la photographie.<\/p>\n\n\n\n<p>\u00ab \u00c0 IBIBI, chaque clic est une \u0153uvre \u00bb, a conclu Bintou Alexandra Diarah.<\/p>\n\n\n\n<p>Avec IBIBI, Yamarou Photo affirme sa volont\u00e9 de faire de la photographie africaine un levier d\u2019expression, de m\u00e9moire et de rayonnement.<\/p>\n\n\n\n<p>Maryam Kouyat\u00e9<\/p>\n","protected":false},"excerpt":{"rendered":"<p>C\u2019est le jeudi 7 janvier 2026, a Sotuba Bougouba, que le groupe Yamarou Photo a proc\u00e9d\u00e9 au lancement<\/p>\n","protected":false},"author":3,"featured_media":0,"comment_status":"open","ping_status":"open","sticky":false,"template":"","format":"standard","meta":{"footnotes":""},"categories":[36,35],"tags":[],"class_list":["post-1154","post","type-post","status-publish","format-standard","hentry","category-exclusif","category-societe"],"yoast_head":"<!-- This site is optimized with the Yoast SEO plugin v26.0 - https:\/\/yoast.com\/wordpress\/plugins\/seo\/ -->\n<title>IBIBI : Quand la photographie africaine sort de l\u2019ombre - Actualit\u00e9s Africaines<\/title>\n<meta name=\"robots\" content=\"index, follow, max-snippet:-1, max-image-preview:large, max-video-preview:-1\" \/>\n<link rel=\"canonical\" href=\"http:\/\/www.africascoop.net\/index.php\/2026\/01\/17\/ibibi-quand-la-photographie-africaine-sort-de-lombre\/\" \/>\n<meta property=\"og:locale\" content=\"fr_FR\" \/>\n<meta property=\"og:type\" content=\"article\" \/>\n<meta property=\"og:title\" content=\"IBIBI : Quand la photographie africaine sort de l\u2019ombre - Actualit\u00e9s Africaines\" \/>\n<meta property=\"og:description\" content=\"C\u2019est le jeudi 7 janvier 2026, a Sotuba Bougouba, que le groupe Yamarou Photo a proc\u00e9d\u00e9 au lancement\" \/>\n<meta property=\"og:url\" content=\"http:\/\/www.africascoop.net\/index.php\/2026\/01\/17\/ibibi-quand-la-photographie-africaine-sort-de-lombre\/\" \/>\n<meta property=\"og:site_name\" content=\"Actualit\u00e9s Africaines\" \/>\n<meta property=\"article:published_time\" content=\"2026-01-17T19:16:50+00:00\" \/>\n<meta property=\"article:modified_time\" content=\"2026-01-18T10:40:53+00:00\" \/>\n<meta property=\"og:image\" content=\"https:\/\/www.africascoop.net\/wp-content\/uploads\/2026\/01\/WhatsApp-Image-2026-01-17-at-20.43.36-1024x732.jpeg\" \/>\n<meta name=\"author\" content=\"Africascoop\" \/>\n<meta name=\"twitter:card\" content=\"summary_large_image\" \/>\n<meta name=\"twitter:label1\" content=\"\u00c9crit par\" \/>\n\t<meta name=\"twitter:data1\" content=\"Africascoop\" \/>\n\t<meta name=\"twitter:label2\" content=\"Dur\u00e9e de lecture estim\u00e9e\" \/>\n\t<meta name=\"twitter:data2\" content=\"3 minutes\" \/>\n<script type=\"application\/ld+json\" class=\"yoast-schema-graph\">{\"@context\":\"https:\/\/schema.org\",\"@graph\":[{\"@type\":\"Article\",\"@id\":\"http:\/\/www.africascoop.net\/index.php\/2026\/01\/17\/ibibi-quand-la-photographie-africaine-sort-de-lombre\/#article\",\"isPartOf\":{\"@id\":\"http:\/\/www.africascoop.net\/index.php\/2026\/01\/17\/ibibi-quand-la-photographie-africaine-sort-de-lombre\/\"},\"author\":{\"name\":\"Africascoop\",\"@id\":\"https:\/\/www.africascoop.net\/#\/schema\/person\/2cbcc632c110d739d93a6b196c67230a\"},\"headline\":\"IBIBI : Quand la photographie africaine sort de l\u2019ombre\",\"datePublished\":\"2026-01-17T19:16:50+00:00\",\"dateModified\":\"2026-01-18T10:40:53+00:00\",\"mainEntityOfPage\":{\"@id\":\"http:\/\/www.africascoop.net\/index.php\/2026\/01\/17\/ibibi-quand-la-photographie-africaine-sort-de-lombre\/\"},\"wordCount\":436,\"commentCount\":0,\"publisher\":{\"@id\":\"https:\/\/www.africascoop.net\/#organization\"},\"image\":{\"@id\":\"http:\/\/www.africascoop.net\/index.php\/2026\/01\/17\/ibibi-quand-la-photographie-africaine-sort-de-lombre\/#primaryimage\"},\"thumbnailUrl\":\"https:\/\/www.africascoop.net\/wp-content\/uploads\/2026\/01\/WhatsApp-Image-2026-01-17-at-20.43.36-1024x732.jpeg\",\"articleSection\":[\"Exclusif\",\"Soci\u00e9t\u00e9\"],\"inLanguage\":\"fr-FR\",\"potentialAction\":[{\"@type\":\"CommentAction\",\"name\":\"Comment\",\"target\":[\"http:\/\/www.africascoop.net\/index.php\/2026\/01\/17\/ibibi-quand-la-photographie-africaine-sort-de-lombre\/#respond\"]}]},{\"@type\":\"WebPage\",\"@id\":\"http:\/\/www.africascoop.net\/index.php\/2026\/01\/17\/ibibi-quand-la-photographie-africaine-sort-de-lombre\/\",\"url\":\"http:\/\/www.africascoop.net\/index.php\/2026\/01\/17\/ibibi-quand-la-photographie-africaine-sort-de-lombre\/\",\"name\":\"IBIBI : Quand la photographie africaine sort de l\u2019ombre - Actualit\u00e9s Africaines\",\"isPartOf\":{\"@id\":\"https:\/\/www.africascoop.net\/#website\"},\"primaryImageOfPage\":{\"@id\":\"http:\/\/www.africascoop.net\/index.php\/2026\/01\/17\/ibibi-quand-la-photographie-africaine-sort-de-lombre\/#primaryimage\"},\"image\":{\"@id\":\"http:\/\/www.africascoop.net\/index.php\/2026\/01\/17\/ibibi-quand-la-photographie-africaine-sort-de-lombre\/#primaryimage\"},\"thumbnailUrl\":\"https:\/\/www.africascoop.net\/wp-content\/uploads\/2026\/01\/WhatsApp-Image-2026-01-17-at-20.43.36-1024x732.jpeg\",\"datePublished\":\"2026-01-17T19:16:50+00:00\",\"dateModified\":\"2026-01-18T10:40:53+00:00\",\"breadcrumb\":{\"@id\":\"http:\/\/www.africascoop.net\/index.php\/2026\/01\/17\/ibibi-quand-la-photographie-africaine-sort-de-lombre\/#breadcrumb\"},\"inLanguage\":\"fr-FR\",\"potentialAction\":[{\"@type\":\"ReadAction\",\"target\":[\"http:\/\/www.africascoop.net\/index.php\/2026\/01\/17\/ibibi-quand-la-photographie-africaine-sort-de-lombre\/\"]}]},{\"@type\":\"ImageObject\",\"inLanguage\":\"fr-FR\",\"@id\":\"http:\/\/www.africascoop.net\/index.php\/2026\/01\/17\/ibibi-quand-la-photographie-africaine-sort-de-lombre\/#primaryimage\",\"url\":\"https:\/\/www.africascoop.net\/wp-content\/uploads\/2026\/01\/WhatsApp-Image-2026-01-17-at-20.43.36.jpeg\",\"contentUrl\":\"https:\/\/www.africascoop.net\/wp-content\/uploads\/2026\/01\/WhatsApp-Image-2026-01-17-at-20.43.36.jpeg\",\"width\":1080,\"height\":772},{\"@type\":\"BreadcrumbList\",\"@id\":\"http:\/\/www.africascoop.net\/index.php\/2026\/01\/17\/ibibi-quand-la-photographie-africaine-sort-de-lombre\/#breadcrumb\",\"itemListElement\":[{\"@type\":\"ListItem\",\"position\":1,\"name\":\"Accueil\",\"item\":\"https:\/\/www.africascoop.net\/\"},{\"@type\":\"ListItem\",\"position\":2,\"name\":\"IBIBI : Quand la photographie africaine sort de l\u2019ombre\"}]},{\"@type\":\"WebSite\",\"@id\":\"https:\/\/www.africascoop.net\/#website\",\"url\":\"https:\/\/www.africascoop.net\/\",\"name\":\"Actualit\u00e9s Africaines\",\"description\":\"\",\"publisher\":{\"@id\":\"https:\/\/www.africascoop.net\/#organization\"},\"potentialAction\":[{\"@type\":\"SearchAction\",\"target\":{\"@type\":\"EntryPoint\",\"urlTemplate\":\"https:\/\/www.africascoop.net\/?s={search_term_string}\"},\"query-input\":{\"@type\":\"PropertyValueSpecification\",\"valueRequired\":true,\"valueName\":\"search_term_string\"}}],\"inLanguage\":\"fr-FR\"},{\"@type\":\"Organization\",\"@id\":\"https:\/\/www.africascoop.net\/#organization\",\"name\":\"Actualit\u00e9s Africaines\",\"url\":\"https:\/\/www.africascoop.net\/\",\"logo\":{\"@type\":\"ImageObject\",\"inLanguage\":\"fr-FR\",\"@id\":\"https:\/\/www.africascoop.net\/#\/schema\/logo\/image\/\",\"url\":\"https:\/\/www.africascoop.net\/wp-content\/uploads\/2025\/09\/cropped-logo-2.jpg\",\"contentUrl\":\"https:\/\/www.africascoop.net\/wp-content\/uploads\/2025\/09\/cropped-logo-2.jpg\",\"width\":945,\"height\":591,\"caption\":\"Actualit\u00e9s Africaines\"},\"image\":{\"@id\":\"https:\/\/www.africascoop.net\/#\/schema\/logo\/image\/\"}},{\"@type\":\"Person\",\"@id\":\"https:\/\/www.africascoop.net\/#\/schema\/person\/2cbcc632c110d739d93a6b196c67230a\",\"name\":\"Africascoop\",\"image\":{\"@type\":\"ImageObject\",\"inLanguage\":\"fr-FR\",\"@id\":\"https:\/\/www.africascoop.net\/#\/schema\/person\/image\/\",\"url\":\"https:\/\/secure.gravatar.com\/avatar\/230d851f5173f64fe9487b948bd2daf02707ef49aea942bc1bdad649c82025b9?s=96&d=mm&r=g\",\"contentUrl\":\"https:\/\/secure.gravatar.com\/avatar\/230d851f5173f64fe9487b948bd2daf02707ef49aea942bc1bdad649c82025b9?s=96&d=mm&r=g\",\"caption\":\"Africascoop\"},\"url\":\"https:\/\/www.africascoop.net\/index.php\/author\/jul\/\"}]}<\/script>\n<!-- \/ Yoast SEO plugin. -->","yoast_head_json":{"title":"IBIBI : Quand la photographie africaine sort de l\u2019ombre - Actualit\u00e9s Africaines","robots":{"index":"index","follow":"follow","max-snippet":"max-snippet:-1","max-image-preview":"max-image-preview:large","max-video-preview":"max-video-preview:-1"},"canonical":"http:\/\/www.africascoop.net\/index.php\/2026\/01\/17\/ibibi-quand-la-photographie-africaine-sort-de-lombre\/","og_locale":"fr_FR","og_type":"article","og_title":"IBIBI : Quand la photographie africaine sort de l\u2019ombre - Actualit\u00e9s Africaines","og_description":"C\u2019est le jeudi 7 janvier 2026, a Sotuba Bougouba, que le groupe Yamarou Photo a proc\u00e9d\u00e9 au lancement","og_url":"http:\/\/www.africascoop.net\/index.php\/2026\/01\/17\/ibibi-quand-la-photographie-africaine-sort-de-lombre\/","og_site_name":"Actualit\u00e9s Africaines","article_published_time":"2026-01-17T19:16:50+00:00","article_modified_time":"2026-01-18T10:40:53+00:00","og_image":[{"url":"https:\/\/www.africascoop.net\/wp-content\/uploads\/2026\/01\/WhatsApp-Image-2026-01-17-at-20.43.36-1024x732.jpeg","type":"","width":"","height":""}],"author":"Africascoop","twitter_card":"summary_large_image","twitter_misc":{"\u00c9crit par":"Africascoop","Dur\u00e9e de lecture estim\u00e9e":"3 minutes"},"schema":{"@context":"https:\/\/schema.org","@graph":[{"@type":"Article","@id":"http:\/\/www.africascoop.net\/index.php\/2026\/01\/17\/ibibi-quand-la-photographie-africaine-sort-de-lombre\/#article","isPartOf":{"@id":"http:\/\/www.africascoop.net\/index.php\/2026\/01\/17\/ibibi-quand-la-photographie-africaine-sort-de-lombre\/"},"author":{"name":"Africascoop","@id":"https:\/\/www.africascoop.net\/#\/schema\/person\/2cbcc632c110d739d93a6b196c67230a"},"headline":"IBIBI : Quand la photographie africaine sort de l\u2019ombre","datePublished":"2026-01-17T19:16:50+00:00","dateModified":"2026-01-18T10:40:53+00:00","mainEntityOfPage":{"@id":"http:\/\/www.africascoop.net\/index.php\/2026\/01\/17\/ibibi-quand-la-photographie-africaine-sort-de-lombre\/"},"wordCount":436,"commentCount":0,"publisher":{"@id":"https:\/\/www.africascoop.net\/#organization"},"image":{"@id":"http:\/\/www.africascoop.net\/index.php\/2026\/01\/17\/ibibi-quand-la-photographie-africaine-sort-de-lombre\/#primaryimage"},"thumbnailUrl":"https:\/\/www.africascoop.net\/wp-content\/uploads\/2026\/01\/WhatsApp-Image-2026-01-17-at-20.43.36-1024x732.jpeg","articleSection":["Exclusif","Soci\u00e9t\u00e9"],"inLanguage":"fr-FR","potentialAction":[{"@type":"CommentAction","name":"Comment","target":["http:\/\/www.africascoop.net\/index.php\/2026\/01\/17\/ibibi-quand-la-photographie-africaine-sort-de-lombre\/#respond"]}]},{"@type":"WebPage","@id":"http:\/\/www.africascoop.net\/index.php\/2026\/01\/17\/ibibi-quand-la-photographie-africaine-sort-de-lombre\/","url":"http:\/\/www.africascoop.net\/index.php\/2026\/01\/17\/ibibi-quand-la-photographie-africaine-sort-de-lombre\/","name":"IBIBI : Quand la photographie africaine sort de l\u2019ombre - Actualit\u00e9s Africaines","isPartOf":{"@id":"https:\/\/www.africascoop.net\/#website"},"primaryImageOfPage":{"@id":"http:\/\/www.africascoop.net\/index.php\/2026\/01\/17\/ibibi-quand-la-photographie-africaine-sort-de-lombre\/#primaryimage"},"image":{"@id":"http:\/\/www.africascoop.net\/index.php\/2026\/01\/17\/ibibi-quand-la-photographie-africaine-sort-de-lombre\/#primaryimage"},"thumbnailUrl":"https:\/\/www.africascoop.net\/wp-content\/uploads\/2026\/01\/WhatsApp-Image-2026-01-17-at-20.43.36-1024x732.jpeg","datePublished":"2026-01-17T19:16:50+00:00","dateModified":"2026-01-18T10:40:53+00:00","breadcrumb":{"@id":"http:\/\/www.africascoop.net\/index.php\/2026\/01\/17\/ibibi-quand-la-photographie-africaine-sort-de-lombre\/#breadcrumb"},"inLanguage":"fr-FR","potentialAction":[{"@type":"ReadAction","target":["http:\/\/www.africascoop.net\/index.php\/2026\/01\/17\/ibibi-quand-la-photographie-africaine-sort-de-lombre\/"]}]},{"@type":"ImageObject","inLanguage":"fr-FR","@id":"http:\/\/www.africascoop.net\/index.php\/2026\/01\/17\/ibibi-quand-la-photographie-africaine-sort-de-lombre\/#primaryimage","url":"https:\/\/www.africascoop.net\/wp-content\/uploads\/2026\/01\/WhatsApp-Image-2026-01-17-at-20.43.36.jpeg","contentUrl":"https:\/\/www.africascoop.net\/wp-content\/uploads\/2026\/01\/WhatsApp-Image-2026-01-17-at-20.43.36.jpeg","width":1080,"height":772},{"@type":"BreadcrumbList","@id":"http:\/\/www.africascoop.net\/index.php\/2026\/01\/17\/ibibi-quand-la-photographie-africaine-sort-de-lombre\/#breadcrumb","itemListElement":[{"@type":"ListItem","position":1,"name":"Accueil","item":"https:\/\/www.africascoop.net\/"},{"@type":"ListItem","position":2,"name":"IBIBI : Quand la photographie africaine sort de l\u2019ombre"}]},{"@type":"WebSite","@id":"https:\/\/www.africascoop.net\/#website","url":"https:\/\/www.africascoop.net\/","name":"Actualit\u00e9s Africaines","description":"","publisher":{"@id":"https:\/\/www.africascoop.net\/#organization"},"potentialAction":[{"@type":"SearchAction","target":{"@type":"EntryPoint","urlTemplate":"https:\/\/www.africascoop.net\/?s={search_term_string}"},"query-input":{"@type":"PropertyValueSpecification","valueRequired":true,"valueName":"search_term_string"}}],"inLanguage":"fr-FR"},{"@type":"Organization","@id":"https:\/\/www.africascoop.net\/#organization","name":"Actualit\u00e9s Africaines","url":"https:\/\/www.africascoop.net\/","logo":{"@type":"ImageObject","inLanguage":"fr-FR","@id":"https:\/\/www.africascoop.net\/#\/schema\/logo\/image\/","url":"https:\/\/www.africascoop.net\/wp-content\/uploads\/2025\/09\/cropped-logo-2.jpg","contentUrl":"https:\/\/www.africascoop.net\/wp-content\/uploads\/2025\/09\/cropped-logo-2.jpg","width":945,"height":591,"caption":"Actualit\u00e9s Africaines"},"image":{"@id":"https:\/\/www.africascoop.net\/#\/schema\/logo\/image\/"}},{"@type":"Person","@id":"https:\/\/www.africascoop.net\/#\/schema\/person\/2cbcc632c110d739d93a6b196c67230a","name":"Africascoop","image":{"@type":"ImageObject","inLanguage":"fr-FR","@id":"https:\/\/www.africascoop.net\/#\/schema\/person\/image\/","url":"https:\/\/secure.gravatar.com\/avatar\/230d851f5173f64fe9487b948bd2daf02707ef49aea942bc1bdad649c82025b9?s=96&d=mm&r=g","contentUrl":"https:\/\/secure.gravatar.com\/avatar\/230d851f5173f64fe9487b948bd2daf02707ef49aea942bc1bdad649c82025b9?s=96&d=mm&r=g","caption":"Africascoop"},"url":"https:\/\/www.africascoop.net\/index.php\/author\/jul\/"}]}},"_links":{"self":[{"href":"https:\/\/www.africascoop.net\/index.php\/wp-json\/wp\/v2\/posts\/1154","targetHints":{"allow":["GET"]}}],"collection":[{"href":"https:\/\/www.africascoop.net\/index.php\/wp-json\/wp\/v2\/posts"}],"about":[{"href":"https:\/\/www.africascoop.net\/index.php\/wp-json\/wp\/v2\/types\/post"}],"author":[{"embeddable":true,"href":"https:\/\/www.africascoop.net\/index.php\/wp-json\/wp\/v2\/users\/3"}],"replies":[{"embeddable":true,"href":"https:\/\/www.africascoop.net\/index.php\/wp-json\/wp\/v2\/comments?post=1154"}],"version-history":[{"count":3,"href":"https:\/\/www.africascoop.net\/index.php\/wp-json\/wp\/v2\/posts\/1154\/revisions"}],"predecessor-version":[{"id":1168,"href":"https:\/\/www.africascoop.net\/index.php\/wp-json\/wp\/v2\/posts\/1154\/revisions\/1168"}],"wp:attachment":[{"href":"https:\/\/www.africascoop.net\/index.php\/wp-json\/wp\/v2\/media?parent=1154"}],"wp:term":[{"taxonomy":"category","embeddable":true,"href":"https:\/\/www.africascoop.net\/index.php\/wp-json\/wp\/v2\/categories?post=1154"},{"taxonomy":"post_tag","embeddable":true,"href":"https:\/\/www.africascoop.net\/index.php\/wp-json\/wp\/v2\/tags?post=1154"}],"curies":[{"name":"wp","href":"https:\/\/api.w.org\/{rel}","templated":true}]}}