{"id":1157,"date":"2026-01-17T19:30:10","date_gmt":"2026-01-17T19:30:10","guid":{"rendered":"https:\/\/www.africascoop.net\/?p=1157"},"modified":"2026-01-17T19:30:24","modified_gmt":"2026-01-17T19:30:24","slug":"deplaces-malvoyants-familles-sans-abri-asiba-sonne-lheure-de-la-solidarite","status":"publish","type":"post","link":"https:\/\/www.africascoop.net\/index.php\/2026\/01\/17\/deplaces-malvoyants-familles-sans-abri-asiba-sonne-lheure-de-la-solidarite\/","title":{"rendered":"D\u00e9plac\u00e9s, malvoyants, familles sans abri : ASIBA sonne l\u2019heure de la solidarit\u00e9"},"content":{"rendered":"\n<figure class=\"wp-block-image size-large\"><img loading=\"lazy\" decoding=\"async\" width=\"1024\" height=\"576\" src=\"https:\/\/www.africascoop.net\/wp-content\/uploads\/2026\/01\/ASIBA-1024x576.jpg\" alt=\"\" class=\"wp-image-1158\" srcset=\"https:\/\/www.africascoop.net\/wp-content\/uploads\/2026\/01\/ASIBA-1024x576.jpg 1024w, https:\/\/www.africascoop.net\/wp-content\/uploads\/2026\/01\/ASIBA-300x169.jpg 300w, https:\/\/www.africascoop.net\/wp-content\/uploads\/2026\/01\/ASIBA-768x432.jpg 768w, https:\/\/www.africascoop.net\/wp-content\/uploads\/2026\/01\/ASIBA.jpg 1366w\" sizes=\"auto, (max-width: 1024px) 100vw, 1024px\" \/><\/figure>\n\n\n\n<p><strong><em>Au Centre international de conf\u00e9rences de Bamako (CICB), la solennit\u00e9 du moment contrastait avec la gravit\u00e9 des t\u00e9moignages. Ce samedi 17 janvier 2026, l\u2019ONG Association Siguida Baara (ASIBA) a proc\u00e9d\u00e9 au lancement officiel de son projet humanitaire d\u2019urgence coupl\u00e9 \u00e0 un T\u00e9l\u00e9thon de lev\u00e9e de fonds, une initiative destin\u00e9e \u00e0 porter secours aux populations les plus fragiles : d\u00e9plac\u00e9s internes, personnes malvoyantes, familles sans abri et personnes en situation de grande pr\u00e9carit\u00e9.<\/em><\/strong><\/p>\n\n\n\n<p>Plus qu\u2019une c\u00e9r\u00e9monie protocolaire, l\u2019\u00e9v\u00e9nement s\u2019est impos\u00e9 comme un cri d\u2019alarme face \u00e0 l\u2019urgence sociale que traverse le pays. Conf\u00e9rence de presse, atelier th\u00e9matique avec bailleurs, partenaires et philanthropes, puis soir\u00e9e de gala : le programme visait un seul objectif, mobiliser la solidarit\u00e9 nationale autour d\u2019une r\u00e9ponse concr\u00e8te \u00e0 la d\u00e9tresse humaine.<\/p>\n\n\n\n<p>\u00ab Nous sommes ici pour r\u00e9pondre \u00e0 une urgence humaine, sociale et morale \u00bb, a d\u00e9clar\u00e9 le pr\u00e9sident de l\u2019ONG ASIBA dans un discours empreint d\u2019\u00e9motion. Selon lui, le Mali traverse une p\u00e9riode critique o\u00f9 des familles enti\u00e8res manquent de nourriture, de soins et parfois m\u00eame d\u2019espoir. \u00ab Face \u00e0 ces r\u00e9alit\u00e9s, le silence n\u2019est pas une option. L\u2019inaction serait une faute \u00bb, a-t-il martel\u00e9.<\/p>\n\n\n\n<p>Pour faire face \u00e0 cette situation, ASIBA s\u2019est fix\u00e9 un objectif clair : mobiliser 287 millions de FCFA \u00e0 travers son projet T\u00e9l\u00e9thon. Un montant jug\u00e9 n\u00e9cessaire pour assurer la collecte et la distribution de vivres, de produits pharmaceutiques et de biens de premi\u00e8re n\u00e9cessit\u00e9, mais aussi pour apporter une assistance rapide et digne aux d\u00e9plac\u00e9s internes et aux personnes vivant avec un handicap, notamment les malvoyants.<\/p>\n\n\n\n<p>L&rsquo;arm\u00e9e malienne toujours proche de la population ouvre la balle a travers la remise d&rsquo;un ch\u00e8que.<\/p>\n\n\n\n<p>\u00ab Les ONG aussi doivent se battre contre la faim \u00bb<\/p>\n\n\n\n<p>Pr\u00e9sent \u00e0 la c\u00e9r\u00e9monie, Mahamadou Ke\u00efta, charg\u00e9 de programme au SECO-ONG, a salu\u00e9 l\u2019initiative.<\/p>\n\n\n\n<p>\u00ab ASIBA est une ONG d\u2019exp\u00e9rience. Quand la solidarit\u00e9 guide les pas, on ne r\u00e9fl\u00e9chit pas longtemps. C\u2019est pourquoi nous avons rejoint cette initiative sans h\u00e9siter \u00bb, a-t-il affirm\u00e9, appelant les autres organisations \u00e0 s\u2019impliquer pleinement.<\/p>\n\n\n\n<p>M\u00eame d\u00e9termination du c\u00f4t\u00e9 de Salif Sire Sylla, pr\u00e9sident de l\u2019ONG ASIBA, qui a rappel\u00e9 la responsabilit\u00e9 des organisations de la soci\u00e9t\u00e9 civile en p\u00e9riode de crise.<\/p>\n\n\n\n<p>\u00ab Les soldats se battent contre les terroristes, et nous, ONG, devons aussi nous battre contre la faim \u00bb, a-t-il lanc\u00e9. Pour lui, la mobilisation interne est essentielle : \u00ab Notre pays traverse des moments difficiles. Aider les plus vuln\u00e9rables est un devoir national. \u00bb<\/p>\n\n\n\n<p>Une mobilisation nationale, sans attendre l\u2019ext\u00e9rieur<\/p>\n\n\n\n<p>Dans le premier volet du projet, ASIBA pr\u00e9voit une vaste op\u00e9ration de collecte et de distribution de biens humanitaires. Associations partenaires, jeunes b\u00e9n\u00e9voles, ONG locales : tous seront mis \u00e0 contribution. L\u2019organisation annonce la mobilisation de 300 \u00e0 400 jeunes, issus de ses structures partenaires, dans huit r\u00e9gions du Mali.<\/p>\n\n\n\n<p>Pharmacies, industries agroalimentaires, supermarch\u00e9s, march\u00e9s de Bamako, vendeurs de riz et de mil, mairies : aucun secteur ne sera laiss\u00e9 de c\u00f4t\u00e9. \u00ab Nous irons de maison en maison, vers ceux qui ont les moyens, pour aider ceux qui n\u2019en ont pas \u00bb, a expliqu\u00e9 le pr\u00e9sident de l\u2019ONG, soulignant que l\u2019initiative repose essentiellement sur la solidarit\u00e9 nationale, sans bailleurs financiers directs \u00e0 ce stade.<\/p>\n\n\n\n<p>Des m\u00e9decins ont d\u00e9j\u00e0 accept\u00e9 d\u2019accompagner le projet b\u00e9n\u00e9volement. \u00c0 terme, ASIBA esp\u00e8re venir en aide \u00e0 plus des milliers de personnes sur une p\u00e9riode d\u2019urgence d\u2019un an.<\/p>\n\n\n\n<p>Le t\u00e9moignage poignant d\u2019un d\u00e9plac\u00e9 interne<\/p>\n\n\n\n<p>Moment de forte \u00e9motion lors de l\u2019intervention au t\u00e9l\u00e9phone de Dramane Coulibaly, d\u00e9plac\u00e9 interne originaire de Sikasso.<\/p>\n\n\n\n<p>\u00ab Cela fait plus de trois mois que ma famille et moi avons \u00e9t\u00e9 chass\u00e9s de notre village. Nous dormons dehors, sans abri \u00bb, a-t-il confi\u00e9. Lui, sa femme, ses enfants et sa m\u00e8re vivent aujourd\u2019hui dans une extr\u00eame pr\u00e9carit\u00e9. Son t\u00e9moignage a donn\u00e9 un visage humain \u00e0 des chiffres souvent abstraits.<\/p>\n\n\n\n<p>Repr\u00e9sentant le minist\u00e8re de la Sant\u00e9 et du D\u00e9veloppement social, Sayon Doumbia, conseiller technique, a salu\u00e9 l\u2019engagement d\u2019ASIBA.<\/p>\n\n\n\n<p>\u00ab Cette ONG appuie l\u2019\u00c9tat dans la mise en \u0153uvre de ses priorit\u00e9s. L\u2019assistance aux populations vuln\u00e9rables est au c\u0153ur de l\u2019action publique \u00bb, a-t-il indiqu\u00e9, appelant partenaires et bonnes volont\u00e9s \u00e0 soutenir cette initiative.<\/p>\n\n\n\n<p>Transformer la solidarit\u00e9 en action<\/p>\n\n\n\n<p>En cl\u00f4turant la c\u00e9r\u00e9monie, le pr\u00e9sident d\u2019ASIBA a lanc\u00e9 un appel solennel aux institutions, aux entreprises, \u00e0 la diaspora et aux citoyens.<\/p>\n\n\n\n<p>\u00ab Les 287 millions de FCFA que nous voulons mobiliser ne sont pas un simple chiffre. Ce sont des vies \u00e0 sauver, des familles \u00e0 soulager, une dignit\u00e9 \u00e0 restaurer \u00bb, a-t-il insist\u00e9 avant de d\u00e9clarer officiellement lanc\u00e9 le Projet humanitaire d\u2019urgence et le T\u00e9l\u00e9thon de lev\u00e9e de fonds.<\/p>\n\n\n\n<p>\u00c0 Bamako, ce 17 janvier, un message s\u2019est impos\u00e9 : face \u00e0 la d\u00e9tresse des d\u00e9plac\u00e9s et des plus vuln\u00e9rables, la solidarit\u00e9 n\u2019est plus un choix, mais une n\u00e9cessit\u00e9 vitale.<\/p>\n\n\n\n<p>Par Abdrahamane Baba Kouyat\u00e9<\/p>\n","protected":false},"excerpt":{"rendered":"<p>Au Centre international de conf\u00e9rences de Bamako (CICB), la solennit\u00e9 du moment contrastait avec la gravit\u00e9 des t\u00e9moignages.<\/p>\n","protected":false},"author":3,"featured_media":0,"comment_status":"open","ping_status":"open","sticky":false,"template":"","format":"standard","meta":{"footnotes":""},"categories":[43,36],"tags":[],"class_list":["post-1157","post","type-post","status-publish","format-standard","hentry","category-action-humanitaire","category-exclusif"],"yoast_head":"<!-- This site is optimized with the Yoast SEO plugin v26.0 - https:\/\/yoast.com\/wordpress\/plugins\/seo\/ -->\n<title>D\u00e9plac\u00e9s, malvoyants, familles sans abri : ASIBA sonne l\u2019heure de la solidarit\u00e9 - Actualit\u00e9s Africaines<\/title>\n<meta name=\"robots\" content=\"index, follow, max-snippet:-1, max-image-preview:large, max-video-preview:-1\" \/>\n<link rel=\"canonical\" href=\"http:\/\/www.africascoop.net\/index.php\/2026\/01\/17\/deplaces-malvoyants-familles-sans-abri-asiba-sonne-lheure-de-la-solidarite\/\" \/>\n<meta property=\"og:locale\" content=\"fr_FR\" \/>\n<meta property=\"og:type\" content=\"article\" \/>\n<meta property=\"og:title\" content=\"D\u00e9plac\u00e9s, malvoyants, familles sans abri : ASIBA sonne l\u2019heure de la solidarit\u00e9 - Actualit\u00e9s Africaines\" \/>\n<meta property=\"og:description\" content=\"Au Centre international de conf\u00e9rences de Bamako (CICB), la solennit\u00e9 du moment contrastait avec la gravit\u00e9 des t\u00e9moignages.\" \/>\n<meta property=\"og:url\" content=\"http:\/\/www.africascoop.net\/index.php\/2026\/01\/17\/deplaces-malvoyants-familles-sans-abri-asiba-sonne-lheure-de-la-solidarite\/\" \/>\n<meta property=\"og:site_name\" content=\"Actualit\u00e9s Africaines\" \/>\n<meta property=\"article:published_time\" content=\"2026-01-17T19:30:10+00:00\" \/>\n<meta property=\"article:modified_time\" content=\"2026-01-17T19:30:24+00:00\" \/>\n<meta property=\"og:image\" content=\"https:\/\/www.africascoop.net\/wp-content\/uploads\/2026\/01\/ASIBA-1024x576.jpg\" \/>\n<meta name=\"author\" content=\"Africascoop\" \/>\n<meta name=\"twitter:card\" content=\"summary_large_image\" \/>\n<meta name=\"twitter:label1\" content=\"\u00c9crit par\" \/>\n\t<meta name=\"twitter:data1\" content=\"Africascoop\" \/>\n\t<meta name=\"twitter:label2\" content=\"Dur\u00e9e de lecture estim\u00e9e\" \/>\n\t<meta name=\"twitter:data2\" content=\"5 minutes\" \/>\n<script type=\"application\/ld+json\" class=\"yoast-schema-graph\">{\"@context\":\"https:\/\/schema.org\",\"@graph\":[{\"@type\":\"Article\",\"@id\":\"http:\/\/www.africascoop.net\/index.php\/2026\/01\/17\/deplaces-malvoyants-familles-sans-abri-asiba-sonne-lheure-de-la-solidarite\/#article\",\"isPartOf\":{\"@id\":\"http:\/\/www.africascoop.net\/index.php\/2026\/01\/17\/deplaces-malvoyants-familles-sans-abri-asiba-sonne-lheure-de-la-solidarite\/\"},\"author\":{\"name\":\"Africascoop\",\"@id\":\"https:\/\/www.africascoop.net\/#\/schema\/person\/2cbcc632c110d739d93a6b196c67230a\"},\"headline\":\"D\u00e9plac\u00e9s, malvoyants, familles sans abri : ASIBA sonne l\u2019heure de la solidarit\u00e9\",\"datePublished\":\"2026-01-17T19:30:10+00:00\",\"dateModified\":\"2026-01-17T19:30:24+00:00\",\"mainEntityOfPage\":{\"@id\":\"http:\/\/www.africascoop.net\/index.php\/2026\/01\/17\/deplaces-malvoyants-familles-sans-abri-asiba-sonne-lheure-de-la-solidarite\/\"},\"wordCount\":887,\"commentCount\":1,\"publisher\":{\"@id\":\"https:\/\/www.africascoop.net\/#organization\"},\"image\":{\"@id\":\"http:\/\/www.africascoop.net\/index.php\/2026\/01\/17\/deplaces-malvoyants-familles-sans-abri-asiba-sonne-lheure-de-la-solidarite\/#primaryimage\"},\"thumbnailUrl\":\"https:\/\/www.africascoop.net\/wp-content\/uploads\/2026\/01\/ASIBA-1024x576.jpg\",\"articleSection\":[\"Action Humanitaire\",\"Exclusif\"],\"inLanguage\":\"fr-FR\",\"potentialAction\":[{\"@type\":\"CommentAction\",\"name\":\"Comment\",\"target\":[\"http:\/\/www.africascoop.net\/index.php\/2026\/01\/17\/deplaces-malvoyants-familles-sans-abri-asiba-sonne-lheure-de-la-solidarite\/#respond\"]}]},{\"@type\":\"WebPage\",\"@id\":\"http:\/\/www.africascoop.net\/index.php\/2026\/01\/17\/deplaces-malvoyants-familles-sans-abri-asiba-sonne-lheure-de-la-solidarite\/\",\"url\":\"http:\/\/www.africascoop.net\/index.php\/2026\/01\/17\/deplaces-malvoyants-familles-sans-abri-asiba-sonne-lheure-de-la-solidarite\/\",\"name\":\"D\u00e9plac\u00e9s, malvoyants, familles sans abri : ASIBA sonne l\u2019heure de la solidarit\u00e9 - Actualit\u00e9s Africaines\",\"isPartOf\":{\"@id\":\"https:\/\/www.africascoop.net\/#website\"},\"primaryImageOfPage\":{\"@id\":\"http:\/\/www.africascoop.net\/index.php\/2026\/01\/17\/deplaces-malvoyants-familles-sans-abri-asiba-sonne-lheure-de-la-solidarite\/#primaryimage\"},\"image\":{\"@id\":\"http:\/\/www.africascoop.net\/index.php\/2026\/01\/17\/deplaces-malvoyants-familles-sans-abri-asiba-sonne-lheure-de-la-solidarite\/#primaryimage\"},\"thumbnailUrl\":\"https:\/\/www.africascoop.net\/wp-content\/uploads\/2026\/01\/ASIBA-1024x576.jpg\",\"datePublished\":\"2026-01-17T19:30:10+00:00\",\"dateModified\":\"2026-01-17T19:30:24+00:00\",\"breadcrumb\":{\"@id\":\"http:\/\/www.africascoop.net\/index.php\/2026\/01\/17\/deplaces-malvoyants-familles-sans-abri-asiba-sonne-lheure-de-la-solidarite\/#breadcrumb\"},\"inLanguage\":\"fr-FR\",\"potentialAction\":[{\"@type\":\"ReadAction\",\"target\":[\"http:\/\/www.africascoop.net\/index.php\/2026\/01\/17\/deplaces-malvoyants-familles-sans-abri-asiba-sonne-lheure-de-la-solidarite\/\"]}]},{\"@type\":\"ImageObject\",\"inLanguage\":\"fr-FR\",\"@id\":\"http:\/\/www.africascoop.net\/index.php\/2026\/01\/17\/deplaces-malvoyants-familles-sans-abri-asiba-sonne-lheure-de-la-solidarite\/#primaryimage\",\"url\":\"https:\/\/www.africascoop.net\/wp-content\/uploads\/2026\/01\/ASIBA.jpg\",\"contentUrl\":\"https:\/\/www.africascoop.net\/wp-content\/uploads\/2026\/01\/ASIBA.jpg\",\"width\":1366,\"height\":768},{\"@type\":\"BreadcrumbList\",\"@id\":\"http:\/\/www.africascoop.net\/index.php\/2026\/01\/17\/deplaces-malvoyants-familles-sans-abri-asiba-sonne-lheure-de-la-solidarite\/#breadcrumb\",\"itemListElement\":[{\"@type\":\"ListItem\",\"position\":1,\"name\":\"Accueil\",\"item\":\"https:\/\/www.africascoop.net\/\"},{\"@type\":\"ListItem\",\"position\":2,\"name\":\"D\u00e9plac\u00e9s, malvoyants, familles sans abri : ASIBA sonne l\u2019heure de la solidarit\u00e9\"}]},{\"@type\":\"WebSite\",\"@id\":\"https:\/\/www.africascoop.net\/#website\",\"url\":\"https:\/\/www.africascoop.net\/\",\"name\":\"Actualit\u00e9s Africaines\",\"description\":\"\",\"publisher\":{\"@id\":\"https:\/\/www.africascoop.net\/#organization\"},\"potentialAction\":[{\"@type\":\"SearchAction\",\"target\":{\"@type\":\"EntryPoint\",\"urlTemplate\":\"https:\/\/www.africascoop.net\/?s={search_term_string}\"},\"query-input\":{\"@type\":\"PropertyValueSpecification\",\"valueRequired\":true,\"valueName\":\"search_term_string\"}}],\"inLanguage\":\"fr-FR\"},{\"@type\":\"Organization\",\"@id\":\"https:\/\/www.africascoop.net\/#organization\",\"name\":\"Actualit\u00e9s Africaines\",\"url\":\"https:\/\/www.africascoop.net\/\",\"logo\":{\"@type\":\"ImageObject\",\"inLanguage\":\"fr-FR\",\"@id\":\"https:\/\/www.africascoop.net\/#\/schema\/logo\/image\/\",\"url\":\"https:\/\/www.africascoop.net\/wp-content\/uploads\/2025\/09\/cropped-logo-2.jpg\",\"contentUrl\":\"https:\/\/www.africascoop.net\/wp-content\/uploads\/2025\/09\/cropped-logo-2.jpg\",\"width\":945,\"height\":591,\"caption\":\"Actualit\u00e9s Africaines\"},\"image\":{\"@id\":\"https:\/\/www.africascoop.net\/#\/schema\/logo\/image\/\"}},{\"@type\":\"Person\",\"@id\":\"https:\/\/www.africascoop.net\/#\/schema\/person\/2cbcc632c110d739d93a6b196c67230a\",\"name\":\"Africascoop\",\"image\":{\"@type\":\"ImageObject\",\"inLanguage\":\"fr-FR\",\"@id\":\"https:\/\/www.africascoop.net\/#\/schema\/person\/image\/\",\"url\":\"https:\/\/secure.gravatar.com\/avatar\/230d851f5173f64fe9487b948bd2daf02707ef49aea942bc1bdad649c82025b9?s=96&d=mm&r=g\",\"contentUrl\":\"https:\/\/secure.gravatar.com\/avatar\/230d851f5173f64fe9487b948bd2daf02707ef49aea942bc1bdad649c82025b9?s=96&d=mm&r=g\",\"caption\":\"Africascoop\"},\"url\":\"https:\/\/www.africascoop.net\/index.php\/author\/jul\/\"}]}<\/script>\n<!-- \/ Yoast SEO plugin. -->","yoast_head_json":{"title":"D\u00e9plac\u00e9s, malvoyants, familles sans abri : ASIBA sonne l\u2019heure de la solidarit\u00e9 - Actualit\u00e9s Africaines","robots":{"index":"index","follow":"follow","max-snippet":"max-snippet:-1","max-image-preview":"max-image-preview:large","max-video-preview":"max-video-preview:-1"},"canonical":"http:\/\/www.africascoop.net\/index.php\/2026\/01\/17\/deplaces-malvoyants-familles-sans-abri-asiba-sonne-lheure-de-la-solidarite\/","og_locale":"fr_FR","og_type":"article","og_title":"D\u00e9plac\u00e9s, malvoyants, familles sans abri : ASIBA sonne l\u2019heure de la solidarit\u00e9 - Actualit\u00e9s Africaines","og_description":"Au Centre international de conf\u00e9rences de Bamako (CICB), la solennit\u00e9 du moment contrastait avec la gravit\u00e9 des t\u00e9moignages.","og_url":"http:\/\/www.africascoop.net\/index.php\/2026\/01\/17\/deplaces-malvoyants-familles-sans-abri-asiba-sonne-lheure-de-la-solidarite\/","og_site_name":"Actualit\u00e9s Africaines","article_published_time":"2026-01-17T19:30:10+00:00","article_modified_time":"2026-01-17T19:30:24+00:00","og_image":[{"url":"https:\/\/www.africascoop.net\/wp-content\/uploads\/2026\/01\/ASIBA-1024x576.jpg","type":"","width":"","height":""}],"author":"Africascoop","twitter_card":"summary_large_image","twitter_misc":{"\u00c9crit par":"Africascoop","Dur\u00e9e de lecture estim\u00e9e":"5 minutes"},"schema":{"@context":"https:\/\/schema.org","@graph":[{"@type":"Article","@id":"http:\/\/www.africascoop.net\/index.php\/2026\/01\/17\/deplaces-malvoyants-familles-sans-abri-asiba-sonne-lheure-de-la-solidarite\/#article","isPartOf":{"@id":"http:\/\/www.africascoop.net\/index.php\/2026\/01\/17\/deplaces-malvoyants-familles-sans-abri-asiba-sonne-lheure-de-la-solidarite\/"},"author":{"name":"Africascoop","@id":"https:\/\/www.africascoop.net\/#\/schema\/person\/2cbcc632c110d739d93a6b196c67230a"},"headline":"D\u00e9plac\u00e9s, malvoyants, familles sans abri : ASIBA sonne l\u2019heure de la solidarit\u00e9","datePublished":"2026-01-17T19:30:10+00:00","dateModified":"2026-01-17T19:30:24+00:00","mainEntityOfPage":{"@id":"http:\/\/www.africascoop.net\/index.php\/2026\/01\/17\/deplaces-malvoyants-familles-sans-abri-asiba-sonne-lheure-de-la-solidarite\/"},"wordCount":887,"commentCount":1,"publisher":{"@id":"https:\/\/www.africascoop.net\/#organization"},"image":{"@id":"http:\/\/www.africascoop.net\/index.php\/2026\/01\/17\/deplaces-malvoyants-familles-sans-abri-asiba-sonne-lheure-de-la-solidarite\/#primaryimage"},"thumbnailUrl":"https:\/\/www.africascoop.net\/wp-content\/uploads\/2026\/01\/ASIBA-1024x576.jpg","articleSection":["Action Humanitaire","Exclusif"],"inLanguage":"fr-FR","potentialAction":[{"@type":"CommentAction","name":"Comment","target":["http:\/\/www.africascoop.net\/index.php\/2026\/01\/17\/deplaces-malvoyants-familles-sans-abri-asiba-sonne-lheure-de-la-solidarite\/#respond"]}]},{"@type":"WebPage","@id":"http:\/\/www.africascoop.net\/index.php\/2026\/01\/17\/deplaces-malvoyants-familles-sans-abri-asiba-sonne-lheure-de-la-solidarite\/","url":"http:\/\/www.africascoop.net\/index.php\/2026\/01\/17\/deplaces-malvoyants-familles-sans-abri-asiba-sonne-lheure-de-la-solidarite\/","name":"D\u00e9plac\u00e9s, malvoyants, familles sans abri : ASIBA sonne l\u2019heure de la solidarit\u00e9 - Actualit\u00e9s Africaines","isPartOf":{"@id":"https:\/\/www.africascoop.net\/#website"},"primaryImageOfPage":{"@id":"http:\/\/www.africascoop.net\/index.php\/2026\/01\/17\/deplaces-malvoyants-familles-sans-abri-asiba-sonne-lheure-de-la-solidarite\/#primaryimage"},"image":{"@id":"http:\/\/www.africascoop.net\/index.php\/2026\/01\/17\/deplaces-malvoyants-familles-sans-abri-asiba-sonne-lheure-de-la-solidarite\/#primaryimage"},"thumbnailUrl":"https:\/\/www.africascoop.net\/wp-content\/uploads\/2026\/01\/ASIBA-1024x576.jpg","datePublished":"2026-01-17T19:30:10+00:00","dateModified":"2026-01-17T19:30:24+00:00","breadcrumb":{"@id":"http:\/\/www.africascoop.net\/index.php\/2026\/01\/17\/deplaces-malvoyants-familles-sans-abri-asiba-sonne-lheure-de-la-solidarite\/#breadcrumb"},"inLanguage":"fr-FR","potentialAction":[{"@type":"ReadAction","target":["http:\/\/www.africascoop.net\/index.php\/2026\/01\/17\/deplaces-malvoyants-familles-sans-abri-asiba-sonne-lheure-de-la-solidarite\/"]}]},{"@type":"ImageObject","inLanguage":"fr-FR","@id":"http:\/\/www.africascoop.net\/index.php\/2026\/01\/17\/deplaces-malvoyants-familles-sans-abri-asiba-sonne-lheure-de-la-solidarite\/#primaryimage","url":"https:\/\/www.africascoop.net\/wp-content\/uploads\/2026\/01\/ASIBA.jpg","contentUrl":"https:\/\/www.africascoop.net\/wp-content\/uploads\/2026\/01\/ASIBA.jpg","width":1366,"height":768},{"@type":"BreadcrumbList","@id":"http:\/\/www.africascoop.net\/index.php\/2026\/01\/17\/deplaces-malvoyants-familles-sans-abri-asiba-sonne-lheure-de-la-solidarite\/#breadcrumb","itemListElement":[{"@type":"ListItem","position":1,"name":"Accueil","item":"https:\/\/www.africascoop.net\/"},{"@type":"ListItem","position":2,"name":"D\u00e9plac\u00e9s, malvoyants, familles sans abri : ASIBA sonne l\u2019heure de la solidarit\u00e9"}]},{"@type":"WebSite","@id":"https:\/\/www.africascoop.net\/#website","url":"https:\/\/www.africascoop.net\/","name":"Actualit\u00e9s Africaines","description":"","publisher":{"@id":"https:\/\/www.africascoop.net\/#organization"},"potentialAction":[{"@type":"SearchAction","target":{"@type":"EntryPoint","urlTemplate":"https:\/\/www.africascoop.net\/?s={search_term_string}"},"query-input":{"@type":"PropertyValueSpecification","valueRequired":true,"valueName":"search_term_string"}}],"inLanguage":"fr-FR"},{"@type":"Organization","@id":"https:\/\/www.africascoop.net\/#organization","name":"Actualit\u00e9s Africaines","url":"https:\/\/www.africascoop.net\/","logo":{"@type":"ImageObject","inLanguage":"fr-FR","@id":"https:\/\/www.africascoop.net\/#\/schema\/logo\/image\/","url":"https:\/\/www.africascoop.net\/wp-content\/uploads\/2025\/09\/cropped-logo-2.jpg","contentUrl":"https:\/\/www.africascoop.net\/wp-content\/uploads\/2025\/09\/cropped-logo-2.jpg","width":945,"height":591,"caption":"Actualit\u00e9s Africaines"},"image":{"@id":"https:\/\/www.africascoop.net\/#\/schema\/logo\/image\/"}},{"@type":"Person","@id":"https:\/\/www.africascoop.net\/#\/schema\/person\/2cbcc632c110d739d93a6b196c67230a","name":"Africascoop","image":{"@type":"ImageObject","inLanguage":"fr-FR","@id":"https:\/\/www.africascoop.net\/#\/schema\/person\/image\/","url":"https:\/\/secure.gravatar.com\/avatar\/230d851f5173f64fe9487b948bd2daf02707ef49aea942bc1bdad649c82025b9?s=96&d=mm&r=g","contentUrl":"https:\/\/secure.gravatar.com\/avatar\/230d851f5173f64fe9487b948bd2daf02707ef49aea942bc1bdad649c82025b9?s=96&d=mm&r=g","caption":"Africascoop"},"url":"https:\/\/www.africascoop.net\/index.php\/author\/jul\/"}]}},"_links":{"self":[{"href":"https:\/\/www.africascoop.net\/index.php\/wp-json\/wp\/v2\/posts\/1157","targetHints":{"allow":["GET"]}}],"collection":[{"href":"https:\/\/www.africascoop.net\/index.php\/wp-json\/wp\/v2\/posts"}],"about":[{"href":"https:\/\/www.africascoop.net\/index.php\/wp-json\/wp\/v2\/types\/post"}],"author":[{"embeddable":true,"href":"https:\/\/www.africascoop.net\/index.php\/wp-json\/wp\/v2\/users\/3"}],"replies":[{"embeddable":true,"href":"https:\/\/www.africascoop.net\/index.php\/wp-json\/wp\/v2\/comments?post=1157"}],"version-history":[{"count":1,"href":"https:\/\/www.africascoop.net\/index.php\/wp-json\/wp\/v2\/posts\/1157\/revisions"}],"predecessor-version":[{"id":1159,"href":"https:\/\/www.africascoop.net\/index.php\/wp-json\/wp\/v2\/posts\/1157\/revisions\/1159"}],"wp:attachment":[{"href":"https:\/\/www.africascoop.net\/index.php\/wp-json\/wp\/v2\/media?parent=1157"}],"wp:term":[{"taxonomy":"category","embeddable":true,"href":"https:\/\/www.africascoop.net\/index.php\/wp-json\/wp\/v2\/categories?post=1157"},{"taxonomy":"post_tag","embeddable":true,"href":"https:\/\/www.africascoop.net\/index.php\/wp-json\/wp\/v2\/tags?post=1157"}],"curies":[{"name":"wp","href":"https:\/\/api.w.org\/{rel}","templated":true}]}}