{"id":1244,"date":"2026-01-27T13:08:35","date_gmt":"2026-01-27T13:08:35","guid":{"rendered":"https:\/\/www.africascoop.net\/?p=1244"},"modified":"2026-01-27T13:09:06","modified_gmt":"2026-01-27T13:09:06","slug":"guinee-amadou-oury-bah-reconduit-premier-ministre-le-choix-de-la-continuite-assume","status":"publish","type":"post","link":"https:\/\/www.africascoop.net\/index.php\/2026\/01\/27\/guinee-amadou-oury-bah-reconduit-premier-ministre-le-choix-de-la-continuite-assume\/","title":{"rendered":"Guin\u00e9e : Amadou Oury Bah reconduit Premier ministre, le choix de la continuit\u00e9 assum\u00e9"},"content":{"rendered":"\n<figure class=\"wp-block-image size-large\"><img loading=\"lazy\" decoding=\"async\" width=\"1024\" height=\"576\" src=\"https:\/\/www.africascoop.net\/wp-content\/uploads\/2026\/01\/guinee-1024x576.jpg\" alt=\"\" class=\"wp-image-1245\" srcset=\"https:\/\/www.africascoop.net\/wp-content\/uploads\/2026\/01\/guinee-1024x576.jpg 1024w, https:\/\/www.africascoop.net\/wp-content\/uploads\/2026\/01\/guinee-300x169.jpg 300w, https:\/\/www.africascoop.net\/wp-content\/uploads\/2026\/01\/guinee-768x432.jpg 768w, https:\/\/www.africascoop.net\/wp-content\/uploads\/2026\/01\/guinee.jpg 1366w\" sizes=\"auto, (max-width: 1024px) 100vw, 1024px\" \/><\/figure>\n\n\n\n<p>En Guin\u00e9e, Amadou Oury Bah a \u00e9t\u00e9 reconduit \u00e0 la t\u00eate du gouvernement, quelques jours seulement apr\u00e8s la d\u00e9mission de son \u00e9quipe. Cette d\u00e9mission \u00e9tait intervenue \u00e0 la suite de l\u2019\u00e9lection du pr\u00e9sident de la R\u00e9publique, marquant la fin de la transition politique. Le chef de l\u2019\u00c9tat, Mamady Doumbouya, a toutefois fait le choix de maintenir l\u2019actuel Premier ministre afin d\u2019assurer la continuit\u00e9 de l\u2019action gouvernementale dans un contexte marqu\u00e9 par de fortes attentes populaires.<\/p>\n\n\n\n<p>Selon la pr\u00e9sidence, cette reconduction s\u2019inscrit dans une phase d\u00e9cisive, o\u00f9 les r\u00e9formes politiques, \u00e9conomiques et sociales demeurent une priorit\u00e9. Le pr\u00e9sident entend ainsi pr\u00e9server la stabilit\u00e9 institutionnelle et poursuivre les chantiers engag\u00e9s, notamment ceux li\u00e9s \u00e0 la refondation de l\u2019\u00c9tat et \u00e0 l\u2019am\u00e9lioration de la gouvernance.<\/p>\n\n\n\n<p>R\u00e9agissant \u00e0 sa reconduction, Amadou Oury Bah s\u2019est dit profond\u00e9ment touch\u00e9 par la confiance renouvel\u00e9e du chef de l\u2019\u00c9tat. \u00ab Je suis particuli\u00e8rement \u00e9mu pour le renouvellement de la confiance que le Pr\u00e9sident de la R\u00e9publique, Mamady Doumbouya, m\u2019a une nouvelle fois accord\u00e9e \u00bb, a-t-il d\u00e9clar\u00e9.<\/p>\n\n\n\n<p>La composition de la nouvelle \u00e9quipe gouvernementale, attendue dans les prochains jours, devrait permettre de mieux cerner les priorit\u00e9s du nouveau mandat et l\u2019orientation des r\u00e9formes \u00e0 venir.<\/p>\n\n\n\n<p>Par Djibrilla Tour\u00e9<\/p>\n","protected":false},"excerpt":{"rendered":"<p>En Guin\u00e9e, Amadou Oury Bah a \u00e9t\u00e9 reconduit \u00e0 la t\u00eate du gouvernement, quelques jours seulement apr\u00e8s la<\/p>\n","protected":false},"author":3,"featured_media":0,"comment_status":"open","ping_status":"open","sticky":false,"template":"","format":"standard","meta":{"footnotes":""},"categories":[36,9],"tags":[],"class_list":["post-1244","post","type-post","status-publish","format-standard","hentry","category-exclusif","category-politique"],"yoast_head":"<!-- This site is optimized with the Yoast SEO plugin v26.0 - https:\/\/yoast.com\/wordpress\/plugins\/seo\/ -->\n<title>Guin\u00e9e : Amadou Oury Bah reconduit Premier ministre, le choix de la continuit\u00e9 assum\u00e9 - Actualit\u00e9s Africaines<\/title>\n<meta name=\"robots\" content=\"index, follow, max-snippet:-1, max-image-preview:large, max-video-preview:-1\" \/>\n<link rel=\"canonical\" href=\"https:\/\/www.africascoop.net\/index.php\/2026\/01\/27\/guinee-amadou-oury-bah-reconduit-premier-ministre-le-choix-de-la-continuite-assume\/\" \/>\n<meta property=\"og:locale\" content=\"fr_FR\" \/>\n<meta property=\"og:type\" content=\"article\" \/>\n<meta property=\"og:title\" content=\"Guin\u00e9e : Amadou Oury Bah reconduit Premier ministre, le choix de la continuit\u00e9 assum\u00e9 - Actualit\u00e9s Africaines\" \/>\n<meta property=\"og:description\" content=\"En Guin\u00e9e, Amadou Oury Bah a \u00e9t\u00e9 reconduit \u00e0 la t\u00eate du gouvernement, quelques jours seulement apr\u00e8s la\" \/>\n<meta property=\"og:url\" content=\"https:\/\/www.africascoop.net\/index.php\/2026\/01\/27\/guinee-amadou-oury-bah-reconduit-premier-ministre-le-choix-de-la-continuite-assume\/\" \/>\n<meta property=\"og:site_name\" content=\"Actualit\u00e9s Africaines\" \/>\n<meta property=\"article:published_time\" content=\"2026-01-27T13:08:35+00:00\" \/>\n<meta property=\"article:modified_time\" content=\"2026-01-27T13:09:06+00:00\" \/>\n<meta property=\"og:image\" content=\"https:\/\/www.africascoop.net\/wp-content\/uploads\/2026\/01\/guinee-1024x576.jpg\" \/>\n<meta name=\"author\" content=\"Africascoop\" \/>\n<meta name=\"twitter:card\" content=\"summary_large_image\" \/>\n<meta name=\"twitter:label1\" content=\"\u00c9crit par\" \/>\n\t<meta name=\"twitter:data1\" content=\"Africascoop\" \/>\n\t<meta name=\"twitter:label2\" content=\"Dur\u00e9e de lecture estim\u00e9e\" \/>\n\t<meta name=\"twitter:data2\" content=\"2 minutes\" \/>\n<script type=\"application\/ld+json\" class=\"yoast-schema-graph\">{\"@context\":\"https:\/\/schema.org\",\"@graph\":[{\"@type\":\"Article\",\"@id\":\"https:\/\/www.africascoop.net\/index.php\/2026\/01\/27\/guinee-amadou-oury-bah-reconduit-premier-ministre-le-choix-de-la-continuite-assume\/#article\",\"isPartOf\":{\"@id\":\"https:\/\/www.africascoop.net\/index.php\/2026\/01\/27\/guinee-amadou-oury-bah-reconduit-premier-ministre-le-choix-de-la-continuite-assume\/\"},\"author\":{\"name\":\"Africascoop\",\"@id\":\"https:\/\/www.africascoop.net\/#\/schema\/person\/2cbcc632c110d739d93a6b196c67230a\"},\"headline\":\"Guin\u00e9e : Amadou Oury Bah reconduit Premier ministre, le choix de la continuit\u00e9 assum\u00e9\",\"datePublished\":\"2026-01-27T13:08:35+00:00\",\"dateModified\":\"2026-01-27T13:09:06+00:00\",\"mainEntityOfPage\":{\"@id\":\"https:\/\/www.africascoop.net\/index.php\/2026\/01\/27\/guinee-amadou-oury-bah-reconduit-premier-ministre-le-choix-de-la-continuite-assume\/\"},\"wordCount\":242,\"commentCount\":0,\"publisher\":{\"@id\":\"https:\/\/www.africascoop.net\/#organization\"},\"image\":{\"@id\":\"https:\/\/www.africascoop.net\/index.php\/2026\/01\/27\/guinee-amadou-oury-bah-reconduit-premier-ministre-le-choix-de-la-continuite-assume\/#primaryimage\"},\"thumbnailUrl\":\"https:\/\/www.africascoop.net\/wp-content\/uploads\/2026\/01\/guinee-1024x576.jpg\",\"articleSection\":[\"Exclusif\",\"Politique\"],\"inLanguage\":\"fr-FR\",\"potentialAction\":[{\"@type\":\"CommentAction\",\"name\":\"Comment\",\"target\":[\"https:\/\/www.africascoop.net\/index.php\/2026\/01\/27\/guinee-amadou-oury-bah-reconduit-premier-ministre-le-choix-de-la-continuite-assume\/#respond\"]}]},{\"@type\":\"WebPage\",\"@id\":\"https:\/\/www.africascoop.net\/index.php\/2026\/01\/27\/guinee-amadou-oury-bah-reconduit-premier-ministre-le-choix-de-la-continuite-assume\/\",\"url\":\"https:\/\/www.africascoop.net\/index.php\/2026\/01\/27\/guinee-amadou-oury-bah-reconduit-premier-ministre-le-choix-de-la-continuite-assume\/\",\"name\":\"Guin\u00e9e : Amadou Oury Bah reconduit Premier ministre, le choix de la continuit\u00e9 assum\u00e9 - Actualit\u00e9s Africaines\",\"isPartOf\":{\"@id\":\"https:\/\/www.africascoop.net\/#website\"},\"primaryImageOfPage\":{\"@id\":\"https:\/\/www.africascoop.net\/index.php\/2026\/01\/27\/guinee-amadou-oury-bah-reconduit-premier-ministre-le-choix-de-la-continuite-assume\/#primaryimage\"},\"image\":{\"@id\":\"https:\/\/www.africascoop.net\/index.php\/2026\/01\/27\/guinee-amadou-oury-bah-reconduit-premier-ministre-le-choix-de-la-continuite-assume\/#primaryimage\"},\"thumbnailUrl\":\"https:\/\/www.africascoop.net\/wp-content\/uploads\/2026\/01\/guinee-1024x576.jpg\",\"datePublished\":\"2026-01-27T13:08:35+00:00\",\"dateModified\":\"2026-01-27T13:09:06+00:00\",\"breadcrumb\":{\"@id\":\"https:\/\/www.africascoop.net\/index.php\/2026\/01\/27\/guinee-amadou-oury-bah-reconduit-premier-ministre-le-choix-de-la-continuite-assume\/#breadcrumb\"},\"inLanguage\":\"fr-FR\",\"potentialAction\":[{\"@type\":\"ReadAction\",\"target\":[\"https:\/\/www.africascoop.net\/index.php\/2026\/01\/27\/guinee-amadou-oury-bah-reconduit-premier-ministre-le-choix-de-la-continuite-assume\/\"]}]},{\"@type\":\"ImageObject\",\"inLanguage\":\"fr-FR\",\"@id\":\"https:\/\/www.africascoop.net\/index.php\/2026\/01\/27\/guinee-amadou-oury-bah-reconduit-premier-ministre-le-choix-de-la-continuite-assume\/#primaryimage\",\"url\":\"https:\/\/www.africascoop.net\/wp-content\/uploads\/2026\/01\/guinee.jpg\",\"contentUrl\":\"https:\/\/www.africascoop.net\/wp-content\/uploads\/2026\/01\/guinee.jpg\",\"width\":1366,\"height\":768},{\"@type\":\"BreadcrumbList\",\"@id\":\"https:\/\/www.africascoop.net\/index.php\/2026\/01\/27\/guinee-amadou-oury-bah-reconduit-premier-ministre-le-choix-de-la-continuite-assume\/#breadcrumb\",\"itemListElement\":[{\"@type\":\"ListItem\",\"position\":1,\"name\":\"Accueil\",\"item\":\"https:\/\/www.africascoop.net\/\"},{\"@type\":\"ListItem\",\"position\":2,\"name\":\"Guin\u00e9e : Amadou Oury Bah reconduit Premier ministre, le choix de la continuit\u00e9 assum\u00e9\"}]},{\"@type\":\"WebSite\",\"@id\":\"https:\/\/www.africascoop.net\/#website\",\"url\":\"https:\/\/www.africascoop.net\/\",\"name\":\"Actualit\u00e9s Africaines\",\"description\":\"\",\"publisher\":{\"@id\":\"https:\/\/www.africascoop.net\/#organization\"},\"potentialAction\":[{\"@type\":\"SearchAction\",\"target\":{\"@type\":\"EntryPoint\",\"urlTemplate\":\"https:\/\/www.africascoop.net\/?s={search_term_string}\"},\"query-input\":{\"@type\":\"PropertyValueSpecification\",\"valueRequired\":true,\"valueName\":\"search_term_string\"}}],\"inLanguage\":\"fr-FR\"},{\"@type\":\"Organization\",\"@id\":\"https:\/\/www.africascoop.net\/#organization\",\"name\":\"Actualit\u00e9s Africaines\",\"url\":\"https:\/\/www.africascoop.net\/\",\"logo\":{\"@type\":\"ImageObject\",\"inLanguage\":\"fr-FR\",\"@id\":\"https:\/\/www.africascoop.net\/#\/schema\/logo\/image\/\",\"url\":\"https:\/\/www.africascoop.net\/wp-content\/uploads\/2025\/09\/cropped-logo-2.jpg\",\"contentUrl\":\"https:\/\/www.africascoop.net\/wp-content\/uploads\/2025\/09\/cropped-logo-2.jpg\",\"width\":945,\"height\":591,\"caption\":\"Actualit\u00e9s Africaines\"},\"image\":{\"@id\":\"https:\/\/www.africascoop.net\/#\/schema\/logo\/image\/\"}},{\"@type\":\"Person\",\"@id\":\"https:\/\/www.africascoop.net\/#\/schema\/person\/2cbcc632c110d739d93a6b196c67230a\",\"name\":\"Africascoop\",\"image\":{\"@type\":\"ImageObject\",\"inLanguage\":\"fr-FR\",\"@id\":\"https:\/\/www.africascoop.net\/#\/schema\/person\/image\/\",\"url\":\"https:\/\/secure.gravatar.com\/avatar\/230d851f5173f64fe9487b948bd2daf02707ef49aea942bc1bdad649c82025b9?s=96&d=mm&r=g\",\"contentUrl\":\"https:\/\/secure.gravatar.com\/avatar\/230d851f5173f64fe9487b948bd2daf02707ef49aea942bc1bdad649c82025b9?s=96&d=mm&r=g\",\"caption\":\"Africascoop\"},\"url\":\"https:\/\/www.africascoop.net\/index.php\/author\/jul\/\"}]}<\/script>\n<!-- \/ Yoast SEO plugin. -->","yoast_head_json":{"title":"Guin\u00e9e : Amadou Oury Bah reconduit Premier ministre, le choix de la continuit\u00e9 assum\u00e9 - Actualit\u00e9s Africaines","robots":{"index":"index","follow":"follow","max-snippet":"max-snippet:-1","max-image-preview":"max-image-preview:large","max-video-preview":"max-video-preview:-1"},"canonical":"https:\/\/www.africascoop.net\/index.php\/2026\/01\/27\/guinee-amadou-oury-bah-reconduit-premier-ministre-le-choix-de-la-continuite-assume\/","og_locale":"fr_FR","og_type":"article","og_title":"Guin\u00e9e : Amadou Oury Bah reconduit Premier ministre, le choix de la continuit\u00e9 assum\u00e9 - Actualit\u00e9s Africaines","og_description":"En Guin\u00e9e, Amadou Oury Bah a \u00e9t\u00e9 reconduit \u00e0 la t\u00eate du gouvernement, quelques jours seulement apr\u00e8s la","og_url":"https:\/\/www.africascoop.net\/index.php\/2026\/01\/27\/guinee-amadou-oury-bah-reconduit-premier-ministre-le-choix-de-la-continuite-assume\/","og_site_name":"Actualit\u00e9s Africaines","article_published_time":"2026-01-27T13:08:35+00:00","article_modified_time":"2026-01-27T13:09:06+00:00","og_image":[{"url":"https:\/\/www.africascoop.net\/wp-content\/uploads\/2026\/01\/guinee-1024x576.jpg","type":"","width":"","height":""}],"author":"Africascoop","twitter_card":"summary_large_image","twitter_misc":{"\u00c9crit par":"Africascoop","Dur\u00e9e de lecture estim\u00e9e":"2 minutes"},"schema":{"@context":"https:\/\/schema.org","@graph":[{"@type":"Article","@id":"https:\/\/www.africascoop.net\/index.php\/2026\/01\/27\/guinee-amadou-oury-bah-reconduit-premier-ministre-le-choix-de-la-continuite-assume\/#article","isPartOf":{"@id":"https:\/\/www.africascoop.net\/index.php\/2026\/01\/27\/guinee-amadou-oury-bah-reconduit-premier-ministre-le-choix-de-la-continuite-assume\/"},"author":{"name":"Africascoop","@id":"https:\/\/www.africascoop.net\/#\/schema\/person\/2cbcc632c110d739d93a6b196c67230a"},"headline":"Guin\u00e9e : Amadou Oury Bah reconduit Premier ministre, le choix de la continuit\u00e9 assum\u00e9","datePublished":"2026-01-27T13:08:35+00:00","dateModified":"2026-01-27T13:09:06+00:00","mainEntityOfPage":{"@id":"https:\/\/www.africascoop.net\/index.php\/2026\/01\/27\/guinee-amadou-oury-bah-reconduit-premier-ministre-le-choix-de-la-continuite-assume\/"},"wordCount":242,"commentCount":0,"publisher":{"@id":"https:\/\/www.africascoop.net\/#organization"},"image":{"@id":"https:\/\/www.africascoop.net\/index.php\/2026\/01\/27\/guinee-amadou-oury-bah-reconduit-premier-ministre-le-choix-de-la-continuite-assume\/#primaryimage"},"thumbnailUrl":"https:\/\/www.africascoop.net\/wp-content\/uploads\/2026\/01\/guinee-1024x576.jpg","articleSection":["Exclusif","Politique"],"inLanguage":"fr-FR","potentialAction":[{"@type":"CommentAction","name":"Comment","target":["https:\/\/www.africascoop.net\/index.php\/2026\/01\/27\/guinee-amadou-oury-bah-reconduit-premier-ministre-le-choix-de-la-continuite-assume\/#respond"]}]},{"@type":"WebPage","@id":"https:\/\/www.africascoop.net\/index.php\/2026\/01\/27\/guinee-amadou-oury-bah-reconduit-premier-ministre-le-choix-de-la-continuite-assume\/","url":"https:\/\/www.africascoop.net\/index.php\/2026\/01\/27\/guinee-amadou-oury-bah-reconduit-premier-ministre-le-choix-de-la-continuite-assume\/","name":"Guin\u00e9e : Amadou Oury Bah reconduit Premier ministre, le choix de la continuit\u00e9 assum\u00e9 - Actualit\u00e9s Africaines","isPartOf":{"@id":"https:\/\/www.africascoop.net\/#website"},"primaryImageOfPage":{"@id":"https:\/\/www.africascoop.net\/index.php\/2026\/01\/27\/guinee-amadou-oury-bah-reconduit-premier-ministre-le-choix-de-la-continuite-assume\/#primaryimage"},"image":{"@id":"https:\/\/www.africascoop.net\/index.php\/2026\/01\/27\/guinee-amadou-oury-bah-reconduit-premier-ministre-le-choix-de-la-continuite-assume\/#primaryimage"},"thumbnailUrl":"https:\/\/www.africascoop.net\/wp-content\/uploads\/2026\/01\/guinee-1024x576.jpg","datePublished":"2026-01-27T13:08:35+00:00","dateModified":"2026-01-27T13:09:06+00:00","breadcrumb":{"@id":"https:\/\/www.africascoop.net\/index.php\/2026\/01\/27\/guinee-amadou-oury-bah-reconduit-premier-ministre-le-choix-de-la-continuite-assume\/#breadcrumb"},"inLanguage":"fr-FR","potentialAction":[{"@type":"ReadAction","target":["https:\/\/www.africascoop.net\/index.php\/2026\/01\/27\/guinee-amadou-oury-bah-reconduit-premier-ministre-le-choix-de-la-continuite-assume\/"]}]},{"@type":"ImageObject","inLanguage":"fr-FR","@id":"https:\/\/www.africascoop.net\/index.php\/2026\/01\/27\/guinee-amadou-oury-bah-reconduit-premier-ministre-le-choix-de-la-continuite-assume\/#primaryimage","url":"https:\/\/www.africascoop.net\/wp-content\/uploads\/2026\/01\/guinee.jpg","contentUrl":"https:\/\/www.africascoop.net\/wp-content\/uploads\/2026\/01\/guinee.jpg","width":1366,"height":768},{"@type":"BreadcrumbList","@id":"https:\/\/www.africascoop.net\/index.php\/2026\/01\/27\/guinee-amadou-oury-bah-reconduit-premier-ministre-le-choix-de-la-continuite-assume\/#breadcrumb","itemListElement":[{"@type":"ListItem","position":1,"name":"Accueil","item":"https:\/\/www.africascoop.net\/"},{"@type":"ListItem","position":2,"name":"Guin\u00e9e : Amadou Oury Bah reconduit Premier ministre, le choix de la continuit\u00e9 assum\u00e9"}]},{"@type":"WebSite","@id":"https:\/\/www.africascoop.net\/#website","url":"https:\/\/www.africascoop.net\/","name":"Actualit\u00e9s Africaines","description":"","publisher":{"@id":"https:\/\/www.africascoop.net\/#organization"},"potentialAction":[{"@type":"SearchAction","target":{"@type":"EntryPoint","urlTemplate":"https:\/\/www.africascoop.net\/?s={search_term_string}"},"query-input":{"@type":"PropertyValueSpecification","valueRequired":true,"valueName":"search_term_string"}}],"inLanguage":"fr-FR"},{"@type":"Organization","@id":"https:\/\/www.africascoop.net\/#organization","name":"Actualit\u00e9s Africaines","url":"https:\/\/www.africascoop.net\/","logo":{"@type":"ImageObject","inLanguage":"fr-FR","@id":"https:\/\/www.africascoop.net\/#\/schema\/logo\/image\/","url":"https:\/\/www.africascoop.net\/wp-content\/uploads\/2025\/09\/cropped-logo-2.jpg","contentUrl":"https:\/\/www.africascoop.net\/wp-content\/uploads\/2025\/09\/cropped-logo-2.jpg","width":945,"height":591,"caption":"Actualit\u00e9s Africaines"},"image":{"@id":"https:\/\/www.africascoop.net\/#\/schema\/logo\/image\/"}},{"@type":"Person","@id":"https:\/\/www.africascoop.net\/#\/schema\/person\/2cbcc632c110d739d93a6b196c67230a","name":"Africascoop","image":{"@type":"ImageObject","inLanguage":"fr-FR","@id":"https:\/\/www.africascoop.net\/#\/schema\/person\/image\/","url":"https:\/\/secure.gravatar.com\/avatar\/230d851f5173f64fe9487b948bd2daf02707ef49aea942bc1bdad649c82025b9?s=96&d=mm&r=g","contentUrl":"https:\/\/secure.gravatar.com\/avatar\/230d851f5173f64fe9487b948bd2daf02707ef49aea942bc1bdad649c82025b9?s=96&d=mm&r=g","caption":"Africascoop"},"url":"https:\/\/www.africascoop.net\/index.php\/author\/jul\/"}]}},"_links":{"self":[{"href":"https:\/\/www.africascoop.net\/index.php\/wp-json\/wp\/v2\/posts\/1244","targetHints":{"allow":["GET"]}}],"collection":[{"href":"https:\/\/www.africascoop.net\/index.php\/wp-json\/wp\/v2\/posts"}],"about":[{"href":"https:\/\/www.africascoop.net\/index.php\/wp-json\/wp\/v2\/types\/post"}],"author":[{"embeddable":true,"href":"https:\/\/www.africascoop.net\/index.php\/wp-json\/wp\/v2\/users\/3"}],"replies":[{"embeddable":true,"href":"https:\/\/www.africascoop.net\/index.php\/wp-json\/wp\/v2\/comments?post=1244"}],"version-history":[{"count":1,"href":"https:\/\/www.africascoop.net\/index.php\/wp-json\/wp\/v2\/posts\/1244\/revisions"}],"predecessor-version":[{"id":1246,"href":"https:\/\/www.africascoop.net\/index.php\/wp-json\/wp\/v2\/posts\/1244\/revisions\/1246"}],"wp:attachment":[{"href":"https:\/\/www.africascoop.net\/index.php\/wp-json\/wp\/v2\/media?parent=1244"}],"wp:term":[{"taxonomy":"category","embeddable":true,"href":"https:\/\/www.africascoop.net\/index.php\/wp-json\/wp\/v2\/categories?post=1244"},{"taxonomy":"post_tag","embeddable":true,"href":"https:\/\/www.africascoop.net\/index.php\/wp-json\/wp\/v2\/tags?post=1244"}],"curies":[{"name":"wp","href":"https:\/\/api.w.org\/{rel}","templated":true}]}}