{"id":1247,"date":"2026-01-27T13:15:47","date_gmt":"2026-01-27T13:15:47","guid":{"rendered":"https:\/\/www.africascoop.net\/?p=1247"},"modified":"2026-01-27T13:15:48","modified_gmt":"2026-01-27T13:15:48","slug":"g20-lafrique-du-sud-se-retire-temporairement-sur-fond-de-tensions-avec-washington","status":"publish","type":"post","link":"https:\/\/www.africascoop.net\/index.php\/2026\/01\/27\/g20-lafrique-du-sud-se-retire-temporairement-sur-fond-de-tensions-avec-washington\/","title":{"rendered":"G20 : l\u2019Afrique du Sud se retire temporairement sur fond de tensions avec Washington"},"content":{"rendered":"\n<figure class=\"wp-block-image size-large\"><img loading=\"lazy\" decoding=\"async\" width=\"1024\" height=\"576\" src=\"https:\/\/www.africascoop.net\/wp-content\/uploads\/2026\/01\/sud-afrique-USA-1024x576.jpg\" alt=\"\" class=\"wp-image-1248\" srcset=\"https:\/\/www.africascoop.net\/wp-content\/uploads\/2026\/01\/sud-afrique-USA-1024x576.jpg 1024w, https:\/\/www.africascoop.net\/wp-content\/uploads\/2026\/01\/sud-afrique-USA-300x169.jpg 300w, https:\/\/www.africascoop.net\/wp-content\/uploads\/2026\/01\/sud-afrique-USA-768x432.jpg 768w, https:\/\/www.africascoop.net\/wp-content\/uploads\/2026\/01\/sud-afrique-USA.jpg 1366w\" sizes=\"auto, (max-width: 1024px) 100vw, 1024px\" \/><\/figure>\n\n\n\n<p><strong><em>L\u2019Afrique du Sud a annonc\u00e9 son retrait \u00ab temporaire \u00bb du G20, alors que les \u00c9tats-Unis assurent la pr\u00e9sidence tournante du groupe pour l\u2019ann\u00e9e 2026. Une d\u00e9cision lourde de sens, qui intervient dans un climat de fortes tensions diplomatiques entre Pretoria et Washington, d\u00e9sormais au centre de crispations politiques et symboliques.<\/em><\/strong><\/p>\n\n\n\n<p>\u00c0 l\u2019origine de cette brouille, les accusations port\u00e9es par les autorit\u00e9s am\u00e9ricaines contre l\u2019Afrique du Sud, soup\u00e7onn\u00e9e de \u00ab g\u00e9nocide \u00bb \u00e0 l\u2019encontre des fermiers blancs. Des accusations fermement rejet\u00e9es par le gouvernement sud-africain, qui d\u00e9nonce une lecture biais\u00e9e et infond\u00e9e de la situation s\u00e9curitaire et sociale du pays. Pretoria rappelle que les violences touchent l\u2019ensemble de la population et ne rel\u00e8vent d\u2019aucune politique cibl\u00e9e ou institutionnalis\u00e9e.<\/p>\n\n\n\n<p>Ces divergences ont d\u00e9j\u00e0 eu des r\u00e9percussions concr\u00e8tes sur la sc\u00e8ne internationale. En novembre dernier, Donald Trump avait boycott\u00e9 le sommet du G20 organis\u00e9 \u00e0 Johannesburg, un geste per\u00e7u comme un signal fort de d\u00e9sapprobation politique.<\/p>\n\n\n\n<p>Le retrait temporaire de l\u2019Afrique du Sud du G20 traduit ainsi un malaise diplomatique profond, \u00e0 un moment o\u00f9 les \u00e9quilibres g\u00e9opolitiques mondiaux sont en recomposition. Cette d\u00e9cision soul\u00e8ve des interrogations sur l\u2019avenir du dialogue multilat\u00e9ral et la place de l\u2019Afrique dans les grandes instances de gouvernance mondiale, alors m\u00eame que le continent plaide pour une repr\u00e9sentation plus \u00e9quitable.<\/p>\n\n\n\n<p>Par Djibrilla Tour\u00e9<\/p>\n","protected":false},"excerpt":{"rendered":"<p>L\u2019Afrique du Sud a annonc\u00e9 son retrait \u00ab temporaire \u00bb du G20, alors que les \u00c9tats-Unis assurent la<\/p>\n","protected":false},"author":3,"featured_media":0,"comment_status":"open","ping_status":"open","sticky":false,"template":"","format":"standard","meta":{"footnotes":""},"categories":[36,9],"tags":[],"class_list":["post-1247","post","type-post","status-publish","format-standard","hentry","category-exclusif","category-politique"],"yoast_head":"<!-- This site is optimized with the Yoast SEO plugin v26.0 - https:\/\/yoast.com\/wordpress\/plugins\/seo\/ -->\n<title>G20 : l\u2019Afrique du Sud se retire temporairement sur fond de tensions avec Washington - Actualit\u00e9s Africaines<\/title>\n<meta name=\"robots\" content=\"index, follow, max-snippet:-1, max-image-preview:large, max-video-preview:-1\" \/>\n<link rel=\"canonical\" href=\"https:\/\/www.africascoop.net\/index.php\/2026\/01\/27\/g20-lafrique-du-sud-se-retire-temporairement-sur-fond-de-tensions-avec-washington\/\" \/>\n<meta property=\"og:locale\" content=\"fr_FR\" \/>\n<meta property=\"og:type\" content=\"article\" \/>\n<meta property=\"og:title\" content=\"G20 : l\u2019Afrique du Sud se retire temporairement sur fond de tensions avec Washington - Actualit\u00e9s Africaines\" \/>\n<meta property=\"og:description\" content=\"L\u2019Afrique du Sud a annonc\u00e9 son retrait \u00ab temporaire \u00bb du G20, alors que les \u00c9tats-Unis assurent la\" \/>\n<meta property=\"og:url\" content=\"https:\/\/www.africascoop.net\/index.php\/2026\/01\/27\/g20-lafrique-du-sud-se-retire-temporairement-sur-fond-de-tensions-avec-washington\/\" \/>\n<meta property=\"og:site_name\" content=\"Actualit\u00e9s Africaines\" \/>\n<meta property=\"article:published_time\" content=\"2026-01-27T13:15:47+00:00\" \/>\n<meta property=\"article:modified_time\" content=\"2026-01-27T13:15:48+00:00\" \/>\n<meta property=\"og:image\" content=\"https:\/\/www.africascoop.net\/wp-content\/uploads\/2026\/01\/sud-afrique-USA-1024x576.jpg\" \/>\n<meta name=\"author\" content=\"Africascoop\" \/>\n<meta name=\"twitter:card\" content=\"summary_large_image\" \/>\n<meta name=\"twitter:label1\" content=\"\u00c9crit par\" \/>\n\t<meta name=\"twitter:data1\" content=\"Africascoop\" \/>\n\t<meta name=\"twitter:label2\" content=\"Dur\u00e9e de lecture estim\u00e9e\" \/>\n\t<meta name=\"twitter:data2\" content=\"2 minutes\" \/>\n<script type=\"application\/ld+json\" class=\"yoast-schema-graph\">{\"@context\":\"https:\/\/schema.org\",\"@graph\":[{\"@type\":\"Article\",\"@id\":\"https:\/\/www.africascoop.net\/index.php\/2026\/01\/27\/g20-lafrique-du-sud-se-retire-temporairement-sur-fond-de-tensions-avec-washington\/#article\",\"isPartOf\":{\"@id\":\"https:\/\/www.africascoop.net\/index.php\/2026\/01\/27\/g20-lafrique-du-sud-se-retire-temporairement-sur-fond-de-tensions-avec-washington\/\"},\"author\":{\"name\":\"Africascoop\",\"@id\":\"https:\/\/www.africascoop.net\/#\/schema\/person\/2cbcc632c110d739d93a6b196c67230a\"},\"headline\":\"G20 : l\u2019Afrique du Sud se retire temporairement sur fond de tensions avec Washington\",\"datePublished\":\"2026-01-27T13:15:47+00:00\",\"dateModified\":\"2026-01-27T13:15:48+00:00\",\"mainEntityOfPage\":{\"@id\":\"https:\/\/www.africascoop.net\/index.php\/2026\/01\/27\/g20-lafrique-du-sud-se-retire-temporairement-sur-fond-de-tensions-avec-washington\/\"},\"wordCount\":261,\"commentCount\":0,\"publisher\":{\"@id\":\"https:\/\/www.africascoop.net\/#organization\"},\"image\":{\"@id\":\"https:\/\/www.africascoop.net\/index.php\/2026\/01\/27\/g20-lafrique-du-sud-se-retire-temporairement-sur-fond-de-tensions-avec-washington\/#primaryimage\"},\"thumbnailUrl\":\"https:\/\/www.africascoop.net\/wp-content\/uploads\/2026\/01\/sud-afrique-USA-1024x576.jpg\",\"articleSection\":[\"Exclusif\",\"Politique\"],\"inLanguage\":\"fr-FR\",\"potentialAction\":[{\"@type\":\"CommentAction\",\"name\":\"Comment\",\"target\":[\"https:\/\/www.africascoop.net\/index.php\/2026\/01\/27\/g20-lafrique-du-sud-se-retire-temporairement-sur-fond-de-tensions-avec-washington\/#respond\"]}]},{\"@type\":\"WebPage\",\"@id\":\"https:\/\/www.africascoop.net\/index.php\/2026\/01\/27\/g20-lafrique-du-sud-se-retire-temporairement-sur-fond-de-tensions-avec-washington\/\",\"url\":\"https:\/\/www.africascoop.net\/index.php\/2026\/01\/27\/g20-lafrique-du-sud-se-retire-temporairement-sur-fond-de-tensions-avec-washington\/\",\"name\":\"G20 : l\u2019Afrique du Sud se retire temporairement sur fond de tensions avec Washington - Actualit\u00e9s Africaines\",\"isPartOf\":{\"@id\":\"https:\/\/www.africascoop.net\/#website\"},\"primaryImageOfPage\":{\"@id\":\"https:\/\/www.africascoop.net\/index.php\/2026\/01\/27\/g20-lafrique-du-sud-se-retire-temporairement-sur-fond-de-tensions-avec-washington\/#primaryimage\"},\"image\":{\"@id\":\"https:\/\/www.africascoop.net\/index.php\/2026\/01\/27\/g20-lafrique-du-sud-se-retire-temporairement-sur-fond-de-tensions-avec-washington\/#primaryimage\"},\"thumbnailUrl\":\"https:\/\/www.africascoop.net\/wp-content\/uploads\/2026\/01\/sud-afrique-USA-1024x576.jpg\",\"datePublished\":\"2026-01-27T13:15:47+00:00\",\"dateModified\":\"2026-01-27T13:15:48+00:00\",\"breadcrumb\":{\"@id\":\"https:\/\/www.africascoop.net\/index.php\/2026\/01\/27\/g20-lafrique-du-sud-se-retire-temporairement-sur-fond-de-tensions-avec-washington\/#breadcrumb\"},\"inLanguage\":\"fr-FR\",\"potentialAction\":[{\"@type\":\"ReadAction\",\"target\":[\"https:\/\/www.africascoop.net\/index.php\/2026\/01\/27\/g20-lafrique-du-sud-se-retire-temporairement-sur-fond-de-tensions-avec-washington\/\"]}]},{\"@type\":\"ImageObject\",\"inLanguage\":\"fr-FR\",\"@id\":\"https:\/\/www.africascoop.net\/index.php\/2026\/01\/27\/g20-lafrique-du-sud-se-retire-temporairement-sur-fond-de-tensions-avec-washington\/#primaryimage\",\"url\":\"https:\/\/www.africascoop.net\/wp-content\/uploads\/2026\/01\/sud-afrique-USA.jpg\",\"contentUrl\":\"https:\/\/www.africascoop.net\/wp-content\/uploads\/2026\/01\/sud-afrique-USA.jpg\",\"width\":1366,\"height\":768},{\"@type\":\"BreadcrumbList\",\"@id\":\"https:\/\/www.africascoop.net\/index.php\/2026\/01\/27\/g20-lafrique-du-sud-se-retire-temporairement-sur-fond-de-tensions-avec-washington\/#breadcrumb\",\"itemListElement\":[{\"@type\":\"ListItem\",\"position\":1,\"name\":\"Accueil\",\"item\":\"https:\/\/www.africascoop.net\/\"},{\"@type\":\"ListItem\",\"position\":2,\"name\":\"G20 : l\u2019Afrique du Sud se retire temporairement sur fond de tensions avec Washington\"}]},{\"@type\":\"WebSite\",\"@id\":\"https:\/\/www.africascoop.net\/#website\",\"url\":\"https:\/\/www.africascoop.net\/\",\"name\":\"Actualit\u00e9s Africaines\",\"description\":\"\",\"publisher\":{\"@id\":\"https:\/\/www.africascoop.net\/#organization\"},\"potentialAction\":[{\"@type\":\"SearchAction\",\"target\":{\"@type\":\"EntryPoint\",\"urlTemplate\":\"https:\/\/www.africascoop.net\/?s={search_term_string}\"},\"query-input\":{\"@type\":\"PropertyValueSpecification\",\"valueRequired\":true,\"valueName\":\"search_term_string\"}}],\"inLanguage\":\"fr-FR\"},{\"@type\":\"Organization\",\"@id\":\"https:\/\/www.africascoop.net\/#organization\",\"name\":\"Actualit\u00e9s Africaines\",\"url\":\"https:\/\/www.africascoop.net\/\",\"logo\":{\"@type\":\"ImageObject\",\"inLanguage\":\"fr-FR\",\"@id\":\"https:\/\/www.africascoop.net\/#\/schema\/logo\/image\/\",\"url\":\"https:\/\/www.africascoop.net\/wp-content\/uploads\/2025\/09\/cropped-logo-2.jpg\",\"contentUrl\":\"https:\/\/www.africascoop.net\/wp-content\/uploads\/2025\/09\/cropped-logo-2.jpg\",\"width\":945,\"height\":591,\"caption\":\"Actualit\u00e9s Africaines\"},\"image\":{\"@id\":\"https:\/\/www.africascoop.net\/#\/schema\/logo\/image\/\"}},{\"@type\":\"Person\",\"@id\":\"https:\/\/www.africascoop.net\/#\/schema\/person\/2cbcc632c110d739d93a6b196c67230a\",\"name\":\"Africascoop\",\"image\":{\"@type\":\"ImageObject\",\"inLanguage\":\"fr-FR\",\"@id\":\"https:\/\/www.africascoop.net\/#\/schema\/person\/image\/\",\"url\":\"https:\/\/secure.gravatar.com\/avatar\/230d851f5173f64fe9487b948bd2daf02707ef49aea942bc1bdad649c82025b9?s=96&d=mm&r=g\",\"contentUrl\":\"https:\/\/secure.gravatar.com\/avatar\/230d851f5173f64fe9487b948bd2daf02707ef49aea942bc1bdad649c82025b9?s=96&d=mm&r=g\",\"caption\":\"Africascoop\"},\"url\":\"https:\/\/www.africascoop.net\/index.php\/author\/jul\/\"}]}<\/script>\n<!-- \/ Yoast SEO plugin. -->","yoast_head_json":{"title":"G20 : l\u2019Afrique du Sud se retire temporairement sur fond de tensions avec Washington - Actualit\u00e9s Africaines","robots":{"index":"index","follow":"follow","max-snippet":"max-snippet:-1","max-image-preview":"max-image-preview:large","max-video-preview":"max-video-preview:-1"},"canonical":"https:\/\/www.africascoop.net\/index.php\/2026\/01\/27\/g20-lafrique-du-sud-se-retire-temporairement-sur-fond-de-tensions-avec-washington\/","og_locale":"fr_FR","og_type":"article","og_title":"G20 : l\u2019Afrique du Sud se retire temporairement sur fond de tensions avec Washington - Actualit\u00e9s Africaines","og_description":"L\u2019Afrique du Sud a annonc\u00e9 son retrait \u00ab temporaire \u00bb du G20, alors que les \u00c9tats-Unis assurent la","og_url":"https:\/\/www.africascoop.net\/index.php\/2026\/01\/27\/g20-lafrique-du-sud-se-retire-temporairement-sur-fond-de-tensions-avec-washington\/","og_site_name":"Actualit\u00e9s Africaines","article_published_time":"2026-01-27T13:15:47+00:00","article_modified_time":"2026-01-27T13:15:48+00:00","og_image":[{"url":"https:\/\/www.africascoop.net\/wp-content\/uploads\/2026\/01\/sud-afrique-USA-1024x576.jpg","type":"","width":"","height":""}],"author":"Africascoop","twitter_card":"summary_large_image","twitter_misc":{"\u00c9crit par":"Africascoop","Dur\u00e9e de lecture estim\u00e9e":"2 minutes"},"schema":{"@context":"https:\/\/schema.org","@graph":[{"@type":"Article","@id":"https:\/\/www.africascoop.net\/index.php\/2026\/01\/27\/g20-lafrique-du-sud-se-retire-temporairement-sur-fond-de-tensions-avec-washington\/#article","isPartOf":{"@id":"https:\/\/www.africascoop.net\/index.php\/2026\/01\/27\/g20-lafrique-du-sud-se-retire-temporairement-sur-fond-de-tensions-avec-washington\/"},"author":{"name":"Africascoop","@id":"https:\/\/www.africascoop.net\/#\/schema\/person\/2cbcc632c110d739d93a6b196c67230a"},"headline":"G20 : l\u2019Afrique du Sud se retire temporairement sur fond de tensions avec Washington","datePublished":"2026-01-27T13:15:47+00:00","dateModified":"2026-01-27T13:15:48+00:00","mainEntityOfPage":{"@id":"https:\/\/www.africascoop.net\/index.php\/2026\/01\/27\/g20-lafrique-du-sud-se-retire-temporairement-sur-fond-de-tensions-avec-washington\/"},"wordCount":261,"commentCount":0,"publisher":{"@id":"https:\/\/www.africascoop.net\/#organization"},"image":{"@id":"https:\/\/www.africascoop.net\/index.php\/2026\/01\/27\/g20-lafrique-du-sud-se-retire-temporairement-sur-fond-de-tensions-avec-washington\/#primaryimage"},"thumbnailUrl":"https:\/\/www.africascoop.net\/wp-content\/uploads\/2026\/01\/sud-afrique-USA-1024x576.jpg","articleSection":["Exclusif","Politique"],"inLanguage":"fr-FR","potentialAction":[{"@type":"CommentAction","name":"Comment","target":["https:\/\/www.africascoop.net\/index.php\/2026\/01\/27\/g20-lafrique-du-sud-se-retire-temporairement-sur-fond-de-tensions-avec-washington\/#respond"]}]},{"@type":"WebPage","@id":"https:\/\/www.africascoop.net\/index.php\/2026\/01\/27\/g20-lafrique-du-sud-se-retire-temporairement-sur-fond-de-tensions-avec-washington\/","url":"https:\/\/www.africascoop.net\/index.php\/2026\/01\/27\/g20-lafrique-du-sud-se-retire-temporairement-sur-fond-de-tensions-avec-washington\/","name":"G20 : l\u2019Afrique du Sud se retire temporairement sur fond de tensions avec Washington - Actualit\u00e9s Africaines","isPartOf":{"@id":"https:\/\/www.africascoop.net\/#website"},"primaryImageOfPage":{"@id":"https:\/\/www.africascoop.net\/index.php\/2026\/01\/27\/g20-lafrique-du-sud-se-retire-temporairement-sur-fond-de-tensions-avec-washington\/#primaryimage"},"image":{"@id":"https:\/\/www.africascoop.net\/index.php\/2026\/01\/27\/g20-lafrique-du-sud-se-retire-temporairement-sur-fond-de-tensions-avec-washington\/#primaryimage"},"thumbnailUrl":"https:\/\/www.africascoop.net\/wp-content\/uploads\/2026\/01\/sud-afrique-USA-1024x576.jpg","datePublished":"2026-01-27T13:15:47+00:00","dateModified":"2026-01-27T13:15:48+00:00","breadcrumb":{"@id":"https:\/\/www.africascoop.net\/index.php\/2026\/01\/27\/g20-lafrique-du-sud-se-retire-temporairement-sur-fond-de-tensions-avec-washington\/#breadcrumb"},"inLanguage":"fr-FR","potentialAction":[{"@type":"ReadAction","target":["https:\/\/www.africascoop.net\/index.php\/2026\/01\/27\/g20-lafrique-du-sud-se-retire-temporairement-sur-fond-de-tensions-avec-washington\/"]}]},{"@type":"ImageObject","inLanguage":"fr-FR","@id":"https:\/\/www.africascoop.net\/index.php\/2026\/01\/27\/g20-lafrique-du-sud-se-retire-temporairement-sur-fond-de-tensions-avec-washington\/#primaryimage","url":"https:\/\/www.africascoop.net\/wp-content\/uploads\/2026\/01\/sud-afrique-USA.jpg","contentUrl":"https:\/\/www.africascoop.net\/wp-content\/uploads\/2026\/01\/sud-afrique-USA.jpg","width":1366,"height":768},{"@type":"BreadcrumbList","@id":"https:\/\/www.africascoop.net\/index.php\/2026\/01\/27\/g20-lafrique-du-sud-se-retire-temporairement-sur-fond-de-tensions-avec-washington\/#breadcrumb","itemListElement":[{"@type":"ListItem","position":1,"name":"Accueil","item":"https:\/\/www.africascoop.net\/"},{"@type":"ListItem","position":2,"name":"G20 : l\u2019Afrique du Sud se retire temporairement sur fond de tensions avec Washington"}]},{"@type":"WebSite","@id":"https:\/\/www.africascoop.net\/#website","url":"https:\/\/www.africascoop.net\/","name":"Actualit\u00e9s Africaines","description":"","publisher":{"@id":"https:\/\/www.africascoop.net\/#organization"},"potentialAction":[{"@type":"SearchAction","target":{"@type":"EntryPoint","urlTemplate":"https:\/\/www.africascoop.net\/?s={search_term_string}"},"query-input":{"@type":"PropertyValueSpecification","valueRequired":true,"valueName":"search_term_string"}}],"inLanguage":"fr-FR"},{"@type":"Organization","@id":"https:\/\/www.africascoop.net\/#organization","name":"Actualit\u00e9s Africaines","url":"https:\/\/www.africascoop.net\/","logo":{"@type":"ImageObject","inLanguage":"fr-FR","@id":"https:\/\/www.africascoop.net\/#\/schema\/logo\/image\/","url":"https:\/\/www.africascoop.net\/wp-content\/uploads\/2025\/09\/cropped-logo-2.jpg","contentUrl":"https:\/\/www.africascoop.net\/wp-content\/uploads\/2025\/09\/cropped-logo-2.jpg","width":945,"height":591,"caption":"Actualit\u00e9s Africaines"},"image":{"@id":"https:\/\/www.africascoop.net\/#\/schema\/logo\/image\/"}},{"@type":"Person","@id":"https:\/\/www.africascoop.net\/#\/schema\/person\/2cbcc632c110d739d93a6b196c67230a","name":"Africascoop","image":{"@type":"ImageObject","inLanguage":"fr-FR","@id":"https:\/\/www.africascoop.net\/#\/schema\/person\/image\/","url":"https:\/\/secure.gravatar.com\/avatar\/230d851f5173f64fe9487b948bd2daf02707ef49aea942bc1bdad649c82025b9?s=96&d=mm&r=g","contentUrl":"https:\/\/secure.gravatar.com\/avatar\/230d851f5173f64fe9487b948bd2daf02707ef49aea942bc1bdad649c82025b9?s=96&d=mm&r=g","caption":"Africascoop"},"url":"https:\/\/www.africascoop.net\/index.php\/author\/jul\/"}]}},"_links":{"self":[{"href":"https:\/\/www.africascoop.net\/index.php\/wp-json\/wp\/v2\/posts\/1247","targetHints":{"allow":["GET"]}}],"collection":[{"href":"https:\/\/www.africascoop.net\/index.php\/wp-json\/wp\/v2\/posts"}],"about":[{"href":"https:\/\/www.africascoop.net\/index.php\/wp-json\/wp\/v2\/types\/post"}],"author":[{"embeddable":true,"href":"https:\/\/www.africascoop.net\/index.php\/wp-json\/wp\/v2\/users\/3"}],"replies":[{"embeddable":true,"href":"https:\/\/www.africascoop.net\/index.php\/wp-json\/wp\/v2\/comments?post=1247"}],"version-history":[{"count":1,"href":"https:\/\/www.africascoop.net\/index.php\/wp-json\/wp\/v2\/posts\/1247\/revisions"}],"predecessor-version":[{"id":1249,"href":"https:\/\/www.africascoop.net\/index.php\/wp-json\/wp\/v2\/posts\/1247\/revisions\/1249"}],"wp:attachment":[{"href":"https:\/\/www.africascoop.net\/index.php\/wp-json\/wp\/v2\/media?parent=1247"}],"wp:term":[{"taxonomy":"category","embeddable":true,"href":"https:\/\/www.africascoop.net\/index.php\/wp-json\/wp\/v2\/categories?post=1247"},{"taxonomy":"post_tag","embeddable":true,"href":"https:\/\/www.africascoop.net\/index.php\/wp-json\/wp\/v2\/tags?post=1247"}],"curies":[{"name":"wp","href":"https:\/\/api.w.org\/{rel}","templated":true}]}}