{"id":1256,"date":"2026-01-28T12:52:21","date_gmt":"2026-01-28T12:52:21","guid":{"rendered":"https:\/\/www.africascoop.net\/?p=1256"},"modified":"2026-01-28T12:58:57","modified_gmt":"2026-01-28T12:58:57","slug":"proces-des-marches-darmement-paramount-embraer-au-mali-les-plaidoiries-de-la-defense-attendues-ce-29-janvier","status":"publish","type":"post","link":"https:\/\/www.africascoop.net\/index.php\/2026\/01\/28\/proces-des-marches-darmement-paramount-embraer-au-mali-les-plaidoiries-de-la-defense-attendues-ce-29-janvier\/","title":{"rendered":"\u00a0Proc\u00e8s des march\u00e9s d\u2019armement \u00ab\u00a0Paramount\u00a0\u00bb &#038; Embraer au Mali\u00a0: Les plaidoiries de la d\u00e9fense attendues ce 29 janvier."},"content":{"rendered":"\n<figure class=\"wp-block-image size-large\"><img loading=\"lazy\" decoding=\"async\" width=\"1024\" height=\"576\" src=\"https:\/\/www.africascoop.net\/wp-content\/uploads\/2026\/01\/proces-para-1024x576.jpg\" alt=\"\" class=\"wp-image-1262\" srcset=\"https:\/\/www.africascoop.net\/wp-content\/uploads\/2026\/01\/proces-para-1024x576.jpg 1024w, https:\/\/www.africascoop.net\/wp-content\/uploads\/2026\/01\/proces-para-300x169.jpg 300w, https:\/\/www.africascoop.net\/wp-content\/uploads\/2026\/01\/proces-para-768x432.jpg 768w, https:\/\/www.africascoop.net\/wp-content\/uploads\/2026\/01\/proces-para.jpg 1366w\" sizes=\"auto, (max-width: 1024px) 100vw, 1024px\" \/><\/figure>\n\n\n\n<p><strong><em>La 18\u1d49 journ\u00e9e du proc\u00e8s des march\u00e9s d\u2019armement \u00ab\u00a0Paramount\u00a0\u00bb et \u00ab\u00a0Embraer\u00a0\u00bb s\u2019est tenue ce 26 janvier devant la Chambre criminelle. Lors de cette audience, le procureur a requis la peine de r\u00e9clusion criminelle \u00e0 perp\u00e9tuit\u00e9 pour les accus\u00e9s absents et 10 ans de prison pour ceux pr\u00e9sents \u00e0 la barre.<\/em><\/strong><\/p>\n\n\n\n<p>Parmi les absents figurent Boubou Ciss\u00e9, ancien Premier ministre et ministre de l\u2019\u00c9conomie et des Finances, ainsi que Mamadou dit Igor Diarra, Ti\u00e9-man Hubert Coulibaly, ex-ministres de l\u2019\u00c9conomie et des Finances, Colonel Mamadou Lamine Diakit\u00e9, ex-adjoint au Directeur des finances et du mat\u00e9riel du minist\u00e8re de la D\u00e9fense, et Babaly Bah, ancien PDG de la Banque Malienne de Solidarit\u00e9 (BMS-SA). Tous sont vis\u00e9s par des mandats d\u2019arr\u00eat internationaux en vigueur depuis 2022.<\/p>\n\n\n\n<p>10 ans requis contre les accus\u00e9s pr\u00e9sents<\/p>\n\n\n\n<p>Pour les treize (13) accus\u00e9s pr\u00e9sents \u00e0 la barre, le procureur a requis 10 ans de r\u00e9clusion criminelle pour \u00ab\u00a0complicit\u00e9 active ou passive, ou abstention de signalement\u00a0\u00bb, dans des infractions portant sur \u00ab\u00a0faux, usage de faux, atteinte aux biens publics et blanchiment de capitaux\u00a0\u00bb. Parmi ces accus\u00e9s figurent notamment Ti\u00e9na Coulibaly, ancien ministre de la D\u00e9fense, g\u00e9n\u00e9ral Moussa Bemba Ke\u00efta, ancien chef d\u2019\u00e9tat-major g\u00e9n\u00e9ral des Arm\u00e9es, des g\u00e9n\u00e9raux Mahamane Tour\u00e9, Souleymane Bamba, Moustapha Drabo, des Colonels Nouhoum Dabitao, Abdoul Wahab Tour\u00e9, Mamourou Togo, Bougadaly Bah, Mamadou N\u2019Traor\u00e9, Abou Traor\u00e9, Mamadou Kon\u00e9, Aminata Doho, agent comptable<\/p>\n\n\n\n<p>Un pr\u00e9judice estim\u00e9 \u00e0 plus de 18 milliards de FCFA<\/p>\n\n\n\n<p>Le Contentieux de l\u2019\u00c9tat, partie civile repr\u00e9sent\u00e9e par Issa Aliou Ma\u00efga, a appuy\u00e9 l\u2019accusation et demand\u00e9 r\u00e9paration. Selon lui, \u00ab\u00a0toutes les r\u00e8gles proc\u00e9durales et financi\u00e8res ont \u00e9t\u00e9 viol\u00e9es, notamment par l\u2019exclusion des chefs d\u2019\u00e9tat-major des arm\u00e9es des proc\u00e9dures contractuelles\u00a0\u00bb. Il a d\u00e9nonc\u00e9 \u00a0\u00bb l\u2019absence de garanties d\u2019ex\u00e9cution, l\u2019utilisation abusive des fonds publics et l\u2019existence de documents falsifi\u00e9s\u00a0\u00bb.<\/p>\n\n\n\n<p>Le Contentieux de l\u2019\u00c9tat a pr\u00e9cis\u00e9 qu\u2019\u00a0\u00bbaucune c\u00e9r\u00e9monie ni commission de r\u00e9ception des mat\u00e9riels n\u2019a jamais eu lieu\u00a0\u00bb, alors que les fonds avaient \u00e9t\u00e9 d\u00e9caiss\u00e9s sur la base de livraisons fictives. L\u2019\u00c9tat malien r\u00e9clame ainsi plus de 18 milliards de FCFA, r\u00e9partis entre 11 milliards pour le contrat \u00ab\u00a0Paramount\u00a0\u00bb et 7 milliards pour le contrat \u00ab\u00a0Embraer\u00a0\u00bb, et demande leur remboursement int\u00e9gral.<\/p>\n\n\n\n<p>Plaidoiries de la d\u00e9fense attendues pour demain<\/p>\n\n\n\n<p>Apr\u00e8s le r\u00e9quisitoire du parquet et les pr\u00e9tentions de la partie civile, la Chambre criminelle a accord\u00e9 48 heures aux avocats de la d\u00e9fense pour pr\u00e9parer leurs plaidoiries, qui sont attendues ce jeudi 29 janvier.<\/p>\n\n\n\n<p>Lamine BAGAYOGO<\/p>\n","protected":false},"excerpt":{"rendered":"<p>La 18\u1d49 journ\u00e9e du proc\u00e8s des march\u00e9s d\u2019armement \u00ab\u00a0Paramount\u00a0\u00bb et \u00ab\u00a0Embraer\u00a0\u00bb s\u2019est tenue ce 26 janvier devant la<\/p>\n","protected":false},"author":3,"featured_media":0,"comment_status":"open","ping_status":"open","sticky":false,"template":"","format":"standard","meta":{"footnotes":""},"categories":[36,42],"tags":[],"class_list":["post-1256","post","type-post","status-publish","format-standard","hentry","category-exclusif","category-justice"],"yoast_head":"<!-- This site is optimized with the Yoast SEO plugin v26.0 - https:\/\/yoast.com\/wordpress\/plugins\/seo\/ -->\n<title>\u00a0Proc\u00e8s des march\u00e9s d\u2019armement &quot;Paramount&quot; &amp; Embraer au Mali\u00a0: Les plaidoiries de la d\u00e9fense attendues ce 29 janvier. - Actualit\u00e9s Africaines<\/title>\n<meta name=\"robots\" content=\"index, follow, max-snippet:-1, max-image-preview:large, max-video-preview:-1\" \/>\n<link rel=\"canonical\" href=\"https:\/\/www.africascoop.net\/index.php\/2026\/01\/28\/proces-des-marches-darmement-paramount-embraer-au-mali-les-plaidoiries-de-la-defense-attendues-ce-29-janvier\/\" \/>\n<meta property=\"og:locale\" content=\"fr_FR\" \/>\n<meta property=\"og:type\" content=\"article\" \/>\n<meta property=\"og:title\" content=\"\u00a0Proc\u00e8s des march\u00e9s d\u2019armement &quot;Paramount&quot; &amp; Embraer au Mali\u00a0: Les plaidoiries de la d\u00e9fense attendues ce 29 janvier. - Actualit\u00e9s Africaines\" \/>\n<meta property=\"og:description\" content=\"La 18\u1d49 journ\u00e9e du proc\u00e8s des march\u00e9s d\u2019armement \u00ab\u00a0Paramount\u00a0\u00bb et \u00ab\u00a0Embraer\u00a0\u00bb s\u2019est tenue ce 26 janvier devant la\" \/>\n<meta property=\"og:url\" content=\"https:\/\/www.africascoop.net\/index.php\/2026\/01\/28\/proces-des-marches-darmement-paramount-embraer-au-mali-les-plaidoiries-de-la-defense-attendues-ce-29-janvier\/\" \/>\n<meta property=\"og:site_name\" content=\"Actualit\u00e9s Africaines\" \/>\n<meta property=\"article:published_time\" content=\"2026-01-28T12:52:21+00:00\" \/>\n<meta property=\"article:modified_time\" content=\"2026-01-28T12:58:57+00:00\" \/>\n<meta property=\"og:image\" content=\"https:\/\/www.africascoop.net\/wp-content\/uploads\/2026\/01\/proces-para-1024x576.jpg\" \/>\n<meta name=\"author\" content=\"Africascoop\" \/>\n<meta name=\"twitter:card\" content=\"summary_large_image\" \/>\n<meta name=\"twitter:label1\" content=\"\u00c9crit par\" \/>\n\t<meta name=\"twitter:data1\" content=\"Africascoop\" \/>\n\t<meta name=\"twitter:label2\" content=\"Dur\u00e9e de lecture estim\u00e9e\" \/>\n\t<meta name=\"twitter:data2\" content=\"3 minutes\" \/>\n<script type=\"application\/ld+json\" class=\"yoast-schema-graph\">{\"@context\":\"https:\/\/schema.org\",\"@graph\":[{\"@type\":\"Article\",\"@id\":\"https:\/\/www.africascoop.net\/index.php\/2026\/01\/28\/proces-des-marches-darmement-paramount-embraer-au-mali-les-plaidoiries-de-la-defense-attendues-ce-29-janvier\/#article\",\"isPartOf\":{\"@id\":\"https:\/\/www.africascoop.net\/index.php\/2026\/01\/28\/proces-des-marches-darmement-paramount-embraer-au-mali-les-plaidoiries-de-la-defense-attendues-ce-29-janvier\/\"},\"author\":{\"name\":\"Africascoop\",\"@id\":\"https:\/\/www.africascoop.net\/#\/schema\/person\/2cbcc632c110d739d93a6b196c67230a\"},\"headline\":\"\u00a0Proc\u00e8s des march\u00e9s d\u2019armement \u00ab\u00a0Paramount\u00a0\u00bb &#038; Embraer au Mali\u00a0: Les plaidoiries de la d\u00e9fense attendues ce 29 janvier.\",\"datePublished\":\"2026-01-28T12:52:21+00:00\",\"dateModified\":\"2026-01-28T12:58:57+00:00\",\"mainEntityOfPage\":{\"@id\":\"https:\/\/www.africascoop.net\/index.php\/2026\/01\/28\/proces-des-marches-darmement-paramount-embraer-au-mali-les-plaidoiries-de-la-defense-attendues-ce-29-janvier\/\"},\"wordCount\":476,\"commentCount\":0,\"publisher\":{\"@id\":\"https:\/\/www.africascoop.net\/#organization\"},\"image\":{\"@id\":\"https:\/\/www.africascoop.net\/index.php\/2026\/01\/28\/proces-des-marches-darmement-paramount-embraer-au-mali-les-plaidoiries-de-la-defense-attendues-ce-29-janvier\/#primaryimage\"},\"thumbnailUrl\":\"https:\/\/www.africascoop.net\/wp-content\/uploads\/2026\/01\/proces-para-1024x576.jpg\",\"articleSection\":[\"Exclusif\",\"Justice\"],\"inLanguage\":\"fr-FR\",\"potentialAction\":[{\"@type\":\"CommentAction\",\"name\":\"Comment\",\"target\":[\"https:\/\/www.africascoop.net\/index.php\/2026\/01\/28\/proces-des-marches-darmement-paramount-embraer-au-mali-les-plaidoiries-de-la-defense-attendues-ce-29-janvier\/#respond\"]}]},{\"@type\":\"WebPage\",\"@id\":\"https:\/\/www.africascoop.net\/index.php\/2026\/01\/28\/proces-des-marches-darmement-paramount-embraer-au-mali-les-plaidoiries-de-la-defense-attendues-ce-29-janvier\/\",\"url\":\"https:\/\/www.africascoop.net\/index.php\/2026\/01\/28\/proces-des-marches-darmement-paramount-embraer-au-mali-les-plaidoiries-de-la-defense-attendues-ce-29-janvier\/\",\"name\":\"\u00a0Proc\u00e8s des march\u00e9s d\u2019armement \\\"Paramount\\\" & Embraer au Mali\u00a0: Les plaidoiries de la d\u00e9fense attendues ce 29 janvier. - Actualit\u00e9s Africaines\",\"isPartOf\":{\"@id\":\"https:\/\/www.africascoop.net\/#website\"},\"primaryImageOfPage\":{\"@id\":\"https:\/\/www.africascoop.net\/index.php\/2026\/01\/28\/proces-des-marches-darmement-paramount-embraer-au-mali-les-plaidoiries-de-la-defense-attendues-ce-29-janvier\/#primaryimage\"},\"image\":{\"@id\":\"https:\/\/www.africascoop.net\/index.php\/2026\/01\/28\/proces-des-marches-darmement-paramount-embraer-au-mali-les-plaidoiries-de-la-defense-attendues-ce-29-janvier\/#primaryimage\"},\"thumbnailUrl\":\"https:\/\/www.africascoop.net\/wp-content\/uploads\/2026\/01\/proces-para-1024x576.jpg\",\"datePublished\":\"2026-01-28T12:52:21+00:00\",\"dateModified\":\"2026-01-28T12:58:57+00:00\",\"breadcrumb\":{\"@id\":\"https:\/\/www.africascoop.net\/index.php\/2026\/01\/28\/proces-des-marches-darmement-paramount-embraer-au-mali-les-plaidoiries-de-la-defense-attendues-ce-29-janvier\/#breadcrumb\"},\"inLanguage\":\"fr-FR\",\"potentialAction\":[{\"@type\":\"ReadAction\",\"target\":[\"https:\/\/www.africascoop.net\/index.php\/2026\/01\/28\/proces-des-marches-darmement-paramount-embraer-au-mali-les-plaidoiries-de-la-defense-attendues-ce-29-janvier\/\"]}]},{\"@type\":\"ImageObject\",\"inLanguage\":\"fr-FR\",\"@id\":\"https:\/\/www.africascoop.net\/index.php\/2026\/01\/28\/proces-des-marches-darmement-paramount-embraer-au-mali-les-plaidoiries-de-la-defense-attendues-ce-29-janvier\/#primaryimage\",\"url\":\"https:\/\/www.africascoop.net\/wp-content\/uploads\/2026\/01\/proces-para.jpg\",\"contentUrl\":\"https:\/\/www.africascoop.net\/wp-content\/uploads\/2026\/01\/proces-para.jpg\",\"width\":1366,\"height\":768},{\"@type\":\"BreadcrumbList\",\"@id\":\"https:\/\/www.africascoop.net\/index.php\/2026\/01\/28\/proces-des-marches-darmement-paramount-embraer-au-mali-les-plaidoiries-de-la-defense-attendues-ce-29-janvier\/#breadcrumb\",\"itemListElement\":[{\"@type\":\"ListItem\",\"position\":1,\"name\":\"Accueil\",\"item\":\"https:\/\/www.africascoop.net\/\"},{\"@type\":\"ListItem\",\"position\":2,\"name\":\"\u00a0Proc\u00e8s des march\u00e9s d\u2019armement \u00ab\u00a0Paramount\u00a0\u00bb &#038; Embraer au Mali\u00a0: Les plaidoiries de la d\u00e9fense attendues ce 29 janvier.\"}]},{\"@type\":\"WebSite\",\"@id\":\"https:\/\/www.africascoop.net\/#website\",\"url\":\"https:\/\/www.africascoop.net\/\",\"name\":\"Actualit\u00e9s Africaines\",\"description\":\"\",\"publisher\":{\"@id\":\"https:\/\/www.africascoop.net\/#organization\"},\"potentialAction\":[{\"@type\":\"SearchAction\",\"target\":{\"@type\":\"EntryPoint\",\"urlTemplate\":\"https:\/\/www.africascoop.net\/?s={search_term_string}\"},\"query-input\":{\"@type\":\"PropertyValueSpecification\",\"valueRequired\":true,\"valueName\":\"search_term_string\"}}],\"inLanguage\":\"fr-FR\"},{\"@type\":\"Organization\",\"@id\":\"https:\/\/www.africascoop.net\/#organization\",\"name\":\"Actualit\u00e9s Africaines\",\"url\":\"https:\/\/www.africascoop.net\/\",\"logo\":{\"@type\":\"ImageObject\",\"inLanguage\":\"fr-FR\",\"@id\":\"https:\/\/www.africascoop.net\/#\/schema\/logo\/image\/\",\"url\":\"https:\/\/www.africascoop.net\/wp-content\/uploads\/2025\/09\/cropped-logo-2.jpg\",\"contentUrl\":\"https:\/\/www.africascoop.net\/wp-content\/uploads\/2025\/09\/cropped-logo-2.jpg\",\"width\":945,\"height\":591,\"caption\":\"Actualit\u00e9s Africaines\"},\"image\":{\"@id\":\"https:\/\/www.africascoop.net\/#\/schema\/logo\/image\/\"}},{\"@type\":\"Person\",\"@id\":\"https:\/\/www.africascoop.net\/#\/schema\/person\/2cbcc632c110d739d93a6b196c67230a\",\"name\":\"Africascoop\",\"image\":{\"@type\":\"ImageObject\",\"inLanguage\":\"fr-FR\",\"@id\":\"https:\/\/www.africascoop.net\/#\/schema\/person\/image\/\",\"url\":\"https:\/\/secure.gravatar.com\/avatar\/230d851f5173f64fe9487b948bd2daf02707ef49aea942bc1bdad649c82025b9?s=96&d=mm&r=g\",\"contentUrl\":\"https:\/\/secure.gravatar.com\/avatar\/230d851f5173f64fe9487b948bd2daf02707ef49aea942bc1bdad649c82025b9?s=96&d=mm&r=g\",\"caption\":\"Africascoop\"},\"url\":\"https:\/\/www.africascoop.net\/index.php\/author\/jul\/\"}]}<\/script>\n<!-- \/ Yoast SEO plugin. -->","yoast_head_json":{"title":"\u00a0Proc\u00e8s des march\u00e9s d\u2019armement \"Paramount\" & Embraer au Mali\u00a0: Les plaidoiries de la d\u00e9fense attendues ce 29 janvier. - Actualit\u00e9s Africaines","robots":{"index":"index","follow":"follow","max-snippet":"max-snippet:-1","max-image-preview":"max-image-preview:large","max-video-preview":"max-video-preview:-1"},"canonical":"https:\/\/www.africascoop.net\/index.php\/2026\/01\/28\/proces-des-marches-darmement-paramount-embraer-au-mali-les-plaidoiries-de-la-defense-attendues-ce-29-janvier\/","og_locale":"fr_FR","og_type":"article","og_title":"\u00a0Proc\u00e8s des march\u00e9s d\u2019armement \"Paramount\" & Embraer au Mali\u00a0: Les plaidoiries de la d\u00e9fense attendues ce 29 janvier. - Actualit\u00e9s Africaines","og_description":"La 18\u1d49 journ\u00e9e du proc\u00e8s des march\u00e9s d\u2019armement \u00ab\u00a0Paramount\u00a0\u00bb et \u00ab\u00a0Embraer\u00a0\u00bb s\u2019est tenue ce 26 janvier devant la","og_url":"https:\/\/www.africascoop.net\/index.php\/2026\/01\/28\/proces-des-marches-darmement-paramount-embraer-au-mali-les-plaidoiries-de-la-defense-attendues-ce-29-janvier\/","og_site_name":"Actualit\u00e9s Africaines","article_published_time":"2026-01-28T12:52:21+00:00","article_modified_time":"2026-01-28T12:58:57+00:00","og_image":[{"url":"https:\/\/www.africascoop.net\/wp-content\/uploads\/2026\/01\/proces-para-1024x576.jpg","type":"","width":"","height":""}],"author":"Africascoop","twitter_card":"summary_large_image","twitter_misc":{"\u00c9crit par":"Africascoop","Dur\u00e9e de lecture estim\u00e9e":"3 minutes"},"schema":{"@context":"https:\/\/schema.org","@graph":[{"@type":"Article","@id":"https:\/\/www.africascoop.net\/index.php\/2026\/01\/28\/proces-des-marches-darmement-paramount-embraer-au-mali-les-plaidoiries-de-la-defense-attendues-ce-29-janvier\/#article","isPartOf":{"@id":"https:\/\/www.africascoop.net\/index.php\/2026\/01\/28\/proces-des-marches-darmement-paramount-embraer-au-mali-les-plaidoiries-de-la-defense-attendues-ce-29-janvier\/"},"author":{"name":"Africascoop","@id":"https:\/\/www.africascoop.net\/#\/schema\/person\/2cbcc632c110d739d93a6b196c67230a"},"headline":"\u00a0Proc\u00e8s des march\u00e9s d\u2019armement \u00ab\u00a0Paramount\u00a0\u00bb &#038; Embraer au Mali\u00a0: Les plaidoiries de la d\u00e9fense attendues ce 29 janvier.","datePublished":"2026-01-28T12:52:21+00:00","dateModified":"2026-01-28T12:58:57+00:00","mainEntityOfPage":{"@id":"https:\/\/www.africascoop.net\/index.php\/2026\/01\/28\/proces-des-marches-darmement-paramount-embraer-au-mali-les-plaidoiries-de-la-defense-attendues-ce-29-janvier\/"},"wordCount":476,"commentCount":0,"publisher":{"@id":"https:\/\/www.africascoop.net\/#organization"},"image":{"@id":"https:\/\/www.africascoop.net\/index.php\/2026\/01\/28\/proces-des-marches-darmement-paramount-embraer-au-mali-les-plaidoiries-de-la-defense-attendues-ce-29-janvier\/#primaryimage"},"thumbnailUrl":"https:\/\/www.africascoop.net\/wp-content\/uploads\/2026\/01\/proces-para-1024x576.jpg","articleSection":["Exclusif","Justice"],"inLanguage":"fr-FR","potentialAction":[{"@type":"CommentAction","name":"Comment","target":["https:\/\/www.africascoop.net\/index.php\/2026\/01\/28\/proces-des-marches-darmement-paramount-embraer-au-mali-les-plaidoiries-de-la-defense-attendues-ce-29-janvier\/#respond"]}]},{"@type":"WebPage","@id":"https:\/\/www.africascoop.net\/index.php\/2026\/01\/28\/proces-des-marches-darmement-paramount-embraer-au-mali-les-plaidoiries-de-la-defense-attendues-ce-29-janvier\/","url":"https:\/\/www.africascoop.net\/index.php\/2026\/01\/28\/proces-des-marches-darmement-paramount-embraer-au-mali-les-plaidoiries-de-la-defense-attendues-ce-29-janvier\/","name":"\u00a0Proc\u00e8s des march\u00e9s d\u2019armement \"Paramount\" & Embraer au Mali\u00a0: Les plaidoiries de la d\u00e9fense attendues ce 29 janvier. - Actualit\u00e9s Africaines","isPartOf":{"@id":"https:\/\/www.africascoop.net\/#website"},"primaryImageOfPage":{"@id":"https:\/\/www.africascoop.net\/index.php\/2026\/01\/28\/proces-des-marches-darmement-paramount-embraer-au-mali-les-plaidoiries-de-la-defense-attendues-ce-29-janvier\/#primaryimage"},"image":{"@id":"https:\/\/www.africascoop.net\/index.php\/2026\/01\/28\/proces-des-marches-darmement-paramount-embraer-au-mali-les-plaidoiries-de-la-defense-attendues-ce-29-janvier\/#primaryimage"},"thumbnailUrl":"https:\/\/www.africascoop.net\/wp-content\/uploads\/2026\/01\/proces-para-1024x576.jpg","datePublished":"2026-01-28T12:52:21+00:00","dateModified":"2026-01-28T12:58:57+00:00","breadcrumb":{"@id":"https:\/\/www.africascoop.net\/index.php\/2026\/01\/28\/proces-des-marches-darmement-paramount-embraer-au-mali-les-plaidoiries-de-la-defense-attendues-ce-29-janvier\/#breadcrumb"},"inLanguage":"fr-FR","potentialAction":[{"@type":"ReadAction","target":["https:\/\/www.africascoop.net\/index.php\/2026\/01\/28\/proces-des-marches-darmement-paramount-embraer-au-mali-les-plaidoiries-de-la-defense-attendues-ce-29-janvier\/"]}]},{"@type":"ImageObject","inLanguage":"fr-FR","@id":"https:\/\/www.africascoop.net\/index.php\/2026\/01\/28\/proces-des-marches-darmement-paramount-embraer-au-mali-les-plaidoiries-de-la-defense-attendues-ce-29-janvier\/#primaryimage","url":"https:\/\/www.africascoop.net\/wp-content\/uploads\/2026\/01\/proces-para.jpg","contentUrl":"https:\/\/www.africascoop.net\/wp-content\/uploads\/2026\/01\/proces-para.jpg","width":1366,"height":768},{"@type":"BreadcrumbList","@id":"https:\/\/www.africascoop.net\/index.php\/2026\/01\/28\/proces-des-marches-darmement-paramount-embraer-au-mali-les-plaidoiries-de-la-defense-attendues-ce-29-janvier\/#breadcrumb","itemListElement":[{"@type":"ListItem","position":1,"name":"Accueil","item":"https:\/\/www.africascoop.net\/"},{"@type":"ListItem","position":2,"name":"\u00a0Proc\u00e8s des march\u00e9s d\u2019armement \u00ab\u00a0Paramount\u00a0\u00bb &#038; Embraer au Mali\u00a0: Les plaidoiries de la d\u00e9fense attendues ce 29 janvier."}]},{"@type":"WebSite","@id":"https:\/\/www.africascoop.net\/#website","url":"https:\/\/www.africascoop.net\/","name":"Actualit\u00e9s Africaines","description":"","publisher":{"@id":"https:\/\/www.africascoop.net\/#organization"},"potentialAction":[{"@type":"SearchAction","target":{"@type":"EntryPoint","urlTemplate":"https:\/\/www.africascoop.net\/?s={search_term_string}"},"query-input":{"@type":"PropertyValueSpecification","valueRequired":true,"valueName":"search_term_string"}}],"inLanguage":"fr-FR"},{"@type":"Organization","@id":"https:\/\/www.africascoop.net\/#organization","name":"Actualit\u00e9s Africaines","url":"https:\/\/www.africascoop.net\/","logo":{"@type":"ImageObject","inLanguage":"fr-FR","@id":"https:\/\/www.africascoop.net\/#\/schema\/logo\/image\/","url":"https:\/\/www.africascoop.net\/wp-content\/uploads\/2025\/09\/cropped-logo-2.jpg","contentUrl":"https:\/\/www.africascoop.net\/wp-content\/uploads\/2025\/09\/cropped-logo-2.jpg","width":945,"height":591,"caption":"Actualit\u00e9s Africaines"},"image":{"@id":"https:\/\/www.africascoop.net\/#\/schema\/logo\/image\/"}},{"@type":"Person","@id":"https:\/\/www.africascoop.net\/#\/schema\/person\/2cbcc632c110d739d93a6b196c67230a","name":"Africascoop","image":{"@type":"ImageObject","inLanguage":"fr-FR","@id":"https:\/\/www.africascoop.net\/#\/schema\/person\/image\/","url":"https:\/\/secure.gravatar.com\/avatar\/230d851f5173f64fe9487b948bd2daf02707ef49aea942bc1bdad649c82025b9?s=96&d=mm&r=g","contentUrl":"https:\/\/secure.gravatar.com\/avatar\/230d851f5173f64fe9487b948bd2daf02707ef49aea942bc1bdad649c82025b9?s=96&d=mm&r=g","caption":"Africascoop"},"url":"https:\/\/www.africascoop.net\/index.php\/author\/jul\/"}]}},"_links":{"self":[{"href":"https:\/\/www.africascoop.net\/index.php\/wp-json\/wp\/v2\/posts\/1256","targetHints":{"allow":["GET"]}}],"collection":[{"href":"https:\/\/www.africascoop.net\/index.php\/wp-json\/wp\/v2\/posts"}],"about":[{"href":"https:\/\/www.africascoop.net\/index.php\/wp-json\/wp\/v2\/types\/post"}],"author":[{"embeddable":true,"href":"https:\/\/www.africascoop.net\/index.php\/wp-json\/wp\/v2\/users\/3"}],"replies":[{"embeddable":true,"href":"https:\/\/www.africascoop.net\/index.php\/wp-json\/wp\/v2\/comments?post=1256"}],"version-history":[{"count":2,"href":"https:\/\/www.africascoop.net\/index.php\/wp-json\/wp\/v2\/posts\/1256\/revisions"}],"predecessor-version":[{"id":1264,"href":"https:\/\/www.africascoop.net\/index.php\/wp-json\/wp\/v2\/posts\/1256\/revisions\/1264"}],"wp:attachment":[{"href":"https:\/\/www.africascoop.net\/index.php\/wp-json\/wp\/v2\/media?parent=1256"}],"wp:term":[{"taxonomy":"category","embeddable":true,"href":"https:\/\/www.africascoop.net\/index.php\/wp-json\/wp\/v2\/categories?post=1256"},{"taxonomy":"post_tag","embeddable":true,"href":"https:\/\/www.africascoop.net\/index.php\/wp-json\/wp\/v2\/tags?post=1256"}],"curies":[{"name":"wp","href":"https:\/\/api.w.org\/{rel}","templated":true}]}}