{"id":1270,"date":"2026-01-28T14:02:56","date_gmt":"2026-01-28T14:02:56","guid":{"rendered":"https:\/\/www.africascoop.net\/?p=1270"},"modified":"2026-01-28T14:02:59","modified_gmt":"2026-01-28T14:02:59","slug":"burkina-faso-ibrahim-traore-annonce-une-annee-2026-sous-le-signe-de-la-resilience-et-de-grands-chantiers","status":"publish","type":"post","link":"https:\/\/www.africascoop.net\/index.php\/2026\/01\/28\/burkina-faso-ibrahim-traore-annonce-une-annee-2026-sous-le-signe-de-la-resilience-et-de-grands-chantiers\/","title":{"rendered":"Burkina Faso : Ibrahim Traor\u00e9 annonce une ann\u00e9e 2026 sous le signe de la r\u00e9silience et de grands chantiers"},"content":{"rendered":"\n<figure class=\"wp-block-image size-large\"><img loading=\"lazy\" decoding=\"async\" width=\"1024\" height=\"576\" src=\"https:\/\/www.africascoop.net\/wp-content\/uploads\/2026\/01\/drones-civils-copie444-1-1024x576.jpg\" alt=\"\" class=\"wp-image-1271\" srcset=\"https:\/\/www.africascoop.net\/wp-content\/uploads\/2026\/01\/drones-civils-copie444-1-1024x576.jpg 1024w, https:\/\/www.africascoop.net\/wp-content\/uploads\/2026\/01\/drones-civils-copie444-1-300x169.jpg 300w, https:\/\/www.africascoop.net\/wp-content\/uploads\/2026\/01\/drones-civils-copie444-1-768x432.jpg 768w, https:\/\/www.africascoop.net\/wp-content\/uploads\/2026\/01\/drones-civils-copie444-1.jpg 1366w\" sizes=\"auto, (max-width: 1024px) 100vw, 1024px\" \/><\/figure>\n\n\n\n<p>Au Burkina Faso, le gouvernement a lanc\u00e9 officiellement l\u2019ann\u00e9e 2026 \u00e0 travers la premi\u00e8re mont\u00e9e des couleurs tenue \u00e0 la pr\u00e9sidence du Faso. Cette c\u00e9r\u00e9monie symbolique a servi de cadre au chef de l\u2019\u00c9tat, le capitaine Ibrahim Traor\u00e9, pour fixer le cap des mois \u00e0 venir, dans un contexte marqu\u00e9 par d\u2019importants d\u00e9fis s\u00e9curitaires et socio-\u00e9conomiques.<\/p>\n\n\n\n<p>Devant les autorit\u00e9s civiles et militaires, le pr\u00e9sident burkinab\u00e8 a annonc\u00e9 l\u2019ouverture de vastes chantiers structurants pour l\u2019ann\u00e9e 2026, qu\u2019il a plac\u00e9e sous le signe du d\u00e9passement de soi et de la r\u00e9silience nationale. Insistant sur la n\u00e9cessit\u00e9 de maintenir l\u2019effort collectif, Ibrahim Traor\u00e9 a exhort\u00e9 les forces vives du pays \u00e0 faire preuve d\u2019endurance et de discipline face aux exigences \u00e0 venir.<\/p>\n\n\n\n<p>\u00ab Vous avez appris \u00e0 travailler sous pression, la pression va continuer \u00bb, a-t-il d\u00e9clar\u00e9, appelant \u00e0 la mobilisation g\u00e9n\u00e9rale pour consolider les acquis et acc\u00e9l\u00e9rer les r\u00e9formes engag\u00e9es. Les priorit\u00e9s affich\u00e9es concernent aussi bien le renforcement de la s\u00e9curit\u00e9 que la relance \u00e9conomique, le d\u00e9veloppement des infrastructures et l\u2019am\u00e9lioration des conditions de vie des populations.<\/p>\n\n\n\n<p>\u00c0 travers ce message, les autorit\u00e9s burkinab\u00e8 r\u00e9affirment leur volont\u00e9 de poursuivre une gouvernance ax\u00e9e sur l\u2019action, dans un climat de fermet\u00e9 et de d\u00e9termination, afin de r\u00e9pondre aux attentes d\u2019un pays en qu\u00eate de stabilit\u00e9 et de progr\u00e8s durable.<\/p>\n\n\n\n<p>Par Djibrilla Tour\u00e9<\/p>\n","protected":false},"excerpt":{"rendered":"<p>Au Burkina Faso, le gouvernement a lanc\u00e9 officiellement l\u2019ann\u00e9e 2026 \u00e0 travers la premi\u00e8re mont\u00e9e des couleurs tenue<\/p>\n","protected":false},"author":3,"featured_media":0,"comment_status":"open","ping_status":"open","sticky":false,"template":"","format":"standard","meta":{"footnotes":""},"categories":[36,9],"tags":[],"class_list":["post-1270","post","type-post","status-publish","format-standard","hentry","category-exclusif","category-politique"],"yoast_head":"<!-- This site is optimized with the Yoast SEO plugin v26.0 - https:\/\/yoast.com\/wordpress\/plugins\/seo\/ -->\n<title>Burkina Faso : Ibrahim Traor\u00e9 annonce une ann\u00e9e 2026 sous le signe de la r\u00e9silience et de grands chantiers - Actualit\u00e9s Africaines<\/title>\n<meta name=\"robots\" content=\"index, follow, max-snippet:-1, max-image-preview:large, max-video-preview:-1\" \/>\n<link rel=\"canonical\" href=\"http:\/\/www.africascoop.net\/index.php\/2026\/01\/28\/burkina-faso-ibrahim-traore-annonce-une-annee-2026-sous-le-signe-de-la-resilience-et-de-grands-chantiers\/\" \/>\n<meta property=\"og:locale\" content=\"fr_FR\" \/>\n<meta property=\"og:type\" content=\"article\" \/>\n<meta property=\"og:title\" content=\"Burkina Faso : Ibrahim Traor\u00e9 annonce une ann\u00e9e 2026 sous le signe de la r\u00e9silience et de grands chantiers - Actualit\u00e9s Africaines\" \/>\n<meta property=\"og:description\" content=\"Au Burkina Faso, le gouvernement a lanc\u00e9 officiellement l\u2019ann\u00e9e 2026 \u00e0 travers la premi\u00e8re mont\u00e9e des couleurs tenue\" \/>\n<meta property=\"og:url\" content=\"http:\/\/www.africascoop.net\/index.php\/2026\/01\/28\/burkina-faso-ibrahim-traore-annonce-une-annee-2026-sous-le-signe-de-la-resilience-et-de-grands-chantiers\/\" \/>\n<meta property=\"og:site_name\" content=\"Actualit\u00e9s Africaines\" \/>\n<meta property=\"article:published_time\" content=\"2026-01-28T14:02:56+00:00\" \/>\n<meta property=\"article:modified_time\" content=\"2026-01-28T14:02:59+00:00\" \/>\n<meta property=\"og:image\" content=\"https:\/\/www.africascoop.net\/wp-content\/uploads\/2026\/01\/drones-civils-copie444-1-1024x576.jpg\" \/>\n<meta name=\"author\" content=\"Africascoop\" \/>\n<meta name=\"twitter:card\" content=\"summary_large_image\" \/>\n<meta name=\"twitter:label1\" content=\"\u00c9crit par\" \/>\n\t<meta name=\"twitter:data1\" content=\"Africascoop\" \/>\n\t<meta name=\"twitter:label2\" content=\"Dur\u00e9e de lecture estim\u00e9e\" \/>\n\t<meta name=\"twitter:data2\" content=\"2 minutes\" \/>\n<script type=\"application\/ld+json\" class=\"yoast-schema-graph\">{\"@context\":\"https:\/\/schema.org\",\"@graph\":[{\"@type\":\"Article\",\"@id\":\"http:\/\/www.africascoop.net\/index.php\/2026\/01\/28\/burkina-faso-ibrahim-traore-annonce-une-annee-2026-sous-le-signe-de-la-resilience-et-de-grands-chantiers\/#article\",\"isPartOf\":{\"@id\":\"http:\/\/www.africascoop.net\/index.php\/2026\/01\/28\/burkina-faso-ibrahim-traore-annonce-une-annee-2026-sous-le-signe-de-la-resilience-et-de-grands-chantiers\/\"},\"author\":{\"name\":\"Africascoop\",\"@id\":\"https:\/\/www.africascoop.net\/#\/schema\/person\/2cbcc632c110d739d93a6b196c67230a\"},\"headline\":\"Burkina Faso : Ibrahim Traor\u00e9 annonce une ann\u00e9e 2026 sous le signe de la r\u00e9silience et de grands chantiers\",\"datePublished\":\"2026-01-28T14:02:56+00:00\",\"dateModified\":\"2026-01-28T14:02:59+00:00\",\"mainEntityOfPage\":{\"@id\":\"http:\/\/www.africascoop.net\/index.php\/2026\/01\/28\/burkina-faso-ibrahim-traore-annonce-une-annee-2026-sous-le-signe-de-la-resilience-et-de-grands-chantiers\/\"},\"wordCount\":271,\"commentCount\":0,\"publisher\":{\"@id\":\"https:\/\/www.africascoop.net\/#organization\"},\"image\":{\"@id\":\"http:\/\/www.africascoop.net\/index.php\/2026\/01\/28\/burkina-faso-ibrahim-traore-annonce-une-annee-2026-sous-le-signe-de-la-resilience-et-de-grands-chantiers\/#primaryimage\"},\"thumbnailUrl\":\"https:\/\/www.africascoop.net\/wp-content\/uploads\/2026\/01\/drones-civils-copie444-1-1024x576.jpg\",\"articleSection\":[\"Exclusif\",\"Politique\"],\"inLanguage\":\"fr-FR\",\"potentialAction\":[{\"@type\":\"CommentAction\",\"name\":\"Comment\",\"target\":[\"http:\/\/www.africascoop.net\/index.php\/2026\/01\/28\/burkina-faso-ibrahim-traore-annonce-une-annee-2026-sous-le-signe-de-la-resilience-et-de-grands-chantiers\/#respond\"]}]},{\"@type\":\"WebPage\",\"@id\":\"http:\/\/www.africascoop.net\/index.php\/2026\/01\/28\/burkina-faso-ibrahim-traore-annonce-une-annee-2026-sous-le-signe-de-la-resilience-et-de-grands-chantiers\/\",\"url\":\"http:\/\/www.africascoop.net\/index.php\/2026\/01\/28\/burkina-faso-ibrahim-traore-annonce-une-annee-2026-sous-le-signe-de-la-resilience-et-de-grands-chantiers\/\",\"name\":\"Burkina Faso : Ibrahim Traor\u00e9 annonce une ann\u00e9e 2026 sous le signe de la r\u00e9silience et de grands chantiers - Actualit\u00e9s Africaines\",\"isPartOf\":{\"@id\":\"https:\/\/www.africascoop.net\/#website\"},\"primaryImageOfPage\":{\"@id\":\"http:\/\/www.africascoop.net\/index.php\/2026\/01\/28\/burkina-faso-ibrahim-traore-annonce-une-annee-2026-sous-le-signe-de-la-resilience-et-de-grands-chantiers\/#primaryimage\"},\"image\":{\"@id\":\"http:\/\/www.africascoop.net\/index.php\/2026\/01\/28\/burkina-faso-ibrahim-traore-annonce-une-annee-2026-sous-le-signe-de-la-resilience-et-de-grands-chantiers\/#primaryimage\"},\"thumbnailUrl\":\"https:\/\/www.africascoop.net\/wp-content\/uploads\/2026\/01\/drones-civils-copie444-1-1024x576.jpg\",\"datePublished\":\"2026-01-28T14:02:56+00:00\",\"dateModified\":\"2026-01-28T14:02:59+00:00\",\"breadcrumb\":{\"@id\":\"http:\/\/www.africascoop.net\/index.php\/2026\/01\/28\/burkina-faso-ibrahim-traore-annonce-une-annee-2026-sous-le-signe-de-la-resilience-et-de-grands-chantiers\/#breadcrumb\"},\"inLanguage\":\"fr-FR\",\"potentialAction\":[{\"@type\":\"ReadAction\",\"target\":[\"http:\/\/www.africascoop.net\/index.php\/2026\/01\/28\/burkina-faso-ibrahim-traore-annonce-une-annee-2026-sous-le-signe-de-la-resilience-et-de-grands-chantiers\/\"]}]},{\"@type\":\"ImageObject\",\"inLanguage\":\"fr-FR\",\"@id\":\"http:\/\/www.africascoop.net\/index.php\/2026\/01\/28\/burkina-faso-ibrahim-traore-annonce-une-annee-2026-sous-le-signe-de-la-resilience-et-de-grands-chantiers\/#primaryimage\",\"url\":\"https:\/\/www.africascoop.net\/wp-content\/uploads\/2026\/01\/drones-civils-copie444-1.jpg\",\"contentUrl\":\"https:\/\/www.africascoop.net\/wp-content\/uploads\/2026\/01\/drones-civils-copie444-1.jpg\",\"width\":1366,\"height\":768},{\"@type\":\"BreadcrumbList\",\"@id\":\"http:\/\/www.africascoop.net\/index.php\/2026\/01\/28\/burkina-faso-ibrahim-traore-annonce-une-annee-2026-sous-le-signe-de-la-resilience-et-de-grands-chantiers\/#breadcrumb\",\"itemListElement\":[{\"@type\":\"ListItem\",\"position\":1,\"name\":\"Accueil\",\"item\":\"https:\/\/www.africascoop.net\/\"},{\"@type\":\"ListItem\",\"position\":2,\"name\":\"Burkina Faso : Ibrahim Traor\u00e9 annonce une ann\u00e9e 2026 sous le signe de la r\u00e9silience et de grands chantiers\"}]},{\"@type\":\"WebSite\",\"@id\":\"https:\/\/www.africascoop.net\/#website\",\"url\":\"https:\/\/www.africascoop.net\/\",\"name\":\"Actualit\u00e9s Africaines\",\"description\":\"\",\"publisher\":{\"@id\":\"https:\/\/www.africascoop.net\/#organization\"},\"potentialAction\":[{\"@type\":\"SearchAction\",\"target\":{\"@type\":\"EntryPoint\",\"urlTemplate\":\"https:\/\/www.africascoop.net\/?s={search_term_string}\"},\"query-input\":{\"@type\":\"PropertyValueSpecification\",\"valueRequired\":true,\"valueName\":\"search_term_string\"}}],\"inLanguage\":\"fr-FR\"},{\"@type\":\"Organization\",\"@id\":\"https:\/\/www.africascoop.net\/#organization\",\"name\":\"Actualit\u00e9s Africaines\",\"url\":\"https:\/\/www.africascoop.net\/\",\"logo\":{\"@type\":\"ImageObject\",\"inLanguage\":\"fr-FR\",\"@id\":\"https:\/\/www.africascoop.net\/#\/schema\/logo\/image\/\",\"url\":\"https:\/\/www.africascoop.net\/wp-content\/uploads\/2025\/09\/cropped-logo-2.jpg\",\"contentUrl\":\"https:\/\/www.africascoop.net\/wp-content\/uploads\/2025\/09\/cropped-logo-2.jpg\",\"width\":945,\"height\":591,\"caption\":\"Actualit\u00e9s Africaines\"},\"image\":{\"@id\":\"https:\/\/www.africascoop.net\/#\/schema\/logo\/image\/\"}},{\"@type\":\"Person\",\"@id\":\"https:\/\/www.africascoop.net\/#\/schema\/person\/2cbcc632c110d739d93a6b196c67230a\",\"name\":\"Africascoop\",\"image\":{\"@type\":\"ImageObject\",\"inLanguage\":\"fr-FR\",\"@id\":\"https:\/\/www.africascoop.net\/#\/schema\/person\/image\/\",\"url\":\"https:\/\/secure.gravatar.com\/avatar\/230d851f5173f64fe9487b948bd2daf02707ef49aea942bc1bdad649c82025b9?s=96&d=mm&r=g\",\"contentUrl\":\"https:\/\/secure.gravatar.com\/avatar\/230d851f5173f64fe9487b948bd2daf02707ef49aea942bc1bdad649c82025b9?s=96&d=mm&r=g\",\"caption\":\"Africascoop\"},\"url\":\"https:\/\/www.africascoop.net\/index.php\/author\/jul\/\"}]}<\/script>\n<!-- \/ Yoast SEO plugin. -->","yoast_head_json":{"title":"Burkina Faso : Ibrahim Traor\u00e9 annonce une ann\u00e9e 2026 sous le signe de la r\u00e9silience et de grands chantiers - Actualit\u00e9s Africaines","robots":{"index":"index","follow":"follow","max-snippet":"max-snippet:-1","max-image-preview":"max-image-preview:large","max-video-preview":"max-video-preview:-1"},"canonical":"http:\/\/www.africascoop.net\/index.php\/2026\/01\/28\/burkina-faso-ibrahim-traore-annonce-une-annee-2026-sous-le-signe-de-la-resilience-et-de-grands-chantiers\/","og_locale":"fr_FR","og_type":"article","og_title":"Burkina Faso : Ibrahim Traor\u00e9 annonce une ann\u00e9e 2026 sous le signe de la r\u00e9silience et de grands chantiers - Actualit\u00e9s Africaines","og_description":"Au Burkina Faso, le gouvernement a lanc\u00e9 officiellement l\u2019ann\u00e9e 2026 \u00e0 travers la premi\u00e8re mont\u00e9e des couleurs tenue","og_url":"http:\/\/www.africascoop.net\/index.php\/2026\/01\/28\/burkina-faso-ibrahim-traore-annonce-une-annee-2026-sous-le-signe-de-la-resilience-et-de-grands-chantiers\/","og_site_name":"Actualit\u00e9s Africaines","article_published_time":"2026-01-28T14:02:56+00:00","article_modified_time":"2026-01-28T14:02:59+00:00","og_image":[{"url":"https:\/\/www.africascoop.net\/wp-content\/uploads\/2026\/01\/drones-civils-copie444-1-1024x576.jpg","type":"","width":"","height":""}],"author":"Africascoop","twitter_card":"summary_large_image","twitter_misc":{"\u00c9crit par":"Africascoop","Dur\u00e9e de lecture estim\u00e9e":"2 minutes"},"schema":{"@context":"https:\/\/schema.org","@graph":[{"@type":"Article","@id":"http:\/\/www.africascoop.net\/index.php\/2026\/01\/28\/burkina-faso-ibrahim-traore-annonce-une-annee-2026-sous-le-signe-de-la-resilience-et-de-grands-chantiers\/#article","isPartOf":{"@id":"http:\/\/www.africascoop.net\/index.php\/2026\/01\/28\/burkina-faso-ibrahim-traore-annonce-une-annee-2026-sous-le-signe-de-la-resilience-et-de-grands-chantiers\/"},"author":{"name":"Africascoop","@id":"https:\/\/www.africascoop.net\/#\/schema\/person\/2cbcc632c110d739d93a6b196c67230a"},"headline":"Burkina Faso : Ibrahim Traor\u00e9 annonce une ann\u00e9e 2026 sous le signe de la r\u00e9silience et de grands chantiers","datePublished":"2026-01-28T14:02:56+00:00","dateModified":"2026-01-28T14:02:59+00:00","mainEntityOfPage":{"@id":"http:\/\/www.africascoop.net\/index.php\/2026\/01\/28\/burkina-faso-ibrahim-traore-annonce-une-annee-2026-sous-le-signe-de-la-resilience-et-de-grands-chantiers\/"},"wordCount":271,"commentCount":0,"publisher":{"@id":"https:\/\/www.africascoop.net\/#organization"},"image":{"@id":"http:\/\/www.africascoop.net\/index.php\/2026\/01\/28\/burkina-faso-ibrahim-traore-annonce-une-annee-2026-sous-le-signe-de-la-resilience-et-de-grands-chantiers\/#primaryimage"},"thumbnailUrl":"https:\/\/www.africascoop.net\/wp-content\/uploads\/2026\/01\/drones-civils-copie444-1-1024x576.jpg","articleSection":["Exclusif","Politique"],"inLanguage":"fr-FR","potentialAction":[{"@type":"CommentAction","name":"Comment","target":["http:\/\/www.africascoop.net\/index.php\/2026\/01\/28\/burkina-faso-ibrahim-traore-annonce-une-annee-2026-sous-le-signe-de-la-resilience-et-de-grands-chantiers\/#respond"]}]},{"@type":"WebPage","@id":"http:\/\/www.africascoop.net\/index.php\/2026\/01\/28\/burkina-faso-ibrahim-traore-annonce-une-annee-2026-sous-le-signe-de-la-resilience-et-de-grands-chantiers\/","url":"http:\/\/www.africascoop.net\/index.php\/2026\/01\/28\/burkina-faso-ibrahim-traore-annonce-une-annee-2026-sous-le-signe-de-la-resilience-et-de-grands-chantiers\/","name":"Burkina Faso : Ibrahim Traor\u00e9 annonce une ann\u00e9e 2026 sous le signe de la r\u00e9silience et de grands chantiers - Actualit\u00e9s Africaines","isPartOf":{"@id":"https:\/\/www.africascoop.net\/#website"},"primaryImageOfPage":{"@id":"http:\/\/www.africascoop.net\/index.php\/2026\/01\/28\/burkina-faso-ibrahim-traore-annonce-une-annee-2026-sous-le-signe-de-la-resilience-et-de-grands-chantiers\/#primaryimage"},"image":{"@id":"http:\/\/www.africascoop.net\/index.php\/2026\/01\/28\/burkina-faso-ibrahim-traore-annonce-une-annee-2026-sous-le-signe-de-la-resilience-et-de-grands-chantiers\/#primaryimage"},"thumbnailUrl":"https:\/\/www.africascoop.net\/wp-content\/uploads\/2026\/01\/drones-civils-copie444-1-1024x576.jpg","datePublished":"2026-01-28T14:02:56+00:00","dateModified":"2026-01-28T14:02:59+00:00","breadcrumb":{"@id":"http:\/\/www.africascoop.net\/index.php\/2026\/01\/28\/burkina-faso-ibrahim-traore-annonce-une-annee-2026-sous-le-signe-de-la-resilience-et-de-grands-chantiers\/#breadcrumb"},"inLanguage":"fr-FR","potentialAction":[{"@type":"ReadAction","target":["http:\/\/www.africascoop.net\/index.php\/2026\/01\/28\/burkina-faso-ibrahim-traore-annonce-une-annee-2026-sous-le-signe-de-la-resilience-et-de-grands-chantiers\/"]}]},{"@type":"ImageObject","inLanguage":"fr-FR","@id":"http:\/\/www.africascoop.net\/index.php\/2026\/01\/28\/burkina-faso-ibrahim-traore-annonce-une-annee-2026-sous-le-signe-de-la-resilience-et-de-grands-chantiers\/#primaryimage","url":"https:\/\/www.africascoop.net\/wp-content\/uploads\/2026\/01\/drones-civils-copie444-1.jpg","contentUrl":"https:\/\/www.africascoop.net\/wp-content\/uploads\/2026\/01\/drones-civils-copie444-1.jpg","width":1366,"height":768},{"@type":"BreadcrumbList","@id":"http:\/\/www.africascoop.net\/index.php\/2026\/01\/28\/burkina-faso-ibrahim-traore-annonce-une-annee-2026-sous-le-signe-de-la-resilience-et-de-grands-chantiers\/#breadcrumb","itemListElement":[{"@type":"ListItem","position":1,"name":"Accueil","item":"https:\/\/www.africascoop.net\/"},{"@type":"ListItem","position":2,"name":"Burkina Faso : Ibrahim Traor\u00e9 annonce une ann\u00e9e 2026 sous le signe de la r\u00e9silience et de grands chantiers"}]},{"@type":"WebSite","@id":"https:\/\/www.africascoop.net\/#website","url":"https:\/\/www.africascoop.net\/","name":"Actualit\u00e9s Africaines","description":"","publisher":{"@id":"https:\/\/www.africascoop.net\/#organization"},"potentialAction":[{"@type":"SearchAction","target":{"@type":"EntryPoint","urlTemplate":"https:\/\/www.africascoop.net\/?s={search_term_string}"},"query-input":{"@type":"PropertyValueSpecification","valueRequired":true,"valueName":"search_term_string"}}],"inLanguage":"fr-FR"},{"@type":"Organization","@id":"https:\/\/www.africascoop.net\/#organization","name":"Actualit\u00e9s Africaines","url":"https:\/\/www.africascoop.net\/","logo":{"@type":"ImageObject","inLanguage":"fr-FR","@id":"https:\/\/www.africascoop.net\/#\/schema\/logo\/image\/","url":"https:\/\/www.africascoop.net\/wp-content\/uploads\/2025\/09\/cropped-logo-2.jpg","contentUrl":"https:\/\/www.africascoop.net\/wp-content\/uploads\/2025\/09\/cropped-logo-2.jpg","width":945,"height":591,"caption":"Actualit\u00e9s Africaines"},"image":{"@id":"https:\/\/www.africascoop.net\/#\/schema\/logo\/image\/"}},{"@type":"Person","@id":"https:\/\/www.africascoop.net\/#\/schema\/person\/2cbcc632c110d739d93a6b196c67230a","name":"Africascoop","image":{"@type":"ImageObject","inLanguage":"fr-FR","@id":"https:\/\/www.africascoop.net\/#\/schema\/person\/image\/","url":"https:\/\/secure.gravatar.com\/avatar\/230d851f5173f64fe9487b948bd2daf02707ef49aea942bc1bdad649c82025b9?s=96&d=mm&r=g","contentUrl":"https:\/\/secure.gravatar.com\/avatar\/230d851f5173f64fe9487b948bd2daf02707ef49aea942bc1bdad649c82025b9?s=96&d=mm&r=g","caption":"Africascoop"},"url":"https:\/\/www.africascoop.net\/index.php\/author\/jul\/"}]}},"_links":{"self":[{"href":"https:\/\/www.africascoop.net\/index.php\/wp-json\/wp\/v2\/posts\/1270","targetHints":{"allow":["GET"]}}],"collection":[{"href":"https:\/\/www.africascoop.net\/index.php\/wp-json\/wp\/v2\/posts"}],"about":[{"href":"https:\/\/www.africascoop.net\/index.php\/wp-json\/wp\/v2\/types\/post"}],"author":[{"embeddable":true,"href":"https:\/\/www.africascoop.net\/index.php\/wp-json\/wp\/v2\/users\/3"}],"replies":[{"embeddable":true,"href":"https:\/\/www.africascoop.net\/index.php\/wp-json\/wp\/v2\/comments?post=1270"}],"version-history":[{"count":1,"href":"https:\/\/www.africascoop.net\/index.php\/wp-json\/wp\/v2\/posts\/1270\/revisions"}],"predecessor-version":[{"id":1272,"href":"https:\/\/www.africascoop.net\/index.php\/wp-json\/wp\/v2\/posts\/1270\/revisions\/1272"}],"wp:attachment":[{"href":"https:\/\/www.africascoop.net\/index.php\/wp-json\/wp\/v2\/media?parent=1270"}],"wp:term":[{"taxonomy":"category","embeddable":true,"href":"https:\/\/www.africascoop.net\/index.php\/wp-json\/wp\/v2\/categories?post=1270"},{"taxonomy":"post_tag","embeddable":true,"href":"https:\/\/www.africascoop.net\/index.php\/wp-json\/wp\/v2\/tags?post=1270"}],"curies":[{"name":"wp","href":"https:\/\/api.w.org\/{rel}","templated":true}]}}