{"id":1276,"date":"2026-01-29T18:15:09","date_gmt":"2026-01-29T18:15:09","guid":{"rendered":"https:\/\/www.africascoop.net\/?p=1276"},"modified":"2026-01-29T18:15:13","modified_gmt":"2026-01-29T18:15:13","slug":"benin-larrestation-dalassane-tigri-ravive-les-tensions-politiques","status":"publish","type":"post","link":"https:\/\/www.africascoop.net\/index.php\/2026\/01\/29\/benin-larrestation-dalassane-tigri-ravive-les-tensions-politiques\/","title":{"rendered":"B\u00e9nin : l\u2019arrestation d\u2019Alassane Tigri ravive les tensions politiques"},"content":{"rendered":"\n<figure class=\"wp-block-image size-large\"><img loading=\"lazy\" decoding=\"async\" width=\"1024\" height=\"576\" src=\"https:\/\/www.africascoop.net\/wp-content\/uploads\/2026\/01\/tigri-1024x576.jpg\" alt=\"\" class=\"wp-image-1277\" srcset=\"https:\/\/www.africascoop.net\/wp-content\/uploads\/2026\/01\/tigri-1024x576.jpg 1024w, https:\/\/www.africascoop.net\/wp-content\/uploads\/2026\/01\/tigri-300x169.jpg 300w, https:\/\/www.africascoop.net\/wp-content\/uploads\/2026\/01\/tigri-768x432.jpg 768w, https:\/\/www.africascoop.net\/wp-content\/uploads\/2026\/01\/tigri.jpg 1366w\" sizes=\"auto, (max-width: 1024px) 100vw, 1024px\" \/><\/figure>\n\n\n\n<p><strong><em>Au B\u00e9nin, l\u2019interpellation d\u2019Alassane Tigri, ancien ministre des Sports et cadre influent du parti d\u2019opposition Les D\u00e9mocrates, continue de susciter de nombreuses interrogations. L\u2019homme politique a \u00e9t\u00e9 arr\u00eat\u00e9 dans la nuit du 28 janvier 2026 \u00e0 son domicile situ\u00e9 \u00e0 Cotonou, selon plusieurs sources concordantes.<\/em><\/strong><\/p>\n\n\n\n<p>\u00c0 ce stade, les autorit\u00e9s b\u00e9ninoises n\u2019ont fourni aucune explication officielle sur les motifs de cette arrestation. Ni la nature des faits reproch\u00e9s, ni le fondement juridique de la proc\u00e9dure n\u2019ont \u00e9t\u00e9 rendus publics, alimentant ainsi les sp\u00e9culations et les inqui\u00e9tudes au sein de la classe politique et de l\u2019opinion nationale.<\/p>\n\n\n\n<p>Cette nouvelle interpellation s\u2019inscrit dans un climat politique particuli\u00e8rement sensible. Depuis les \u00e9v\u00e9nements survenus le 7 d\u00e9cembre dernier, plusieurs figures de l\u2019opposition ont \u00e9t\u00e9 arr\u00eat\u00e9es ou inqui\u00e9t\u00e9es par la justice. Un d\u00e9put\u00e9 appartenant \u00e9galement au parti Les D\u00e9mocrates ferait partie des personnes concern\u00e9es par ces mesures, renfor\u00e7ant le sentiment d\u2019une pression accrue sur les acteurs politiques critiques du pouvoir.<\/p>\n\n\n\n<p>Du c\u00f4t\u00e9 de l\u2019opposition, cette arrestation est per\u00e7ue comme un signal pr\u00e9occupant pour l\u2019espace d\u00e9mocratique et les libert\u00e9s politiques. Des voix s\u2019\u00e9l\u00e8vent d\u00e9j\u00e0 pour demander des clarifications rapides et le respect des droits fondamentaux de l\u2019ancien ministre.<\/p>\n\n\n\n<p>En attendant une communication officielle des autorit\u00e9s comp\u00e9tentes, l\u2019affaire Alassane Tigri vient raviver le d\u00e9bat sur l\u2019\u00e9tat de la d\u00e9mocratie et le climat politique au B\u00e9nin.<\/p>\n\n\n\n<p>Par Djibrilla Tour\u00e9<\/p>\n","protected":false},"excerpt":{"rendered":"<p>Au B\u00e9nin, l\u2019interpellation d\u2019Alassane Tigri, ancien ministre des Sports et cadre influent du parti d\u2019opposition Les D\u00e9mocrates, continue<\/p>\n","protected":false},"author":3,"featured_media":0,"comment_status":"open","ping_status":"open","sticky":false,"template":"","format":"standard","meta":{"footnotes":""},"categories":[36,9],"tags":[],"class_list":["post-1276","post","type-post","status-publish","format-standard","hentry","category-exclusif","category-politique"],"yoast_head":"<!-- This site is optimized with the Yoast SEO plugin v26.0 - https:\/\/yoast.com\/wordpress\/plugins\/seo\/ -->\n<title>B\u00e9nin : l\u2019arrestation d\u2019Alassane Tigri ravive les tensions politiques - Actualit\u00e9s Africaines<\/title>\n<meta name=\"robots\" content=\"index, follow, max-snippet:-1, max-image-preview:large, max-video-preview:-1\" \/>\n<link rel=\"canonical\" href=\"https:\/\/www.africascoop.net\/index.php\/2026\/01\/29\/benin-larrestation-dalassane-tigri-ravive-les-tensions-politiques\/\" \/>\n<meta property=\"og:locale\" content=\"fr_FR\" \/>\n<meta property=\"og:type\" content=\"article\" \/>\n<meta property=\"og:title\" content=\"B\u00e9nin : l\u2019arrestation d\u2019Alassane Tigri ravive les tensions politiques - Actualit\u00e9s Africaines\" \/>\n<meta property=\"og:description\" content=\"Au B\u00e9nin, l\u2019interpellation d\u2019Alassane Tigri, ancien ministre des Sports et cadre influent du parti d\u2019opposition Les D\u00e9mocrates, continue\" \/>\n<meta property=\"og:url\" content=\"https:\/\/www.africascoop.net\/index.php\/2026\/01\/29\/benin-larrestation-dalassane-tigri-ravive-les-tensions-politiques\/\" \/>\n<meta property=\"og:site_name\" content=\"Actualit\u00e9s Africaines\" \/>\n<meta property=\"article:published_time\" content=\"2026-01-29T18:15:09+00:00\" \/>\n<meta property=\"article:modified_time\" content=\"2026-01-29T18:15:13+00:00\" \/>\n<meta property=\"og:image\" content=\"https:\/\/www.africascoop.net\/wp-content\/uploads\/2026\/01\/tigri-1024x576.jpg\" \/>\n<meta name=\"author\" content=\"Africascoop\" \/>\n<meta name=\"twitter:card\" content=\"summary_large_image\" \/>\n<meta name=\"twitter:label1\" content=\"\u00c9crit par\" \/>\n\t<meta name=\"twitter:data1\" content=\"Africascoop\" \/>\n\t<meta name=\"twitter:label2\" content=\"Dur\u00e9e de lecture estim\u00e9e\" \/>\n\t<meta name=\"twitter:data2\" content=\"2 minutes\" \/>\n<script type=\"application\/ld+json\" class=\"yoast-schema-graph\">{\"@context\":\"https:\/\/schema.org\",\"@graph\":[{\"@type\":\"Article\",\"@id\":\"https:\/\/www.africascoop.net\/index.php\/2026\/01\/29\/benin-larrestation-dalassane-tigri-ravive-les-tensions-politiques\/#article\",\"isPartOf\":{\"@id\":\"https:\/\/www.africascoop.net\/index.php\/2026\/01\/29\/benin-larrestation-dalassane-tigri-ravive-les-tensions-politiques\/\"},\"author\":{\"name\":\"Africascoop\",\"@id\":\"https:\/\/www.africascoop.net\/#\/schema\/person\/2cbcc632c110d739d93a6b196c67230a\"},\"headline\":\"B\u00e9nin : l\u2019arrestation d\u2019Alassane Tigri ravive les tensions politiques\",\"datePublished\":\"2026-01-29T18:15:09+00:00\",\"dateModified\":\"2026-01-29T18:15:13+00:00\",\"mainEntityOfPage\":{\"@id\":\"https:\/\/www.africascoop.net\/index.php\/2026\/01\/29\/benin-larrestation-dalassane-tigri-ravive-les-tensions-politiques\/\"},\"wordCount\":274,\"commentCount\":0,\"publisher\":{\"@id\":\"https:\/\/www.africascoop.net\/#organization\"},\"image\":{\"@id\":\"https:\/\/www.africascoop.net\/index.php\/2026\/01\/29\/benin-larrestation-dalassane-tigri-ravive-les-tensions-politiques\/#primaryimage\"},\"thumbnailUrl\":\"https:\/\/www.africascoop.net\/wp-content\/uploads\/2026\/01\/tigri-1024x576.jpg\",\"articleSection\":[\"Exclusif\",\"Politique\"],\"inLanguage\":\"fr-FR\",\"potentialAction\":[{\"@type\":\"CommentAction\",\"name\":\"Comment\",\"target\":[\"https:\/\/www.africascoop.net\/index.php\/2026\/01\/29\/benin-larrestation-dalassane-tigri-ravive-les-tensions-politiques\/#respond\"]}]},{\"@type\":\"WebPage\",\"@id\":\"https:\/\/www.africascoop.net\/index.php\/2026\/01\/29\/benin-larrestation-dalassane-tigri-ravive-les-tensions-politiques\/\",\"url\":\"https:\/\/www.africascoop.net\/index.php\/2026\/01\/29\/benin-larrestation-dalassane-tigri-ravive-les-tensions-politiques\/\",\"name\":\"B\u00e9nin : l\u2019arrestation d\u2019Alassane Tigri ravive les tensions politiques - Actualit\u00e9s Africaines\",\"isPartOf\":{\"@id\":\"https:\/\/www.africascoop.net\/#website\"},\"primaryImageOfPage\":{\"@id\":\"https:\/\/www.africascoop.net\/index.php\/2026\/01\/29\/benin-larrestation-dalassane-tigri-ravive-les-tensions-politiques\/#primaryimage\"},\"image\":{\"@id\":\"https:\/\/www.africascoop.net\/index.php\/2026\/01\/29\/benin-larrestation-dalassane-tigri-ravive-les-tensions-politiques\/#primaryimage\"},\"thumbnailUrl\":\"https:\/\/www.africascoop.net\/wp-content\/uploads\/2026\/01\/tigri-1024x576.jpg\",\"datePublished\":\"2026-01-29T18:15:09+00:00\",\"dateModified\":\"2026-01-29T18:15:13+00:00\",\"breadcrumb\":{\"@id\":\"https:\/\/www.africascoop.net\/index.php\/2026\/01\/29\/benin-larrestation-dalassane-tigri-ravive-les-tensions-politiques\/#breadcrumb\"},\"inLanguage\":\"fr-FR\",\"potentialAction\":[{\"@type\":\"ReadAction\",\"target\":[\"https:\/\/www.africascoop.net\/index.php\/2026\/01\/29\/benin-larrestation-dalassane-tigri-ravive-les-tensions-politiques\/\"]}]},{\"@type\":\"ImageObject\",\"inLanguage\":\"fr-FR\",\"@id\":\"https:\/\/www.africascoop.net\/index.php\/2026\/01\/29\/benin-larrestation-dalassane-tigri-ravive-les-tensions-politiques\/#primaryimage\",\"url\":\"https:\/\/www.africascoop.net\/wp-content\/uploads\/2026\/01\/tigri.jpg\",\"contentUrl\":\"https:\/\/www.africascoop.net\/wp-content\/uploads\/2026\/01\/tigri.jpg\",\"width\":1366,\"height\":768},{\"@type\":\"BreadcrumbList\",\"@id\":\"https:\/\/www.africascoop.net\/index.php\/2026\/01\/29\/benin-larrestation-dalassane-tigri-ravive-les-tensions-politiques\/#breadcrumb\",\"itemListElement\":[{\"@type\":\"ListItem\",\"position\":1,\"name\":\"Accueil\",\"item\":\"https:\/\/www.africascoop.net\/\"},{\"@type\":\"ListItem\",\"position\":2,\"name\":\"B\u00e9nin : l\u2019arrestation d\u2019Alassane Tigri ravive les tensions politiques\"}]},{\"@type\":\"WebSite\",\"@id\":\"https:\/\/www.africascoop.net\/#website\",\"url\":\"https:\/\/www.africascoop.net\/\",\"name\":\"Actualit\u00e9s Africaines\",\"description\":\"\",\"publisher\":{\"@id\":\"https:\/\/www.africascoop.net\/#organization\"},\"potentialAction\":[{\"@type\":\"SearchAction\",\"target\":{\"@type\":\"EntryPoint\",\"urlTemplate\":\"https:\/\/www.africascoop.net\/?s={search_term_string}\"},\"query-input\":{\"@type\":\"PropertyValueSpecification\",\"valueRequired\":true,\"valueName\":\"search_term_string\"}}],\"inLanguage\":\"fr-FR\"},{\"@type\":\"Organization\",\"@id\":\"https:\/\/www.africascoop.net\/#organization\",\"name\":\"Actualit\u00e9s Africaines\",\"url\":\"https:\/\/www.africascoop.net\/\",\"logo\":{\"@type\":\"ImageObject\",\"inLanguage\":\"fr-FR\",\"@id\":\"https:\/\/www.africascoop.net\/#\/schema\/logo\/image\/\",\"url\":\"https:\/\/www.africascoop.net\/wp-content\/uploads\/2025\/09\/cropped-logo-2.jpg\",\"contentUrl\":\"https:\/\/www.africascoop.net\/wp-content\/uploads\/2025\/09\/cropped-logo-2.jpg\",\"width\":945,\"height\":591,\"caption\":\"Actualit\u00e9s Africaines\"},\"image\":{\"@id\":\"https:\/\/www.africascoop.net\/#\/schema\/logo\/image\/\"}},{\"@type\":\"Person\",\"@id\":\"https:\/\/www.africascoop.net\/#\/schema\/person\/2cbcc632c110d739d93a6b196c67230a\",\"name\":\"Africascoop\",\"image\":{\"@type\":\"ImageObject\",\"inLanguage\":\"fr-FR\",\"@id\":\"https:\/\/www.africascoop.net\/#\/schema\/person\/image\/\",\"url\":\"https:\/\/secure.gravatar.com\/avatar\/230d851f5173f64fe9487b948bd2daf02707ef49aea942bc1bdad649c82025b9?s=96&d=mm&r=g\",\"contentUrl\":\"https:\/\/secure.gravatar.com\/avatar\/230d851f5173f64fe9487b948bd2daf02707ef49aea942bc1bdad649c82025b9?s=96&d=mm&r=g\",\"caption\":\"Africascoop\"},\"url\":\"https:\/\/www.africascoop.net\/index.php\/author\/jul\/\"}]}<\/script>\n<!-- \/ Yoast SEO plugin. -->","yoast_head_json":{"title":"B\u00e9nin : l\u2019arrestation d\u2019Alassane Tigri ravive les tensions politiques - Actualit\u00e9s Africaines","robots":{"index":"index","follow":"follow","max-snippet":"max-snippet:-1","max-image-preview":"max-image-preview:large","max-video-preview":"max-video-preview:-1"},"canonical":"https:\/\/www.africascoop.net\/index.php\/2026\/01\/29\/benin-larrestation-dalassane-tigri-ravive-les-tensions-politiques\/","og_locale":"fr_FR","og_type":"article","og_title":"B\u00e9nin : l\u2019arrestation d\u2019Alassane Tigri ravive les tensions politiques - Actualit\u00e9s Africaines","og_description":"Au B\u00e9nin, l\u2019interpellation d\u2019Alassane Tigri, ancien ministre des Sports et cadre influent du parti d\u2019opposition Les D\u00e9mocrates, continue","og_url":"https:\/\/www.africascoop.net\/index.php\/2026\/01\/29\/benin-larrestation-dalassane-tigri-ravive-les-tensions-politiques\/","og_site_name":"Actualit\u00e9s Africaines","article_published_time":"2026-01-29T18:15:09+00:00","article_modified_time":"2026-01-29T18:15:13+00:00","og_image":[{"url":"https:\/\/www.africascoop.net\/wp-content\/uploads\/2026\/01\/tigri-1024x576.jpg","type":"","width":"","height":""}],"author":"Africascoop","twitter_card":"summary_large_image","twitter_misc":{"\u00c9crit par":"Africascoop","Dur\u00e9e de lecture estim\u00e9e":"2 minutes"},"schema":{"@context":"https:\/\/schema.org","@graph":[{"@type":"Article","@id":"https:\/\/www.africascoop.net\/index.php\/2026\/01\/29\/benin-larrestation-dalassane-tigri-ravive-les-tensions-politiques\/#article","isPartOf":{"@id":"https:\/\/www.africascoop.net\/index.php\/2026\/01\/29\/benin-larrestation-dalassane-tigri-ravive-les-tensions-politiques\/"},"author":{"name":"Africascoop","@id":"https:\/\/www.africascoop.net\/#\/schema\/person\/2cbcc632c110d739d93a6b196c67230a"},"headline":"B\u00e9nin : l\u2019arrestation d\u2019Alassane Tigri ravive les tensions politiques","datePublished":"2026-01-29T18:15:09+00:00","dateModified":"2026-01-29T18:15:13+00:00","mainEntityOfPage":{"@id":"https:\/\/www.africascoop.net\/index.php\/2026\/01\/29\/benin-larrestation-dalassane-tigri-ravive-les-tensions-politiques\/"},"wordCount":274,"commentCount":0,"publisher":{"@id":"https:\/\/www.africascoop.net\/#organization"},"image":{"@id":"https:\/\/www.africascoop.net\/index.php\/2026\/01\/29\/benin-larrestation-dalassane-tigri-ravive-les-tensions-politiques\/#primaryimage"},"thumbnailUrl":"https:\/\/www.africascoop.net\/wp-content\/uploads\/2026\/01\/tigri-1024x576.jpg","articleSection":["Exclusif","Politique"],"inLanguage":"fr-FR","potentialAction":[{"@type":"CommentAction","name":"Comment","target":["https:\/\/www.africascoop.net\/index.php\/2026\/01\/29\/benin-larrestation-dalassane-tigri-ravive-les-tensions-politiques\/#respond"]}]},{"@type":"WebPage","@id":"https:\/\/www.africascoop.net\/index.php\/2026\/01\/29\/benin-larrestation-dalassane-tigri-ravive-les-tensions-politiques\/","url":"https:\/\/www.africascoop.net\/index.php\/2026\/01\/29\/benin-larrestation-dalassane-tigri-ravive-les-tensions-politiques\/","name":"B\u00e9nin : l\u2019arrestation d\u2019Alassane Tigri ravive les tensions politiques - Actualit\u00e9s Africaines","isPartOf":{"@id":"https:\/\/www.africascoop.net\/#website"},"primaryImageOfPage":{"@id":"https:\/\/www.africascoop.net\/index.php\/2026\/01\/29\/benin-larrestation-dalassane-tigri-ravive-les-tensions-politiques\/#primaryimage"},"image":{"@id":"https:\/\/www.africascoop.net\/index.php\/2026\/01\/29\/benin-larrestation-dalassane-tigri-ravive-les-tensions-politiques\/#primaryimage"},"thumbnailUrl":"https:\/\/www.africascoop.net\/wp-content\/uploads\/2026\/01\/tigri-1024x576.jpg","datePublished":"2026-01-29T18:15:09+00:00","dateModified":"2026-01-29T18:15:13+00:00","breadcrumb":{"@id":"https:\/\/www.africascoop.net\/index.php\/2026\/01\/29\/benin-larrestation-dalassane-tigri-ravive-les-tensions-politiques\/#breadcrumb"},"inLanguage":"fr-FR","potentialAction":[{"@type":"ReadAction","target":["https:\/\/www.africascoop.net\/index.php\/2026\/01\/29\/benin-larrestation-dalassane-tigri-ravive-les-tensions-politiques\/"]}]},{"@type":"ImageObject","inLanguage":"fr-FR","@id":"https:\/\/www.africascoop.net\/index.php\/2026\/01\/29\/benin-larrestation-dalassane-tigri-ravive-les-tensions-politiques\/#primaryimage","url":"https:\/\/www.africascoop.net\/wp-content\/uploads\/2026\/01\/tigri.jpg","contentUrl":"https:\/\/www.africascoop.net\/wp-content\/uploads\/2026\/01\/tigri.jpg","width":1366,"height":768},{"@type":"BreadcrumbList","@id":"https:\/\/www.africascoop.net\/index.php\/2026\/01\/29\/benin-larrestation-dalassane-tigri-ravive-les-tensions-politiques\/#breadcrumb","itemListElement":[{"@type":"ListItem","position":1,"name":"Accueil","item":"https:\/\/www.africascoop.net\/"},{"@type":"ListItem","position":2,"name":"B\u00e9nin : l\u2019arrestation d\u2019Alassane Tigri ravive les tensions politiques"}]},{"@type":"WebSite","@id":"https:\/\/www.africascoop.net\/#website","url":"https:\/\/www.africascoop.net\/","name":"Actualit\u00e9s Africaines","description":"","publisher":{"@id":"https:\/\/www.africascoop.net\/#organization"},"potentialAction":[{"@type":"SearchAction","target":{"@type":"EntryPoint","urlTemplate":"https:\/\/www.africascoop.net\/?s={search_term_string}"},"query-input":{"@type":"PropertyValueSpecification","valueRequired":true,"valueName":"search_term_string"}}],"inLanguage":"fr-FR"},{"@type":"Organization","@id":"https:\/\/www.africascoop.net\/#organization","name":"Actualit\u00e9s Africaines","url":"https:\/\/www.africascoop.net\/","logo":{"@type":"ImageObject","inLanguage":"fr-FR","@id":"https:\/\/www.africascoop.net\/#\/schema\/logo\/image\/","url":"https:\/\/www.africascoop.net\/wp-content\/uploads\/2025\/09\/cropped-logo-2.jpg","contentUrl":"https:\/\/www.africascoop.net\/wp-content\/uploads\/2025\/09\/cropped-logo-2.jpg","width":945,"height":591,"caption":"Actualit\u00e9s Africaines"},"image":{"@id":"https:\/\/www.africascoop.net\/#\/schema\/logo\/image\/"}},{"@type":"Person","@id":"https:\/\/www.africascoop.net\/#\/schema\/person\/2cbcc632c110d739d93a6b196c67230a","name":"Africascoop","image":{"@type":"ImageObject","inLanguage":"fr-FR","@id":"https:\/\/www.africascoop.net\/#\/schema\/person\/image\/","url":"https:\/\/secure.gravatar.com\/avatar\/230d851f5173f64fe9487b948bd2daf02707ef49aea942bc1bdad649c82025b9?s=96&d=mm&r=g","contentUrl":"https:\/\/secure.gravatar.com\/avatar\/230d851f5173f64fe9487b948bd2daf02707ef49aea942bc1bdad649c82025b9?s=96&d=mm&r=g","caption":"Africascoop"},"url":"https:\/\/www.africascoop.net\/index.php\/author\/jul\/"}]}},"_links":{"self":[{"href":"https:\/\/www.africascoop.net\/index.php\/wp-json\/wp\/v2\/posts\/1276","targetHints":{"allow":["GET"]}}],"collection":[{"href":"https:\/\/www.africascoop.net\/index.php\/wp-json\/wp\/v2\/posts"}],"about":[{"href":"https:\/\/www.africascoop.net\/index.php\/wp-json\/wp\/v2\/types\/post"}],"author":[{"embeddable":true,"href":"https:\/\/www.africascoop.net\/index.php\/wp-json\/wp\/v2\/users\/3"}],"replies":[{"embeddable":true,"href":"https:\/\/www.africascoop.net\/index.php\/wp-json\/wp\/v2\/comments?post=1276"}],"version-history":[{"count":1,"href":"https:\/\/www.africascoop.net\/index.php\/wp-json\/wp\/v2\/posts\/1276\/revisions"}],"predecessor-version":[{"id":1278,"href":"https:\/\/www.africascoop.net\/index.php\/wp-json\/wp\/v2\/posts\/1276\/revisions\/1278"}],"wp:attachment":[{"href":"https:\/\/www.africascoop.net\/index.php\/wp-json\/wp\/v2\/media?parent=1276"}],"wp:term":[{"taxonomy":"category","embeddable":true,"href":"https:\/\/www.africascoop.net\/index.php\/wp-json\/wp\/v2\/categories?post=1276"},{"taxonomy":"post_tag","embeddable":true,"href":"https:\/\/www.africascoop.net\/index.php\/wp-json\/wp\/v2\/tags?post=1276"}],"curies":[{"name":"wp","href":"https:\/\/api.w.org\/{rel}","templated":true}]}}