{"id":1309,"date":"2026-01-30T21:03:35","date_gmt":"2026-01-30T21:03:35","guid":{"rendered":"https:\/\/www.africascoop.net\/?p=1309"},"modified":"2026-01-30T21:03:40","modified_gmt":"2026-01-30T21:03:40","slug":"affaire-mamadou-hawa-gassama-en-cote-divoire-3-ans-de-prison-et-une-interdiction-de-sejour-prononces","status":"publish","type":"post","link":"https:\/\/www.africascoop.net\/index.php\/2026\/01\/30\/affaire-mamadou-hawa-gassama-en-cote-divoire-3-ans-de-prison-et-une-interdiction-de-sejour-prononces\/","title":{"rendered":"Affaire Mamadou Hawa Gassama en C\u00f4te d\u2019Ivoire\u00a0: 3 ans de prison et une interdiction de s\u00e9jour prononc\u00e9s"},"content":{"rendered":"\n<figure class=\"wp-block-image size-large\"><img loading=\"lazy\" decoding=\"async\" width=\"1024\" height=\"576\" src=\"https:\/\/www.africascoop.net\/wp-content\/uploads\/2026\/01\/gassama-1024x576.jpg\" alt=\"\" class=\"wp-image-1310\" srcset=\"https:\/\/www.africascoop.net\/wp-content\/uploads\/2026\/01\/gassama-1024x576.jpg 1024w, https:\/\/www.africascoop.net\/wp-content\/uploads\/2026\/01\/gassama-300x169.jpg 300w, https:\/\/www.africascoop.net\/wp-content\/uploads\/2026\/01\/gassama-768x432.jpg 768w, https:\/\/www.africascoop.net\/wp-content\/uploads\/2026\/01\/gassama.jpg 1366w\" sizes=\"auto, (max-width: 1024px) 100vw, 1024px\" \/><\/figure>\n\n\n\n<p><strong><em>Le Tribunal de premi\u00e8re instance d\u2019Abidjan-Plateau a rendu, ce 30 janvier, son jugement dans l\u2019affaire opposant Mamadou Hawa Gassama au minist\u00e8re public. La d\u00e9cision, jug\u00e9e s\u00e9v\u00e8re par la d\u00e9fense, est intervenue \u00e0 l\u2019issue du d\u00e9lib\u00e9r\u00e9.<\/em><\/strong><\/p>\n\n\n\n<p>Selon le verdict, Mamadou Hawa Gassama a \u00e9t\u00e9 condamn\u00e9 \u00e0 une peine de trois (3) ann\u00e9es d\u2019emprisonnement. Le tribunal a \u00e9galement prononc\u00e9 \u00e0 son encontre une interdiction de s\u00e9jour sur le territoire ivoirien pour une dur\u00e9e d\u00e9termin\u00e9e. \u00c0 ces sanctions s\u2019ajoute une amende de cinq millions (5 000 000) de FCFA.<\/p>\n\n\n\n<p>En outre, la juridiction a ordonn\u00e9 la publication du jugement dans un journal d\u2019annonces l\u00e9gales, conform\u00e9ment aux dispositions pr\u00e9vues par la loi.<\/p>\n\n\n\n<p>Dans un communiqu\u00e9 rendu public par le cabinet Jurifis Consult, les conseils de Mamadou Hawa Gassama ont indiqu\u00e9 que leur client n\u2019a pas encore pris connaissance, de mani\u00e8re approfondie, de la d\u00e9cision rendue. Ils ont r\u00e9affirm\u00e9 toutefois leur attachement aux principes de l\u2019\u00c9tat de droit et aux garanties d\u2019un proc\u00e8s \u00e9quitable.<\/p>\n\n\n\n<p>Les avocats ont envisag\u00e9 d\u2019exercer les voies de recours pr\u00e9vues par la loi.<\/p>\n\n\n\n<p>La r\u00e9daction<\/p>\n","protected":false},"excerpt":{"rendered":"<p>Le Tribunal de premi\u00e8re instance d\u2019Abidjan-Plateau a rendu, ce 30 janvier, son jugement dans l\u2019affaire opposant Mamadou Hawa<\/p>\n","protected":false},"author":3,"featured_media":0,"comment_status":"open","ping_status":"open","sticky":false,"template":"","format":"standard","meta":{"footnotes":""},"categories":[36,42],"tags":[],"class_list":["post-1309","post","type-post","status-publish","format-standard","hentry","category-exclusif","category-justice"],"yoast_head":"<!-- This site is optimized with the Yoast SEO plugin v26.0 - https:\/\/yoast.com\/wordpress\/plugins\/seo\/ -->\n<title>Affaire Mamadou Hawa Gassama en C\u00f4te d\u2019Ivoire\u00a0: 3 ans de prison et une interdiction de s\u00e9jour prononc\u00e9s - Actualit\u00e9s Africaines<\/title>\n<meta name=\"robots\" content=\"index, follow, max-snippet:-1, max-image-preview:large, max-video-preview:-1\" \/>\n<link rel=\"canonical\" href=\"https:\/\/www.africascoop.net\/index.php\/2026\/01\/30\/affaire-mamadou-hawa-gassama-en-cote-divoire-3-ans-de-prison-et-une-interdiction-de-sejour-prononces\/\" \/>\n<meta property=\"og:locale\" content=\"fr_FR\" \/>\n<meta property=\"og:type\" content=\"article\" \/>\n<meta property=\"og:title\" content=\"Affaire Mamadou Hawa Gassama en C\u00f4te d\u2019Ivoire\u00a0: 3 ans de prison et une interdiction de s\u00e9jour prononc\u00e9s - Actualit\u00e9s Africaines\" \/>\n<meta property=\"og:description\" content=\"Le Tribunal de premi\u00e8re instance d\u2019Abidjan-Plateau a rendu, ce 30 janvier, son jugement dans l\u2019affaire opposant Mamadou Hawa\" \/>\n<meta property=\"og:url\" content=\"https:\/\/www.africascoop.net\/index.php\/2026\/01\/30\/affaire-mamadou-hawa-gassama-en-cote-divoire-3-ans-de-prison-et-une-interdiction-de-sejour-prononces\/\" \/>\n<meta property=\"og:site_name\" content=\"Actualit\u00e9s Africaines\" \/>\n<meta property=\"article:published_time\" content=\"2026-01-30T21:03:35+00:00\" \/>\n<meta property=\"article:modified_time\" content=\"2026-01-30T21:03:40+00:00\" \/>\n<meta property=\"og:image\" content=\"https:\/\/www.africascoop.net\/wp-content\/uploads\/2026\/01\/gassama-1024x576.jpg\" \/>\n<meta name=\"author\" content=\"Africascoop\" \/>\n<meta name=\"twitter:card\" content=\"summary_large_image\" \/>\n<meta name=\"twitter:label1\" content=\"\u00c9crit par\" \/>\n\t<meta name=\"twitter:data1\" content=\"Africascoop\" \/>\n\t<meta name=\"twitter:label2\" content=\"Dur\u00e9e de lecture estim\u00e9e\" \/>\n\t<meta name=\"twitter:data2\" content=\"2 minutes\" \/>\n<script type=\"application\/ld+json\" class=\"yoast-schema-graph\">{\"@context\":\"https:\/\/schema.org\",\"@graph\":[{\"@type\":\"Article\",\"@id\":\"https:\/\/www.africascoop.net\/index.php\/2026\/01\/30\/affaire-mamadou-hawa-gassama-en-cote-divoire-3-ans-de-prison-et-une-interdiction-de-sejour-prononces\/#article\",\"isPartOf\":{\"@id\":\"https:\/\/www.africascoop.net\/index.php\/2026\/01\/30\/affaire-mamadou-hawa-gassama-en-cote-divoire-3-ans-de-prison-et-une-interdiction-de-sejour-prononces\/\"},\"author\":{\"name\":\"Africascoop\",\"@id\":\"https:\/\/www.africascoop.net\/#\/schema\/person\/2cbcc632c110d739d93a6b196c67230a\"},\"headline\":\"Affaire Mamadou Hawa Gassama en C\u00f4te d\u2019Ivoire\u00a0: 3 ans de prison et une interdiction de s\u00e9jour prononc\u00e9s\",\"datePublished\":\"2026-01-30T21:03:35+00:00\",\"dateModified\":\"2026-01-30T21:03:40+00:00\",\"mainEntityOfPage\":{\"@id\":\"https:\/\/www.africascoop.net\/index.php\/2026\/01\/30\/affaire-mamadou-hawa-gassama-en-cote-divoire-3-ans-de-prison-et-une-interdiction-de-sejour-prononces\/\"},\"wordCount\":218,\"commentCount\":0,\"publisher\":{\"@id\":\"https:\/\/www.africascoop.net\/#organization\"},\"image\":{\"@id\":\"https:\/\/www.africascoop.net\/index.php\/2026\/01\/30\/affaire-mamadou-hawa-gassama-en-cote-divoire-3-ans-de-prison-et-une-interdiction-de-sejour-prononces\/#primaryimage\"},\"thumbnailUrl\":\"https:\/\/www.africascoop.net\/wp-content\/uploads\/2026\/01\/gassama-1024x576.jpg\",\"articleSection\":[\"Exclusif\",\"Justice\"],\"inLanguage\":\"fr-FR\",\"potentialAction\":[{\"@type\":\"CommentAction\",\"name\":\"Comment\",\"target\":[\"https:\/\/www.africascoop.net\/index.php\/2026\/01\/30\/affaire-mamadou-hawa-gassama-en-cote-divoire-3-ans-de-prison-et-une-interdiction-de-sejour-prononces\/#respond\"]}]},{\"@type\":\"WebPage\",\"@id\":\"https:\/\/www.africascoop.net\/index.php\/2026\/01\/30\/affaire-mamadou-hawa-gassama-en-cote-divoire-3-ans-de-prison-et-une-interdiction-de-sejour-prononces\/\",\"url\":\"https:\/\/www.africascoop.net\/index.php\/2026\/01\/30\/affaire-mamadou-hawa-gassama-en-cote-divoire-3-ans-de-prison-et-une-interdiction-de-sejour-prononces\/\",\"name\":\"Affaire Mamadou Hawa Gassama en C\u00f4te d\u2019Ivoire\u00a0: 3 ans de prison et une interdiction de s\u00e9jour prononc\u00e9s - Actualit\u00e9s Africaines\",\"isPartOf\":{\"@id\":\"https:\/\/www.africascoop.net\/#website\"},\"primaryImageOfPage\":{\"@id\":\"https:\/\/www.africascoop.net\/index.php\/2026\/01\/30\/affaire-mamadou-hawa-gassama-en-cote-divoire-3-ans-de-prison-et-une-interdiction-de-sejour-prononces\/#primaryimage\"},\"image\":{\"@id\":\"https:\/\/www.africascoop.net\/index.php\/2026\/01\/30\/affaire-mamadou-hawa-gassama-en-cote-divoire-3-ans-de-prison-et-une-interdiction-de-sejour-prononces\/#primaryimage\"},\"thumbnailUrl\":\"https:\/\/www.africascoop.net\/wp-content\/uploads\/2026\/01\/gassama-1024x576.jpg\",\"datePublished\":\"2026-01-30T21:03:35+00:00\",\"dateModified\":\"2026-01-30T21:03:40+00:00\",\"breadcrumb\":{\"@id\":\"https:\/\/www.africascoop.net\/index.php\/2026\/01\/30\/affaire-mamadou-hawa-gassama-en-cote-divoire-3-ans-de-prison-et-une-interdiction-de-sejour-prononces\/#breadcrumb\"},\"inLanguage\":\"fr-FR\",\"potentialAction\":[{\"@type\":\"ReadAction\",\"target\":[\"https:\/\/www.africascoop.net\/index.php\/2026\/01\/30\/affaire-mamadou-hawa-gassama-en-cote-divoire-3-ans-de-prison-et-une-interdiction-de-sejour-prononces\/\"]}]},{\"@type\":\"ImageObject\",\"inLanguage\":\"fr-FR\",\"@id\":\"https:\/\/www.africascoop.net\/index.php\/2026\/01\/30\/affaire-mamadou-hawa-gassama-en-cote-divoire-3-ans-de-prison-et-une-interdiction-de-sejour-prononces\/#primaryimage\",\"url\":\"https:\/\/www.africascoop.net\/wp-content\/uploads\/2026\/01\/gassama.jpg\",\"contentUrl\":\"https:\/\/www.africascoop.net\/wp-content\/uploads\/2026\/01\/gassama.jpg\",\"width\":1366,\"height\":768},{\"@type\":\"BreadcrumbList\",\"@id\":\"https:\/\/www.africascoop.net\/index.php\/2026\/01\/30\/affaire-mamadou-hawa-gassama-en-cote-divoire-3-ans-de-prison-et-une-interdiction-de-sejour-prononces\/#breadcrumb\",\"itemListElement\":[{\"@type\":\"ListItem\",\"position\":1,\"name\":\"Accueil\",\"item\":\"https:\/\/www.africascoop.net\/\"},{\"@type\":\"ListItem\",\"position\":2,\"name\":\"Affaire Mamadou Hawa Gassama en C\u00f4te d\u2019Ivoire\u00a0: 3 ans de prison et une interdiction de s\u00e9jour prononc\u00e9s\"}]},{\"@type\":\"WebSite\",\"@id\":\"https:\/\/www.africascoop.net\/#website\",\"url\":\"https:\/\/www.africascoop.net\/\",\"name\":\"Actualit\u00e9s Africaines\",\"description\":\"\",\"publisher\":{\"@id\":\"https:\/\/www.africascoop.net\/#organization\"},\"potentialAction\":[{\"@type\":\"SearchAction\",\"target\":{\"@type\":\"EntryPoint\",\"urlTemplate\":\"https:\/\/www.africascoop.net\/?s={search_term_string}\"},\"query-input\":{\"@type\":\"PropertyValueSpecification\",\"valueRequired\":true,\"valueName\":\"search_term_string\"}}],\"inLanguage\":\"fr-FR\"},{\"@type\":\"Organization\",\"@id\":\"https:\/\/www.africascoop.net\/#organization\",\"name\":\"Actualit\u00e9s Africaines\",\"url\":\"https:\/\/www.africascoop.net\/\",\"logo\":{\"@type\":\"ImageObject\",\"inLanguage\":\"fr-FR\",\"@id\":\"https:\/\/www.africascoop.net\/#\/schema\/logo\/image\/\",\"url\":\"https:\/\/www.africascoop.net\/wp-content\/uploads\/2025\/09\/cropped-logo-2.jpg\",\"contentUrl\":\"https:\/\/www.africascoop.net\/wp-content\/uploads\/2025\/09\/cropped-logo-2.jpg\",\"width\":945,\"height\":591,\"caption\":\"Actualit\u00e9s Africaines\"},\"image\":{\"@id\":\"https:\/\/www.africascoop.net\/#\/schema\/logo\/image\/\"}},{\"@type\":\"Person\",\"@id\":\"https:\/\/www.africascoop.net\/#\/schema\/person\/2cbcc632c110d739d93a6b196c67230a\",\"name\":\"Africascoop\",\"image\":{\"@type\":\"ImageObject\",\"inLanguage\":\"fr-FR\",\"@id\":\"https:\/\/www.africascoop.net\/#\/schema\/person\/image\/\",\"url\":\"https:\/\/secure.gravatar.com\/avatar\/230d851f5173f64fe9487b948bd2daf02707ef49aea942bc1bdad649c82025b9?s=96&d=mm&r=g\",\"contentUrl\":\"https:\/\/secure.gravatar.com\/avatar\/230d851f5173f64fe9487b948bd2daf02707ef49aea942bc1bdad649c82025b9?s=96&d=mm&r=g\",\"caption\":\"Africascoop\"},\"url\":\"https:\/\/www.africascoop.net\/index.php\/author\/jul\/\"}]}<\/script>\n<!-- \/ Yoast SEO plugin. -->","yoast_head_json":{"title":"Affaire Mamadou Hawa Gassama en C\u00f4te d\u2019Ivoire\u00a0: 3 ans de prison et une interdiction de s\u00e9jour prononc\u00e9s - Actualit\u00e9s Africaines","robots":{"index":"index","follow":"follow","max-snippet":"max-snippet:-1","max-image-preview":"max-image-preview:large","max-video-preview":"max-video-preview:-1"},"canonical":"https:\/\/www.africascoop.net\/index.php\/2026\/01\/30\/affaire-mamadou-hawa-gassama-en-cote-divoire-3-ans-de-prison-et-une-interdiction-de-sejour-prononces\/","og_locale":"fr_FR","og_type":"article","og_title":"Affaire Mamadou Hawa Gassama en C\u00f4te d\u2019Ivoire\u00a0: 3 ans de prison et une interdiction de s\u00e9jour prononc\u00e9s - Actualit\u00e9s Africaines","og_description":"Le Tribunal de premi\u00e8re instance d\u2019Abidjan-Plateau a rendu, ce 30 janvier, son jugement dans l\u2019affaire opposant Mamadou Hawa","og_url":"https:\/\/www.africascoop.net\/index.php\/2026\/01\/30\/affaire-mamadou-hawa-gassama-en-cote-divoire-3-ans-de-prison-et-une-interdiction-de-sejour-prononces\/","og_site_name":"Actualit\u00e9s Africaines","article_published_time":"2026-01-30T21:03:35+00:00","article_modified_time":"2026-01-30T21:03:40+00:00","og_image":[{"url":"https:\/\/www.africascoop.net\/wp-content\/uploads\/2026\/01\/gassama-1024x576.jpg","type":"","width":"","height":""}],"author":"Africascoop","twitter_card":"summary_large_image","twitter_misc":{"\u00c9crit par":"Africascoop","Dur\u00e9e de lecture estim\u00e9e":"2 minutes"},"schema":{"@context":"https:\/\/schema.org","@graph":[{"@type":"Article","@id":"https:\/\/www.africascoop.net\/index.php\/2026\/01\/30\/affaire-mamadou-hawa-gassama-en-cote-divoire-3-ans-de-prison-et-une-interdiction-de-sejour-prononces\/#article","isPartOf":{"@id":"https:\/\/www.africascoop.net\/index.php\/2026\/01\/30\/affaire-mamadou-hawa-gassama-en-cote-divoire-3-ans-de-prison-et-une-interdiction-de-sejour-prononces\/"},"author":{"name":"Africascoop","@id":"https:\/\/www.africascoop.net\/#\/schema\/person\/2cbcc632c110d739d93a6b196c67230a"},"headline":"Affaire Mamadou Hawa Gassama en C\u00f4te d\u2019Ivoire\u00a0: 3 ans de prison et une interdiction de s\u00e9jour prononc\u00e9s","datePublished":"2026-01-30T21:03:35+00:00","dateModified":"2026-01-30T21:03:40+00:00","mainEntityOfPage":{"@id":"https:\/\/www.africascoop.net\/index.php\/2026\/01\/30\/affaire-mamadou-hawa-gassama-en-cote-divoire-3-ans-de-prison-et-une-interdiction-de-sejour-prononces\/"},"wordCount":218,"commentCount":0,"publisher":{"@id":"https:\/\/www.africascoop.net\/#organization"},"image":{"@id":"https:\/\/www.africascoop.net\/index.php\/2026\/01\/30\/affaire-mamadou-hawa-gassama-en-cote-divoire-3-ans-de-prison-et-une-interdiction-de-sejour-prononces\/#primaryimage"},"thumbnailUrl":"https:\/\/www.africascoop.net\/wp-content\/uploads\/2026\/01\/gassama-1024x576.jpg","articleSection":["Exclusif","Justice"],"inLanguage":"fr-FR","potentialAction":[{"@type":"CommentAction","name":"Comment","target":["https:\/\/www.africascoop.net\/index.php\/2026\/01\/30\/affaire-mamadou-hawa-gassama-en-cote-divoire-3-ans-de-prison-et-une-interdiction-de-sejour-prononces\/#respond"]}]},{"@type":"WebPage","@id":"https:\/\/www.africascoop.net\/index.php\/2026\/01\/30\/affaire-mamadou-hawa-gassama-en-cote-divoire-3-ans-de-prison-et-une-interdiction-de-sejour-prononces\/","url":"https:\/\/www.africascoop.net\/index.php\/2026\/01\/30\/affaire-mamadou-hawa-gassama-en-cote-divoire-3-ans-de-prison-et-une-interdiction-de-sejour-prononces\/","name":"Affaire Mamadou Hawa Gassama en C\u00f4te d\u2019Ivoire\u00a0: 3 ans de prison et une interdiction de s\u00e9jour prononc\u00e9s - Actualit\u00e9s Africaines","isPartOf":{"@id":"https:\/\/www.africascoop.net\/#website"},"primaryImageOfPage":{"@id":"https:\/\/www.africascoop.net\/index.php\/2026\/01\/30\/affaire-mamadou-hawa-gassama-en-cote-divoire-3-ans-de-prison-et-une-interdiction-de-sejour-prononces\/#primaryimage"},"image":{"@id":"https:\/\/www.africascoop.net\/index.php\/2026\/01\/30\/affaire-mamadou-hawa-gassama-en-cote-divoire-3-ans-de-prison-et-une-interdiction-de-sejour-prononces\/#primaryimage"},"thumbnailUrl":"https:\/\/www.africascoop.net\/wp-content\/uploads\/2026\/01\/gassama-1024x576.jpg","datePublished":"2026-01-30T21:03:35+00:00","dateModified":"2026-01-30T21:03:40+00:00","breadcrumb":{"@id":"https:\/\/www.africascoop.net\/index.php\/2026\/01\/30\/affaire-mamadou-hawa-gassama-en-cote-divoire-3-ans-de-prison-et-une-interdiction-de-sejour-prononces\/#breadcrumb"},"inLanguage":"fr-FR","potentialAction":[{"@type":"ReadAction","target":["https:\/\/www.africascoop.net\/index.php\/2026\/01\/30\/affaire-mamadou-hawa-gassama-en-cote-divoire-3-ans-de-prison-et-une-interdiction-de-sejour-prononces\/"]}]},{"@type":"ImageObject","inLanguage":"fr-FR","@id":"https:\/\/www.africascoop.net\/index.php\/2026\/01\/30\/affaire-mamadou-hawa-gassama-en-cote-divoire-3-ans-de-prison-et-une-interdiction-de-sejour-prononces\/#primaryimage","url":"https:\/\/www.africascoop.net\/wp-content\/uploads\/2026\/01\/gassama.jpg","contentUrl":"https:\/\/www.africascoop.net\/wp-content\/uploads\/2026\/01\/gassama.jpg","width":1366,"height":768},{"@type":"BreadcrumbList","@id":"https:\/\/www.africascoop.net\/index.php\/2026\/01\/30\/affaire-mamadou-hawa-gassama-en-cote-divoire-3-ans-de-prison-et-une-interdiction-de-sejour-prononces\/#breadcrumb","itemListElement":[{"@type":"ListItem","position":1,"name":"Accueil","item":"https:\/\/www.africascoop.net\/"},{"@type":"ListItem","position":2,"name":"Affaire Mamadou Hawa Gassama en C\u00f4te d\u2019Ivoire\u00a0: 3 ans de prison et une interdiction de s\u00e9jour prononc\u00e9s"}]},{"@type":"WebSite","@id":"https:\/\/www.africascoop.net\/#website","url":"https:\/\/www.africascoop.net\/","name":"Actualit\u00e9s Africaines","description":"","publisher":{"@id":"https:\/\/www.africascoop.net\/#organization"},"potentialAction":[{"@type":"SearchAction","target":{"@type":"EntryPoint","urlTemplate":"https:\/\/www.africascoop.net\/?s={search_term_string}"},"query-input":{"@type":"PropertyValueSpecification","valueRequired":true,"valueName":"search_term_string"}}],"inLanguage":"fr-FR"},{"@type":"Organization","@id":"https:\/\/www.africascoop.net\/#organization","name":"Actualit\u00e9s Africaines","url":"https:\/\/www.africascoop.net\/","logo":{"@type":"ImageObject","inLanguage":"fr-FR","@id":"https:\/\/www.africascoop.net\/#\/schema\/logo\/image\/","url":"https:\/\/www.africascoop.net\/wp-content\/uploads\/2025\/09\/cropped-logo-2.jpg","contentUrl":"https:\/\/www.africascoop.net\/wp-content\/uploads\/2025\/09\/cropped-logo-2.jpg","width":945,"height":591,"caption":"Actualit\u00e9s Africaines"},"image":{"@id":"https:\/\/www.africascoop.net\/#\/schema\/logo\/image\/"}},{"@type":"Person","@id":"https:\/\/www.africascoop.net\/#\/schema\/person\/2cbcc632c110d739d93a6b196c67230a","name":"Africascoop","image":{"@type":"ImageObject","inLanguage":"fr-FR","@id":"https:\/\/www.africascoop.net\/#\/schema\/person\/image\/","url":"https:\/\/secure.gravatar.com\/avatar\/230d851f5173f64fe9487b948bd2daf02707ef49aea942bc1bdad649c82025b9?s=96&d=mm&r=g","contentUrl":"https:\/\/secure.gravatar.com\/avatar\/230d851f5173f64fe9487b948bd2daf02707ef49aea942bc1bdad649c82025b9?s=96&d=mm&r=g","caption":"Africascoop"},"url":"https:\/\/www.africascoop.net\/index.php\/author\/jul\/"}]}},"_links":{"self":[{"href":"https:\/\/www.africascoop.net\/index.php\/wp-json\/wp\/v2\/posts\/1309","targetHints":{"allow":["GET"]}}],"collection":[{"href":"https:\/\/www.africascoop.net\/index.php\/wp-json\/wp\/v2\/posts"}],"about":[{"href":"https:\/\/www.africascoop.net\/index.php\/wp-json\/wp\/v2\/types\/post"}],"author":[{"embeddable":true,"href":"https:\/\/www.africascoop.net\/index.php\/wp-json\/wp\/v2\/users\/3"}],"replies":[{"embeddable":true,"href":"https:\/\/www.africascoop.net\/index.php\/wp-json\/wp\/v2\/comments?post=1309"}],"version-history":[{"count":1,"href":"https:\/\/www.africascoop.net\/index.php\/wp-json\/wp\/v2\/posts\/1309\/revisions"}],"predecessor-version":[{"id":1311,"href":"https:\/\/www.africascoop.net\/index.php\/wp-json\/wp\/v2\/posts\/1309\/revisions\/1311"}],"wp:attachment":[{"href":"https:\/\/www.africascoop.net\/index.php\/wp-json\/wp\/v2\/media?parent=1309"}],"wp:term":[{"taxonomy":"category","embeddable":true,"href":"https:\/\/www.africascoop.net\/index.php\/wp-json\/wp\/v2\/categories?post=1309"},{"taxonomy":"post_tag","embeddable":true,"href":"https:\/\/www.africascoop.net\/index.php\/wp-json\/wp\/v2\/tags?post=1309"}],"curies":[{"name":"wp","href":"https:\/\/api.w.org\/{rel}","templated":true}]}}