{"id":1318,"date":"2026-02-03T10:54:06","date_gmt":"2026-02-03T10:54:06","guid":{"rendered":"https:\/\/www.africascoop.net\/?p=1318"},"modified":"2026-02-03T10:54:15","modified_gmt":"2026-02-03T10:54:15","slug":"guinee-le-juge-du-proces-du-28-septembre-propulse-a-la-tete-du-ministere-de-la-justice","status":"publish","type":"post","link":"https:\/\/www.africascoop.net\/index.php\/2026\/02\/03\/guinee-le-juge-du-proces-du-28-septembre-propulse-a-la-tete-du-ministere-de-la-justice\/","title":{"rendered":"Guin\u00e9e : le juge du proc\u00e8s du 28 septembre propuls\u00e9 \u00e0 la t\u00eate du minist\u00e8re de la Justice"},"content":{"rendered":"\n<figure class=\"wp-block-image size-large\"><img loading=\"lazy\" decoding=\"async\" width=\"1024\" height=\"576\" src=\"https:\/\/www.africascoop.net\/wp-content\/uploads\/2026\/02\/guinee-1024x576.jpg\" alt=\"\" class=\"wp-image-1319\" srcset=\"https:\/\/www.africascoop.net\/wp-content\/uploads\/2026\/02\/guinee-1024x576.jpg 1024w, https:\/\/www.africascoop.net\/wp-content\/uploads\/2026\/02\/guinee-300x169.jpg 300w, https:\/\/www.africascoop.net\/wp-content\/uploads\/2026\/02\/guinee-768x432.jpg 768w, https:\/\/www.africascoop.net\/wp-content\/uploads\/2026\/02\/guinee.jpg 1366w\" sizes=\"auto, (max-width: 1024px) 100vw, 1024px\" \/><\/figure>\n\n\n\n<p>Le pr\u00e9sident guin\u00e9en a proc\u00e9d\u00e9, lundi 2 f\u00e9vrier 2026, \u00e0 une nomination partielle du gouvernement, marqu\u00e9e par l\u2019arriv\u00e9e du magistrat Ibrahima Sory II Tounkara au poste de ministre de la Justice. Jusqu\u2019alors juge \u00e0 la Cour d\u2019appel de Conakry, il s\u2019est illustr\u00e9 sur la sc\u00e8ne judiciaire nationale en pr\u00e9sidant le proc\u00e8s historique du massacre du 28 septembre. Sa nomination est per\u00e7ue comme un signal fort, dans un contexte o\u00f9 les attentes restent \u00e9lev\u00e9es en mati\u00e8re de justice, de lutte contre l\u2019impunit\u00e9 et de consolidation de l\u2019\u00c9tat de droit.<\/p>\n\n\n\n<p>La r\u00e9daction<\/p>\n","protected":false},"excerpt":{"rendered":"<p>Le pr\u00e9sident guin\u00e9en a proc\u00e9d\u00e9, lundi 2 f\u00e9vrier 2026, \u00e0 une nomination partielle du gouvernement, marqu\u00e9e par l\u2019arriv\u00e9e<\/p>\n","protected":false},"author":3,"featured_media":0,"comment_status":"open","ping_status":"open","sticky":false,"template":"","format":"standard","meta":{"footnotes":""},"categories":[36,42],"tags":[],"class_list":["post-1318","post","type-post","status-publish","format-standard","hentry","category-exclusif","category-justice"],"yoast_head":"<!-- This site is optimized with the Yoast SEO plugin v26.0 - https:\/\/yoast.com\/wordpress\/plugins\/seo\/ -->\n<title>Guin\u00e9e : le juge du proc\u00e8s du 28 septembre propuls\u00e9 \u00e0 la t\u00eate du minist\u00e8re de la Justice - Actualit\u00e9s Africaines<\/title>\n<meta name=\"robots\" content=\"index, follow, max-snippet:-1, max-image-preview:large, max-video-preview:-1\" \/>\n<link rel=\"canonical\" href=\"https:\/\/www.africascoop.net\/index.php\/2026\/02\/03\/guinee-le-juge-du-proces-du-28-septembre-propulse-a-la-tete-du-ministere-de-la-justice\/\" \/>\n<meta property=\"og:locale\" content=\"fr_FR\" \/>\n<meta property=\"og:type\" content=\"article\" \/>\n<meta property=\"og:title\" content=\"Guin\u00e9e : le juge du proc\u00e8s du 28 septembre propuls\u00e9 \u00e0 la t\u00eate du minist\u00e8re de la Justice - Actualit\u00e9s Africaines\" \/>\n<meta property=\"og:description\" content=\"Le pr\u00e9sident guin\u00e9en a proc\u00e9d\u00e9, lundi 2 f\u00e9vrier 2026, \u00e0 une nomination partielle du gouvernement, marqu\u00e9e par l\u2019arriv\u00e9e\" \/>\n<meta property=\"og:url\" content=\"https:\/\/www.africascoop.net\/index.php\/2026\/02\/03\/guinee-le-juge-du-proces-du-28-septembre-propulse-a-la-tete-du-ministere-de-la-justice\/\" \/>\n<meta property=\"og:site_name\" content=\"Actualit\u00e9s Africaines\" \/>\n<meta property=\"article:published_time\" content=\"2026-02-03T10:54:06+00:00\" \/>\n<meta property=\"article:modified_time\" content=\"2026-02-03T10:54:15+00:00\" \/>\n<meta property=\"og:image\" content=\"https:\/\/www.africascoop.net\/wp-content\/uploads\/2026\/02\/guinee-1024x576.jpg\" \/>\n<meta name=\"author\" content=\"Africascoop\" \/>\n<meta name=\"twitter:card\" content=\"summary_large_image\" \/>\n<meta name=\"twitter:label1\" content=\"\u00c9crit par\" \/>\n\t<meta name=\"twitter:data1\" content=\"Africascoop\" \/>\n\t<meta name=\"twitter:label2\" content=\"Dur\u00e9e de lecture estim\u00e9e\" \/>\n\t<meta name=\"twitter:data2\" content=\"1 minute\" \/>\n<script type=\"application\/ld+json\" class=\"yoast-schema-graph\">{\"@context\":\"https:\/\/schema.org\",\"@graph\":[{\"@type\":\"Article\",\"@id\":\"https:\/\/www.africascoop.net\/index.php\/2026\/02\/03\/guinee-le-juge-du-proces-du-28-septembre-propulse-a-la-tete-du-ministere-de-la-justice\/#article\",\"isPartOf\":{\"@id\":\"https:\/\/www.africascoop.net\/index.php\/2026\/02\/03\/guinee-le-juge-du-proces-du-28-septembre-propulse-a-la-tete-du-ministere-de-la-justice\/\"},\"author\":{\"name\":\"Africascoop\",\"@id\":\"https:\/\/www.africascoop.net\/#\/schema\/person\/2cbcc632c110d739d93a6b196c67230a\"},\"headline\":\"Guin\u00e9e : le juge du proc\u00e8s du 28 septembre propuls\u00e9 \u00e0 la t\u00eate du minist\u00e8re de la Justice\",\"datePublished\":\"2026-02-03T10:54:06+00:00\",\"dateModified\":\"2026-02-03T10:54:15+00:00\",\"mainEntityOfPage\":{\"@id\":\"https:\/\/www.africascoop.net\/index.php\/2026\/02\/03\/guinee-le-juge-du-proces-du-28-septembre-propulse-a-la-tete-du-ministere-de-la-justice\/\"},\"wordCount\":123,\"commentCount\":0,\"publisher\":{\"@id\":\"https:\/\/www.africascoop.net\/#organization\"},\"image\":{\"@id\":\"https:\/\/www.africascoop.net\/index.php\/2026\/02\/03\/guinee-le-juge-du-proces-du-28-septembre-propulse-a-la-tete-du-ministere-de-la-justice\/#primaryimage\"},\"thumbnailUrl\":\"https:\/\/www.africascoop.net\/wp-content\/uploads\/2026\/02\/guinee-1024x576.jpg\",\"articleSection\":[\"Exclusif\",\"Justice\"],\"inLanguage\":\"fr-FR\",\"potentialAction\":[{\"@type\":\"CommentAction\",\"name\":\"Comment\",\"target\":[\"https:\/\/www.africascoop.net\/index.php\/2026\/02\/03\/guinee-le-juge-du-proces-du-28-septembre-propulse-a-la-tete-du-ministere-de-la-justice\/#respond\"]}]},{\"@type\":\"WebPage\",\"@id\":\"https:\/\/www.africascoop.net\/index.php\/2026\/02\/03\/guinee-le-juge-du-proces-du-28-septembre-propulse-a-la-tete-du-ministere-de-la-justice\/\",\"url\":\"https:\/\/www.africascoop.net\/index.php\/2026\/02\/03\/guinee-le-juge-du-proces-du-28-septembre-propulse-a-la-tete-du-ministere-de-la-justice\/\",\"name\":\"Guin\u00e9e : le juge du proc\u00e8s du 28 septembre propuls\u00e9 \u00e0 la t\u00eate du minist\u00e8re de la Justice - Actualit\u00e9s Africaines\",\"isPartOf\":{\"@id\":\"https:\/\/www.africascoop.net\/#website\"},\"primaryImageOfPage\":{\"@id\":\"https:\/\/www.africascoop.net\/index.php\/2026\/02\/03\/guinee-le-juge-du-proces-du-28-septembre-propulse-a-la-tete-du-ministere-de-la-justice\/#primaryimage\"},\"image\":{\"@id\":\"https:\/\/www.africascoop.net\/index.php\/2026\/02\/03\/guinee-le-juge-du-proces-du-28-septembre-propulse-a-la-tete-du-ministere-de-la-justice\/#primaryimage\"},\"thumbnailUrl\":\"https:\/\/www.africascoop.net\/wp-content\/uploads\/2026\/02\/guinee-1024x576.jpg\",\"datePublished\":\"2026-02-03T10:54:06+00:00\",\"dateModified\":\"2026-02-03T10:54:15+00:00\",\"breadcrumb\":{\"@id\":\"https:\/\/www.africascoop.net\/index.php\/2026\/02\/03\/guinee-le-juge-du-proces-du-28-septembre-propulse-a-la-tete-du-ministere-de-la-justice\/#breadcrumb\"},\"inLanguage\":\"fr-FR\",\"potentialAction\":[{\"@type\":\"ReadAction\",\"target\":[\"https:\/\/www.africascoop.net\/index.php\/2026\/02\/03\/guinee-le-juge-du-proces-du-28-septembre-propulse-a-la-tete-du-ministere-de-la-justice\/\"]}]},{\"@type\":\"ImageObject\",\"inLanguage\":\"fr-FR\",\"@id\":\"https:\/\/www.africascoop.net\/index.php\/2026\/02\/03\/guinee-le-juge-du-proces-du-28-septembre-propulse-a-la-tete-du-ministere-de-la-justice\/#primaryimage\",\"url\":\"https:\/\/www.africascoop.net\/wp-content\/uploads\/2026\/02\/guinee.jpg\",\"contentUrl\":\"https:\/\/www.africascoop.net\/wp-content\/uploads\/2026\/02\/guinee.jpg\",\"width\":1366,\"height\":768},{\"@type\":\"BreadcrumbList\",\"@id\":\"https:\/\/www.africascoop.net\/index.php\/2026\/02\/03\/guinee-le-juge-du-proces-du-28-septembre-propulse-a-la-tete-du-ministere-de-la-justice\/#breadcrumb\",\"itemListElement\":[{\"@type\":\"ListItem\",\"position\":1,\"name\":\"Accueil\",\"item\":\"https:\/\/www.africascoop.net\/\"},{\"@type\":\"ListItem\",\"position\":2,\"name\":\"Guin\u00e9e : le juge du proc\u00e8s du 28 septembre propuls\u00e9 \u00e0 la t\u00eate du minist\u00e8re de la Justice\"}]},{\"@type\":\"WebSite\",\"@id\":\"https:\/\/www.africascoop.net\/#website\",\"url\":\"https:\/\/www.africascoop.net\/\",\"name\":\"Actualit\u00e9s Africaines\",\"description\":\"\",\"publisher\":{\"@id\":\"https:\/\/www.africascoop.net\/#organization\"},\"potentialAction\":[{\"@type\":\"SearchAction\",\"target\":{\"@type\":\"EntryPoint\",\"urlTemplate\":\"https:\/\/www.africascoop.net\/?s={search_term_string}\"},\"query-input\":{\"@type\":\"PropertyValueSpecification\",\"valueRequired\":true,\"valueName\":\"search_term_string\"}}],\"inLanguage\":\"fr-FR\"},{\"@type\":\"Organization\",\"@id\":\"https:\/\/www.africascoop.net\/#organization\",\"name\":\"Actualit\u00e9s Africaines\",\"url\":\"https:\/\/www.africascoop.net\/\",\"logo\":{\"@type\":\"ImageObject\",\"inLanguage\":\"fr-FR\",\"@id\":\"https:\/\/www.africascoop.net\/#\/schema\/logo\/image\/\",\"url\":\"https:\/\/www.africascoop.net\/wp-content\/uploads\/2025\/09\/cropped-logo-2.jpg\",\"contentUrl\":\"https:\/\/www.africascoop.net\/wp-content\/uploads\/2025\/09\/cropped-logo-2.jpg\",\"width\":945,\"height\":591,\"caption\":\"Actualit\u00e9s Africaines\"},\"image\":{\"@id\":\"https:\/\/www.africascoop.net\/#\/schema\/logo\/image\/\"}},{\"@type\":\"Person\",\"@id\":\"https:\/\/www.africascoop.net\/#\/schema\/person\/2cbcc632c110d739d93a6b196c67230a\",\"name\":\"Africascoop\",\"image\":{\"@type\":\"ImageObject\",\"inLanguage\":\"fr-FR\",\"@id\":\"https:\/\/www.africascoop.net\/#\/schema\/person\/image\/\",\"url\":\"https:\/\/secure.gravatar.com\/avatar\/230d851f5173f64fe9487b948bd2daf02707ef49aea942bc1bdad649c82025b9?s=96&d=mm&r=g\",\"contentUrl\":\"https:\/\/secure.gravatar.com\/avatar\/230d851f5173f64fe9487b948bd2daf02707ef49aea942bc1bdad649c82025b9?s=96&d=mm&r=g\",\"caption\":\"Africascoop\"},\"url\":\"https:\/\/www.africascoop.net\/index.php\/author\/jul\/\"}]}<\/script>\n<!-- \/ Yoast SEO plugin. -->","yoast_head_json":{"title":"Guin\u00e9e : le juge du proc\u00e8s du 28 septembre propuls\u00e9 \u00e0 la t\u00eate du minist\u00e8re de la Justice - Actualit\u00e9s Africaines","robots":{"index":"index","follow":"follow","max-snippet":"max-snippet:-1","max-image-preview":"max-image-preview:large","max-video-preview":"max-video-preview:-1"},"canonical":"https:\/\/www.africascoop.net\/index.php\/2026\/02\/03\/guinee-le-juge-du-proces-du-28-septembre-propulse-a-la-tete-du-ministere-de-la-justice\/","og_locale":"fr_FR","og_type":"article","og_title":"Guin\u00e9e : le juge du proc\u00e8s du 28 septembre propuls\u00e9 \u00e0 la t\u00eate du minist\u00e8re de la Justice - Actualit\u00e9s Africaines","og_description":"Le pr\u00e9sident guin\u00e9en a proc\u00e9d\u00e9, lundi 2 f\u00e9vrier 2026, \u00e0 une nomination partielle du gouvernement, marqu\u00e9e par l\u2019arriv\u00e9e","og_url":"https:\/\/www.africascoop.net\/index.php\/2026\/02\/03\/guinee-le-juge-du-proces-du-28-septembre-propulse-a-la-tete-du-ministere-de-la-justice\/","og_site_name":"Actualit\u00e9s Africaines","article_published_time":"2026-02-03T10:54:06+00:00","article_modified_time":"2026-02-03T10:54:15+00:00","og_image":[{"url":"https:\/\/www.africascoop.net\/wp-content\/uploads\/2026\/02\/guinee-1024x576.jpg","type":"","width":"","height":""}],"author":"Africascoop","twitter_card":"summary_large_image","twitter_misc":{"\u00c9crit par":"Africascoop","Dur\u00e9e de lecture estim\u00e9e":"1 minute"},"schema":{"@context":"https:\/\/schema.org","@graph":[{"@type":"Article","@id":"https:\/\/www.africascoop.net\/index.php\/2026\/02\/03\/guinee-le-juge-du-proces-du-28-septembre-propulse-a-la-tete-du-ministere-de-la-justice\/#article","isPartOf":{"@id":"https:\/\/www.africascoop.net\/index.php\/2026\/02\/03\/guinee-le-juge-du-proces-du-28-septembre-propulse-a-la-tete-du-ministere-de-la-justice\/"},"author":{"name":"Africascoop","@id":"https:\/\/www.africascoop.net\/#\/schema\/person\/2cbcc632c110d739d93a6b196c67230a"},"headline":"Guin\u00e9e : le juge du proc\u00e8s du 28 septembre propuls\u00e9 \u00e0 la t\u00eate du minist\u00e8re de la Justice","datePublished":"2026-02-03T10:54:06+00:00","dateModified":"2026-02-03T10:54:15+00:00","mainEntityOfPage":{"@id":"https:\/\/www.africascoop.net\/index.php\/2026\/02\/03\/guinee-le-juge-du-proces-du-28-septembre-propulse-a-la-tete-du-ministere-de-la-justice\/"},"wordCount":123,"commentCount":0,"publisher":{"@id":"https:\/\/www.africascoop.net\/#organization"},"image":{"@id":"https:\/\/www.africascoop.net\/index.php\/2026\/02\/03\/guinee-le-juge-du-proces-du-28-septembre-propulse-a-la-tete-du-ministere-de-la-justice\/#primaryimage"},"thumbnailUrl":"https:\/\/www.africascoop.net\/wp-content\/uploads\/2026\/02\/guinee-1024x576.jpg","articleSection":["Exclusif","Justice"],"inLanguage":"fr-FR","potentialAction":[{"@type":"CommentAction","name":"Comment","target":["https:\/\/www.africascoop.net\/index.php\/2026\/02\/03\/guinee-le-juge-du-proces-du-28-septembre-propulse-a-la-tete-du-ministere-de-la-justice\/#respond"]}]},{"@type":"WebPage","@id":"https:\/\/www.africascoop.net\/index.php\/2026\/02\/03\/guinee-le-juge-du-proces-du-28-septembre-propulse-a-la-tete-du-ministere-de-la-justice\/","url":"https:\/\/www.africascoop.net\/index.php\/2026\/02\/03\/guinee-le-juge-du-proces-du-28-septembre-propulse-a-la-tete-du-ministere-de-la-justice\/","name":"Guin\u00e9e : le juge du proc\u00e8s du 28 septembre propuls\u00e9 \u00e0 la t\u00eate du minist\u00e8re de la Justice - Actualit\u00e9s Africaines","isPartOf":{"@id":"https:\/\/www.africascoop.net\/#website"},"primaryImageOfPage":{"@id":"https:\/\/www.africascoop.net\/index.php\/2026\/02\/03\/guinee-le-juge-du-proces-du-28-septembre-propulse-a-la-tete-du-ministere-de-la-justice\/#primaryimage"},"image":{"@id":"https:\/\/www.africascoop.net\/index.php\/2026\/02\/03\/guinee-le-juge-du-proces-du-28-septembre-propulse-a-la-tete-du-ministere-de-la-justice\/#primaryimage"},"thumbnailUrl":"https:\/\/www.africascoop.net\/wp-content\/uploads\/2026\/02\/guinee-1024x576.jpg","datePublished":"2026-02-03T10:54:06+00:00","dateModified":"2026-02-03T10:54:15+00:00","breadcrumb":{"@id":"https:\/\/www.africascoop.net\/index.php\/2026\/02\/03\/guinee-le-juge-du-proces-du-28-septembre-propulse-a-la-tete-du-ministere-de-la-justice\/#breadcrumb"},"inLanguage":"fr-FR","potentialAction":[{"@type":"ReadAction","target":["https:\/\/www.africascoop.net\/index.php\/2026\/02\/03\/guinee-le-juge-du-proces-du-28-septembre-propulse-a-la-tete-du-ministere-de-la-justice\/"]}]},{"@type":"ImageObject","inLanguage":"fr-FR","@id":"https:\/\/www.africascoop.net\/index.php\/2026\/02\/03\/guinee-le-juge-du-proces-du-28-septembre-propulse-a-la-tete-du-ministere-de-la-justice\/#primaryimage","url":"https:\/\/www.africascoop.net\/wp-content\/uploads\/2026\/02\/guinee.jpg","contentUrl":"https:\/\/www.africascoop.net\/wp-content\/uploads\/2026\/02\/guinee.jpg","width":1366,"height":768},{"@type":"BreadcrumbList","@id":"https:\/\/www.africascoop.net\/index.php\/2026\/02\/03\/guinee-le-juge-du-proces-du-28-septembre-propulse-a-la-tete-du-ministere-de-la-justice\/#breadcrumb","itemListElement":[{"@type":"ListItem","position":1,"name":"Accueil","item":"https:\/\/www.africascoop.net\/"},{"@type":"ListItem","position":2,"name":"Guin\u00e9e : le juge du proc\u00e8s du 28 septembre propuls\u00e9 \u00e0 la t\u00eate du minist\u00e8re de la Justice"}]},{"@type":"WebSite","@id":"https:\/\/www.africascoop.net\/#website","url":"https:\/\/www.africascoop.net\/","name":"Actualit\u00e9s Africaines","description":"","publisher":{"@id":"https:\/\/www.africascoop.net\/#organization"},"potentialAction":[{"@type":"SearchAction","target":{"@type":"EntryPoint","urlTemplate":"https:\/\/www.africascoop.net\/?s={search_term_string}"},"query-input":{"@type":"PropertyValueSpecification","valueRequired":true,"valueName":"search_term_string"}}],"inLanguage":"fr-FR"},{"@type":"Organization","@id":"https:\/\/www.africascoop.net\/#organization","name":"Actualit\u00e9s Africaines","url":"https:\/\/www.africascoop.net\/","logo":{"@type":"ImageObject","inLanguage":"fr-FR","@id":"https:\/\/www.africascoop.net\/#\/schema\/logo\/image\/","url":"https:\/\/www.africascoop.net\/wp-content\/uploads\/2025\/09\/cropped-logo-2.jpg","contentUrl":"https:\/\/www.africascoop.net\/wp-content\/uploads\/2025\/09\/cropped-logo-2.jpg","width":945,"height":591,"caption":"Actualit\u00e9s Africaines"},"image":{"@id":"https:\/\/www.africascoop.net\/#\/schema\/logo\/image\/"}},{"@type":"Person","@id":"https:\/\/www.africascoop.net\/#\/schema\/person\/2cbcc632c110d739d93a6b196c67230a","name":"Africascoop","image":{"@type":"ImageObject","inLanguage":"fr-FR","@id":"https:\/\/www.africascoop.net\/#\/schema\/person\/image\/","url":"https:\/\/secure.gravatar.com\/avatar\/230d851f5173f64fe9487b948bd2daf02707ef49aea942bc1bdad649c82025b9?s=96&d=mm&r=g","contentUrl":"https:\/\/secure.gravatar.com\/avatar\/230d851f5173f64fe9487b948bd2daf02707ef49aea942bc1bdad649c82025b9?s=96&d=mm&r=g","caption":"Africascoop"},"url":"https:\/\/www.africascoop.net\/index.php\/author\/jul\/"}]}},"_links":{"self":[{"href":"https:\/\/www.africascoop.net\/index.php\/wp-json\/wp\/v2\/posts\/1318","targetHints":{"allow":["GET"]}}],"collection":[{"href":"https:\/\/www.africascoop.net\/index.php\/wp-json\/wp\/v2\/posts"}],"about":[{"href":"https:\/\/www.africascoop.net\/index.php\/wp-json\/wp\/v2\/types\/post"}],"author":[{"embeddable":true,"href":"https:\/\/www.africascoop.net\/index.php\/wp-json\/wp\/v2\/users\/3"}],"replies":[{"embeddable":true,"href":"https:\/\/www.africascoop.net\/index.php\/wp-json\/wp\/v2\/comments?post=1318"}],"version-history":[{"count":1,"href":"https:\/\/www.africascoop.net\/index.php\/wp-json\/wp\/v2\/posts\/1318\/revisions"}],"predecessor-version":[{"id":1320,"href":"https:\/\/www.africascoop.net\/index.php\/wp-json\/wp\/v2\/posts\/1318\/revisions\/1320"}],"wp:attachment":[{"href":"https:\/\/www.africascoop.net\/index.php\/wp-json\/wp\/v2\/media?parent=1318"}],"wp:term":[{"taxonomy":"category","embeddable":true,"href":"https:\/\/www.africascoop.net\/index.php\/wp-json\/wp\/v2\/categories?post=1318"},{"taxonomy":"post_tag","embeddable":true,"href":"https:\/\/www.africascoop.net\/index.php\/wp-json\/wp\/v2\/tags?post=1318"}],"curies":[{"name":"wp","href":"https:\/\/api.w.org\/{rel}","templated":true}]}}