{"id":1321,"date":"2026-02-03T10:56:58","date_gmt":"2026-02-03T10:56:58","guid":{"rendered":"https:\/\/www.africascoop.net\/?p=1321"},"modified":"2026-02-03T10:57:02","modified_gmt":"2026-02-03T10:57:02","slug":"affaire-paramount-embraer-la-bataille-des-preuves-souvre-devant-la-justice","status":"publish","type":"post","link":"https:\/\/www.africascoop.net\/index.php\/2026\/02\/03\/affaire-paramount-embraer-la-bataille-des-preuves-souvre-devant-la-justice\/","title":{"rendered":"Affaire Paramount\u2013Embraer\u00a0: La bataille des preuves s\u2019ouvre devant la justice"},"content":{"rendered":"\n<figure class=\"wp-block-image size-large\"><img loading=\"lazy\" decoding=\"async\" width=\"1024\" height=\"576\" src=\"https:\/\/www.africascoop.net\/wp-content\/uploads\/2026\/02\/para.-affaire-1024x576.jpg\" alt=\"\" class=\"wp-image-1322\" srcset=\"https:\/\/www.africascoop.net\/wp-content\/uploads\/2026\/02\/para.-affaire-1024x576.jpg 1024w, https:\/\/www.africascoop.net\/wp-content\/uploads\/2026\/02\/para.-affaire-300x169.jpg 300w, https:\/\/www.africascoop.net\/wp-content\/uploads\/2026\/02\/para.-affaire-768x432.jpg 768w, https:\/\/www.africascoop.net\/wp-content\/uploads\/2026\/02\/para.-affaire.jpg 1366w\" sizes=\"auto, (max-width: 1024px) 100vw, 1024px\" \/><\/figure>\n\n\n\n<p><strong><em>La 19\u1d49 journ\u00e9e du proc\u00e8s des contrats d\u2019armement liant l\u2019\u00c9tat malien aux soci\u00e9t\u00e9s Paramount et Embraer a marqu\u00e9 un tournant d\u00e9cisif, ce jeudi 29 janvier, devant la Chambre criminelle sp\u00e9cialis\u00e9e du P\u00f4le national \u00e9conomique et financier. \u00c0 l\u2019heure des plaidoiries, la d\u00e9fense est mont\u00e9e au cr\u00e9neau, contestant vigoureusement la consistance des accusations port\u00e9es contre les pr\u00e9venus.<\/em><\/strong><\/p>\n\n\n\n<p>Apr\u00e8s plusieurs semaines consacr\u00e9es aux interrogatoires et \u00e0 l\u2019audition de t\u00e9moins, les avocats des accus\u00e9s ont recentr\u00e9 le d\u00e9bat sur la question essentielle de la preuve. Selon eux, aucun \u00e9l\u00e9ment mat\u00e9riel ou intentionnel suffisamment \u00e9tabli ne permettrait de retenir des infractions telles que l\u2019atteinte aux biens publics, le faux, le blanchiment de capitaux ou la complicit\u00e9.<\/p>\n\n\n\n<p>Ce dossier, officiellement enregistr\u00e9 sous l\u2019intitul\u00e9 Minist\u00e8re public contre Boubou Ciss\u00e9 et autres, entre d\u00e9sormais dans sa phase critique. Sur les 18 personnes poursuivies, 13 ont d\u00e9j\u00e0 comparu, de m\u00eame qu\u2019une dizaine de t\u00e9moins. Toutefois, la d\u00e9fense d\u00e9plore l\u2019absence \u00e0 la barre de l\u2019ancienne ministre de l\u2019\u00c9nergie, Bintou, auteure du rapport administratif ayant servi de base \u00e0 l\u2019ouverture de la proc\u00e9dure judiciaire.<\/p>\n\n\n\n<p>Pour les avocats, ce rapport constitue une pi\u00e8ce centrale du dossier et sa non-confrontation au d\u00e9bat contradictoire pose un s\u00e9rieux probl\u00e8me. Ils estiment que l\u2019audition de son auteure \u00e9tait indispensable pour \u00e9clairer la cour sur la port\u00e9e r\u00e9elle et la cr\u00e9dibilit\u00e9 du document, pr\u00e9sent\u00e9 comme l\u2019\u00e9l\u00e9ment d\u00e9clencheur des poursuites.<\/p>\n\n\n\n<p>Face \u00e0 ces contestations, le minist\u00e8re public a maintenu une ligne r\u00e9pressive ferme. Dans son r\u00e9quisitoire, le parquet a requis la r\u00e9clusion criminelle \u00e0 perp\u00e9tuit\u00e9 contre les accus\u00e9s en fuite, et 10 ans de r\u00e9clusion criminelle contre les accus\u00e9s pr\u00e9sents \u00e0 l\u2019audience. Une position qui t\u00e9moigne, selon le parquet, de la gravit\u00e9 des faits reproch\u00e9s.<\/p>\n\n\n\n<p>De son c\u00f4t\u00e9, le Contentieux de l\u2019\u00c9tat affirme que les contrats incrimin\u00e9s ont caus\u00e9 un pr\u00e9judice financier estim\u00e9 \u00e0 plus de 18 milliards de francs CFA, dont 11 milliards li\u00e9s au contrat Paramount et 7 milliards au contrat Embraer. L\u2019\u00c9tat r\u00e9clame ainsi le remboursement int\u00e9gral des sommes consid\u00e9r\u00e9es comme ind\u00fbment engag\u00e9es.<\/p>\n\n\n\n<p>La d\u00e9fense de Ti\u00e9nan Coulibaly, ancien ministre de la D\u00e9fense, a longuement insist\u00e9 sur le contexte de prise de d\u00e9cision. Ses conseils soutiennent que leur client a agi dans un cadre institutionnel contraint, marqu\u00e9 par des difficult\u00e9s financi\u00e8res de l\u2019\u00c9tat, et que les choix op\u00e9r\u00e9s visaient avant tout \u00e0 \u00e9viter des p\u00e9nalit\u00e9s contractuelles lourdes pour le Mali. Selon eux, aucune intention frauduleuse n\u2019a \u00e9t\u00e9 d\u00e9montr\u00e9e.<\/p>\n\n\n\n<p>M\u00eame son de cloche du c\u00f4t\u00e9 de la d\u00e9fense du Colonel-major Abdoul Wahab Tour\u00e9, ancien directeur des finances et du mat\u00e9riel du minist\u00e8re de la D\u00e9fense. Son avocat a d\u00e9nonc\u00e9 une proc\u00e9dure qu\u2019il juge d\u00e9s\u00e9quilibr\u00e9e, reprochant au parquet de ne pas avoir individualis\u00e9 les responsabilit\u00e9s p\u00e9nales, tout en sollicitant les m\u00eames peines pour des accus\u00e9s aux r\u00f4les et niveaux d\u2019implication diff\u00e9rents.<\/p>\n\n\n\n<p>Au fil des plaidoiries, un argument revient avec insistance : on ne saurait condamner sans preuve formelle, encore moins sur la base d\u2019un rapport administratif dont l\u2019auteure n\u2019a pas \u00e9t\u00e9 entendue. Pour la d\u00e9fense, une telle issue cr\u00e9erait un pr\u00e9c\u00e9dent dangereux pour l\u2019\u00c9tat de droit.<\/p>\n\n\n\n<p>\u00c0 mesure que le proc\u00e8s approche de son d\u00e9nouement, cette affaire s\u2019impose comme un moment cl\u00e9 pour la justice \u00e9conomique malienne. Entre la s\u00e9v\u00e9rit\u00e9 des r\u00e9quisitions, l\u2019ampleur des sommes r\u00e9clam\u00e9es et la contestation de la solidit\u00e9 du dossier par la d\u00e9fense, la d\u00e9cision attendue de la Chambre criminelle sp\u00e9cialis\u00e9e sera scrut\u00e9e comme un signal fort sur la mani\u00e8re dont la justice entend concilier reddition des comptes et respect des garanties fondamentales du proc\u00e8s \u00e9quitable.<\/p>\n\n\n\n<p>Abdrahamane Baba Kouyat\u00e9<\/p>\n","protected":false},"excerpt":{"rendered":"<p>La 19\u1d49 journ\u00e9e du proc\u00e8s des contrats d\u2019armement liant l\u2019\u00c9tat malien aux soci\u00e9t\u00e9s Paramount et Embraer a marqu\u00e9<\/p>\n","protected":false},"author":3,"featured_media":0,"comment_status":"open","ping_status":"open","sticky":false,"template":"","format":"standard","meta":{"footnotes":""},"categories":[36,42],"tags":[],"class_list":["post-1321","post","type-post","status-publish","format-standard","hentry","category-exclusif","category-justice"],"yoast_head":"<!-- This site is optimized with the Yoast SEO plugin v26.0 - https:\/\/yoast.com\/wordpress\/plugins\/seo\/ -->\n<title>Affaire Paramount\u2013Embraer\u00a0: La bataille des preuves s\u2019ouvre devant la justice - Actualit\u00e9s Africaines<\/title>\n<meta name=\"robots\" content=\"index, follow, max-snippet:-1, max-image-preview:large, max-video-preview:-1\" \/>\n<link rel=\"canonical\" href=\"https:\/\/www.africascoop.net\/index.php\/2026\/02\/03\/affaire-paramount-embraer-la-bataille-des-preuves-souvre-devant-la-justice\/\" \/>\n<meta property=\"og:locale\" content=\"fr_FR\" \/>\n<meta property=\"og:type\" content=\"article\" \/>\n<meta property=\"og:title\" content=\"Affaire Paramount\u2013Embraer\u00a0: La bataille des preuves s\u2019ouvre devant la justice - Actualit\u00e9s Africaines\" \/>\n<meta property=\"og:description\" content=\"La 19\u1d49 journ\u00e9e du proc\u00e8s des contrats d\u2019armement liant l\u2019\u00c9tat malien aux soci\u00e9t\u00e9s Paramount et Embraer a marqu\u00e9\" \/>\n<meta property=\"og:url\" content=\"https:\/\/www.africascoop.net\/index.php\/2026\/02\/03\/affaire-paramount-embraer-la-bataille-des-preuves-souvre-devant-la-justice\/\" \/>\n<meta property=\"og:site_name\" content=\"Actualit\u00e9s Africaines\" \/>\n<meta property=\"article:published_time\" content=\"2026-02-03T10:56:58+00:00\" \/>\n<meta property=\"article:modified_time\" content=\"2026-02-03T10:57:02+00:00\" \/>\n<meta property=\"og:image\" content=\"https:\/\/www.africascoop.net\/wp-content\/uploads\/2026\/02\/para.-affaire-1024x576.jpg\" \/>\n<meta name=\"author\" content=\"Africascoop\" \/>\n<meta name=\"twitter:card\" content=\"summary_large_image\" \/>\n<meta name=\"twitter:label1\" content=\"\u00c9crit par\" \/>\n\t<meta name=\"twitter:data1\" content=\"Africascoop\" \/>\n\t<meta name=\"twitter:label2\" content=\"Dur\u00e9e de lecture estim\u00e9e\" \/>\n\t<meta name=\"twitter:data2\" content=\"4 minutes\" \/>\n<script type=\"application\/ld+json\" class=\"yoast-schema-graph\">{\"@context\":\"https:\/\/schema.org\",\"@graph\":[{\"@type\":\"Article\",\"@id\":\"https:\/\/www.africascoop.net\/index.php\/2026\/02\/03\/affaire-paramount-embraer-la-bataille-des-preuves-souvre-devant-la-justice\/#article\",\"isPartOf\":{\"@id\":\"https:\/\/www.africascoop.net\/index.php\/2026\/02\/03\/affaire-paramount-embraer-la-bataille-des-preuves-souvre-devant-la-justice\/\"},\"author\":{\"name\":\"Africascoop\",\"@id\":\"https:\/\/www.africascoop.net\/#\/schema\/person\/2cbcc632c110d739d93a6b196c67230a\"},\"headline\":\"Affaire Paramount\u2013Embraer\u00a0: La bataille des preuves s\u2019ouvre devant la justice\",\"datePublished\":\"2026-02-03T10:56:58+00:00\",\"dateModified\":\"2026-02-03T10:57:02+00:00\",\"mainEntityOfPage\":{\"@id\":\"https:\/\/www.africascoop.net\/index.php\/2026\/02\/03\/affaire-paramount-embraer-la-bataille-des-preuves-souvre-devant-la-justice\/\"},\"wordCount\":702,\"commentCount\":0,\"publisher\":{\"@id\":\"https:\/\/www.africascoop.net\/#organization\"},\"image\":{\"@id\":\"https:\/\/www.africascoop.net\/index.php\/2026\/02\/03\/affaire-paramount-embraer-la-bataille-des-preuves-souvre-devant-la-justice\/#primaryimage\"},\"thumbnailUrl\":\"https:\/\/www.africascoop.net\/wp-content\/uploads\/2026\/02\/para.-affaire-1024x576.jpg\",\"articleSection\":[\"Exclusif\",\"Justice\"],\"inLanguage\":\"fr-FR\",\"potentialAction\":[{\"@type\":\"CommentAction\",\"name\":\"Comment\",\"target\":[\"https:\/\/www.africascoop.net\/index.php\/2026\/02\/03\/affaire-paramount-embraer-la-bataille-des-preuves-souvre-devant-la-justice\/#respond\"]}]},{\"@type\":\"WebPage\",\"@id\":\"https:\/\/www.africascoop.net\/index.php\/2026\/02\/03\/affaire-paramount-embraer-la-bataille-des-preuves-souvre-devant-la-justice\/\",\"url\":\"https:\/\/www.africascoop.net\/index.php\/2026\/02\/03\/affaire-paramount-embraer-la-bataille-des-preuves-souvre-devant-la-justice\/\",\"name\":\"Affaire Paramount\u2013Embraer\u00a0: La bataille des preuves s\u2019ouvre devant la justice - Actualit\u00e9s Africaines\",\"isPartOf\":{\"@id\":\"https:\/\/www.africascoop.net\/#website\"},\"primaryImageOfPage\":{\"@id\":\"https:\/\/www.africascoop.net\/index.php\/2026\/02\/03\/affaire-paramount-embraer-la-bataille-des-preuves-souvre-devant-la-justice\/#primaryimage\"},\"image\":{\"@id\":\"https:\/\/www.africascoop.net\/index.php\/2026\/02\/03\/affaire-paramount-embraer-la-bataille-des-preuves-souvre-devant-la-justice\/#primaryimage\"},\"thumbnailUrl\":\"https:\/\/www.africascoop.net\/wp-content\/uploads\/2026\/02\/para.-affaire-1024x576.jpg\",\"datePublished\":\"2026-02-03T10:56:58+00:00\",\"dateModified\":\"2026-02-03T10:57:02+00:00\",\"breadcrumb\":{\"@id\":\"https:\/\/www.africascoop.net\/index.php\/2026\/02\/03\/affaire-paramount-embraer-la-bataille-des-preuves-souvre-devant-la-justice\/#breadcrumb\"},\"inLanguage\":\"fr-FR\",\"potentialAction\":[{\"@type\":\"ReadAction\",\"target\":[\"https:\/\/www.africascoop.net\/index.php\/2026\/02\/03\/affaire-paramount-embraer-la-bataille-des-preuves-souvre-devant-la-justice\/\"]}]},{\"@type\":\"ImageObject\",\"inLanguage\":\"fr-FR\",\"@id\":\"https:\/\/www.africascoop.net\/index.php\/2026\/02\/03\/affaire-paramount-embraer-la-bataille-des-preuves-souvre-devant-la-justice\/#primaryimage\",\"url\":\"https:\/\/www.africascoop.net\/wp-content\/uploads\/2026\/02\/para.-affaire.jpg\",\"contentUrl\":\"https:\/\/www.africascoop.net\/wp-content\/uploads\/2026\/02\/para.-affaire.jpg\",\"width\":1366,\"height\":768},{\"@type\":\"BreadcrumbList\",\"@id\":\"https:\/\/www.africascoop.net\/index.php\/2026\/02\/03\/affaire-paramount-embraer-la-bataille-des-preuves-souvre-devant-la-justice\/#breadcrumb\",\"itemListElement\":[{\"@type\":\"ListItem\",\"position\":1,\"name\":\"Accueil\",\"item\":\"https:\/\/www.africascoop.net\/\"},{\"@type\":\"ListItem\",\"position\":2,\"name\":\"Affaire Paramount\u2013Embraer\u00a0: La bataille des preuves s\u2019ouvre devant la justice\"}]},{\"@type\":\"WebSite\",\"@id\":\"https:\/\/www.africascoop.net\/#website\",\"url\":\"https:\/\/www.africascoop.net\/\",\"name\":\"Actualit\u00e9s Africaines\",\"description\":\"\",\"publisher\":{\"@id\":\"https:\/\/www.africascoop.net\/#organization\"},\"potentialAction\":[{\"@type\":\"SearchAction\",\"target\":{\"@type\":\"EntryPoint\",\"urlTemplate\":\"https:\/\/www.africascoop.net\/?s={search_term_string}\"},\"query-input\":{\"@type\":\"PropertyValueSpecification\",\"valueRequired\":true,\"valueName\":\"search_term_string\"}}],\"inLanguage\":\"fr-FR\"},{\"@type\":\"Organization\",\"@id\":\"https:\/\/www.africascoop.net\/#organization\",\"name\":\"Actualit\u00e9s Africaines\",\"url\":\"https:\/\/www.africascoop.net\/\",\"logo\":{\"@type\":\"ImageObject\",\"inLanguage\":\"fr-FR\",\"@id\":\"https:\/\/www.africascoop.net\/#\/schema\/logo\/image\/\",\"url\":\"https:\/\/www.africascoop.net\/wp-content\/uploads\/2025\/09\/cropped-logo-2.jpg\",\"contentUrl\":\"https:\/\/www.africascoop.net\/wp-content\/uploads\/2025\/09\/cropped-logo-2.jpg\",\"width\":945,\"height\":591,\"caption\":\"Actualit\u00e9s Africaines\"},\"image\":{\"@id\":\"https:\/\/www.africascoop.net\/#\/schema\/logo\/image\/\"}},{\"@type\":\"Person\",\"@id\":\"https:\/\/www.africascoop.net\/#\/schema\/person\/2cbcc632c110d739d93a6b196c67230a\",\"name\":\"Africascoop\",\"image\":{\"@type\":\"ImageObject\",\"inLanguage\":\"fr-FR\",\"@id\":\"https:\/\/www.africascoop.net\/#\/schema\/person\/image\/\",\"url\":\"https:\/\/secure.gravatar.com\/avatar\/230d851f5173f64fe9487b948bd2daf02707ef49aea942bc1bdad649c82025b9?s=96&d=mm&r=g\",\"contentUrl\":\"https:\/\/secure.gravatar.com\/avatar\/230d851f5173f64fe9487b948bd2daf02707ef49aea942bc1bdad649c82025b9?s=96&d=mm&r=g\",\"caption\":\"Africascoop\"},\"url\":\"https:\/\/www.africascoop.net\/index.php\/author\/jul\/\"}]}<\/script>\n<!-- \/ Yoast SEO plugin. -->","yoast_head_json":{"title":"Affaire Paramount\u2013Embraer\u00a0: La bataille des preuves s\u2019ouvre devant la justice - Actualit\u00e9s Africaines","robots":{"index":"index","follow":"follow","max-snippet":"max-snippet:-1","max-image-preview":"max-image-preview:large","max-video-preview":"max-video-preview:-1"},"canonical":"https:\/\/www.africascoop.net\/index.php\/2026\/02\/03\/affaire-paramount-embraer-la-bataille-des-preuves-souvre-devant-la-justice\/","og_locale":"fr_FR","og_type":"article","og_title":"Affaire Paramount\u2013Embraer\u00a0: La bataille des preuves s\u2019ouvre devant la justice - Actualit\u00e9s Africaines","og_description":"La 19\u1d49 journ\u00e9e du proc\u00e8s des contrats d\u2019armement liant l\u2019\u00c9tat malien aux soci\u00e9t\u00e9s Paramount et Embraer a marqu\u00e9","og_url":"https:\/\/www.africascoop.net\/index.php\/2026\/02\/03\/affaire-paramount-embraer-la-bataille-des-preuves-souvre-devant-la-justice\/","og_site_name":"Actualit\u00e9s Africaines","article_published_time":"2026-02-03T10:56:58+00:00","article_modified_time":"2026-02-03T10:57:02+00:00","og_image":[{"url":"https:\/\/www.africascoop.net\/wp-content\/uploads\/2026\/02\/para.-affaire-1024x576.jpg","type":"","width":"","height":""}],"author":"Africascoop","twitter_card":"summary_large_image","twitter_misc":{"\u00c9crit par":"Africascoop","Dur\u00e9e de lecture estim\u00e9e":"4 minutes"},"schema":{"@context":"https:\/\/schema.org","@graph":[{"@type":"Article","@id":"https:\/\/www.africascoop.net\/index.php\/2026\/02\/03\/affaire-paramount-embraer-la-bataille-des-preuves-souvre-devant-la-justice\/#article","isPartOf":{"@id":"https:\/\/www.africascoop.net\/index.php\/2026\/02\/03\/affaire-paramount-embraer-la-bataille-des-preuves-souvre-devant-la-justice\/"},"author":{"name":"Africascoop","@id":"https:\/\/www.africascoop.net\/#\/schema\/person\/2cbcc632c110d739d93a6b196c67230a"},"headline":"Affaire Paramount\u2013Embraer\u00a0: La bataille des preuves s\u2019ouvre devant la justice","datePublished":"2026-02-03T10:56:58+00:00","dateModified":"2026-02-03T10:57:02+00:00","mainEntityOfPage":{"@id":"https:\/\/www.africascoop.net\/index.php\/2026\/02\/03\/affaire-paramount-embraer-la-bataille-des-preuves-souvre-devant-la-justice\/"},"wordCount":702,"commentCount":0,"publisher":{"@id":"https:\/\/www.africascoop.net\/#organization"},"image":{"@id":"https:\/\/www.africascoop.net\/index.php\/2026\/02\/03\/affaire-paramount-embraer-la-bataille-des-preuves-souvre-devant-la-justice\/#primaryimage"},"thumbnailUrl":"https:\/\/www.africascoop.net\/wp-content\/uploads\/2026\/02\/para.-affaire-1024x576.jpg","articleSection":["Exclusif","Justice"],"inLanguage":"fr-FR","potentialAction":[{"@type":"CommentAction","name":"Comment","target":["https:\/\/www.africascoop.net\/index.php\/2026\/02\/03\/affaire-paramount-embraer-la-bataille-des-preuves-souvre-devant-la-justice\/#respond"]}]},{"@type":"WebPage","@id":"https:\/\/www.africascoop.net\/index.php\/2026\/02\/03\/affaire-paramount-embraer-la-bataille-des-preuves-souvre-devant-la-justice\/","url":"https:\/\/www.africascoop.net\/index.php\/2026\/02\/03\/affaire-paramount-embraer-la-bataille-des-preuves-souvre-devant-la-justice\/","name":"Affaire Paramount\u2013Embraer\u00a0: La bataille des preuves s\u2019ouvre devant la justice - Actualit\u00e9s Africaines","isPartOf":{"@id":"https:\/\/www.africascoop.net\/#website"},"primaryImageOfPage":{"@id":"https:\/\/www.africascoop.net\/index.php\/2026\/02\/03\/affaire-paramount-embraer-la-bataille-des-preuves-souvre-devant-la-justice\/#primaryimage"},"image":{"@id":"https:\/\/www.africascoop.net\/index.php\/2026\/02\/03\/affaire-paramount-embraer-la-bataille-des-preuves-souvre-devant-la-justice\/#primaryimage"},"thumbnailUrl":"https:\/\/www.africascoop.net\/wp-content\/uploads\/2026\/02\/para.-affaire-1024x576.jpg","datePublished":"2026-02-03T10:56:58+00:00","dateModified":"2026-02-03T10:57:02+00:00","breadcrumb":{"@id":"https:\/\/www.africascoop.net\/index.php\/2026\/02\/03\/affaire-paramount-embraer-la-bataille-des-preuves-souvre-devant-la-justice\/#breadcrumb"},"inLanguage":"fr-FR","potentialAction":[{"@type":"ReadAction","target":["https:\/\/www.africascoop.net\/index.php\/2026\/02\/03\/affaire-paramount-embraer-la-bataille-des-preuves-souvre-devant-la-justice\/"]}]},{"@type":"ImageObject","inLanguage":"fr-FR","@id":"https:\/\/www.africascoop.net\/index.php\/2026\/02\/03\/affaire-paramount-embraer-la-bataille-des-preuves-souvre-devant-la-justice\/#primaryimage","url":"https:\/\/www.africascoop.net\/wp-content\/uploads\/2026\/02\/para.-affaire.jpg","contentUrl":"https:\/\/www.africascoop.net\/wp-content\/uploads\/2026\/02\/para.-affaire.jpg","width":1366,"height":768},{"@type":"BreadcrumbList","@id":"https:\/\/www.africascoop.net\/index.php\/2026\/02\/03\/affaire-paramount-embraer-la-bataille-des-preuves-souvre-devant-la-justice\/#breadcrumb","itemListElement":[{"@type":"ListItem","position":1,"name":"Accueil","item":"https:\/\/www.africascoop.net\/"},{"@type":"ListItem","position":2,"name":"Affaire Paramount\u2013Embraer\u00a0: La bataille des preuves s\u2019ouvre devant la justice"}]},{"@type":"WebSite","@id":"https:\/\/www.africascoop.net\/#website","url":"https:\/\/www.africascoop.net\/","name":"Actualit\u00e9s Africaines","description":"","publisher":{"@id":"https:\/\/www.africascoop.net\/#organization"},"potentialAction":[{"@type":"SearchAction","target":{"@type":"EntryPoint","urlTemplate":"https:\/\/www.africascoop.net\/?s={search_term_string}"},"query-input":{"@type":"PropertyValueSpecification","valueRequired":true,"valueName":"search_term_string"}}],"inLanguage":"fr-FR"},{"@type":"Organization","@id":"https:\/\/www.africascoop.net\/#organization","name":"Actualit\u00e9s Africaines","url":"https:\/\/www.africascoop.net\/","logo":{"@type":"ImageObject","inLanguage":"fr-FR","@id":"https:\/\/www.africascoop.net\/#\/schema\/logo\/image\/","url":"https:\/\/www.africascoop.net\/wp-content\/uploads\/2025\/09\/cropped-logo-2.jpg","contentUrl":"https:\/\/www.africascoop.net\/wp-content\/uploads\/2025\/09\/cropped-logo-2.jpg","width":945,"height":591,"caption":"Actualit\u00e9s Africaines"},"image":{"@id":"https:\/\/www.africascoop.net\/#\/schema\/logo\/image\/"}},{"@type":"Person","@id":"https:\/\/www.africascoop.net\/#\/schema\/person\/2cbcc632c110d739d93a6b196c67230a","name":"Africascoop","image":{"@type":"ImageObject","inLanguage":"fr-FR","@id":"https:\/\/www.africascoop.net\/#\/schema\/person\/image\/","url":"https:\/\/secure.gravatar.com\/avatar\/230d851f5173f64fe9487b948bd2daf02707ef49aea942bc1bdad649c82025b9?s=96&d=mm&r=g","contentUrl":"https:\/\/secure.gravatar.com\/avatar\/230d851f5173f64fe9487b948bd2daf02707ef49aea942bc1bdad649c82025b9?s=96&d=mm&r=g","caption":"Africascoop"},"url":"https:\/\/www.africascoop.net\/index.php\/author\/jul\/"}]}},"_links":{"self":[{"href":"https:\/\/www.africascoop.net\/index.php\/wp-json\/wp\/v2\/posts\/1321","targetHints":{"allow":["GET"]}}],"collection":[{"href":"https:\/\/www.africascoop.net\/index.php\/wp-json\/wp\/v2\/posts"}],"about":[{"href":"https:\/\/www.africascoop.net\/index.php\/wp-json\/wp\/v2\/types\/post"}],"author":[{"embeddable":true,"href":"https:\/\/www.africascoop.net\/index.php\/wp-json\/wp\/v2\/users\/3"}],"replies":[{"embeddable":true,"href":"https:\/\/www.africascoop.net\/index.php\/wp-json\/wp\/v2\/comments?post=1321"}],"version-history":[{"count":1,"href":"https:\/\/www.africascoop.net\/index.php\/wp-json\/wp\/v2\/posts\/1321\/revisions"}],"predecessor-version":[{"id":1323,"href":"https:\/\/www.africascoop.net\/index.php\/wp-json\/wp\/v2\/posts\/1321\/revisions\/1323"}],"wp:attachment":[{"href":"https:\/\/www.africascoop.net\/index.php\/wp-json\/wp\/v2\/media?parent=1321"}],"wp:term":[{"taxonomy":"category","embeddable":true,"href":"https:\/\/www.africascoop.net\/index.php\/wp-json\/wp\/v2\/categories?post=1321"},{"taxonomy":"post_tag","embeddable":true,"href":"https:\/\/www.africascoop.net\/index.php\/wp-json\/wp\/v2\/tags?post=1321"}],"curies":[{"name":"wp","href":"https:\/\/api.w.org\/{rel}","templated":true}]}}