{"id":1324,"date":"2026-02-03T11:00:48","date_gmt":"2026-02-03T11:00:48","guid":{"rendered":"https:\/\/www.africascoop.net\/?p=1324"},"modified":"2026-02-03T11:02:19","modified_gmt":"2026-02-03T11:02:19","slug":"employabilite-des-jeunes-momentum-africa-et-la-fseg-appellent-a-une-universite-tournee-vers-lentrepreneuriat","status":"publish","type":"post","link":"https:\/\/www.africascoop.net\/index.php\/2026\/02\/03\/employabilite-des-jeunes-momentum-africa-et-la-fseg-appellent-a-une-universite-tournee-vers-lentrepreneuriat\/","title":{"rendered":"Employabilit\u00e9 des jeunes\u00a0: Momentum Africa et la FSEG appellent \u00e0 une universit\u00e9 tourn\u00e9e vers l\u2019entrepreneuriat"},"content":{"rendered":"\n<p><strong><em>\u00a0<\/em><\/strong><\/p>\n\n\n\n<figure class=\"wp-block-image size-large\"><img loading=\"lazy\" decoding=\"async\" width=\"1024\" height=\"576\" src=\"https:\/\/www.africascoop.net\/wp-content\/uploads\/2026\/02\/Universite-1024x576.jpg\" alt=\"\" class=\"wp-image-1325\" srcset=\"https:\/\/www.africascoop.net\/wp-content\/uploads\/2026\/02\/Universite-1024x576.jpg 1024w, https:\/\/www.africascoop.net\/wp-content\/uploads\/2026\/02\/Universite-300x169.jpg 300w, https:\/\/www.africascoop.net\/wp-content\/uploads\/2026\/02\/Universite-768x432.jpg 768w, https:\/\/www.africascoop.net\/wp-content\/uploads\/2026\/02\/Universite.jpg 1366w\" sizes=\"auto, (max-width: 1024px) 100vw, 1024px\" \/><\/figure>\n\n\n\n<p><strong><em>Face aux d\u00e9fis croissants de l\u2019emploi des jeunes dipl\u00f4m\u00e9s, Momentum Africa, en collaboration avec la Facult\u00e9 des Sciences \u00c9conomiques et de Gestion (FSEG), a organis\u00e9 une conf\u00e9rence publique sur le th\u00e8me de l\u2019adaptation de la formation \u00e0 l\u2019emploi et aux exigences de l\u2019employabilit\u00e9, ce jeudi 29 janvier 2026, sur la colline de Badalabougou.<\/em><\/strong><\/p>\n\n\n\n<p>La rencontre a mobilis\u00e9 un public compos\u00e9 d\u2019\u00e9tudiants, de membres du corps professoral et des responsables du groupe Momentum Africa, tous venus r\u00e9fl\u00e9chir \u00e0 l\u2019avenir professionnel des jeunes maliens. L\u2019objectif affich\u00e9 \u00e9tait clair : orienter et inciter les \u00e9tudiants \u00e0 emprunter la voie entrepreneuriale, afin de r\u00e9duire la pression sur le march\u00e9 salarial et favoriser l\u2019auto-emploi.<\/p>\n\n\n\n<p>Dans son allocution, Dj\u00e9n\u00e9ba Traor\u00e9, ancienne rectrice, a replac\u00e9 le d\u00e9bat dans une perspective historique. \u00ab Chaque ph\u00e9nom\u00e8ne observable s\u2019explique par un encha\u00eenement de faits historiques ou naturels qui l\u2019ont pr\u00e9c\u00e9d\u00e9 \u00bb, a-t-elle rappel\u00e9, avant de souligner que, malgr\u00e9 les nombreuses r\u00e9formes \u00e9ducatives engag\u00e9es depuis 1962, le syst\u00e8me \u00e9ducatif malien reste insuffisamment d\u00e9colonis\u00e9.<\/p>\n\n\n\n<p>Selon elle, l\u2019un des leviers majeurs de cette transformation r\u00e9side dans une meilleure int\u00e9gration des langues nationales dans le cursus scolaire. \u00ab Chaque apprenant doit pouvoir se retrouver sans faire recours \u00e0 un tiers \u00bb, a-t-elle insist\u00e9. Pour Dj\u00e9n\u00e9ba Traor\u00e9, le Mali fait face \u00e0 un d\u00e9fi structurel urgent : adapter rapidement son syst\u00e8me \u00e9ducatif afin de former des jeunes comp\u00e9tents, innovants et en phase avec les besoins r\u00e9els du march\u00e9 de l\u2019emploi, ce qui suppose des \u00e9tudes approfondies sur les attentes du march\u00e9.<\/p>\n\n\n\n<p>De son c\u00f4t\u00e9, Ousmane Oumarou Sidib\u00e9, ancien ministre commissaire au D\u00e9veloppement institutionnel, a dress\u00e9 un constat sans d\u00e9tour. \u00ab Le probl\u00e8me de l\u2019employabilit\u00e9 est extr\u00eamement \u00e9norme \u00bb, a-t-il affirm\u00e9, pointant des attitudes et comp\u00e9tences souvent jug\u00e9es insuffisantes par les entreprises. Les statistiques, a-t-il rappel\u00e9, indiquent que seuls 9 % des jeunes Africains ont acc\u00e8s \u00e0 une formation professionnelle de qualit\u00e9.<\/p>\n\n\n\n<p>Au Mali, les m\u00e9thodes d\u2019apprentissage sont, selon lui, peu adapt\u00e9es aux r\u00e9alit\u00e9s de l\u2019emploi, ce qui fragilise l\u2019insertion professionnelle des dipl\u00f4m\u00e9s. Face \u00e0 ce constat, Ousmane Oumarou Sidib\u00e9 estime que l\u2019employabilit\u00e9 et l\u2019acquisition de comp\u00e9tences entrepreneuriales doivent devenir une mission fondamentale des universit\u00e9s. \u00ab L\u2019employabilit\u00e9 ne doit pas \u00eatre seulement th\u00e9orique ; elle doit reposer sur des engagements mutuels entre l\u2019\u00c9tat, les universit\u00e9s et les entreprises \u00bb, a-t-il plaid\u00e9.<\/p>\n\n\n\n<p>Abordant les mutations du monde du travail, il a alert\u00e9 sur l\u2019\u00e9volution rapide du march\u00e9 de l\u2019emploi. D\u2019ici 2030, a-t-il expliqu\u00e9, l\u2019intelligence artificielle, l\u2019analyse des donn\u00e9es et la cybers\u00e9curit\u00e9 devraient repr\u00e9senter plus de 50 % des emplois. \u00ab Les comp\u00e9tences techniques seules ne suffiront plus \u00bb, a-t-il conclu, appelant \u00e0 former les jeunes d\u00e8s maintenant pour relever ces nouveaux d\u00e9fis.<\/p>\n\n\n\n<p>\u00c0 travers cette conf\u00e9rence, Momentum Africa et la FSEG r\u00e9affirment ainsi leur volont\u00e9 de faire de l\u2019universit\u00e9 un v\u00e9ritable tremplin vers l\u2019emploi et l\u2019entrepreneuriat, en phase avec les r\u00e9alit\u00e9s \u00e9conomiques et technologiques du Mali et du monde.<\/p>\n\n\n\n<p>Maryam Kouyat\u00e9<\/p>\n","protected":false},"excerpt":{"rendered":"<p>\u00a0 Face aux d\u00e9fis croissants de l\u2019emploi des jeunes dipl\u00f4m\u00e9s, Momentum Africa, en collaboration avec la Facult\u00e9 des<\/p>\n","protected":false},"author":3,"featured_media":0,"comment_status":"open","ping_status":"open","sticky":false,"template":"","format":"standard","meta":{"footnotes":""},"categories":[13,36],"tags":[],"class_list":["post-1324","post","type-post","status-publish","format-standard","hentry","category-education-et-culture","category-exclusif"],"yoast_head":"<!-- This site is optimized with the Yoast SEO plugin v26.0 - https:\/\/yoast.com\/wordpress\/plugins\/seo\/ -->\n<title>Employabilit\u00e9 des jeunes\u00a0: Momentum Africa et la FSEG appellent \u00e0 une universit\u00e9 tourn\u00e9e vers l\u2019entrepreneuriat - Actualit\u00e9s Africaines<\/title>\n<meta name=\"robots\" content=\"index, follow, max-snippet:-1, max-image-preview:large, max-video-preview:-1\" \/>\n<link rel=\"canonical\" href=\"https:\/\/www.africascoop.net\/index.php\/2026\/02\/03\/employabilite-des-jeunes-momentum-africa-et-la-fseg-appellent-a-une-universite-tournee-vers-lentrepreneuriat\/\" \/>\n<meta property=\"og:locale\" content=\"fr_FR\" \/>\n<meta property=\"og:type\" content=\"article\" \/>\n<meta property=\"og:title\" content=\"Employabilit\u00e9 des jeunes\u00a0: Momentum Africa et la FSEG appellent \u00e0 une universit\u00e9 tourn\u00e9e vers l\u2019entrepreneuriat - Actualit\u00e9s Africaines\" \/>\n<meta property=\"og:description\" content=\"\u00a0 Face aux d\u00e9fis croissants de l\u2019emploi des jeunes dipl\u00f4m\u00e9s, Momentum Africa, en collaboration avec la Facult\u00e9 des\" \/>\n<meta property=\"og:url\" content=\"https:\/\/www.africascoop.net\/index.php\/2026\/02\/03\/employabilite-des-jeunes-momentum-africa-et-la-fseg-appellent-a-une-universite-tournee-vers-lentrepreneuriat\/\" \/>\n<meta property=\"og:site_name\" content=\"Actualit\u00e9s Africaines\" \/>\n<meta property=\"article:published_time\" content=\"2026-02-03T11:00:48+00:00\" \/>\n<meta property=\"article:modified_time\" content=\"2026-02-03T11:02:19+00:00\" \/>\n<meta property=\"og:image\" content=\"https:\/\/www.africascoop.net\/wp-content\/uploads\/2026\/02\/Universite-1024x576.jpg\" \/>\n<meta name=\"author\" content=\"Africascoop\" \/>\n<meta name=\"twitter:card\" content=\"summary_large_image\" \/>\n<meta name=\"twitter:label1\" content=\"\u00c9crit par\" \/>\n\t<meta name=\"twitter:data1\" content=\"Africascoop\" \/>\n\t<meta name=\"twitter:label2\" content=\"Dur\u00e9e de lecture estim\u00e9e\" \/>\n\t<meta name=\"twitter:data2\" content=\"3 minutes\" \/>\n<script type=\"application\/ld+json\" class=\"yoast-schema-graph\">{\"@context\":\"https:\/\/schema.org\",\"@graph\":[{\"@type\":\"Article\",\"@id\":\"https:\/\/www.africascoop.net\/index.php\/2026\/02\/03\/employabilite-des-jeunes-momentum-africa-et-la-fseg-appellent-a-une-universite-tournee-vers-lentrepreneuriat\/#article\",\"isPartOf\":{\"@id\":\"https:\/\/www.africascoop.net\/index.php\/2026\/02\/03\/employabilite-des-jeunes-momentum-africa-et-la-fseg-appellent-a-une-universite-tournee-vers-lentrepreneuriat\/\"},\"author\":{\"name\":\"Africascoop\",\"@id\":\"https:\/\/www.africascoop.net\/#\/schema\/person\/2cbcc632c110d739d93a6b196c67230a\"},\"headline\":\"Employabilit\u00e9 des jeunes\u00a0: Momentum Africa et la FSEG appellent \u00e0 une universit\u00e9 tourn\u00e9e vers l\u2019entrepreneuriat\",\"datePublished\":\"2026-02-03T11:00:48+00:00\",\"dateModified\":\"2026-02-03T11:02:19+00:00\",\"mainEntityOfPage\":{\"@id\":\"https:\/\/www.africascoop.net\/index.php\/2026\/02\/03\/employabilite-des-jeunes-momentum-africa-et-la-fseg-appellent-a-une-universite-tournee-vers-lentrepreneuriat\/\"},\"wordCount\":545,\"commentCount\":0,\"publisher\":{\"@id\":\"https:\/\/www.africascoop.net\/#organization\"},\"image\":{\"@id\":\"https:\/\/www.africascoop.net\/index.php\/2026\/02\/03\/employabilite-des-jeunes-momentum-africa-et-la-fseg-appellent-a-une-universite-tournee-vers-lentrepreneuriat\/#primaryimage\"},\"thumbnailUrl\":\"https:\/\/www.africascoop.net\/wp-content\/uploads\/2026\/02\/Universite-1024x576.jpg\",\"articleSection\":[\"\u00c9ducation et culture\",\"Exclusif\"],\"inLanguage\":\"fr-FR\",\"potentialAction\":[{\"@type\":\"CommentAction\",\"name\":\"Comment\",\"target\":[\"https:\/\/www.africascoop.net\/index.php\/2026\/02\/03\/employabilite-des-jeunes-momentum-africa-et-la-fseg-appellent-a-une-universite-tournee-vers-lentrepreneuriat\/#respond\"]}]},{\"@type\":\"WebPage\",\"@id\":\"https:\/\/www.africascoop.net\/index.php\/2026\/02\/03\/employabilite-des-jeunes-momentum-africa-et-la-fseg-appellent-a-une-universite-tournee-vers-lentrepreneuriat\/\",\"url\":\"https:\/\/www.africascoop.net\/index.php\/2026\/02\/03\/employabilite-des-jeunes-momentum-africa-et-la-fseg-appellent-a-une-universite-tournee-vers-lentrepreneuriat\/\",\"name\":\"Employabilit\u00e9 des jeunes\u00a0: Momentum Africa et la FSEG appellent \u00e0 une universit\u00e9 tourn\u00e9e vers l\u2019entrepreneuriat - Actualit\u00e9s Africaines\",\"isPartOf\":{\"@id\":\"https:\/\/www.africascoop.net\/#website\"},\"primaryImageOfPage\":{\"@id\":\"https:\/\/www.africascoop.net\/index.php\/2026\/02\/03\/employabilite-des-jeunes-momentum-africa-et-la-fseg-appellent-a-une-universite-tournee-vers-lentrepreneuriat\/#primaryimage\"},\"image\":{\"@id\":\"https:\/\/www.africascoop.net\/index.php\/2026\/02\/03\/employabilite-des-jeunes-momentum-africa-et-la-fseg-appellent-a-une-universite-tournee-vers-lentrepreneuriat\/#primaryimage\"},\"thumbnailUrl\":\"https:\/\/www.africascoop.net\/wp-content\/uploads\/2026\/02\/Universite-1024x576.jpg\",\"datePublished\":\"2026-02-03T11:00:48+00:00\",\"dateModified\":\"2026-02-03T11:02:19+00:00\",\"breadcrumb\":{\"@id\":\"https:\/\/www.africascoop.net\/index.php\/2026\/02\/03\/employabilite-des-jeunes-momentum-africa-et-la-fseg-appellent-a-une-universite-tournee-vers-lentrepreneuriat\/#breadcrumb\"},\"inLanguage\":\"fr-FR\",\"potentialAction\":[{\"@type\":\"ReadAction\",\"target\":[\"https:\/\/www.africascoop.net\/index.php\/2026\/02\/03\/employabilite-des-jeunes-momentum-africa-et-la-fseg-appellent-a-une-universite-tournee-vers-lentrepreneuriat\/\"]}]},{\"@type\":\"ImageObject\",\"inLanguage\":\"fr-FR\",\"@id\":\"https:\/\/www.africascoop.net\/index.php\/2026\/02\/03\/employabilite-des-jeunes-momentum-africa-et-la-fseg-appellent-a-une-universite-tournee-vers-lentrepreneuriat\/#primaryimage\",\"url\":\"https:\/\/www.africascoop.net\/wp-content\/uploads\/2026\/02\/Universite.jpg\",\"contentUrl\":\"https:\/\/www.africascoop.net\/wp-content\/uploads\/2026\/02\/Universite.jpg\",\"width\":1366,\"height\":768},{\"@type\":\"BreadcrumbList\",\"@id\":\"https:\/\/www.africascoop.net\/index.php\/2026\/02\/03\/employabilite-des-jeunes-momentum-africa-et-la-fseg-appellent-a-une-universite-tournee-vers-lentrepreneuriat\/#breadcrumb\",\"itemListElement\":[{\"@type\":\"ListItem\",\"position\":1,\"name\":\"Accueil\",\"item\":\"https:\/\/www.africascoop.net\/\"},{\"@type\":\"ListItem\",\"position\":2,\"name\":\"Employabilit\u00e9 des jeunes\u00a0: Momentum Africa et la FSEG appellent \u00e0 une universit\u00e9 tourn\u00e9e vers l\u2019entrepreneuriat\"}]},{\"@type\":\"WebSite\",\"@id\":\"https:\/\/www.africascoop.net\/#website\",\"url\":\"https:\/\/www.africascoop.net\/\",\"name\":\"Actualit\u00e9s Africaines\",\"description\":\"\",\"publisher\":{\"@id\":\"https:\/\/www.africascoop.net\/#organization\"},\"potentialAction\":[{\"@type\":\"SearchAction\",\"target\":{\"@type\":\"EntryPoint\",\"urlTemplate\":\"https:\/\/www.africascoop.net\/?s={search_term_string}\"},\"query-input\":{\"@type\":\"PropertyValueSpecification\",\"valueRequired\":true,\"valueName\":\"search_term_string\"}}],\"inLanguage\":\"fr-FR\"},{\"@type\":\"Organization\",\"@id\":\"https:\/\/www.africascoop.net\/#organization\",\"name\":\"Actualit\u00e9s Africaines\",\"url\":\"https:\/\/www.africascoop.net\/\",\"logo\":{\"@type\":\"ImageObject\",\"inLanguage\":\"fr-FR\",\"@id\":\"https:\/\/www.africascoop.net\/#\/schema\/logo\/image\/\",\"url\":\"https:\/\/www.africascoop.net\/wp-content\/uploads\/2025\/09\/cropped-logo-2.jpg\",\"contentUrl\":\"https:\/\/www.africascoop.net\/wp-content\/uploads\/2025\/09\/cropped-logo-2.jpg\",\"width\":945,\"height\":591,\"caption\":\"Actualit\u00e9s Africaines\"},\"image\":{\"@id\":\"https:\/\/www.africascoop.net\/#\/schema\/logo\/image\/\"}},{\"@type\":\"Person\",\"@id\":\"https:\/\/www.africascoop.net\/#\/schema\/person\/2cbcc632c110d739d93a6b196c67230a\",\"name\":\"Africascoop\",\"image\":{\"@type\":\"ImageObject\",\"inLanguage\":\"fr-FR\",\"@id\":\"https:\/\/www.africascoop.net\/#\/schema\/person\/image\/\",\"url\":\"https:\/\/secure.gravatar.com\/avatar\/230d851f5173f64fe9487b948bd2daf02707ef49aea942bc1bdad649c82025b9?s=96&d=mm&r=g\",\"contentUrl\":\"https:\/\/secure.gravatar.com\/avatar\/230d851f5173f64fe9487b948bd2daf02707ef49aea942bc1bdad649c82025b9?s=96&d=mm&r=g\",\"caption\":\"Africascoop\"},\"url\":\"https:\/\/www.africascoop.net\/index.php\/author\/jul\/\"}]}<\/script>\n<!-- \/ Yoast SEO plugin. -->","yoast_head_json":{"title":"Employabilit\u00e9 des jeunes\u00a0: Momentum Africa et la FSEG appellent \u00e0 une universit\u00e9 tourn\u00e9e vers l\u2019entrepreneuriat - Actualit\u00e9s Africaines","robots":{"index":"index","follow":"follow","max-snippet":"max-snippet:-1","max-image-preview":"max-image-preview:large","max-video-preview":"max-video-preview:-1"},"canonical":"https:\/\/www.africascoop.net\/index.php\/2026\/02\/03\/employabilite-des-jeunes-momentum-africa-et-la-fseg-appellent-a-une-universite-tournee-vers-lentrepreneuriat\/","og_locale":"fr_FR","og_type":"article","og_title":"Employabilit\u00e9 des jeunes\u00a0: Momentum Africa et la FSEG appellent \u00e0 une universit\u00e9 tourn\u00e9e vers l\u2019entrepreneuriat - Actualit\u00e9s Africaines","og_description":"\u00a0 Face aux d\u00e9fis croissants de l\u2019emploi des jeunes dipl\u00f4m\u00e9s, Momentum Africa, en collaboration avec la Facult\u00e9 des","og_url":"https:\/\/www.africascoop.net\/index.php\/2026\/02\/03\/employabilite-des-jeunes-momentum-africa-et-la-fseg-appellent-a-une-universite-tournee-vers-lentrepreneuriat\/","og_site_name":"Actualit\u00e9s Africaines","article_published_time":"2026-02-03T11:00:48+00:00","article_modified_time":"2026-02-03T11:02:19+00:00","og_image":[{"url":"https:\/\/www.africascoop.net\/wp-content\/uploads\/2026\/02\/Universite-1024x576.jpg","type":"","width":"","height":""}],"author":"Africascoop","twitter_card":"summary_large_image","twitter_misc":{"\u00c9crit par":"Africascoop","Dur\u00e9e de lecture estim\u00e9e":"3 minutes"},"schema":{"@context":"https:\/\/schema.org","@graph":[{"@type":"Article","@id":"https:\/\/www.africascoop.net\/index.php\/2026\/02\/03\/employabilite-des-jeunes-momentum-africa-et-la-fseg-appellent-a-une-universite-tournee-vers-lentrepreneuriat\/#article","isPartOf":{"@id":"https:\/\/www.africascoop.net\/index.php\/2026\/02\/03\/employabilite-des-jeunes-momentum-africa-et-la-fseg-appellent-a-une-universite-tournee-vers-lentrepreneuriat\/"},"author":{"name":"Africascoop","@id":"https:\/\/www.africascoop.net\/#\/schema\/person\/2cbcc632c110d739d93a6b196c67230a"},"headline":"Employabilit\u00e9 des jeunes\u00a0: Momentum Africa et la FSEG appellent \u00e0 une universit\u00e9 tourn\u00e9e vers l\u2019entrepreneuriat","datePublished":"2026-02-03T11:00:48+00:00","dateModified":"2026-02-03T11:02:19+00:00","mainEntityOfPage":{"@id":"https:\/\/www.africascoop.net\/index.php\/2026\/02\/03\/employabilite-des-jeunes-momentum-africa-et-la-fseg-appellent-a-une-universite-tournee-vers-lentrepreneuriat\/"},"wordCount":545,"commentCount":0,"publisher":{"@id":"https:\/\/www.africascoop.net\/#organization"},"image":{"@id":"https:\/\/www.africascoop.net\/index.php\/2026\/02\/03\/employabilite-des-jeunes-momentum-africa-et-la-fseg-appellent-a-une-universite-tournee-vers-lentrepreneuriat\/#primaryimage"},"thumbnailUrl":"https:\/\/www.africascoop.net\/wp-content\/uploads\/2026\/02\/Universite-1024x576.jpg","articleSection":["\u00c9ducation et culture","Exclusif"],"inLanguage":"fr-FR","potentialAction":[{"@type":"CommentAction","name":"Comment","target":["https:\/\/www.africascoop.net\/index.php\/2026\/02\/03\/employabilite-des-jeunes-momentum-africa-et-la-fseg-appellent-a-une-universite-tournee-vers-lentrepreneuriat\/#respond"]}]},{"@type":"WebPage","@id":"https:\/\/www.africascoop.net\/index.php\/2026\/02\/03\/employabilite-des-jeunes-momentum-africa-et-la-fseg-appellent-a-une-universite-tournee-vers-lentrepreneuriat\/","url":"https:\/\/www.africascoop.net\/index.php\/2026\/02\/03\/employabilite-des-jeunes-momentum-africa-et-la-fseg-appellent-a-une-universite-tournee-vers-lentrepreneuriat\/","name":"Employabilit\u00e9 des jeunes\u00a0: Momentum Africa et la FSEG appellent \u00e0 une universit\u00e9 tourn\u00e9e vers l\u2019entrepreneuriat - Actualit\u00e9s Africaines","isPartOf":{"@id":"https:\/\/www.africascoop.net\/#website"},"primaryImageOfPage":{"@id":"https:\/\/www.africascoop.net\/index.php\/2026\/02\/03\/employabilite-des-jeunes-momentum-africa-et-la-fseg-appellent-a-une-universite-tournee-vers-lentrepreneuriat\/#primaryimage"},"image":{"@id":"https:\/\/www.africascoop.net\/index.php\/2026\/02\/03\/employabilite-des-jeunes-momentum-africa-et-la-fseg-appellent-a-une-universite-tournee-vers-lentrepreneuriat\/#primaryimage"},"thumbnailUrl":"https:\/\/www.africascoop.net\/wp-content\/uploads\/2026\/02\/Universite-1024x576.jpg","datePublished":"2026-02-03T11:00:48+00:00","dateModified":"2026-02-03T11:02:19+00:00","breadcrumb":{"@id":"https:\/\/www.africascoop.net\/index.php\/2026\/02\/03\/employabilite-des-jeunes-momentum-africa-et-la-fseg-appellent-a-une-universite-tournee-vers-lentrepreneuriat\/#breadcrumb"},"inLanguage":"fr-FR","potentialAction":[{"@type":"ReadAction","target":["https:\/\/www.africascoop.net\/index.php\/2026\/02\/03\/employabilite-des-jeunes-momentum-africa-et-la-fseg-appellent-a-une-universite-tournee-vers-lentrepreneuriat\/"]}]},{"@type":"ImageObject","inLanguage":"fr-FR","@id":"https:\/\/www.africascoop.net\/index.php\/2026\/02\/03\/employabilite-des-jeunes-momentum-africa-et-la-fseg-appellent-a-une-universite-tournee-vers-lentrepreneuriat\/#primaryimage","url":"https:\/\/www.africascoop.net\/wp-content\/uploads\/2026\/02\/Universite.jpg","contentUrl":"https:\/\/www.africascoop.net\/wp-content\/uploads\/2026\/02\/Universite.jpg","width":1366,"height":768},{"@type":"BreadcrumbList","@id":"https:\/\/www.africascoop.net\/index.php\/2026\/02\/03\/employabilite-des-jeunes-momentum-africa-et-la-fseg-appellent-a-une-universite-tournee-vers-lentrepreneuriat\/#breadcrumb","itemListElement":[{"@type":"ListItem","position":1,"name":"Accueil","item":"https:\/\/www.africascoop.net\/"},{"@type":"ListItem","position":2,"name":"Employabilit\u00e9 des jeunes\u00a0: Momentum Africa et la FSEG appellent \u00e0 une universit\u00e9 tourn\u00e9e vers l\u2019entrepreneuriat"}]},{"@type":"WebSite","@id":"https:\/\/www.africascoop.net\/#website","url":"https:\/\/www.africascoop.net\/","name":"Actualit\u00e9s Africaines","description":"","publisher":{"@id":"https:\/\/www.africascoop.net\/#organization"},"potentialAction":[{"@type":"SearchAction","target":{"@type":"EntryPoint","urlTemplate":"https:\/\/www.africascoop.net\/?s={search_term_string}"},"query-input":{"@type":"PropertyValueSpecification","valueRequired":true,"valueName":"search_term_string"}}],"inLanguage":"fr-FR"},{"@type":"Organization","@id":"https:\/\/www.africascoop.net\/#organization","name":"Actualit\u00e9s Africaines","url":"https:\/\/www.africascoop.net\/","logo":{"@type":"ImageObject","inLanguage":"fr-FR","@id":"https:\/\/www.africascoop.net\/#\/schema\/logo\/image\/","url":"https:\/\/www.africascoop.net\/wp-content\/uploads\/2025\/09\/cropped-logo-2.jpg","contentUrl":"https:\/\/www.africascoop.net\/wp-content\/uploads\/2025\/09\/cropped-logo-2.jpg","width":945,"height":591,"caption":"Actualit\u00e9s Africaines"},"image":{"@id":"https:\/\/www.africascoop.net\/#\/schema\/logo\/image\/"}},{"@type":"Person","@id":"https:\/\/www.africascoop.net\/#\/schema\/person\/2cbcc632c110d739d93a6b196c67230a","name":"Africascoop","image":{"@type":"ImageObject","inLanguage":"fr-FR","@id":"https:\/\/www.africascoop.net\/#\/schema\/person\/image\/","url":"https:\/\/secure.gravatar.com\/avatar\/230d851f5173f64fe9487b948bd2daf02707ef49aea942bc1bdad649c82025b9?s=96&d=mm&r=g","contentUrl":"https:\/\/secure.gravatar.com\/avatar\/230d851f5173f64fe9487b948bd2daf02707ef49aea942bc1bdad649c82025b9?s=96&d=mm&r=g","caption":"Africascoop"},"url":"https:\/\/www.africascoop.net\/index.php\/author\/jul\/"}]}},"_links":{"self":[{"href":"https:\/\/www.africascoop.net\/index.php\/wp-json\/wp\/v2\/posts\/1324","targetHints":{"allow":["GET"]}}],"collection":[{"href":"https:\/\/www.africascoop.net\/index.php\/wp-json\/wp\/v2\/posts"}],"about":[{"href":"https:\/\/www.africascoop.net\/index.php\/wp-json\/wp\/v2\/types\/post"}],"author":[{"embeddable":true,"href":"https:\/\/www.africascoop.net\/index.php\/wp-json\/wp\/v2\/users\/3"}],"replies":[{"embeddable":true,"href":"https:\/\/www.africascoop.net\/index.php\/wp-json\/wp\/v2\/comments?post=1324"}],"version-history":[{"count":2,"href":"https:\/\/www.africascoop.net\/index.php\/wp-json\/wp\/v2\/posts\/1324\/revisions"}],"predecessor-version":[{"id":1328,"href":"https:\/\/www.africascoop.net\/index.php\/wp-json\/wp\/v2\/posts\/1324\/revisions\/1328"}],"wp:attachment":[{"href":"https:\/\/www.africascoop.net\/index.php\/wp-json\/wp\/v2\/media?parent=1324"}],"wp:term":[{"taxonomy":"category","embeddable":true,"href":"https:\/\/www.africascoop.net\/index.php\/wp-json\/wp\/v2\/categories?post=1324"},{"taxonomy":"post_tag","embeddable":true,"href":"https:\/\/www.africascoop.net\/index.php\/wp-json\/wp\/v2\/tags?post=1324"}],"curies":[{"name":"wp","href":"https:\/\/api.w.org\/{rel}","templated":true}]}}