{"id":1330,"date":"2026-02-03T17:20:15","date_gmt":"2026-02-03T17:20:15","guid":{"rendered":"https:\/\/www.africascoop.net\/?p=1330"},"modified":"2026-02-03T17:20:19","modified_gmt":"2026-02-03T17:20:19","slug":"journee-culturelle-du-mali-au-cameroun-les-responsables-de-ntola-sarama-en-mission-a-douala","status":"publish","type":"post","link":"https:\/\/www.africascoop.net\/index.php\/2026\/02\/03\/journee-culturelle-du-mali-au-cameroun-les-responsables-de-ntola-sarama-en-mission-a-douala\/","title":{"rendered":"Journ\u00e9e culturelle du Mali au Cameroun : les responsables de N\u2019Tola Sarama en mission \u00e0 Douala"},"content":{"rendered":"\n<figure class=\"wp-block-image size-large\"><img loading=\"lazy\" decoding=\"async\" width=\"1024\" height=\"576\" src=\"https:\/\/www.africascoop.net\/wp-content\/uploads\/2026\/02\/douala-1024x576.jpg\" alt=\"\" class=\"wp-image-1331\" srcset=\"https:\/\/www.africascoop.net\/wp-content\/uploads\/2026\/02\/douala-1024x576.jpg 1024w, https:\/\/www.africascoop.net\/wp-content\/uploads\/2026\/02\/douala-300x169.jpg 300w, https:\/\/www.africascoop.net\/wp-content\/uploads\/2026\/02\/douala-768x432.jpg 768w, https:\/\/www.africascoop.net\/wp-content\/uploads\/2026\/02\/douala.jpg 1366w\" sizes=\"auto, (max-width: 1024px) 100vw, 1024px\" \/><\/figure>\n\n\n\n<p>Le pr\u00e9sident de l\u2019association N\u2019Tola Sarama, Moctar Sow, et son vice-pr\u00e9sident, \u00e9galement pr\u00e9sident de l\u2019ADMK, Alou Badra Ke\u00efta, ont quitt\u00e9 Bamako ce mardi 3 f\u00e9vrier 2026 \u00e0 destination de Douala. Leur d\u00e9placement intervient \u00e0 la suite d\u2019une invitation officielle du Consulat g\u00e9n\u00e9ral du Mali au Cameroun, dans le cadre de la Journ\u00e9e culturelle du Mali au Cameroun, pr\u00e9vue le 7 f\u00e9vrier prochain dans la capitale \u00e9conomique camerounaise.<\/p>\n\n\n\n<p>Les deux responsables ont embarqu\u00e9 \u00e0 bord du vol KP17 d\u2019ASKY Airlines reliant Bamako \u00e0 Douala via Lom\u00e9. Cette participation vise \u00e0 repr\u00e9senter la soci\u00e9t\u00e9 civile malienne et \u00e0 contribuer aux activit\u00e9s culturelles destin\u00e9es \u00e0 promouvoir l\u2019image, les valeurs et le patrimoine du Mali aupr\u00e8s de la diaspora et des partenaires locaux.<\/p>\n\n\n\n<p>\u00c0 travers cette mission, N\u2019Tola Sarama entend renforcer les \u00e9changes culturels et consolider les liens entre le Mali et le Cameroun, tout en r\u00e9affirmant son engagement en faveur de la diplomatie culturelle et du rayonnement du Mali \u00e0 l\u2019international.<\/p>\n\n\n\n<p>La r\u00e9daction<\/p>\n","protected":false},"excerpt":{"rendered":"<p>Le pr\u00e9sident de l\u2019association N\u2019Tola Sarama, Moctar Sow, et son vice-pr\u00e9sident, \u00e9galement pr\u00e9sident de l\u2019ADMK, Alou Badra Ke\u00efta,<\/p>\n","protected":false},"author":3,"featured_media":0,"comment_status":"open","ping_status":"open","sticky":false,"template":"","format":"standard","meta":{"footnotes":""},"categories":[13,36],"tags":[],"class_list":["post-1330","post","type-post","status-publish","format-standard","hentry","category-education-et-culture","category-exclusif"],"yoast_head":"<!-- This site is optimized with the Yoast SEO plugin v26.0 - https:\/\/yoast.com\/wordpress\/plugins\/seo\/ -->\n<title>Journ\u00e9e culturelle du Mali au Cameroun : les responsables de N\u2019Tola Sarama en mission \u00e0 Douala - Actualit\u00e9s Africaines<\/title>\n<meta name=\"robots\" content=\"index, follow, max-snippet:-1, max-image-preview:large, max-video-preview:-1\" \/>\n<link rel=\"canonical\" href=\"https:\/\/www.africascoop.net\/index.php\/2026\/02\/03\/journee-culturelle-du-mali-au-cameroun-les-responsables-de-ntola-sarama-en-mission-a-douala\/\" \/>\n<meta property=\"og:locale\" content=\"fr_FR\" \/>\n<meta property=\"og:type\" content=\"article\" \/>\n<meta property=\"og:title\" content=\"Journ\u00e9e culturelle du Mali au Cameroun : les responsables de N\u2019Tola Sarama en mission \u00e0 Douala - Actualit\u00e9s Africaines\" \/>\n<meta property=\"og:description\" content=\"Le pr\u00e9sident de l\u2019association N\u2019Tola Sarama, Moctar Sow, et son vice-pr\u00e9sident, \u00e9galement pr\u00e9sident de l\u2019ADMK, Alou Badra Ke\u00efta,\" \/>\n<meta property=\"og:url\" content=\"https:\/\/www.africascoop.net\/index.php\/2026\/02\/03\/journee-culturelle-du-mali-au-cameroun-les-responsables-de-ntola-sarama-en-mission-a-douala\/\" \/>\n<meta property=\"og:site_name\" content=\"Actualit\u00e9s Africaines\" \/>\n<meta property=\"article:published_time\" content=\"2026-02-03T17:20:15+00:00\" \/>\n<meta property=\"article:modified_time\" content=\"2026-02-03T17:20:19+00:00\" \/>\n<meta property=\"og:image\" content=\"https:\/\/www.africascoop.net\/wp-content\/uploads\/2026\/02\/douala-1024x576.jpg\" \/>\n<meta name=\"author\" content=\"Africascoop\" \/>\n<meta name=\"twitter:card\" content=\"summary_large_image\" \/>\n<meta name=\"twitter:label1\" content=\"\u00c9crit par\" \/>\n\t<meta name=\"twitter:data1\" content=\"Africascoop\" \/>\n\t<meta name=\"twitter:label2\" content=\"Dur\u00e9e de lecture estim\u00e9e\" \/>\n\t<meta name=\"twitter:data2\" content=\"2 minutes\" \/>\n<script type=\"application\/ld+json\" class=\"yoast-schema-graph\">{\"@context\":\"https:\/\/schema.org\",\"@graph\":[{\"@type\":\"Article\",\"@id\":\"https:\/\/www.africascoop.net\/index.php\/2026\/02\/03\/journee-culturelle-du-mali-au-cameroun-les-responsables-de-ntola-sarama-en-mission-a-douala\/#article\",\"isPartOf\":{\"@id\":\"https:\/\/www.africascoop.net\/index.php\/2026\/02\/03\/journee-culturelle-du-mali-au-cameroun-les-responsables-de-ntola-sarama-en-mission-a-douala\/\"},\"author\":{\"name\":\"Africascoop\",\"@id\":\"https:\/\/www.africascoop.net\/#\/schema\/person\/2cbcc632c110d739d93a6b196c67230a\"},\"headline\":\"Journ\u00e9e culturelle du Mali au Cameroun : les responsables de N\u2019Tola Sarama en mission \u00e0 Douala\",\"datePublished\":\"2026-02-03T17:20:15+00:00\",\"dateModified\":\"2026-02-03T17:20:19+00:00\",\"mainEntityOfPage\":{\"@id\":\"https:\/\/www.africascoop.net\/index.php\/2026\/02\/03\/journee-culturelle-du-mali-au-cameroun-les-responsables-de-ntola-sarama-en-mission-a-douala\/\"},\"wordCount\":190,\"commentCount\":0,\"publisher\":{\"@id\":\"https:\/\/www.africascoop.net\/#organization\"},\"image\":{\"@id\":\"https:\/\/www.africascoop.net\/index.php\/2026\/02\/03\/journee-culturelle-du-mali-au-cameroun-les-responsables-de-ntola-sarama-en-mission-a-douala\/#primaryimage\"},\"thumbnailUrl\":\"https:\/\/www.africascoop.net\/wp-content\/uploads\/2026\/02\/douala-1024x576.jpg\",\"articleSection\":[\"\u00c9ducation et culture\",\"Exclusif\"],\"inLanguage\":\"fr-FR\",\"potentialAction\":[{\"@type\":\"CommentAction\",\"name\":\"Comment\",\"target\":[\"https:\/\/www.africascoop.net\/index.php\/2026\/02\/03\/journee-culturelle-du-mali-au-cameroun-les-responsables-de-ntola-sarama-en-mission-a-douala\/#respond\"]}]},{\"@type\":\"WebPage\",\"@id\":\"https:\/\/www.africascoop.net\/index.php\/2026\/02\/03\/journee-culturelle-du-mali-au-cameroun-les-responsables-de-ntola-sarama-en-mission-a-douala\/\",\"url\":\"https:\/\/www.africascoop.net\/index.php\/2026\/02\/03\/journee-culturelle-du-mali-au-cameroun-les-responsables-de-ntola-sarama-en-mission-a-douala\/\",\"name\":\"Journ\u00e9e culturelle du Mali au Cameroun : les responsables de N\u2019Tola Sarama en mission \u00e0 Douala - Actualit\u00e9s Africaines\",\"isPartOf\":{\"@id\":\"https:\/\/www.africascoop.net\/#website\"},\"primaryImageOfPage\":{\"@id\":\"https:\/\/www.africascoop.net\/index.php\/2026\/02\/03\/journee-culturelle-du-mali-au-cameroun-les-responsables-de-ntola-sarama-en-mission-a-douala\/#primaryimage\"},\"image\":{\"@id\":\"https:\/\/www.africascoop.net\/index.php\/2026\/02\/03\/journee-culturelle-du-mali-au-cameroun-les-responsables-de-ntola-sarama-en-mission-a-douala\/#primaryimage\"},\"thumbnailUrl\":\"https:\/\/www.africascoop.net\/wp-content\/uploads\/2026\/02\/douala-1024x576.jpg\",\"datePublished\":\"2026-02-03T17:20:15+00:00\",\"dateModified\":\"2026-02-03T17:20:19+00:00\",\"breadcrumb\":{\"@id\":\"https:\/\/www.africascoop.net\/index.php\/2026\/02\/03\/journee-culturelle-du-mali-au-cameroun-les-responsables-de-ntola-sarama-en-mission-a-douala\/#breadcrumb\"},\"inLanguage\":\"fr-FR\",\"potentialAction\":[{\"@type\":\"ReadAction\",\"target\":[\"https:\/\/www.africascoop.net\/index.php\/2026\/02\/03\/journee-culturelle-du-mali-au-cameroun-les-responsables-de-ntola-sarama-en-mission-a-douala\/\"]}]},{\"@type\":\"ImageObject\",\"inLanguage\":\"fr-FR\",\"@id\":\"https:\/\/www.africascoop.net\/index.php\/2026\/02\/03\/journee-culturelle-du-mali-au-cameroun-les-responsables-de-ntola-sarama-en-mission-a-douala\/#primaryimage\",\"url\":\"https:\/\/www.africascoop.net\/wp-content\/uploads\/2026\/02\/douala.jpg\",\"contentUrl\":\"https:\/\/www.africascoop.net\/wp-content\/uploads\/2026\/02\/douala.jpg\",\"width\":1366,\"height\":768},{\"@type\":\"BreadcrumbList\",\"@id\":\"https:\/\/www.africascoop.net\/index.php\/2026\/02\/03\/journee-culturelle-du-mali-au-cameroun-les-responsables-de-ntola-sarama-en-mission-a-douala\/#breadcrumb\",\"itemListElement\":[{\"@type\":\"ListItem\",\"position\":1,\"name\":\"Accueil\",\"item\":\"https:\/\/www.africascoop.net\/\"},{\"@type\":\"ListItem\",\"position\":2,\"name\":\"Journ\u00e9e culturelle du Mali au Cameroun : les responsables de N\u2019Tola Sarama en mission \u00e0 Douala\"}]},{\"@type\":\"WebSite\",\"@id\":\"https:\/\/www.africascoop.net\/#website\",\"url\":\"https:\/\/www.africascoop.net\/\",\"name\":\"Actualit\u00e9s Africaines\",\"description\":\"\",\"publisher\":{\"@id\":\"https:\/\/www.africascoop.net\/#organization\"},\"potentialAction\":[{\"@type\":\"SearchAction\",\"target\":{\"@type\":\"EntryPoint\",\"urlTemplate\":\"https:\/\/www.africascoop.net\/?s={search_term_string}\"},\"query-input\":{\"@type\":\"PropertyValueSpecification\",\"valueRequired\":true,\"valueName\":\"search_term_string\"}}],\"inLanguage\":\"fr-FR\"},{\"@type\":\"Organization\",\"@id\":\"https:\/\/www.africascoop.net\/#organization\",\"name\":\"Actualit\u00e9s Africaines\",\"url\":\"https:\/\/www.africascoop.net\/\",\"logo\":{\"@type\":\"ImageObject\",\"inLanguage\":\"fr-FR\",\"@id\":\"https:\/\/www.africascoop.net\/#\/schema\/logo\/image\/\",\"url\":\"https:\/\/www.africascoop.net\/wp-content\/uploads\/2025\/09\/cropped-logo-2.jpg\",\"contentUrl\":\"https:\/\/www.africascoop.net\/wp-content\/uploads\/2025\/09\/cropped-logo-2.jpg\",\"width\":945,\"height\":591,\"caption\":\"Actualit\u00e9s Africaines\"},\"image\":{\"@id\":\"https:\/\/www.africascoop.net\/#\/schema\/logo\/image\/\"}},{\"@type\":\"Person\",\"@id\":\"https:\/\/www.africascoop.net\/#\/schema\/person\/2cbcc632c110d739d93a6b196c67230a\",\"name\":\"Africascoop\",\"image\":{\"@type\":\"ImageObject\",\"inLanguage\":\"fr-FR\",\"@id\":\"https:\/\/www.africascoop.net\/#\/schema\/person\/image\/\",\"url\":\"https:\/\/secure.gravatar.com\/avatar\/230d851f5173f64fe9487b948bd2daf02707ef49aea942bc1bdad649c82025b9?s=96&d=mm&r=g\",\"contentUrl\":\"https:\/\/secure.gravatar.com\/avatar\/230d851f5173f64fe9487b948bd2daf02707ef49aea942bc1bdad649c82025b9?s=96&d=mm&r=g\",\"caption\":\"Africascoop\"},\"url\":\"https:\/\/www.africascoop.net\/index.php\/author\/jul\/\"}]}<\/script>\n<!-- \/ Yoast SEO plugin. -->","yoast_head_json":{"title":"Journ\u00e9e culturelle du Mali au Cameroun : les responsables de N\u2019Tola Sarama en mission \u00e0 Douala - Actualit\u00e9s Africaines","robots":{"index":"index","follow":"follow","max-snippet":"max-snippet:-1","max-image-preview":"max-image-preview:large","max-video-preview":"max-video-preview:-1"},"canonical":"https:\/\/www.africascoop.net\/index.php\/2026\/02\/03\/journee-culturelle-du-mali-au-cameroun-les-responsables-de-ntola-sarama-en-mission-a-douala\/","og_locale":"fr_FR","og_type":"article","og_title":"Journ\u00e9e culturelle du Mali au Cameroun : les responsables de N\u2019Tola Sarama en mission \u00e0 Douala - Actualit\u00e9s Africaines","og_description":"Le pr\u00e9sident de l\u2019association N\u2019Tola Sarama, Moctar Sow, et son vice-pr\u00e9sident, \u00e9galement pr\u00e9sident de l\u2019ADMK, Alou Badra Ke\u00efta,","og_url":"https:\/\/www.africascoop.net\/index.php\/2026\/02\/03\/journee-culturelle-du-mali-au-cameroun-les-responsables-de-ntola-sarama-en-mission-a-douala\/","og_site_name":"Actualit\u00e9s Africaines","article_published_time":"2026-02-03T17:20:15+00:00","article_modified_time":"2026-02-03T17:20:19+00:00","og_image":[{"url":"https:\/\/www.africascoop.net\/wp-content\/uploads\/2026\/02\/douala-1024x576.jpg","type":"","width":"","height":""}],"author":"Africascoop","twitter_card":"summary_large_image","twitter_misc":{"\u00c9crit par":"Africascoop","Dur\u00e9e de lecture estim\u00e9e":"2 minutes"},"schema":{"@context":"https:\/\/schema.org","@graph":[{"@type":"Article","@id":"https:\/\/www.africascoop.net\/index.php\/2026\/02\/03\/journee-culturelle-du-mali-au-cameroun-les-responsables-de-ntola-sarama-en-mission-a-douala\/#article","isPartOf":{"@id":"https:\/\/www.africascoop.net\/index.php\/2026\/02\/03\/journee-culturelle-du-mali-au-cameroun-les-responsables-de-ntola-sarama-en-mission-a-douala\/"},"author":{"name":"Africascoop","@id":"https:\/\/www.africascoop.net\/#\/schema\/person\/2cbcc632c110d739d93a6b196c67230a"},"headline":"Journ\u00e9e culturelle du Mali au Cameroun : les responsables de N\u2019Tola Sarama en mission \u00e0 Douala","datePublished":"2026-02-03T17:20:15+00:00","dateModified":"2026-02-03T17:20:19+00:00","mainEntityOfPage":{"@id":"https:\/\/www.africascoop.net\/index.php\/2026\/02\/03\/journee-culturelle-du-mali-au-cameroun-les-responsables-de-ntola-sarama-en-mission-a-douala\/"},"wordCount":190,"commentCount":0,"publisher":{"@id":"https:\/\/www.africascoop.net\/#organization"},"image":{"@id":"https:\/\/www.africascoop.net\/index.php\/2026\/02\/03\/journee-culturelle-du-mali-au-cameroun-les-responsables-de-ntola-sarama-en-mission-a-douala\/#primaryimage"},"thumbnailUrl":"https:\/\/www.africascoop.net\/wp-content\/uploads\/2026\/02\/douala-1024x576.jpg","articleSection":["\u00c9ducation et culture","Exclusif"],"inLanguage":"fr-FR","potentialAction":[{"@type":"CommentAction","name":"Comment","target":["https:\/\/www.africascoop.net\/index.php\/2026\/02\/03\/journee-culturelle-du-mali-au-cameroun-les-responsables-de-ntola-sarama-en-mission-a-douala\/#respond"]}]},{"@type":"WebPage","@id":"https:\/\/www.africascoop.net\/index.php\/2026\/02\/03\/journee-culturelle-du-mali-au-cameroun-les-responsables-de-ntola-sarama-en-mission-a-douala\/","url":"https:\/\/www.africascoop.net\/index.php\/2026\/02\/03\/journee-culturelle-du-mali-au-cameroun-les-responsables-de-ntola-sarama-en-mission-a-douala\/","name":"Journ\u00e9e culturelle du Mali au Cameroun : les responsables de N\u2019Tola Sarama en mission \u00e0 Douala - Actualit\u00e9s Africaines","isPartOf":{"@id":"https:\/\/www.africascoop.net\/#website"},"primaryImageOfPage":{"@id":"https:\/\/www.africascoop.net\/index.php\/2026\/02\/03\/journee-culturelle-du-mali-au-cameroun-les-responsables-de-ntola-sarama-en-mission-a-douala\/#primaryimage"},"image":{"@id":"https:\/\/www.africascoop.net\/index.php\/2026\/02\/03\/journee-culturelle-du-mali-au-cameroun-les-responsables-de-ntola-sarama-en-mission-a-douala\/#primaryimage"},"thumbnailUrl":"https:\/\/www.africascoop.net\/wp-content\/uploads\/2026\/02\/douala-1024x576.jpg","datePublished":"2026-02-03T17:20:15+00:00","dateModified":"2026-02-03T17:20:19+00:00","breadcrumb":{"@id":"https:\/\/www.africascoop.net\/index.php\/2026\/02\/03\/journee-culturelle-du-mali-au-cameroun-les-responsables-de-ntola-sarama-en-mission-a-douala\/#breadcrumb"},"inLanguage":"fr-FR","potentialAction":[{"@type":"ReadAction","target":["https:\/\/www.africascoop.net\/index.php\/2026\/02\/03\/journee-culturelle-du-mali-au-cameroun-les-responsables-de-ntola-sarama-en-mission-a-douala\/"]}]},{"@type":"ImageObject","inLanguage":"fr-FR","@id":"https:\/\/www.africascoop.net\/index.php\/2026\/02\/03\/journee-culturelle-du-mali-au-cameroun-les-responsables-de-ntola-sarama-en-mission-a-douala\/#primaryimage","url":"https:\/\/www.africascoop.net\/wp-content\/uploads\/2026\/02\/douala.jpg","contentUrl":"https:\/\/www.africascoop.net\/wp-content\/uploads\/2026\/02\/douala.jpg","width":1366,"height":768},{"@type":"BreadcrumbList","@id":"https:\/\/www.africascoop.net\/index.php\/2026\/02\/03\/journee-culturelle-du-mali-au-cameroun-les-responsables-de-ntola-sarama-en-mission-a-douala\/#breadcrumb","itemListElement":[{"@type":"ListItem","position":1,"name":"Accueil","item":"https:\/\/www.africascoop.net\/"},{"@type":"ListItem","position":2,"name":"Journ\u00e9e culturelle du Mali au Cameroun : les responsables de N\u2019Tola Sarama en mission \u00e0 Douala"}]},{"@type":"WebSite","@id":"https:\/\/www.africascoop.net\/#website","url":"https:\/\/www.africascoop.net\/","name":"Actualit\u00e9s Africaines","description":"","publisher":{"@id":"https:\/\/www.africascoop.net\/#organization"},"potentialAction":[{"@type":"SearchAction","target":{"@type":"EntryPoint","urlTemplate":"https:\/\/www.africascoop.net\/?s={search_term_string}"},"query-input":{"@type":"PropertyValueSpecification","valueRequired":true,"valueName":"search_term_string"}}],"inLanguage":"fr-FR"},{"@type":"Organization","@id":"https:\/\/www.africascoop.net\/#organization","name":"Actualit\u00e9s Africaines","url":"https:\/\/www.africascoop.net\/","logo":{"@type":"ImageObject","inLanguage":"fr-FR","@id":"https:\/\/www.africascoop.net\/#\/schema\/logo\/image\/","url":"https:\/\/www.africascoop.net\/wp-content\/uploads\/2025\/09\/cropped-logo-2.jpg","contentUrl":"https:\/\/www.africascoop.net\/wp-content\/uploads\/2025\/09\/cropped-logo-2.jpg","width":945,"height":591,"caption":"Actualit\u00e9s Africaines"},"image":{"@id":"https:\/\/www.africascoop.net\/#\/schema\/logo\/image\/"}},{"@type":"Person","@id":"https:\/\/www.africascoop.net\/#\/schema\/person\/2cbcc632c110d739d93a6b196c67230a","name":"Africascoop","image":{"@type":"ImageObject","inLanguage":"fr-FR","@id":"https:\/\/www.africascoop.net\/#\/schema\/person\/image\/","url":"https:\/\/secure.gravatar.com\/avatar\/230d851f5173f64fe9487b948bd2daf02707ef49aea942bc1bdad649c82025b9?s=96&d=mm&r=g","contentUrl":"https:\/\/secure.gravatar.com\/avatar\/230d851f5173f64fe9487b948bd2daf02707ef49aea942bc1bdad649c82025b9?s=96&d=mm&r=g","caption":"Africascoop"},"url":"https:\/\/www.africascoop.net\/index.php\/author\/jul\/"}]}},"_links":{"self":[{"href":"https:\/\/www.africascoop.net\/index.php\/wp-json\/wp\/v2\/posts\/1330","targetHints":{"allow":["GET"]}}],"collection":[{"href":"https:\/\/www.africascoop.net\/index.php\/wp-json\/wp\/v2\/posts"}],"about":[{"href":"https:\/\/www.africascoop.net\/index.php\/wp-json\/wp\/v2\/types\/post"}],"author":[{"embeddable":true,"href":"https:\/\/www.africascoop.net\/index.php\/wp-json\/wp\/v2\/users\/3"}],"replies":[{"embeddable":true,"href":"https:\/\/www.africascoop.net\/index.php\/wp-json\/wp\/v2\/comments?post=1330"}],"version-history":[{"count":1,"href":"https:\/\/www.africascoop.net\/index.php\/wp-json\/wp\/v2\/posts\/1330\/revisions"}],"predecessor-version":[{"id":1332,"href":"https:\/\/www.africascoop.net\/index.php\/wp-json\/wp\/v2\/posts\/1330\/revisions\/1332"}],"wp:attachment":[{"href":"https:\/\/www.africascoop.net\/index.php\/wp-json\/wp\/v2\/media?parent=1330"}],"wp:term":[{"taxonomy":"category","embeddable":true,"href":"https:\/\/www.africascoop.net\/index.php\/wp-json\/wp\/v2\/categories?post=1330"},{"taxonomy":"post_tag","embeddable":true,"href":"https:\/\/www.africascoop.net\/index.php\/wp-json\/wp\/v2\/tags?post=1330"}],"curies":[{"name":"wp","href":"https:\/\/api.w.org\/{rel}","templated":true}]}}