{"id":1339,"date":"2026-02-04T19:54:43","date_gmt":"2026-02-04T19:54:43","guid":{"rendered":"https:\/\/www.africascoop.net\/?p=1339"},"modified":"2026-02-04T19:58:17","modified_gmt":"2026-02-04T19:58:17","slug":"mali-a-labbezanga-les-fama-au-chevet-des-populations-civiles","status":"publish","type":"post","link":"https:\/\/www.africascoop.net\/index.php\/2026\/02\/04\/mali-a-labbezanga-les-fama-au-chevet-des-populations-civiles\/","title":{"rendered":"Mali : \u00e0 Labbezanga, les FAMa au chevet des populations civiles"},"content":{"rendered":"\n<figure class=\"wp-block-image size-large\"><img loading=\"lazy\" decoding=\"async\" width=\"1024\" height=\"576\" src=\"https:\/\/www.africascoop.net\/wp-content\/uploads\/2026\/02\/labbezanga-1-1024x576.jpg\" alt=\"\" class=\"wp-image-1342\" srcset=\"https:\/\/www.africascoop.net\/wp-content\/uploads\/2026\/02\/labbezanga-1-1024x576.jpg 1024w, https:\/\/www.africascoop.net\/wp-content\/uploads\/2026\/02\/labbezanga-1-300x169.jpg 300w, https:\/\/www.africascoop.net\/wp-content\/uploads\/2026\/02\/labbezanga-1-768x432.jpg 768w, https:\/\/www.africascoop.net\/wp-content\/uploads\/2026\/02\/labbezanga-1.jpg 1366w\" sizes=\"auto, (max-width: 1024px) 100vw, 1024px\" \/><\/figure>\n\n\n\n<p><strong><em>\u00c0 Labbezanga, dans le nord du Mali, la solidarit\u00e9 a pris le pas sur l\u2019inqui\u00e9tude. Le 27 janvier dernier, les Forces arm\u00e9es maliennes (FAMa) ont men\u00e9 une action humanitaire en faveur des populations civiles de la commune, apportant vivres, m\u00e9dicaments et soins m\u00e9dicaux gratuits. Une initiative accueillie avec soulagement et espoir par les habitants.<\/em><\/strong><\/p>\n\n\n\n<p>Tr\u00e8s t\u00f4t dans la journ\u00e9e, une foule nombreuse s\u2019est rassembl\u00e9e pour accueillir les militaires, salu\u00e9s comme des protecteurs et des soutiens dans un contexte s\u00e9curitaire encore fragile. Sacs de riz, bidons d\u2019huile, th\u00e9 et sucre ont \u00e9t\u00e9 distribu\u00e9s aux familles les plus vuln\u00e9rables, tandis que des consultations m\u00e9dicales gratuites \u00e9taient organis\u00e9es au profit de la population.<\/p>\n\n\n\n<p>L\u2019\u00e9v\u00e9nement s\u2019est d\u00e9roul\u00e9 en pr\u00e9sence du sous-pr\u00e9fet de la commune de Labbezanga, Mohamed Ag Arwaly, des autorit\u00e9s militaires locales, du chef de village ainsi que des chefs de fractions. Tous ont soulign\u00e9 l\u2019importance de cette action civilo-militaire, qui renforce le lien de confiance entre l\u2019arm\u00e9e et les communaut\u00e9s.<\/p>\n\n\n\n<p>Prenant la parole, le sous-pr\u00e9fet Mohamed Ag Arwaly a salu\u00e9 l\u2019initiative des FAMa et a invit\u00e9 les populations \u00e0 renforcer leur collaboration avec les forces de d\u00e9fense et de s\u00e9curit\u00e9. Selon lui, cette coop\u00e9ration est essentielle pour consolider la paix et am\u00e9liorer la s\u00e9curit\u00e9 dans la zone.<\/p>\n\n\n\n<p>Au-del\u00e0 de l\u2019assistance mat\u00e9rielle, cette journ\u00e9e a \u00e9t\u00e9 marqu\u00e9e par un message fort de proximit\u00e9 et de solidarit\u00e9. \u00c0 Labbezanga, l\u2019action des FAMa appara\u00eet ainsi comme un symbole d\u2019engagement aupr\u00e8s des populations, m\u00ealant soutien humanitaire et pr\u00e9sence rassurante de l\u2019\u00c9tat dans une r\u00e9gion longtemps \u00e9prouv\u00e9e.<\/p>\n\n\n\n<p>Par Djibrilla Tour\u00e9<\/p>\n","protected":false},"excerpt":{"rendered":"<p>\u00c0 Labbezanga, dans le nord du Mali, la solidarit\u00e9 a pris le pas sur l\u2019inqui\u00e9tude. Le 27 janvier<\/p>\n","protected":false},"author":3,"featured_media":0,"comment_status":"open","ping_status":"open","sticky":false,"template":"","format":"standard","meta":{"footnotes":""},"categories":[43,36],"tags":[],"class_list":["post-1339","post","type-post","status-publish","format-standard","hentry","category-action-humanitaire","category-exclusif"],"yoast_head":"<!-- This site is optimized with the Yoast SEO plugin v26.0 - https:\/\/yoast.com\/wordpress\/plugins\/seo\/ -->\n<title>Mali : \u00e0 Labbezanga, les FAMa au chevet des populations civiles - Actualit\u00e9s Africaines<\/title>\n<meta name=\"robots\" content=\"index, follow, max-snippet:-1, max-image-preview:large, max-video-preview:-1\" \/>\n<link rel=\"canonical\" href=\"https:\/\/www.africascoop.net\/index.php\/2026\/02\/04\/mali-a-labbezanga-les-fama-au-chevet-des-populations-civiles\/\" \/>\n<meta property=\"og:locale\" content=\"fr_FR\" \/>\n<meta property=\"og:type\" content=\"article\" \/>\n<meta property=\"og:title\" content=\"Mali : \u00e0 Labbezanga, les FAMa au chevet des populations civiles - Actualit\u00e9s Africaines\" \/>\n<meta property=\"og:description\" content=\"\u00c0 Labbezanga, dans le nord du Mali, la solidarit\u00e9 a pris le pas sur l\u2019inqui\u00e9tude. Le 27 janvier\" \/>\n<meta property=\"og:url\" content=\"https:\/\/www.africascoop.net\/index.php\/2026\/02\/04\/mali-a-labbezanga-les-fama-au-chevet-des-populations-civiles\/\" \/>\n<meta property=\"og:site_name\" content=\"Actualit\u00e9s Africaines\" \/>\n<meta property=\"article:published_time\" content=\"2026-02-04T19:54:43+00:00\" \/>\n<meta property=\"article:modified_time\" content=\"2026-02-04T19:58:17+00:00\" \/>\n<meta property=\"og:image\" content=\"https:\/\/www.africascoop.net\/wp-content\/uploads\/2026\/02\/labbezanga-1-1024x576.jpg\" \/>\n<meta name=\"author\" content=\"Africascoop\" \/>\n<meta name=\"twitter:card\" content=\"summary_large_image\" \/>\n<meta name=\"twitter:label1\" content=\"\u00c9crit par\" \/>\n\t<meta name=\"twitter:data1\" content=\"Africascoop\" \/>\n\t<meta name=\"twitter:label2\" content=\"Dur\u00e9e de lecture estim\u00e9e\" \/>\n\t<meta name=\"twitter:data2\" content=\"2 minutes\" \/>\n<script type=\"application\/ld+json\" class=\"yoast-schema-graph\">{\"@context\":\"https:\/\/schema.org\",\"@graph\":[{\"@type\":\"Article\",\"@id\":\"https:\/\/www.africascoop.net\/index.php\/2026\/02\/04\/mali-a-labbezanga-les-fama-au-chevet-des-populations-civiles\/#article\",\"isPartOf\":{\"@id\":\"https:\/\/www.africascoop.net\/index.php\/2026\/02\/04\/mali-a-labbezanga-les-fama-au-chevet-des-populations-civiles\/\"},\"author\":{\"name\":\"Africascoop\",\"@id\":\"https:\/\/www.africascoop.net\/#\/schema\/person\/2cbcc632c110d739d93a6b196c67230a\"},\"headline\":\"Mali : \u00e0 Labbezanga, les FAMa au chevet des populations civiles\",\"datePublished\":\"2026-02-04T19:54:43+00:00\",\"dateModified\":\"2026-02-04T19:58:17+00:00\",\"mainEntityOfPage\":{\"@id\":\"https:\/\/www.africascoop.net\/index.php\/2026\/02\/04\/mali-a-labbezanga-les-fama-au-chevet-des-populations-civiles\/\"},\"wordCount\":306,\"commentCount\":0,\"publisher\":{\"@id\":\"https:\/\/www.africascoop.net\/#organization\"},\"image\":{\"@id\":\"https:\/\/www.africascoop.net\/index.php\/2026\/02\/04\/mali-a-labbezanga-les-fama-au-chevet-des-populations-civiles\/#primaryimage\"},\"thumbnailUrl\":\"https:\/\/www.africascoop.net\/wp-content\/uploads\/2026\/02\/labbezanga-1-1024x576.jpg\",\"articleSection\":[\"Action Humanitaire\",\"Exclusif\"],\"inLanguage\":\"fr-FR\",\"potentialAction\":[{\"@type\":\"CommentAction\",\"name\":\"Comment\",\"target\":[\"https:\/\/www.africascoop.net\/index.php\/2026\/02\/04\/mali-a-labbezanga-les-fama-au-chevet-des-populations-civiles\/#respond\"]}]},{\"@type\":\"WebPage\",\"@id\":\"https:\/\/www.africascoop.net\/index.php\/2026\/02\/04\/mali-a-labbezanga-les-fama-au-chevet-des-populations-civiles\/\",\"url\":\"https:\/\/www.africascoop.net\/index.php\/2026\/02\/04\/mali-a-labbezanga-les-fama-au-chevet-des-populations-civiles\/\",\"name\":\"Mali : \u00e0 Labbezanga, les FAMa au chevet des populations civiles - Actualit\u00e9s Africaines\",\"isPartOf\":{\"@id\":\"https:\/\/www.africascoop.net\/#website\"},\"primaryImageOfPage\":{\"@id\":\"https:\/\/www.africascoop.net\/index.php\/2026\/02\/04\/mali-a-labbezanga-les-fama-au-chevet-des-populations-civiles\/#primaryimage\"},\"image\":{\"@id\":\"https:\/\/www.africascoop.net\/index.php\/2026\/02\/04\/mali-a-labbezanga-les-fama-au-chevet-des-populations-civiles\/#primaryimage\"},\"thumbnailUrl\":\"https:\/\/www.africascoop.net\/wp-content\/uploads\/2026\/02\/labbezanga-1-1024x576.jpg\",\"datePublished\":\"2026-02-04T19:54:43+00:00\",\"dateModified\":\"2026-02-04T19:58:17+00:00\",\"breadcrumb\":{\"@id\":\"https:\/\/www.africascoop.net\/index.php\/2026\/02\/04\/mali-a-labbezanga-les-fama-au-chevet-des-populations-civiles\/#breadcrumb\"},\"inLanguage\":\"fr-FR\",\"potentialAction\":[{\"@type\":\"ReadAction\",\"target\":[\"https:\/\/www.africascoop.net\/index.php\/2026\/02\/04\/mali-a-labbezanga-les-fama-au-chevet-des-populations-civiles\/\"]}]},{\"@type\":\"ImageObject\",\"inLanguage\":\"fr-FR\",\"@id\":\"https:\/\/www.africascoop.net\/index.php\/2026\/02\/04\/mali-a-labbezanga-les-fama-au-chevet-des-populations-civiles\/#primaryimage\",\"url\":\"https:\/\/www.africascoop.net\/wp-content\/uploads\/2026\/02\/labbezanga-1.jpg\",\"contentUrl\":\"https:\/\/www.africascoop.net\/wp-content\/uploads\/2026\/02\/labbezanga-1.jpg\",\"width\":1366,\"height\":768},{\"@type\":\"BreadcrumbList\",\"@id\":\"https:\/\/www.africascoop.net\/index.php\/2026\/02\/04\/mali-a-labbezanga-les-fama-au-chevet-des-populations-civiles\/#breadcrumb\",\"itemListElement\":[{\"@type\":\"ListItem\",\"position\":1,\"name\":\"Accueil\",\"item\":\"https:\/\/www.africascoop.net\/\"},{\"@type\":\"ListItem\",\"position\":2,\"name\":\"Mali : \u00e0 Labbezanga, les FAMa au chevet des populations civiles\"}]},{\"@type\":\"WebSite\",\"@id\":\"https:\/\/www.africascoop.net\/#website\",\"url\":\"https:\/\/www.africascoop.net\/\",\"name\":\"Actualit\u00e9s Africaines\",\"description\":\"\",\"publisher\":{\"@id\":\"https:\/\/www.africascoop.net\/#organization\"},\"potentialAction\":[{\"@type\":\"SearchAction\",\"target\":{\"@type\":\"EntryPoint\",\"urlTemplate\":\"https:\/\/www.africascoop.net\/?s={search_term_string}\"},\"query-input\":{\"@type\":\"PropertyValueSpecification\",\"valueRequired\":true,\"valueName\":\"search_term_string\"}}],\"inLanguage\":\"fr-FR\"},{\"@type\":\"Organization\",\"@id\":\"https:\/\/www.africascoop.net\/#organization\",\"name\":\"Actualit\u00e9s Africaines\",\"url\":\"https:\/\/www.africascoop.net\/\",\"logo\":{\"@type\":\"ImageObject\",\"inLanguage\":\"fr-FR\",\"@id\":\"https:\/\/www.africascoop.net\/#\/schema\/logo\/image\/\",\"url\":\"https:\/\/www.africascoop.net\/wp-content\/uploads\/2025\/09\/cropped-logo-2.jpg\",\"contentUrl\":\"https:\/\/www.africascoop.net\/wp-content\/uploads\/2025\/09\/cropped-logo-2.jpg\",\"width\":945,\"height\":591,\"caption\":\"Actualit\u00e9s Africaines\"},\"image\":{\"@id\":\"https:\/\/www.africascoop.net\/#\/schema\/logo\/image\/\"}},{\"@type\":\"Person\",\"@id\":\"https:\/\/www.africascoop.net\/#\/schema\/person\/2cbcc632c110d739d93a6b196c67230a\",\"name\":\"Africascoop\",\"image\":{\"@type\":\"ImageObject\",\"inLanguage\":\"fr-FR\",\"@id\":\"https:\/\/www.africascoop.net\/#\/schema\/person\/image\/\",\"url\":\"https:\/\/secure.gravatar.com\/avatar\/230d851f5173f64fe9487b948bd2daf02707ef49aea942bc1bdad649c82025b9?s=96&d=mm&r=g\",\"contentUrl\":\"https:\/\/secure.gravatar.com\/avatar\/230d851f5173f64fe9487b948bd2daf02707ef49aea942bc1bdad649c82025b9?s=96&d=mm&r=g\",\"caption\":\"Africascoop\"},\"url\":\"https:\/\/www.africascoop.net\/index.php\/author\/jul\/\"}]}<\/script>\n<!-- \/ Yoast SEO plugin. -->","yoast_head_json":{"title":"Mali : \u00e0 Labbezanga, les FAMa au chevet des populations civiles - Actualit\u00e9s Africaines","robots":{"index":"index","follow":"follow","max-snippet":"max-snippet:-1","max-image-preview":"max-image-preview:large","max-video-preview":"max-video-preview:-1"},"canonical":"https:\/\/www.africascoop.net\/index.php\/2026\/02\/04\/mali-a-labbezanga-les-fama-au-chevet-des-populations-civiles\/","og_locale":"fr_FR","og_type":"article","og_title":"Mali : \u00e0 Labbezanga, les FAMa au chevet des populations civiles - Actualit\u00e9s Africaines","og_description":"\u00c0 Labbezanga, dans le nord du Mali, la solidarit\u00e9 a pris le pas sur l\u2019inqui\u00e9tude. Le 27 janvier","og_url":"https:\/\/www.africascoop.net\/index.php\/2026\/02\/04\/mali-a-labbezanga-les-fama-au-chevet-des-populations-civiles\/","og_site_name":"Actualit\u00e9s Africaines","article_published_time":"2026-02-04T19:54:43+00:00","article_modified_time":"2026-02-04T19:58:17+00:00","og_image":[{"url":"https:\/\/www.africascoop.net\/wp-content\/uploads\/2026\/02\/labbezanga-1-1024x576.jpg","type":"","width":"","height":""}],"author":"Africascoop","twitter_card":"summary_large_image","twitter_misc":{"\u00c9crit par":"Africascoop","Dur\u00e9e de lecture estim\u00e9e":"2 minutes"},"schema":{"@context":"https:\/\/schema.org","@graph":[{"@type":"Article","@id":"https:\/\/www.africascoop.net\/index.php\/2026\/02\/04\/mali-a-labbezanga-les-fama-au-chevet-des-populations-civiles\/#article","isPartOf":{"@id":"https:\/\/www.africascoop.net\/index.php\/2026\/02\/04\/mali-a-labbezanga-les-fama-au-chevet-des-populations-civiles\/"},"author":{"name":"Africascoop","@id":"https:\/\/www.africascoop.net\/#\/schema\/person\/2cbcc632c110d739d93a6b196c67230a"},"headline":"Mali : \u00e0 Labbezanga, les FAMa au chevet des populations civiles","datePublished":"2026-02-04T19:54:43+00:00","dateModified":"2026-02-04T19:58:17+00:00","mainEntityOfPage":{"@id":"https:\/\/www.africascoop.net\/index.php\/2026\/02\/04\/mali-a-labbezanga-les-fama-au-chevet-des-populations-civiles\/"},"wordCount":306,"commentCount":0,"publisher":{"@id":"https:\/\/www.africascoop.net\/#organization"},"image":{"@id":"https:\/\/www.africascoop.net\/index.php\/2026\/02\/04\/mali-a-labbezanga-les-fama-au-chevet-des-populations-civiles\/#primaryimage"},"thumbnailUrl":"https:\/\/www.africascoop.net\/wp-content\/uploads\/2026\/02\/labbezanga-1-1024x576.jpg","articleSection":["Action Humanitaire","Exclusif"],"inLanguage":"fr-FR","potentialAction":[{"@type":"CommentAction","name":"Comment","target":["https:\/\/www.africascoop.net\/index.php\/2026\/02\/04\/mali-a-labbezanga-les-fama-au-chevet-des-populations-civiles\/#respond"]}]},{"@type":"WebPage","@id":"https:\/\/www.africascoop.net\/index.php\/2026\/02\/04\/mali-a-labbezanga-les-fama-au-chevet-des-populations-civiles\/","url":"https:\/\/www.africascoop.net\/index.php\/2026\/02\/04\/mali-a-labbezanga-les-fama-au-chevet-des-populations-civiles\/","name":"Mali : \u00e0 Labbezanga, les FAMa au chevet des populations civiles - Actualit\u00e9s Africaines","isPartOf":{"@id":"https:\/\/www.africascoop.net\/#website"},"primaryImageOfPage":{"@id":"https:\/\/www.africascoop.net\/index.php\/2026\/02\/04\/mali-a-labbezanga-les-fama-au-chevet-des-populations-civiles\/#primaryimage"},"image":{"@id":"https:\/\/www.africascoop.net\/index.php\/2026\/02\/04\/mali-a-labbezanga-les-fama-au-chevet-des-populations-civiles\/#primaryimage"},"thumbnailUrl":"https:\/\/www.africascoop.net\/wp-content\/uploads\/2026\/02\/labbezanga-1-1024x576.jpg","datePublished":"2026-02-04T19:54:43+00:00","dateModified":"2026-02-04T19:58:17+00:00","breadcrumb":{"@id":"https:\/\/www.africascoop.net\/index.php\/2026\/02\/04\/mali-a-labbezanga-les-fama-au-chevet-des-populations-civiles\/#breadcrumb"},"inLanguage":"fr-FR","potentialAction":[{"@type":"ReadAction","target":["https:\/\/www.africascoop.net\/index.php\/2026\/02\/04\/mali-a-labbezanga-les-fama-au-chevet-des-populations-civiles\/"]}]},{"@type":"ImageObject","inLanguage":"fr-FR","@id":"https:\/\/www.africascoop.net\/index.php\/2026\/02\/04\/mali-a-labbezanga-les-fama-au-chevet-des-populations-civiles\/#primaryimage","url":"https:\/\/www.africascoop.net\/wp-content\/uploads\/2026\/02\/labbezanga-1.jpg","contentUrl":"https:\/\/www.africascoop.net\/wp-content\/uploads\/2026\/02\/labbezanga-1.jpg","width":1366,"height":768},{"@type":"BreadcrumbList","@id":"https:\/\/www.africascoop.net\/index.php\/2026\/02\/04\/mali-a-labbezanga-les-fama-au-chevet-des-populations-civiles\/#breadcrumb","itemListElement":[{"@type":"ListItem","position":1,"name":"Accueil","item":"https:\/\/www.africascoop.net\/"},{"@type":"ListItem","position":2,"name":"Mali : \u00e0 Labbezanga, les FAMa au chevet des populations civiles"}]},{"@type":"WebSite","@id":"https:\/\/www.africascoop.net\/#website","url":"https:\/\/www.africascoop.net\/","name":"Actualit\u00e9s Africaines","description":"","publisher":{"@id":"https:\/\/www.africascoop.net\/#organization"},"potentialAction":[{"@type":"SearchAction","target":{"@type":"EntryPoint","urlTemplate":"https:\/\/www.africascoop.net\/?s={search_term_string}"},"query-input":{"@type":"PropertyValueSpecification","valueRequired":true,"valueName":"search_term_string"}}],"inLanguage":"fr-FR"},{"@type":"Organization","@id":"https:\/\/www.africascoop.net\/#organization","name":"Actualit\u00e9s Africaines","url":"https:\/\/www.africascoop.net\/","logo":{"@type":"ImageObject","inLanguage":"fr-FR","@id":"https:\/\/www.africascoop.net\/#\/schema\/logo\/image\/","url":"https:\/\/www.africascoop.net\/wp-content\/uploads\/2025\/09\/cropped-logo-2.jpg","contentUrl":"https:\/\/www.africascoop.net\/wp-content\/uploads\/2025\/09\/cropped-logo-2.jpg","width":945,"height":591,"caption":"Actualit\u00e9s Africaines"},"image":{"@id":"https:\/\/www.africascoop.net\/#\/schema\/logo\/image\/"}},{"@type":"Person","@id":"https:\/\/www.africascoop.net\/#\/schema\/person\/2cbcc632c110d739d93a6b196c67230a","name":"Africascoop","image":{"@type":"ImageObject","inLanguage":"fr-FR","@id":"https:\/\/www.africascoop.net\/#\/schema\/person\/image\/","url":"https:\/\/secure.gravatar.com\/avatar\/230d851f5173f64fe9487b948bd2daf02707ef49aea942bc1bdad649c82025b9?s=96&d=mm&r=g","contentUrl":"https:\/\/secure.gravatar.com\/avatar\/230d851f5173f64fe9487b948bd2daf02707ef49aea942bc1bdad649c82025b9?s=96&d=mm&r=g","caption":"Africascoop"},"url":"https:\/\/www.africascoop.net\/index.php\/author\/jul\/"}]}},"_links":{"self":[{"href":"https:\/\/www.africascoop.net\/index.php\/wp-json\/wp\/v2\/posts\/1339","targetHints":{"allow":["GET"]}}],"collection":[{"href":"https:\/\/www.africascoop.net\/index.php\/wp-json\/wp\/v2\/posts"}],"about":[{"href":"https:\/\/www.africascoop.net\/index.php\/wp-json\/wp\/v2\/types\/post"}],"author":[{"embeddable":true,"href":"https:\/\/www.africascoop.net\/index.php\/wp-json\/wp\/v2\/users\/3"}],"replies":[{"embeddable":true,"href":"https:\/\/www.africascoop.net\/index.php\/wp-json\/wp\/v2\/comments?post=1339"}],"version-history":[{"count":2,"href":"https:\/\/www.africascoop.net\/index.php\/wp-json\/wp\/v2\/posts\/1339\/revisions"}],"predecessor-version":[{"id":1343,"href":"https:\/\/www.africascoop.net\/index.php\/wp-json\/wp\/v2\/posts\/1339\/revisions\/1343"}],"wp:attachment":[{"href":"https:\/\/www.africascoop.net\/index.php\/wp-json\/wp\/v2\/media?parent=1339"}],"wp:term":[{"taxonomy":"category","embeddable":true,"href":"https:\/\/www.africascoop.net\/index.php\/wp-json\/wp\/v2\/categories?post=1339"},{"taxonomy":"post_tag","embeddable":true,"href":"https:\/\/www.africascoop.net\/index.php\/wp-json\/wp\/v2\/tags?post=1339"}],"curies":[{"name":"wp","href":"https:\/\/api.w.org\/{rel}","templated":true}]}}