{"id":1347,"date":"2026-02-05T11:34:59","date_gmt":"2026-02-05T11:34:59","guid":{"rendered":"https:\/\/www.africascoop.net\/?p=1347"},"modified":"2026-02-05T11:35:02","modified_gmt":"2026-02-05T11:35:02","slug":"macina-une-nouvelle-attaque-ensanglante-la-commune-de-kolongo","status":"publish","type":"post","link":"https:\/\/www.africascoop.net\/index.php\/2026\/02\/05\/macina-une-nouvelle-attaque-ensanglante-la-commune-de-kolongo\/","title":{"rendered":"Macina\u00a0: Une nouvelle attaque ensanglante la commune de Kolongo"},"content":{"rendered":"\n<figure class=\"wp-block-image size-large\"><img loading=\"lazy\" decoding=\"async\" width=\"1024\" height=\"576\" src=\"https:\/\/www.africascoop.net\/wp-content\/uploads\/2026\/02\/Macina-1024x576.jpg\" alt=\"\" class=\"wp-image-1348\" srcset=\"https:\/\/www.africascoop.net\/wp-content\/uploads\/2026\/02\/Macina-1024x576.jpg 1024w, https:\/\/www.africascoop.net\/wp-content\/uploads\/2026\/02\/Macina-300x169.jpg 300w, https:\/\/www.africascoop.net\/wp-content\/uploads\/2026\/02\/Macina-768x432.jpg 768w, https:\/\/www.africascoop.net\/wp-content\/uploads\/2026\/02\/Macina.jpg 1366w\" sizes=\"auto, (max-width: 1024px) 100vw, 1024px\" \/><\/figure>\n\n\n\n<p><strong><em>La violence arm\u00e9e continue de frapper les communaut\u00e9s rurales. Le lundi 2 f\u00e9vrier 2026, le village de Nayo, dans la commune de Kolongo Tomo, cercle de Macina (r\u00e9gion de S\u00e9gou), a \u00e9t\u00e9 la cible d\u2019une attaque attribu\u00e9e \u00e0 des groupes arm\u00e9s terroristes, faisant au moins cinq morts et d\u2019importants d\u00e9g\u00e2ts mat\u00e9riels, selon des sources locales.<\/em><\/strong><\/p>\n\n\n\n<p>L\u2019assaut, men\u00e9 dans des circonstances encore floues, a plong\u00e9 le village dans la d\u00e9solation. Des habitations et des biens appartenant aux populations civiles ont \u00e9t\u00e9 incendi\u00e9s, poussant plusieurs familles \u00e0 fuir vers des zones jug\u00e9es plus s\u00fbres. En l\u2019absence d\u2019un bilan officiel consolid\u00e9, les autorit\u00e9s locales poursuivent les v\u00e9rifications sur l\u2019ampleur exacte des pertes humaines et mat\u00e9rielles.<\/p>\n\n\n\n<p>La commune de Kolongo Tomo figure parmi les localit\u00e9s les plus expos\u00e9es \u00e0 l\u2019ins\u00e9curit\u00e9 chronique qui s\u00e9vit dans le cercle de Macina. Cette zone est r\u00e9guli\u00e8rement cibl\u00e9e par des groupes arm\u00e9s, dont la Katiba Macina, affili\u00e9e au Groupe de soutien \u00e0 l\u2019islam et aux musulmans (JNIM). Les attaques y sont souvent marqu\u00e9es par des repr\u00e9sailles contre les civils, des incendies de march\u00e9s et de boutiques, ainsi que des intimidations visant \u00e0 instaurer un climat de peur.<\/p>\n\n\n\n<p>D\u00e9j\u00e0 en 2025, des villages voisins avaient subi des incursions similaires, provoquant des destructions massives d\u2019infrastructures \u00e9conomiques locales. Cette r\u00e9p\u00e9tition des violences a accentu\u00e9 les d\u00e9placements forc\u00e9s de populations, fragilisant davantage des communaut\u00e9s d\u00e9j\u00e0 \u00e9prouv\u00e9es par la pauvret\u00e9 et l\u2019isolement.<\/p>\n\n\n\n<p>Malgr\u00e9 la pr\u00e9sence et la vigilance annonc\u00e9es des Forces arm\u00e9es maliennes (FAMa) dans le Sahel central, le cercle de Macina demeure une zone hautement instable. La fin de l\u2019ann\u00e9e 2025 avait \u00e9t\u00e9 marqu\u00e9e par une s\u00e9rie d\u2019incidents meurtriers, dont une attaque \u00e0 Souleye ayant co\u00fbt\u00e9 la vie \u00e0 deux personnes, renfor\u00e7ant le sentiment d\u2019abandon exprim\u00e9 par les habitants.<\/p>\n\n\n\n<p>Face \u00e0 cette recrudescence des attaques, les populations locales appellent \u00e0 un renforcement effectif des mesures de s\u00e9curit\u00e9 et \u00e0 une r\u00e9ponse durable de l\u2019\u00c9tat, afin d\u2019enrayer un cycle de violences qui continue de menacer la coh\u00e9sion sociale et la survie m\u00eame des villages du centre du Mali.<\/p>\n\n\n\n<p>Par ABK<\/p>\n\n\n\n<p><\/p>\n","protected":false},"excerpt":{"rendered":"<p>La violence arm\u00e9e continue de frapper les communaut\u00e9s rurales. Le lundi 2 f\u00e9vrier 2026, le village de Nayo,<\/p>\n","protected":false},"author":3,"featured_media":0,"comment_status":"open","ping_status":"open","sticky":false,"template":"","format":"standard","meta":{"footnotes":""},"categories":[36,7],"tags":[],"class_list":["post-1347","post","type-post","status-publish","format-standard","hentry","category-exclusif","category-securite"],"yoast_head":"<!-- This site is optimized with the Yoast SEO plugin v26.0 - https:\/\/yoast.com\/wordpress\/plugins\/seo\/ -->\n<title>Macina\u00a0: Une nouvelle attaque ensanglante la commune de Kolongo - Actualit\u00e9s Africaines<\/title>\n<meta name=\"robots\" content=\"index, follow, max-snippet:-1, max-image-preview:large, max-video-preview:-1\" \/>\n<link rel=\"canonical\" href=\"https:\/\/www.africascoop.net\/index.php\/2026\/02\/05\/macina-une-nouvelle-attaque-ensanglante-la-commune-de-kolongo\/\" \/>\n<meta property=\"og:locale\" content=\"fr_FR\" \/>\n<meta property=\"og:type\" content=\"article\" \/>\n<meta property=\"og:title\" content=\"Macina\u00a0: Une nouvelle attaque ensanglante la commune de Kolongo - Actualit\u00e9s Africaines\" \/>\n<meta property=\"og:description\" content=\"La violence arm\u00e9e continue de frapper les communaut\u00e9s rurales. Le lundi 2 f\u00e9vrier 2026, le village de Nayo,\" \/>\n<meta property=\"og:url\" content=\"https:\/\/www.africascoop.net\/index.php\/2026\/02\/05\/macina-une-nouvelle-attaque-ensanglante-la-commune-de-kolongo\/\" \/>\n<meta property=\"og:site_name\" content=\"Actualit\u00e9s Africaines\" \/>\n<meta property=\"article:published_time\" content=\"2026-02-05T11:34:59+00:00\" \/>\n<meta property=\"article:modified_time\" content=\"2026-02-05T11:35:02+00:00\" \/>\n<meta property=\"og:image\" content=\"https:\/\/www.africascoop.net\/wp-content\/uploads\/2026\/02\/Macina-1024x576.jpg\" \/>\n<meta name=\"author\" content=\"Africascoop\" \/>\n<meta name=\"twitter:card\" content=\"summary_large_image\" \/>\n<meta name=\"twitter:label1\" content=\"\u00c9crit par\" \/>\n\t<meta name=\"twitter:data1\" content=\"Africascoop\" \/>\n\t<meta name=\"twitter:label2\" content=\"Dur\u00e9e de lecture estim\u00e9e\" \/>\n\t<meta name=\"twitter:data2\" content=\"2 minutes\" \/>\n<script type=\"application\/ld+json\" class=\"yoast-schema-graph\">{\"@context\":\"https:\/\/schema.org\",\"@graph\":[{\"@type\":\"Article\",\"@id\":\"https:\/\/www.africascoop.net\/index.php\/2026\/02\/05\/macina-une-nouvelle-attaque-ensanglante-la-commune-de-kolongo\/#article\",\"isPartOf\":{\"@id\":\"https:\/\/www.africascoop.net\/index.php\/2026\/02\/05\/macina-une-nouvelle-attaque-ensanglante-la-commune-de-kolongo\/\"},\"author\":{\"name\":\"Africascoop\",\"@id\":\"https:\/\/www.africascoop.net\/#\/schema\/person\/2cbcc632c110d739d93a6b196c67230a\"},\"headline\":\"Macina\u00a0: Une nouvelle attaque ensanglante la commune de Kolongo\",\"datePublished\":\"2026-02-05T11:34:59+00:00\",\"dateModified\":\"2026-02-05T11:35:02+00:00\",\"mainEntityOfPage\":{\"@id\":\"https:\/\/www.africascoop.net\/index.php\/2026\/02\/05\/macina-une-nouvelle-attaque-ensanglante-la-commune-de-kolongo\/\"},\"wordCount\":395,\"commentCount\":0,\"publisher\":{\"@id\":\"https:\/\/www.africascoop.net\/#organization\"},\"image\":{\"@id\":\"https:\/\/www.africascoop.net\/index.php\/2026\/02\/05\/macina-une-nouvelle-attaque-ensanglante-la-commune-de-kolongo\/#primaryimage\"},\"thumbnailUrl\":\"https:\/\/www.africascoop.net\/wp-content\/uploads\/2026\/02\/Macina-1024x576.jpg\",\"articleSection\":[\"Exclusif\",\"S\u00e9curit\u00e9\"],\"inLanguage\":\"fr-FR\",\"potentialAction\":[{\"@type\":\"CommentAction\",\"name\":\"Comment\",\"target\":[\"https:\/\/www.africascoop.net\/index.php\/2026\/02\/05\/macina-une-nouvelle-attaque-ensanglante-la-commune-de-kolongo\/#respond\"]}]},{\"@type\":\"WebPage\",\"@id\":\"https:\/\/www.africascoop.net\/index.php\/2026\/02\/05\/macina-une-nouvelle-attaque-ensanglante-la-commune-de-kolongo\/\",\"url\":\"https:\/\/www.africascoop.net\/index.php\/2026\/02\/05\/macina-une-nouvelle-attaque-ensanglante-la-commune-de-kolongo\/\",\"name\":\"Macina\u00a0: Une nouvelle attaque ensanglante la commune de Kolongo - Actualit\u00e9s Africaines\",\"isPartOf\":{\"@id\":\"https:\/\/www.africascoop.net\/#website\"},\"primaryImageOfPage\":{\"@id\":\"https:\/\/www.africascoop.net\/index.php\/2026\/02\/05\/macina-une-nouvelle-attaque-ensanglante-la-commune-de-kolongo\/#primaryimage\"},\"image\":{\"@id\":\"https:\/\/www.africascoop.net\/index.php\/2026\/02\/05\/macina-une-nouvelle-attaque-ensanglante-la-commune-de-kolongo\/#primaryimage\"},\"thumbnailUrl\":\"https:\/\/www.africascoop.net\/wp-content\/uploads\/2026\/02\/Macina-1024x576.jpg\",\"datePublished\":\"2026-02-05T11:34:59+00:00\",\"dateModified\":\"2026-02-05T11:35:02+00:00\",\"breadcrumb\":{\"@id\":\"https:\/\/www.africascoop.net\/index.php\/2026\/02\/05\/macina-une-nouvelle-attaque-ensanglante-la-commune-de-kolongo\/#breadcrumb\"},\"inLanguage\":\"fr-FR\",\"potentialAction\":[{\"@type\":\"ReadAction\",\"target\":[\"https:\/\/www.africascoop.net\/index.php\/2026\/02\/05\/macina-une-nouvelle-attaque-ensanglante-la-commune-de-kolongo\/\"]}]},{\"@type\":\"ImageObject\",\"inLanguage\":\"fr-FR\",\"@id\":\"https:\/\/www.africascoop.net\/index.php\/2026\/02\/05\/macina-une-nouvelle-attaque-ensanglante-la-commune-de-kolongo\/#primaryimage\",\"url\":\"https:\/\/www.africascoop.net\/wp-content\/uploads\/2026\/02\/Macina.jpg\",\"contentUrl\":\"https:\/\/www.africascoop.net\/wp-content\/uploads\/2026\/02\/Macina.jpg\",\"width\":1366,\"height\":768},{\"@type\":\"BreadcrumbList\",\"@id\":\"https:\/\/www.africascoop.net\/index.php\/2026\/02\/05\/macina-une-nouvelle-attaque-ensanglante-la-commune-de-kolongo\/#breadcrumb\",\"itemListElement\":[{\"@type\":\"ListItem\",\"position\":1,\"name\":\"Accueil\",\"item\":\"https:\/\/www.africascoop.net\/\"},{\"@type\":\"ListItem\",\"position\":2,\"name\":\"Macina\u00a0: Une nouvelle attaque ensanglante la commune de Kolongo\"}]},{\"@type\":\"WebSite\",\"@id\":\"https:\/\/www.africascoop.net\/#website\",\"url\":\"https:\/\/www.africascoop.net\/\",\"name\":\"Actualit\u00e9s Africaines\",\"description\":\"\",\"publisher\":{\"@id\":\"https:\/\/www.africascoop.net\/#organization\"},\"potentialAction\":[{\"@type\":\"SearchAction\",\"target\":{\"@type\":\"EntryPoint\",\"urlTemplate\":\"https:\/\/www.africascoop.net\/?s={search_term_string}\"},\"query-input\":{\"@type\":\"PropertyValueSpecification\",\"valueRequired\":true,\"valueName\":\"search_term_string\"}}],\"inLanguage\":\"fr-FR\"},{\"@type\":\"Organization\",\"@id\":\"https:\/\/www.africascoop.net\/#organization\",\"name\":\"Actualit\u00e9s Africaines\",\"url\":\"https:\/\/www.africascoop.net\/\",\"logo\":{\"@type\":\"ImageObject\",\"inLanguage\":\"fr-FR\",\"@id\":\"https:\/\/www.africascoop.net\/#\/schema\/logo\/image\/\",\"url\":\"https:\/\/www.africascoop.net\/wp-content\/uploads\/2025\/09\/cropped-logo-2.jpg\",\"contentUrl\":\"https:\/\/www.africascoop.net\/wp-content\/uploads\/2025\/09\/cropped-logo-2.jpg\",\"width\":945,\"height\":591,\"caption\":\"Actualit\u00e9s Africaines\"},\"image\":{\"@id\":\"https:\/\/www.africascoop.net\/#\/schema\/logo\/image\/\"}},{\"@type\":\"Person\",\"@id\":\"https:\/\/www.africascoop.net\/#\/schema\/person\/2cbcc632c110d739d93a6b196c67230a\",\"name\":\"Africascoop\",\"image\":{\"@type\":\"ImageObject\",\"inLanguage\":\"fr-FR\",\"@id\":\"https:\/\/www.africascoop.net\/#\/schema\/person\/image\/\",\"url\":\"https:\/\/secure.gravatar.com\/avatar\/230d851f5173f64fe9487b948bd2daf02707ef49aea942bc1bdad649c82025b9?s=96&d=mm&r=g\",\"contentUrl\":\"https:\/\/secure.gravatar.com\/avatar\/230d851f5173f64fe9487b948bd2daf02707ef49aea942bc1bdad649c82025b9?s=96&d=mm&r=g\",\"caption\":\"Africascoop\"},\"url\":\"https:\/\/www.africascoop.net\/index.php\/author\/jul\/\"}]}<\/script>\n<!-- \/ Yoast SEO plugin. -->","yoast_head_json":{"title":"Macina\u00a0: Une nouvelle attaque ensanglante la commune de Kolongo - Actualit\u00e9s Africaines","robots":{"index":"index","follow":"follow","max-snippet":"max-snippet:-1","max-image-preview":"max-image-preview:large","max-video-preview":"max-video-preview:-1"},"canonical":"https:\/\/www.africascoop.net\/index.php\/2026\/02\/05\/macina-une-nouvelle-attaque-ensanglante-la-commune-de-kolongo\/","og_locale":"fr_FR","og_type":"article","og_title":"Macina\u00a0: Une nouvelle attaque ensanglante la commune de Kolongo - Actualit\u00e9s Africaines","og_description":"La violence arm\u00e9e continue de frapper les communaut\u00e9s rurales. Le lundi 2 f\u00e9vrier 2026, le village de Nayo,","og_url":"https:\/\/www.africascoop.net\/index.php\/2026\/02\/05\/macina-une-nouvelle-attaque-ensanglante-la-commune-de-kolongo\/","og_site_name":"Actualit\u00e9s Africaines","article_published_time":"2026-02-05T11:34:59+00:00","article_modified_time":"2026-02-05T11:35:02+00:00","og_image":[{"url":"https:\/\/www.africascoop.net\/wp-content\/uploads\/2026\/02\/Macina-1024x576.jpg","type":"","width":"","height":""}],"author":"Africascoop","twitter_card":"summary_large_image","twitter_misc":{"\u00c9crit par":"Africascoop","Dur\u00e9e de lecture estim\u00e9e":"2 minutes"},"schema":{"@context":"https:\/\/schema.org","@graph":[{"@type":"Article","@id":"https:\/\/www.africascoop.net\/index.php\/2026\/02\/05\/macina-une-nouvelle-attaque-ensanglante-la-commune-de-kolongo\/#article","isPartOf":{"@id":"https:\/\/www.africascoop.net\/index.php\/2026\/02\/05\/macina-une-nouvelle-attaque-ensanglante-la-commune-de-kolongo\/"},"author":{"name":"Africascoop","@id":"https:\/\/www.africascoop.net\/#\/schema\/person\/2cbcc632c110d739d93a6b196c67230a"},"headline":"Macina\u00a0: Une nouvelle attaque ensanglante la commune de Kolongo","datePublished":"2026-02-05T11:34:59+00:00","dateModified":"2026-02-05T11:35:02+00:00","mainEntityOfPage":{"@id":"https:\/\/www.africascoop.net\/index.php\/2026\/02\/05\/macina-une-nouvelle-attaque-ensanglante-la-commune-de-kolongo\/"},"wordCount":395,"commentCount":0,"publisher":{"@id":"https:\/\/www.africascoop.net\/#organization"},"image":{"@id":"https:\/\/www.africascoop.net\/index.php\/2026\/02\/05\/macina-une-nouvelle-attaque-ensanglante-la-commune-de-kolongo\/#primaryimage"},"thumbnailUrl":"https:\/\/www.africascoop.net\/wp-content\/uploads\/2026\/02\/Macina-1024x576.jpg","articleSection":["Exclusif","S\u00e9curit\u00e9"],"inLanguage":"fr-FR","potentialAction":[{"@type":"CommentAction","name":"Comment","target":["https:\/\/www.africascoop.net\/index.php\/2026\/02\/05\/macina-une-nouvelle-attaque-ensanglante-la-commune-de-kolongo\/#respond"]}]},{"@type":"WebPage","@id":"https:\/\/www.africascoop.net\/index.php\/2026\/02\/05\/macina-une-nouvelle-attaque-ensanglante-la-commune-de-kolongo\/","url":"https:\/\/www.africascoop.net\/index.php\/2026\/02\/05\/macina-une-nouvelle-attaque-ensanglante-la-commune-de-kolongo\/","name":"Macina\u00a0: Une nouvelle attaque ensanglante la commune de Kolongo - Actualit\u00e9s Africaines","isPartOf":{"@id":"https:\/\/www.africascoop.net\/#website"},"primaryImageOfPage":{"@id":"https:\/\/www.africascoop.net\/index.php\/2026\/02\/05\/macina-une-nouvelle-attaque-ensanglante-la-commune-de-kolongo\/#primaryimage"},"image":{"@id":"https:\/\/www.africascoop.net\/index.php\/2026\/02\/05\/macina-une-nouvelle-attaque-ensanglante-la-commune-de-kolongo\/#primaryimage"},"thumbnailUrl":"https:\/\/www.africascoop.net\/wp-content\/uploads\/2026\/02\/Macina-1024x576.jpg","datePublished":"2026-02-05T11:34:59+00:00","dateModified":"2026-02-05T11:35:02+00:00","breadcrumb":{"@id":"https:\/\/www.africascoop.net\/index.php\/2026\/02\/05\/macina-une-nouvelle-attaque-ensanglante-la-commune-de-kolongo\/#breadcrumb"},"inLanguage":"fr-FR","potentialAction":[{"@type":"ReadAction","target":["https:\/\/www.africascoop.net\/index.php\/2026\/02\/05\/macina-une-nouvelle-attaque-ensanglante-la-commune-de-kolongo\/"]}]},{"@type":"ImageObject","inLanguage":"fr-FR","@id":"https:\/\/www.africascoop.net\/index.php\/2026\/02\/05\/macina-une-nouvelle-attaque-ensanglante-la-commune-de-kolongo\/#primaryimage","url":"https:\/\/www.africascoop.net\/wp-content\/uploads\/2026\/02\/Macina.jpg","contentUrl":"https:\/\/www.africascoop.net\/wp-content\/uploads\/2026\/02\/Macina.jpg","width":1366,"height":768},{"@type":"BreadcrumbList","@id":"https:\/\/www.africascoop.net\/index.php\/2026\/02\/05\/macina-une-nouvelle-attaque-ensanglante-la-commune-de-kolongo\/#breadcrumb","itemListElement":[{"@type":"ListItem","position":1,"name":"Accueil","item":"https:\/\/www.africascoop.net\/"},{"@type":"ListItem","position":2,"name":"Macina\u00a0: Une nouvelle attaque ensanglante la commune de Kolongo"}]},{"@type":"WebSite","@id":"https:\/\/www.africascoop.net\/#website","url":"https:\/\/www.africascoop.net\/","name":"Actualit\u00e9s Africaines","description":"","publisher":{"@id":"https:\/\/www.africascoop.net\/#organization"},"potentialAction":[{"@type":"SearchAction","target":{"@type":"EntryPoint","urlTemplate":"https:\/\/www.africascoop.net\/?s={search_term_string}"},"query-input":{"@type":"PropertyValueSpecification","valueRequired":true,"valueName":"search_term_string"}}],"inLanguage":"fr-FR"},{"@type":"Organization","@id":"https:\/\/www.africascoop.net\/#organization","name":"Actualit\u00e9s Africaines","url":"https:\/\/www.africascoop.net\/","logo":{"@type":"ImageObject","inLanguage":"fr-FR","@id":"https:\/\/www.africascoop.net\/#\/schema\/logo\/image\/","url":"https:\/\/www.africascoop.net\/wp-content\/uploads\/2025\/09\/cropped-logo-2.jpg","contentUrl":"https:\/\/www.africascoop.net\/wp-content\/uploads\/2025\/09\/cropped-logo-2.jpg","width":945,"height":591,"caption":"Actualit\u00e9s Africaines"},"image":{"@id":"https:\/\/www.africascoop.net\/#\/schema\/logo\/image\/"}},{"@type":"Person","@id":"https:\/\/www.africascoop.net\/#\/schema\/person\/2cbcc632c110d739d93a6b196c67230a","name":"Africascoop","image":{"@type":"ImageObject","inLanguage":"fr-FR","@id":"https:\/\/www.africascoop.net\/#\/schema\/person\/image\/","url":"https:\/\/secure.gravatar.com\/avatar\/230d851f5173f64fe9487b948bd2daf02707ef49aea942bc1bdad649c82025b9?s=96&d=mm&r=g","contentUrl":"https:\/\/secure.gravatar.com\/avatar\/230d851f5173f64fe9487b948bd2daf02707ef49aea942bc1bdad649c82025b9?s=96&d=mm&r=g","caption":"Africascoop"},"url":"https:\/\/www.africascoop.net\/index.php\/author\/jul\/"}]}},"_links":{"self":[{"href":"https:\/\/www.africascoop.net\/index.php\/wp-json\/wp\/v2\/posts\/1347","targetHints":{"allow":["GET"]}}],"collection":[{"href":"https:\/\/www.africascoop.net\/index.php\/wp-json\/wp\/v2\/posts"}],"about":[{"href":"https:\/\/www.africascoop.net\/index.php\/wp-json\/wp\/v2\/types\/post"}],"author":[{"embeddable":true,"href":"https:\/\/www.africascoop.net\/index.php\/wp-json\/wp\/v2\/users\/3"}],"replies":[{"embeddable":true,"href":"https:\/\/www.africascoop.net\/index.php\/wp-json\/wp\/v2\/comments?post=1347"}],"version-history":[{"count":1,"href":"https:\/\/www.africascoop.net\/index.php\/wp-json\/wp\/v2\/posts\/1347\/revisions"}],"predecessor-version":[{"id":1349,"href":"https:\/\/www.africascoop.net\/index.php\/wp-json\/wp\/v2\/posts\/1347\/revisions\/1349"}],"wp:attachment":[{"href":"https:\/\/www.africascoop.net\/index.php\/wp-json\/wp\/v2\/media?parent=1347"}],"wp:term":[{"taxonomy":"category","embeddable":true,"href":"https:\/\/www.africascoop.net\/index.php\/wp-json\/wp\/v2\/categories?post=1347"},{"taxonomy":"post_tag","embeddable":true,"href":"https:\/\/www.africascoop.net\/index.php\/wp-json\/wp\/v2\/tags?post=1347"}],"curies":[{"name":"wp","href":"https:\/\/api.w.org\/{rel}","templated":true}]}}