{"id":1353,"date":"2026-02-05T12:18:42","date_gmt":"2026-02-05T12:18:42","guid":{"rendered":"https:\/\/www.africascoop.net\/?p=1353"},"modified":"2026-02-05T12:19:15","modified_gmt":"2026-02-05T12:19:15","slug":"proces-en-appel-de-moussa-mara-au-mali-le-verdict-attendu-le-8-fevrier-2026","status":"publish","type":"post","link":"https:\/\/www.africascoop.net\/index.php\/2026\/02\/05\/proces-en-appel-de-moussa-mara-au-mali-le-verdict-attendu-le-8-fevrier-2026\/","title":{"rendered":"Proc\u00e8s en appel de Moussa Mara au Mali: le verdict attendu le 8 f\u00e9vrier 2026"},"content":{"rendered":"\n<figure class=\"wp-block-image size-large\"><img loading=\"lazy\" decoding=\"async\" width=\"1024\" height=\"576\" src=\"https:\/\/www.africascoop.net\/wp-content\/uploads\/2026\/02\/Mara1-1024x576.jpg\" alt=\"\" class=\"wp-image-1354\" srcset=\"https:\/\/www.africascoop.net\/wp-content\/uploads\/2026\/02\/Mara1-1024x576.jpg 1024w, https:\/\/www.africascoop.net\/wp-content\/uploads\/2026\/02\/Mara1-300x169.jpg 300w, https:\/\/www.africascoop.net\/wp-content\/uploads\/2026\/02\/Mara1-768x432.jpg 768w, https:\/\/www.africascoop.net\/wp-content\/uploads\/2026\/02\/Mara1.jpg 1366w\" sizes=\"auto, (max-width: 1024px) 100vw, 1024px\" \/><\/figure>\n\n\n\n<p><strong><em>La Cour d\u2019appel de Bamako doit rendre, le lundi 8 f\u00e9vrier 2026, sa d\u00e9cision dans le cadre du proc\u00e8s en appel de l\u2019ancien Premier ministre Moussa Mara. Cette proc\u00e9dure fait suite \u00e0 la condamnation prononc\u00e9e en premi\u00e8re instance par le tribunal du p\u00f4le de lutte contre la cybercriminalit\u00e9.<\/em><\/strong><\/p>\n\n\n\n<p>Le 27 octobre 2025, Moussa Mara a \u00e9t\u00e9 condamn\u00e9 \u00e0 deux ans de prison, dont un an ferme, assortis d\u2019une amende de 500 000 FCFA. Il a \u00e9t\u00e9 reconnu coupable d\u2019atteinte au cr\u00e9dit de l\u2019\u00c9tat et d\u2019opposition \u00e0 l\u2019autorit\u00e9 l\u00e9gitime. Les poursuites font suite \u00e0 une publication diffus\u00e9e sur les r\u00e9seaux sociaux, dans laquelle il exprimait sa solidarit\u00e9 avec des personnes d\u00e9tenues.<\/p>\n\n\n\n<p>L\u2019ancien Premier ministre est d\u00e9tenu depuis le 1er ao\u00fbt 2025. Avant sa condamnation en premi\u00e8re instance, plusieurs demandes de libert\u00e9 provisoire introduites par sa d\u00e9fense ont \u00e9t\u00e9 rejet\u00e9es.<\/p>\n\n\n\n<p>\u00c0 la suite du jugement du 27 octobre 2025, les conseils de Moussa Mara ont interjet\u00e9 appel. L\u2019examen du dossier devant la Cour d\u2019appel de Bamako a eu lieu le 19 janvier 2026. Lors de cette audience, Moussa Mara a comparu devant la juridiction d\u2019appel.<\/p>\n\n\n\n<p>Le d\u00e9lib\u00e9r\u00e9, initialement attendu apr\u00e8s l\u2019audience, a \u00e9t\u00e9 renvoy\u00e9 au 8 f\u00e9vrier 2026. \u00c0 cette date, la Cour d\u2019appel de Bamako se prononcera sur le recours introduit par la d\u00e9fense de l\u2019ancien Premier ministre.<\/p>\n\n\n\n<p>Par ABK<\/p>\n","protected":false},"excerpt":{"rendered":"<p>La Cour d\u2019appel de Bamako doit rendre, le lundi 8 f\u00e9vrier 2026, sa d\u00e9cision dans le cadre du<\/p>\n","protected":false},"author":3,"featured_media":0,"comment_status":"open","ping_status":"open","sticky":false,"template":"","format":"standard","meta":{"footnotes":""},"categories":[36,42],"tags":[],"class_list":["post-1353","post","type-post","status-publish","format-standard","hentry","category-exclusif","category-justice"],"yoast_head":"<!-- This site is optimized with the Yoast SEO plugin v26.0 - https:\/\/yoast.com\/wordpress\/plugins\/seo\/ -->\n<title>Proc\u00e8s en appel de Moussa Mara au Mali: le verdict attendu le 8 f\u00e9vrier 2026 - Actualit\u00e9s Africaines<\/title>\n<meta name=\"robots\" content=\"index, follow, max-snippet:-1, max-image-preview:large, max-video-preview:-1\" \/>\n<link rel=\"canonical\" href=\"https:\/\/www.africascoop.net\/index.php\/2026\/02\/05\/proces-en-appel-de-moussa-mara-au-mali-le-verdict-attendu-le-8-fevrier-2026\/\" \/>\n<meta property=\"og:locale\" content=\"fr_FR\" \/>\n<meta property=\"og:type\" content=\"article\" \/>\n<meta property=\"og:title\" content=\"Proc\u00e8s en appel de Moussa Mara au Mali: le verdict attendu le 8 f\u00e9vrier 2026 - Actualit\u00e9s Africaines\" \/>\n<meta property=\"og:description\" content=\"La Cour d\u2019appel de Bamako doit rendre, le lundi 8 f\u00e9vrier 2026, sa d\u00e9cision dans le cadre du\" \/>\n<meta property=\"og:url\" content=\"https:\/\/www.africascoop.net\/index.php\/2026\/02\/05\/proces-en-appel-de-moussa-mara-au-mali-le-verdict-attendu-le-8-fevrier-2026\/\" \/>\n<meta property=\"og:site_name\" content=\"Actualit\u00e9s Africaines\" \/>\n<meta property=\"article:published_time\" content=\"2026-02-05T12:18:42+00:00\" \/>\n<meta property=\"article:modified_time\" content=\"2026-02-05T12:19:15+00:00\" \/>\n<meta property=\"og:image\" content=\"https:\/\/www.africascoop.net\/wp-content\/uploads\/2026\/02\/Mara1-1024x576.jpg\" \/>\n<meta name=\"author\" content=\"Africascoop\" \/>\n<meta name=\"twitter:card\" content=\"summary_large_image\" \/>\n<meta name=\"twitter:label1\" content=\"\u00c9crit par\" \/>\n\t<meta name=\"twitter:data1\" content=\"Africascoop\" \/>\n\t<meta name=\"twitter:label2\" content=\"Dur\u00e9e de lecture estim\u00e9e\" \/>\n\t<meta name=\"twitter:data2\" content=\"2 minutes\" \/>\n<script type=\"application\/ld+json\" class=\"yoast-schema-graph\">{\"@context\":\"https:\/\/schema.org\",\"@graph\":[{\"@type\":\"Article\",\"@id\":\"https:\/\/www.africascoop.net\/index.php\/2026\/02\/05\/proces-en-appel-de-moussa-mara-au-mali-le-verdict-attendu-le-8-fevrier-2026\/#article\",\"isPartOf\":{\"@id\":\"https:\/\/www.africascoop.net\/index.php\/2026\/02\/05\/proces-en-appel-de-moussa-mara-au-mali-le-verdict-attendu-le-8-fevrier-2026\/\"},\"author\":{\"name\":\"Africascoop\",\"@id\":\"https:\/\/www.africascoop.net\/#\/schema\/person\/2cbcc632c110d739d93a6b196c67230a\"},\"headline\":\"Proc\u00e8s en appel de Moussa Mara au Mali: le verdict attendu le 8 f\u00e9vrier 2026\",\"datePublished\":\"2026-02-05T12:18:42+00:00\",\"dateModified\":\"2026-02-05T12:19:15+00:00\",\"mainEntityOfPage\":{\"@id\":\"https:\/\/www.africascoop.net\/index.php\/2026\/02\/05\/proces-en-appel-de-moussa-mara-au-mali-le-verdict-attendu-le-8-fevrier-2026\/\"},\"wordCount\":251,\"commentCount\":0,\"publisher\":{\"@id\":\"https:\/\/www.africascoop.net\/#organization\"},\"image\":{\"@id\":\"https:\/\/www.africascoop.net\/index.php\/2026\/02\/05\/proces-en-appel-de-moussa-mara-au-mali-le-verdict-attendu-le-8-fevrier-2026\/#primaryimage\"},\"thumbnailUrl\":\"https:\/\/www.africascoop.net\/wp-content\/uploads\/2026\/02\/Mara1-1024x576.jpg\",\"articleSection\":[\"Exclusif\",\"Justice\"],\"inLanguage\":\"fr-FR\",\"potentialAction\":[{\"@type\":\"CommentAction\",\"name\":\"Comment\",\"target\":[\"https:\/\/www.africascoop.net\/index.php\/2026\/02\/05\/proces-en-appel-de-moussa-mara-au-mali-le-verdict-attendu-le-8-fevrier-2026\/#respond\"]}]},{\"@type\":\"WebPage\",\"@id\":\"https:\/\/www.africascoop.net\/index.php\/2026\/02\/05\/proces-en-appel-de-moussa-mara-au-mali-le-verdict-attendu-le-8-fevrier-2026\/\",\"url\":\"https:\/\/www.africascoop.net\/index.php\/2026\/02\/05\/proces-en-appel-de-moussa-mara-au-mali-le-verdict-attendu-le-8-fevrier-2026\/\",\"name\":\"Proc\u00e8s en appel de Moussa Mara au Mali: le verdict attendu le 8 f\u00e9vrier 2026 - Actualit\u00e9s Africaines\",\"isPartOf\":{\"@id\":\"https:\/\/www.africascoop.net\/#website\"},\"primaryImageOfPage\":{\"@id\":\"https:\/\/www.africascoop.net\/index.php\/2026\/02\/05\/proces-en-appel-de-moussa-mara-au-mali-le-verdict-attendu-le-8-fevrier-2026\/#primaryimage\"},\"image\":{\"@id\":\"https:\/\/www.africascoop.net\/index.php\/2026\/02\/05\/proces-en-appel-de-moussa-mara-au-mali-le-verdict-attendu-le-8-fevrier-2026\/#primaryimage\"},\"thumbnailUrl\":\"https:\/\/www.africascoop.net\/wp-content\/uploads\/2026\/02\/Mara1-1024x576.jpg\",\"datePublished\":\"2026-02-05T12:18:42+00:00\",\"dateModified\":\"2026-02-05T12:19:15+00:00\",\"breadcrumb\":{\"@id\":\"https:\/\/www.africascoop.net\/index.php\/2026\/02\/05\/proces-en-appel-de-moussa-mara-au-mali-le-verdict-attendu-le-8-fevrier-2026\/#breadcrumb\"},\"inLanguage\":\"fr-FR\",\"potentialAction\":[{\"@type\":\"ReadAction\",\"target\":[\"https:\/\/www.africascoop.net\/index.php\/2026\/02\/05\/proces-en-appel-de-moussa-mara-au-mali-le-verdict-attendu-le-8-fevrier-2026\/\"]}]},{\"@type\":\"ImageObject\",\"inLanguage\":\"fr-FR\",\"@id\":\"https:\/\/www.africascoop.net\/index.php\/2026\/02\/05\/proces-en-appel-de-moussa-mara-au-mali-le-verdict-attendu-le-8-fevrier-2026\/#primaryimage\",\"url\":\"https:\/\/www.africascoop.net\/wp-content\/uploads\/2026\/02\/Mara1.jpg\",\"contentUrl\":\"https:\/\/www.africascoop.net\/wp-content\/uploads\/2026\/02\/Mara1.jpg\",\"width\":1366,\"height\":768},{\"@type\":\"BreadcrumbList\",\"@id\":\"https:\/\/www.africascoop.net\/index.php\/2026\/02\/05\/proces-en-appel-de-moussa-mara-au-mali-le-verdict-attendu-le-8-fevrier-2026\/#breadcrumb\",\"itemListElement\":[{\"@type\":\"ListItem\",\"position\":1,\"name\":\"Accueil\",\"item\":\"https:\/\/www.africascoop.net\/\"},{\"@type\":\"ListItem\",\"position\":2,\"name\":\"Proc\u00e8s en appel de Moussa Mara au Mali: le verdict attendu le 8 f\u00e9vrier 2026\"}]},{\"@type\":\"WebSite\",\"@id\":\"https:\/\/www.africascoop.net\/#website\",\"url\":\"https:\/\/www.africascoop.net\/\",\"name\":\"Actualit\u00e9s Africaines\",\"description\":\"\",\"publisher\":{\"@id\":\"https:\/\/www.africascoop.net\/#organization\"},\"potentialAction\":[{\"@type\":\"SearchAction\",\"target\":{\"@type\":\"EntryPoint\",\"urlTemplate\":\"https:\/\/www.africascoop.net\/?s={search_term_string}\"},\"query-input\":{\"@type\":\"PropertyValueSpecification\",\"valueRequired\":true,\"valueName\":\"search_term_string\"}}],\"inLanguage\":\"fr-FR\"},{\"@type\":\"Organization\",\"@id\":\"https:\/\/www.africascoop.net\/#organization\",\"name\":\"Actualit\u00e9s Africaines\",\"url\":\"https:\/\/www.africascoop.net\/\",\"logo\":{\"@type\":\"ImageObject\",\"inLanguage\":\"fr-FR\",\"@id\":\"https:\/\/www.africascoop.net\/#\/schema\/logo\/image\/\",\"url\":\"https:\/\/www.africascoop.net\/wp-content\/uploads\/2025\/09\/cropped-logo-2.jpg\",\"contentUrl\":\"https:\/\/www.africascoop.net\/wp-content\/uploads\/2025\/09\/cropped-logo-2.jpg\",\"width\":945,\"height\":591,\"caption\":\"Actualit\u00e9s Africaines\"},\"image\":{\"@id\":\"https:\/\/www.africascoop.net\/#\/schema\/logo\/image\/\"}},{\"@type\":\"Person\",\"@id\":\"https:\/\/www.africascoop.net\/#\/schema\/person\/2cbcc632c110d739d93a6b196c67230a\",\"name\":\"Africascoop\",\"image\":{\"@type\":\"ImageObject\",\"inLanguage\":\"fr-FR\",\"@id\":\"https:\/\/www.africascoop.net\/#\/schema\/person\/image\/\",\"url\":\"https:\/\/secure.gravatar.com\/avatar\/230d851f5173f64fe9487b948bd2daf02707ef49aea942bc1bdad649c82025b9?s=96&d=mm&r=g\",\"contentUrl\":\"https:\/\/secure.gravatar.com\/avatar\/230d851f5173f64fe9487b948bd2daf02707ef49aea942bc1bdad649c82025b9?s=96&d=mm&r=g\",\"caption\":\"Africascoop\"},\"url\":\"https:\/\/www.africascoop.net\/index.php\/author\/jul\/\"}]}<\/script>\n<!-- \/ Yoast SEO plugin. -->","yoast_head_json":{"title":"Proc\u00e8s en appel de Moussa Mara au Mali: le verdict attendu le 8 f\u00e9vrier 2026 - Actualit\u00e9s Africaines","robots":{"index":"index","follow":"follow","max-snippet":"max-snippet:-1","max-image-preview":"max-image-preview:large","max-video-preview":"max-video-preview:-1"},"canonical":"https:\/\/www.africascoop.net\/index.php\/2026\/02\/05\/proces-en-appel-de-moussa-mara-au-mali-le-verdict-attendu-le-8-fevrier-2026\/","og_locale":"fr_FR","og_type":"article","og_title":"Proc\u00e8s en appel de Moussa Mara au Mali: le verdict attendu le 8 f\u00e9vrier 2026 - Actualit\u00e9s Africaines","og_description":"La Cour d\u2019appel de Bamako doit rendre, le lundi 8 f\u00e9vrier 2026, sa d\u00e9cision dans le cadre du","og_url":"https:\/\/www.africascoop.net\/index.php\/2026\/02\/05\/proces-en-appel-de-moussa-mara-au-mali-le-verdict-attendu-le-8-fevrier-2026\/","og_site_name":"Actualit\u00e9s Africaines","article_published_time":"2026-02-05T12:18:42+00:00","article_modified_time":"2026-02-05T12:19:15+00:00","og_image":[{"url":"https:\/\/www.africascoop.net\/wp-content\/uploads\/2026\/02\/Mara1-1024x576.jpg","type":"","width":"","height":""}],"author":"Africascoop","twitter_card":"summary_large_image","twitter_misc":{"\u00c9crit par":"Africascoop","Dur\u00e9e de lecture estim\u00e9e":"2 minutes"},"schema":{"@context":"https:\/\/schema.org","@graph":[{"@type":"Article","@id":"https:\/\/www.africascoop.net\/index.php\/2026\/02\/05\/proces-en-appel-de-moussa-mara-au-mali-le-verdict-attendu-le-8-fevrier-2026\/#article","isPartOf":{"@id":"https:\/\/www.africascoop.net\/index.php\/2026\/02\/05\/proces-en-appel-de-moussa-mara-au-mali-le-verdict-attendu-le-8-fevrier-2026\/"},"author":{"name":"Africascoop","@id":"https:\/\/www.africascoop.net\/#\/schema\/person\/2cbcc632c110d739d93a6b196c67230a"},"headline":"Proc\u00e8s en appel de Moussa Mara au Mali: le verdict attendu le 8 f\u00e9vrier 2026","datePublished":"2026-02-05T12:18:42+00:00","dateModified":"2026-02-05T12:19:15+00:00","mainEntityOfPage":{"@id":"https:\/\/www.africascoop.net\/index.php\/2026\/02\/05\/proces-en-appel-de-moussa-mara-au-mali-le-verdict-attendu-le-8-fevrier-2026\/"},"wordCount":251,"commentCount":0,"publisher":{"@id":"https:\/\/www.africascoop.net\/#organization"},"image":{"@id":"https:\/\/www.africascoop.net\/index.php\/2026\/02\/05\/proces-en-appel-de-moussa-mara-au-mali-le-verdict-attendu-le-8-fevrier-2026\/#primaryimage"},"thumbnailUrl":"https:\/\/www.africascoop.net\/wp-content\/uploads\/2026\/02\/Mara1-1024x576.jpg","articleSection":["Exclusif","Justice"],"inLanguage":"fr-FR","potentialAction":[{"@type":"CommentAction","name":"Comment","target":["https:\/\/www.africascoop.net\/index.php\/2026\/02\/05\/proces-en-appel-de-moussa-mara-au-mali-le-verdict-attendu-le-8-fevrier-2026\/#respond"]}]},{"@type":"WebPage","@id":"https:\/\/www.africascoop.net\/index.php\/2026\/02\/05\/proces-en-appel-de-moussa-mara-au-mali-le-verdict-attendu-le-8-fevrier-2026\/","url":"https:\/\/www.africascoop.net\/index.php\/2026\/02\/05\/proces-en-appel-de-moussa-mara-au-mali-le-verdict-attendu-le-8-fevrier-2026\/","name":"Proc\u00e8s en appel de Moussa Mara au Mali: le verdict attendu le 8 f\u00e9vrier 2026 - Actualit\u00e9s Africaines","isPartOf":{"@id":"https:\/\/www.africascoop.net\/#website"},"primaryImageOfPage":{"@id":"https:\/\/www.africascoop.net\/index.php\/2026\/02\/05\/proces-en-appel-de-moussa-mara-au-mali-le-verdict-attendu-le-8-fevrier-2026\/#primaryimage"},"image":{"@id":"https:\/\/www.africascoop.net\/index.php\/2026\/02\/05\/proces-en-appel-de-moussa-mara-au-mali-le-verdict-attendu-le-8-fevrier-2026\/#primaryimage"},"thumbnailUrl":"https:\/\/www.africascoop.net\/wp-content\/uploads\/2026\/02\/Mara1-1024x576.jpg","datePublished":"2026-02-05T12:18:42+00:00","dateModified":"2026-02-05T12:19:15+00:00","breadcrumb":{"@id":"https:\/\/www.africascoop.net\/index.php\/2026\/02\/05\/proces-en-appel-de-moussa-mara-au-mali-le-verdict-attendu-le-8-fevrier-2026\/#breadcrumb"},"inLanguage":"fr-FR","potentialAction":[{"@type":"ReadAction","target":["https:\/\/www.africascoop.net\/index.php\/2026\/02\/05\/proces-en-appel-de-moussa-mara-au-mali-le-verdict-attendu-le-8-fevrier-2026\/"]}]},{"@type":"ImageObject","inLanguage":"fr-FR","@id":"https:\/\/www.africascoop.net\/index.php\/2026\/02\/05\/proces-en-appel-de-moussa-mara-au-mali-le-verdict-attendu-le-8-fevrier-2026\/#primaryimage","url":"https:\/\/www.africascoop.net\/wp-content\/uploads\/2026\/02\/Mara1.jpg","contentUrl":"https:\/\/www.africascoop.net\/wp-content\/uploads\/2026\/02\/Mara1.jpg","width":1366,"height":768},{"@type":"BreadcrumbList","@id":"https:\/\/www.africascoop.net\/index.php\/2026\/02\/05\/proces-en-appel-de-moussa-mara-au-mali-le-verdict-attendu-le-8-fevrier-2026\/#breadcrumb","itemListElement":[{"@type":"ListItem","position":1,"name":"Accueil","item":"https:\/\/www.africascoop.net\/"},{"@type":"ListItem","position":2,"name":"Proc\u00e8s en appel de Moussa Mara au Mali: le verdict attendu le 8 f\u00e9vrier 2026"}]},{"@type":"WebSite","@id":"https:\/\/www.africascoop.net\/#website","url":"https:\/\/www.africascoop.net\/","name":"Actualit\u00e9s Africaines","description":"","publisher":{"@id":"https:\/\/www.africascoop.net\/#organization"},"potentialAction":[{"@type":"SearchAction","target":{"@type":"EntryPoint","urlTemplate":"https:\/\/www.africascoop.net\/?s={search_term_string}"},"query-input":{"@type":"PropertyValueSpecification","valueRequired":true,"valueName":"search_term_string"}}],"inLanguage":"fr-FR"},{"@type":"Organization","@id":"https:\/\/www.africascoop.net\/#organization","name":"Actualit\u00e9s Africaines","url":"https:\/\/www.africascoop.net\/","logo":{"@type":"ImageObject","inLanguage":"fr-FR","@id":"https:\/\/www.africascoop.net\/#\/schema\/logo\/image\/","url":"https:\/\/www.africascoop.net\/wp-content\/uploads\/2025\/09\/cropped-logo-2.jpg","contentUrl":"https:\/\/www.africascoop.net\/wp-content\/uploads\/2025\/09\/cropped-logo-2.jpg","width":945,"height":591,"caption":"Actualit\u00e9s Africaines"},"image":{"@id":"https:\/\/www.africascoop.net\/#\/schema\/logo\/image\/"}},{"@type":"Person","@id":"https:\/\/www.africascoop.net\/#\/schema\/person\/2cbcc632c110d739d93a6b196c67230a","name":"Africascoop","image":{"@type":"ImageObject","inLanguage":"fr-FR","@id":"https:\/\/www.africascoop.net\/#\/schema\/person\/image\/","url":"https:\/\/secure.gravatar.com\/avatar\/230d851f5173f64fe9487b948bd2daf02707ef49aea942bc1bdad649c82025b9?s=96&d=mm&r=g","contentUrl":"https:\/\/secure.gravatar.com\/avatar\/230d851f5173f64fe9487b948bd2daf02707ef49aea942bc1bdad649c82025b9?s=96&d=mm&r=g","caption":"Africascoop"},"url":"https:\/\/www.africascoop.net\/index.php\/author\/jul\/"}]}},"_links":{"self":[{"href":"https:\/\/www.africascoop.net\/index.php\/wp-json\/wp\/v2\/posts\/1353","targetHints":{"allow":["GET"]}}],"collection":[{"href":"https:\/\/www.africascoop.net\/index.php\/wp-json\/wp\/v2\/posts"}],"about":[{"href":"https:\/\/www.africascoop.net\/index.php\/wp-json\/wp\/v2\/types\/post"}],"author":[{"embeddable":true,"href":"https:\/\/www.africascoop.net\/index.php\/wp-json\/wp\/v2\/users\/3"}],"replies":[{"embeddable":true,"href":"https:\/\/www.africascoop.net\/index.php\/wp-json\/wp\/v2\/comments?post=1353"}],"version-history":[{"count":1,"href":"https:\/\/www.africascoop.net\/index.php\/wp-json\/wp\/v2\/posts\/1353\/revisions"}],"predecessor-version":[{"id":1355,"href":"https:\/\/www.africascoop.net\/index.php\/wp-json\/wp\/v2\/posts\/1353\/revisions\/1355"}],"wp:attachment":[{"href":"https:\/\/www.africascoop.net\/index.php\/wp-json\/wp\/v2\/media?parent=1353"}],"wp:term":[{"taxonomy":"category","embeddable":true,"href":"https:\/\/www.africascoop.net\/index.php\/wp-json\/wp\/v2\/categories?post=1353"},{"taxonomy":"post_tag","embeddable":true,"href":"https:\/\/www.africascoop.net\/index.php\/wp-json\/wp\/v2\/tags?post=1353"}],"curies":[{"name":"wp","href":"https:\/\/api.w.org\/{rel}","templated":true}]}}