{"id":1356,"date":"2026-02-05T12:30:46","date_gmt":"2026-02-05T12:30:46","guid":{"rendered":"https:\/\/www.africascoop.net\/?p=1356"},"modified":"2026-02-05T12:31:02","modified_gmt":"2026-02-05T12:31:02","slug":"tolerance-zero-aux-mgf-au-mali-la-commemoration-prevue-ce-6-fevrier-au-cicb","status":"publish","type":"post","link":"https:\/\/www.africascoop.net\/index.php\/2026\/02\/05\/tolerance-zero-aux-mgf-au-mali-la-commemoration-prevue-ce-6-fevrier-au-cicb\/","title":{"rendered":"TOL\u00c9RANCE Z\u00c9RO AUX MGF AU MALI : La comm\u00e9moration pr\u00e9vue ce 6 f\u00e9vrier au CICB"},"content":{"rendered":"\n<figure class=\"wp-block-image size-large\"><img loading=\"lazy\" decoding=\"async\" width=\"1024\" height=\"576\" src=\"https:\/\/www.africascoop.net\/wp-content\/uploads\/2026\/02\/MGF-1024x576.jpg\" alt=\"\" class=\"wp-image-1357\" srcset=\"https:\/\/www.africascoop.net\/wp-content\/uploads\/2026\/02\/MGF-1024x576.jpg 1024w, https:\/\/www.africascoop.net\/wp-content\/uploads\/2026\/02\/MGF-300x169.jpg 300w, https:\/\/www.africascoop.net\/wp-content\/uploads\/2026\/02\/MGF-768x432.jpg 768w, https:\/\/www.africascoop.net\/wp-content\/uploads\/2026\/02\/MGF.jpg 1366w\" sizes=\"auto, (max-width: 1024px) 100vw, 1024px\" \/><\/figure>\n\n\n\n<p><strong><em>Le Mali s\u2019appr\u00eate \u00e0 dire non aux mutilations g\u00e9nitales f\u00e9minines (MGF). Le lancement de la Journ\u00e9e internationale de la tol\u00e9rance z\u00e9ro aux MGF aura lieu ce vendredi 6 f\u00e9vrier 2026 \u00e0 15h, a annonc\u00e9 Youssouf Bagayoko, directeur national du Programme pour l\u2019abandon des violences bas\u00e9es sur le genre (VBG), lors d\u2019un point de presse tenu le 5 f\u00e9vrier.<\/em><\/strong><\/p>\n\n\n\n<p>Selon les responsables du programme, cette rencontre s\u2019inscrit dans le cadre de la c\u00e9l\u00e9bration de cette journ\u00e9e internationale, destin\u00e9e \u00e0 briser le silence, \u00e0 mettre en lumi\u00e8re les actions des partenaires engag\u00e9s, et \u00e0 rappeler \u00e0 tous la responsabilit\u00e9 collective de prot\u00e9ger la dignit\u00e9 des filles.<\/p>\n\n\n\n<p>Cette ann\u00e9e, la Journ\u00e9e est plac\u00e9e sous le th\u00e8me : \u00ab R\u00f4les et responsabilit\u00e9s des autorit\u00e9s et leaders traditionnels du Mali face aux enjeux de l\u2019abandon des mutilations g\u00e9nitales f\u00e9minines \u00bb. Le lancement officiel se tiendra au Centre international des conf\u00e9rences de Bamako (CICB).<\/p>\n\n\n\n<p>Youssouf Bagayoko a rappel\u00e9 que les MGF, pratiques traditionnelles partiellement ou totalement inflig\u00e9es aux filles, doivent \u00eatre fermement combattues. Il a soulign\u00e9 que cette journ\u00e9e a \u00e9t\u00e9 instaur\u00e9e en f\u00e9vrier 2003 \u00e0 Addis-Abeba, lors d\u2019une rencontre r\u00e9unissant plusieurs premi\u00e8res dames africaines, et adopt\u00e9e officiellement la m\u00eame ann\u00e9e par les Nations unies. Depuis, chaque ann\u00e9e, les gouvernements du continent s\u2019engagent \u00e0 c\u00e9l\u00e9brer et promouvoir cette initiative.&nbsp; \u00ab Le Mali r\u00e9affirme ainsi sa d\u00e9termination \u00e0 \u00e9radiquer les MGF et \u00e0 d\u00e9fendre les droits des filles et des femmes \u00bb, a-t-il insist\u00e9. En outre, M. Bagayoko a pr\u00e9cis\u00e9 que l\u2019objectif ultime de cette Journ\u00e9e est de sauver des vies.<\/p>\n\n\n\n<p>Pour sa part, le repr\u00e9sentant de la directrice de la promotion de la femme a rappel\u00e9 que cette journ\u00e9e est une arme de sensibilisation, une lumi\u00e8re pour exposer la gravit\u00e9 des MGF et mobiliser toutes les couches de la soci\u00e9t\u00e9 contre cette pratique qui d\u00e9truit des vies.<\/p>\n\n\n\n<p>Lamine BAGAYOGO<\/p>\n","protected":false},"excerpt":{"rendered":"<p>Le Mali s\u2019appr\u00eate \u00e0 dire non aux mutilations g\u00e9nitales f\u00e9minines (MGF). Le lancement de la Journ\u00e9e internationale de<\/p>\n","protected":false},"author":3,"featured_media":0,"comment_status":"open","ping_status":"open","sticky":false,"template":"","format":"standard","meta":{"footnotes":""},"categories":[36,10],"tags":[],"class_list":["post-1356","post","type-post","status-publish","format-standard","hentry","category-exclusif","category-sante"],"yoast_head":"<!-- This site is optimized with the Yoast SEO plugin v26.0 - https:\/\/yoast.com\/wordpress\/plugins\/seo\/ -->\n<title>TOL\u00c9RANCE Z\u00c9RO AUX MGF AU MALI : La comm\u00e9moration pr\u00e9vue ce 6 f\u00e9vrier au CICB - Actualit\u00e9s Africaines<\/title>\n<meta name=\"robots\" content=\"index, follow, max-snippet:-1, max-image-preview:large, max-video-preview:-1\" \/>\n<link rel=\"canonical\" href=\"https:\/\/www.africascoop.net\/index.php\/2026\/02\/05\/tolerance-zero-aux-mgf-au-mali-la-commemoration-prevue-ce-6-fevrier-au-cicb\/\" \/>\n<meta property=\"og:locale\" content=\"fr_FR\" \/>\n<meta property=\"og:type\" content=\"article\" \/>\n<meta property=\"og:title\" content=\"TOL\u00c9RANCE Z\u00c9RO AUX MGF AU MALI : La comm\u00e9moration pr\u00e9vue ce 6 f\u00e9vrier au CICB - Actualit\u00e9s Africaines\" \/>\n<meta property=\"og:description\" content=\"Le Mali s\u2019appr\u00eate \u00e0 dire non aux mutilations g\u00e9nitales f\u00e9minines (MGF). Le lancement de la Journ\u00e9e internationale de\" \/>\n<meta property=\"og:url\" content=\"https:\/\/www.africascoop.net\/index.php\/2026\/02\/05\/tolerance-zero-aux-mgf-au-mali-la-commemoration-prevue-ce-6-fevrier-au-cicb\/\" \/>\n<meta property=\"og:site_name\" content=\"Actualit\u00e9s Africaines\" \/>\n<meta property=\"article:published_time\" content=\"2026-02-05T12:30:46+00:00\" \/>\n<meta property=\"article:modified_time\" content=\"2026-02-05T12:31:02+00:00\" \/>\n<meta property=\"og:image\" content=\"https:\/\/www.africascoop.net\/wp-content\/uploads\/2026\/02\/MGF-1024x576.jpg\" \/>\n<meta name=\"author\" content=\"Africascoop\" \/>\n<meta name=\"twitter:card\" content=\"summary_large_image\" \/>\n<meta name=\"twitter:label1\" content=\"\u00c9crit par\" \/>\n\t<meta name=\"twitter:data1\" content=\"Africascoop\" \/>\n\t<meta name=\"twitter:label2\" content=\"Dur\u00e9e de lecture estim\u00e9e\" \/>\n\t<meta name=\"twitter:data2\" content=\"2 minutes\" \/>\n<script type=\"application\/ld+json\" class=\"yoast-schema-graph\">{\"@context\":\"https:\/\/schema.org\",\"@graph\":[{\"@type\":\"Article\",\"@id\":\"https:\/\/www.africascoop.net\/index.php\/2026\/02\/05\/tolerance-zero-aux-mgf-au-mali-la-commemoration-prevue-ce-6-fevrier-au-cicb\/#article\",\"isPartOf\":{\"@id\":\"https:\/\/www.africascoop.net\/index.php\/2026\/02\/05\/tolerance-zero-aux-mgf-au-mali-la-commemoration-prevue-ce-6-fevrier-au-cicb\/\"},\"author\":{\"name\":\"Africascoop\",\"@id\":\"https:\/\/www.africascoop.net\/#\/schema\/person\/2cbcc632c110d739d93a6b196c67230a\"},\"headline\":\"TOL\u00c9RANCE Z\u00c9RO AUX MGF AU MALI : La comm\u00e9moration pr\u00e9vue ce 6 f\u00e9vrier au CICB\",\"datePublished\":\"2026-02-05T12:30:46+00:00\",\"dateModified\":\"2026-02-05T12:31:02+00:00\",\"mainEntityOfPage\":{\"@id\":\"https:\/\/www.africascoop.net\/index.php\/2026\/02\/05\/tolerance-zero-aux-mgf-au-mali-la-commemoration-prevue-ce-6-fevrier-au-cicb\/\"},\"wordCount\":359,\"commentCount\":0,\"publisher\":{\"@id\":\"https:\/\/www.africascoop.net\/#organization\"},\"image\":{\"@id\":\"https:\/\/www.africascoop.net\/index.php\/2026\/02\/05\/tolerance-zero-aux-mgf-au-mali-la-commemoration-prevue-ce-6-fevrier-au-cicb\/#primaryimage\"},\"thumbnailUrl\":\"https:\/\/www.africascoop.net\/wp-content\/uploads\/2026\/02\/MGF-1024x576.jpg\",\"articleSection\":[\"Exclusif\",\"Sant\u00e9\"],\"inLanguage\":\"fr-FR\",\"potentialAction\":[{\"@type\":\"CommentAction\",\"name\":\"Comment\",\"target\":[\"https:\/\/www.africascoop.net\/index.php\/2026\/02\/05\/tolerance-zero-aux-mgf-au-mali-la-commemoration-prevue-ce-6-fevrier-au-cicb\/#respond\"]}]},{\"@type\":\"WebPage\",\"@id\":\"https:\/\/www.africascoop.net\/index.php\/2026\/02\/05\/tolerance-zero-aux-mgf-au-mali-la-commemoration-prevue-ce-6-fevrier-au-cicb\/\",\"url\":\"https:\/\/www.africascoop.net\/index.php\/2026\/02\/05\/tolerance-zero-aux-mgf-au-mali-la-commemoration-prevue-ce-6-fevrier-au-cicb\/\",\"name\":\"TOL\u00c9RANCE Z\u00c9RO AUX MGF AU MALI : La comm\u00e9moration pr\u00e9vue ce 6 f\u00e9vrier au CICB - Actualit\u00e9s Africaines\",\"isPartOf\":{\"@id\":\"https:\/\/www.africascoop.net\/#website\"},\"primaryImageOfPage\":{\"@id\":\"https:\/\/www.africascoop.net\/index.php\/2026\/02\/05\/tolerance-zero-aux-mgf-au-mali-la-commemoration-prevue-ce-6-fevrier-au-cicb\/#primaryimage\"},\"image\":{\"@id\":\"https:\/\/www.africascoop.net\/index.php\/2026\/02\/05\/tolerance-zero-aux-mgf-au-mali-la-commemoration-prevue-ce-6-fevrier-au-cicb\/#primaryimage\"},\"thumbnailUrl\":\"https:\/\/www.africascoop.net\/wp-content\/uploads\/2026\/02\/MGF-1024x576.jpg\",\"datePublished\":\"2026-02-05T12:30:46+00:00\",\"dateModified\":\"2026-02-05T12:31:02+00:00\",\"breadcrumb\":{\"@id\":\"https:\/\/www.africascoop.net\/index.php\/2026\/02\/05\/tolerance-zero-aux-mgf-au-mali-la-commemoration-prevue-ce-6-fevrier-au-cicb\/#breadcrumb\"},\"inLanguage\":\"fr-FR\",\"potentialAction\":[{\"@type\":\"ReadAction\",\"target\":[\"https:\/\/www.africascoop.net\/index.php\/2026\/02\/05\/tolerance-zero-aux-mgf-au-mali-la-commemoration-prevue-ce-6-fevrier-au-cicb\/\"]}]},{\"@type\":\"ImageObject\",\"inLanguage\":\"fr-FR\",\"@id\":\"https:\/\/www.africascoop.net\/index.php\/2026\/02\/05\/tolerance-zero-aux-mgf-au-mali-la-commemoration-prevue-ce-6-fevrier-au-cicb\/#primaryimage\",\"url\":\"https:\/\/www.africascoop.net\/wp-content\/uploads\/2026\/02\/MGF.jpg\",\"contentUrl\":\"https:\/\/www.africascoop.net\/wp-content\/uploads\/2026\/02\/MGF.jpg\",\"width\":1366,\"height\":768},{\"@type\":\"BreadcrumbList\",\"@id\":\"https:\/\/www.africascoop.net\/index.php\/2026\/02\/05\/tolerance-zero-aux-mgf-au-mali-la-commemoration-prevue-ce-6-fevrier-au-cicb\/#breadcrumb\",\"itemListElement\":[{\"@type\":\"ListItem\",\"position\":1,\"name\":\"Accueil\",\"item\":\"https:\/\/www.africascoop.net\/\"},{\"@type\":\"ListItem\",\"position\":2,\"name\":\"TOL\u00c9RANCE Z\u00c9RO AUX MGF AU MALI : La comm\u00e9moration pr\u00e9vue ce 6 f\u00e9vrier au CICB\"}]},{\"@type\":\"WebSite\",\"@id\":\"https:\/\/www.africascoop.net\/#website\",\"url\":\"https:\/\/www.africascoop.net\/\",\"name\":\"Actualit\u00e9s Africaines\",\"description\":\"\",\"publisher\":{\"@id\":\"https:\/\/www.africascoop.net\/#organization\"},\"potentialAction\":[{\"@type\":\"SearchAction\",\"target\":{\"@type\":\"EntryPoint\",\"urlTemplate\":\"https:\/\/www.africascoop.net\/?s={search_term_string}\"},\"query-input\":{\"@type\":\"PropertyValueSpecification\",\"valueRequired\":true,\"valueName\":\"search_term_string\"}}],\"inLanguage\":\"fr-FR\"},{\"@type\":\"Organization\",\"@id\":\"https:\/\/www.africascoop.net\/#organization\",\"name\":\"Actualit\u00e9s Africaines\",\"url\":\"https:\/\/www.africascoop.net\/\",\"logo\":{\"@type\":\"ImageObject\",\"inLanguage\":\"fr-FR\",\"@id\":\"https:\/\/www.africascoop.net\/#\/schema\/logo\/image\/\",\"url\":\"https:\/\/www.africascoop.net\/wp-content\/uploads\/2025\/09\/cropped-logo-2.jpg\",\"contentUrl\":\"https:\/\/www.africascoop.net\/wp-content\/uploads\/2025\/09\/cropped-logo-2.jpg\",\"width\":945,\"height\":591,\"caption\":\"Actualit\u00e9s Africaines\"},\"image\":{\"@id\":\"https:\/\/www.africascoop.net\/#\/schema\/logo\/image\/\"}},{\"@type\":\"Person\",\"@id\":\"https:\/\/www.africascoop.net\/#\/schema\/person\/2cbcc632c110d739d93a6b196c67230a\",\"name\":\"Africascoop\",\"image\":{\"@type\":\"ImageObject\",\"inLanguage\":\"fr-FR\",\"@id\":\"https:\/\/www.africascoop.net\/#\/schema\/person\/image\/\",\"url\":\"https:\/\/secure.gravatar.com\/avatar\/230d851f5173f64fe9487b948bd2daf02707ef49aea942bc1bdad649c82025b9?s=96&d=mm&r=g\",\"contentUrl\":\"https:\/\/secure.gravatar.com\/avatar\/230d851f5173f64fe9487b948bd2daf02707ef49aea942bc1bdad649c82025b9?s=96&d=mm&r=g\",\"caption\":\"Africascoop\"},\"url\":\"https:\/\/www.africascoop.net\/index.php\/author\/jul\/\"}]}<\/script>\n<!-- \/ Yoast SEO plugin. -->","yoast_head_json":{"title":"TOL\u00c9RANCE Z\u00c9RO AUX MGF AU MALI : La comm\u00e9moration pr\u00e9vue ce 6 f\u00e9vrier au CICB - Actualit\u00e9s Africaines","robots":{"index":"index","follow":"follow","max-snippet":"max-snippet:-1","max-image-preview":"max-image-preview:large","max-video-preview":"max-video-preview:-1"},"canonical":"https:\/\/www.africascoop.net\/index.php\/2026\/02\/05\/tolerance-zero-aux-mgf-au-mali-la-commemoration-prevue-ce-6-fevrier-au-cicb\/","og_locale":"fr_FR","og_type":"article","og_title":"TOL\u00c9RANCE Z\u00c9RO AUX MGF AU MALI : La comm\u00e9moration pr\u00e9vue ce 6 f\u00e9vrier au CICB - Actualit\u00e9s Africaines","og_description":"Le Mali s\u2019appr\u00eate \u00e0 dire non aux mutilations g\u00e9nitales f\u00e9minines (MGF). Le lancement de la Journ\u00e9e internationale de","og_url":"https:\/\/www.africascoop.net\/index.php\/2026\/02\/05\/tolerance-zero-aux-mgf-au-mali-la-commemoration-prevue-ce-6-fevrier-au-cicb\/","og_site_name":"Actualit\u00e9s Africaines","article_published_time":"2026-02-05T12:30:46+00:00","article_modified_time":"2026-02-05T12:31:02+00:00","og_image":[{"url":"https:\/\/www.africascoop.net\/wp-content\/uploads\/2026\/02\/MGF-1024x576.jpg","type":"","width":"","height":""}],"author":"Africascoop","twitter_card":"summary_large_image","twitter_misc":{"\u00c9crit par":"Africascoop","Dur\u00e9e de lecture estim\u00e9e":"2 minutes"},"schema":{"@context":"https:\/\/schema.org","@graph":[{"@type":"Article","@id":"https:\/\/www.africascoop.net\/index.php\/2026\/02\/05\/tolerance-zero-aux-mgf-au-mali-la-commemoration-prevue-ce-6-fevrier-au-cicb\/#article","isPartOf":{"@id":"https:\/\/www.africascoop.net\/index.php\/2026\/02\/05\/tolerance-zero-aux-mgf-au-mali-la-commemoration-prevue-ce-6-fevrier-au-cicb\/"},"author":{"name":"Africascoop","@id":"https:\/\/www.africascoop.net\/#\/schema\/person\/2cbcc632c110d739d93a6b196c67230a"},"headline":"TOL\u00c9RANCE Z\u00c9RO AUX MGF AU MALI : La comm\u00e9moration pr\u00e9vue ce 6 f\u00e9vrier au CICB","datePublished":"2026-02-05T12:30:46+00:00","dateModified":"2026-02-05T12:31:02+00:00","mainEntityOfPage":{"@id":"https:\/\/www.africascoop.net\/index.php\/2026\/02\/05\/tolerance-zero-aux-mgf-au-mali-la-commemoration-prevue-ce-6-fevrier-au-cicb\/"},"wordCount":359,"commentCount":0,"publisher":{"@id":"https:\/\/www.africascoop.net\/#organization"},"image":{"@id":"https:\/\/www.africascoop.net\/index.php\/2026\/02\/05\/tolerance-zero-aux-mgf-au-mali-la-commemoration-prevue-ce-6-fevrier-au-cicb\/#primaryimage"},"thumbnailUrl":"https:\/\/www.africascoop.net\/wp-content\/uploads\/2026\/02\/MGF-1024x576.jpg","articleSection":["Exclusif","Sant\u00e9"],"inLanguage":"fr-FR","potentialAction":[{"@type":"CommentAction","name":"Comment","target":["https:\/\/www.africascoop.net\/index.php\/2026\/02\/05\/tolerance-zero-aux-mgf-au-mali-la-commemoration-prevue-ce-6-fevrier-au-cicb\/#respond"]}]},{"@type":"WebPage","@id":"https:\/\/www.africascoop.net\/index.php\/2026\/02\/05\/tolerance-zero-aux-mgf-au-mali-la-commemoration-prevue-ce-6-fevrier-au-cicb\/","url":"https:\/\/www.africascoop.net\/index.php\/2026\/02\/05\/tolerance-zero-aux-mgf-au-mali-la-commemoration-prevue-ce-6-fevrier-au-cicb\/","name":"TOL\u00c9RANCE Z\u00c9RO AUX MGF AU MALI : La comm\u00e9moration pr\u00e9vue ce 6 f\u00e9vrier au CICB - Actualit\u00e9s Africaines","isPartOf":{"@id":"https:\/\/www.africascoop.net\/#website"},"primaryImageOfPage":{"@id":"https:\/\/www.africascoop.net\/index.php\/2026\/02\/05\/tolerance-zero-aux-mgf-au-mali-la-commemoration-prevue-ce-6-fevrier-au-cicb\/#primaryimage"},"image":{"@id":"https:\/\/www.africascoop.net\/index.php\/2026\/02\/05\/tolerance-zero-aux-mgf-au-mali-la-commemoration-prevue-ce-6-fevrier-au-cicb\/#primaryimage"},"thumbnailUrl":"https:\/\/www.africascoop.net\/wp-content\/uploads\/2026\/02\/MGF-1024x576.jpg","datePublished":"2026-02-05T12:30:46+00:00","dateModified":"2026-02-05T12:31:02+00:00","breadcrumb":{"@id":"https:\/\/www.africascoop.net\/index.php\/2026\/02\/05\/tolerance-zero-aux-mgf-au-mali-la-commemoration-prevue-ce-6-fevrier-au-cicb\/#breadcrumb"},"inLanguage":"fr-FR","potentialAction":[{"@type":"ReadAction","target":["https:\/\/www.africascoop.net\/index.php\/2026\/02\/05\/tolerance-zero-aux-mgf-au-mali-la-commemoration-prevue-ce-6-fevrier-au-cicb\/"]}]},{"@type":"ImageObject","inLanguage":"fr-FR","@id":"https:\/\/www.africascoop.net\/index.php\/2026\/02\/05\/tolerance-zero-aux-mgf-au-mali-la-commemoration-prevue-ce-6-fevrier-au-cicb\/#primaryimage","url":"https:\/\/www.africascoop.net\/wp-content\/uploads\/2026\/02\/MGF.jpg","contentUrl":"https:\/\/www.africascoop.net\/wp-content\/uploads\/2026\/02\/MGF.jpg","width":1366,"height":768},{"@type":"BreadcrumbList","@id":"https:\/\/www.africascoop.net\/index.php\/2026\/02\/05\/tolerance-zero-aux-mgf-au-mali-la-commemoration-prevue-ce-6-fevrier-au-cicb\/#breadcrumb","itemListElement":[{"@type":"ListItem","position":1,"name":"Accueil","item":"https:\/\/www.africascoop.net\/"},{"@type":"ListItem","position":2,"name":"TOL\u00c9RANCE Z\u00c9RO AUX MGF AU MALI : La comm\u00e9moration pr\u00e9vue ce 6 f\u00e9vrier au CICB"}]},{"@type":"WebSite","@id":"https:\/\/www.africascoop.net\/#website","url":"https:\/\/www.africascoop.net\/","name":"Actualit\u00e9s Africaines","description":"","publisher":{"@id":"https:\/\/www.africascoop.net\/#organization"},"potentialAction":[{"@type":"SearchAction","target":{"@type":"EntryPoint","urlTemplate":"https:\/\/www.africascoop.net\/?s={search_term_string}"},"query-input":{"@type":"PropertyValueSpecification","valueRequired":true,"valueName":"search_term_string"}}],"inLanguage":"fr-FR"},{"@type":"Organization","@id":"https:\/\/www.africascoop.net\/#organization","name":"Actualit\u00e9s Africaines","url":"https:\/\/www.africascoop.net\/","logo":{"@type":"ImageObject","inLanguage":"fr-FR","@id":"https:\/\/www.africascoop.net\/#\/schema\/logo\/image\/","url":"https:\/\/www.africascoop.net\/wp-content\/uploads\/2025\/09\/cropped-logo-2.jpg","contentUrl":"https:\/\/www.africascoop.net\/wp-content\/uploads\/2025\/09\/cropped-logo-2.jpg","width":945,"height":591,"caption":"Actualit\u00e9s Africaines"},"image":{"@id":"https:\/\/www.africascoop.net\/#\/schema\/logo\/image\/"}},{"@type":"Person","@id":"https:\/\/www.africascoop.net\/#\/schema\/person\/2cbcc632c110d739d93a6b196c67230a","name":"Africascoop","image":{"@type":"ImageObject","inLanguage":"fr-FR","@id":"https:\/\/www.africascoop.net\/#\/schema\/person\/image\/","url":"https:\/\/secure.gravatar.com\/avatar\/230d851f5173f64fe9487b948bd2daf02707ef49aea942bc1bdad649c82025b9?s=96&d=mm&r=g","contentUrl":"https:\/\/secure.gravatar.com\/avatar\/230d851f5173f64fe9487b948bd2daf02707ef49aea942bc1bdad649c82025b9?s=96&d=mm&r=g","caption":"Africascoop"},"url":"https:\/\/www.africascoop.net\/index.php\/author\/jul\/"}]}},"_links":{"self":[{"href":"https:\/\/www.africascoop.net\/index.php\/wp-json\/wp\/v2\/posts\/1356","targetHints":{"allow":["GET"]}}],"collection":[{"href":"https:\/\/www.africascoop.net\/index.php\/wp-json\/wp\/v2\/posts"}],"about":[{"href":"https:\/\/www.africascoop.net\/index.php\/wp-json\/wp\/v2\/types\/post"}],"author":[{"embeddable":true,"href":"https:\/\/www.africascoop.net\/index.php\/wp-json\/wp\/v2\/users\/3"}],"replies":[{"embeddable":true,"href":"https:\/\/www.africascoop.net\/index.php\/wp-json\/wp\/v2\/comments?post=1356"}],"version-history":[{"count":1,"href":"https:\/\/www.africascoop.net\/index.php\/wp-json\/wp\/v2\/posts\/1356\/revisions"}],"predecessor-version":[{"id":1358,"href":"https:\/\/www.africascoop.net\/index.php\/wp-json\/wp\/v2\/posts\/1356\/revisions\/1358"}],"wp:attachment":[{"href":"https:\/\/www.africascoop.net\/index.php\/wp-json\/wp\/v2\/media?parent=1356"}],"wp:term":[{"taxonomy":"category","embeddable":true,"href":"https:\/\/www.africascoop.net\/index.php\/wp-json\/wp\/v2\/categories?post=1356"},{"taxonomy":"post_tag","embeddable":true,"href":"https:\/\/www.africascoop.net\/index.php\/wp-json\/wp\/v2\/tags?post=1356"}],"curies":[{"name":"wp","href":"https:\/\/api.w.org\/{rel}","templated":true}]}}