{"id":1361,"date":"2026-02-06T10:08:11","date_gmt":"2026-02-06T10:08:11","guid":{"rendered":"https:\/\/www.africascoop.net\/?p=1361"},"modified":"2026-02-06T10:08:19","modified_gmt":"2026-02-06T10:08:19","slug":"crise-a-la-femafoot-la-fifa-et-la-caf-balisent-la-transition-et-exigent-une-assemblee-elective","status":"publish","type":"post","link":"https:\/\/www.africascoop.net\/index.php\/2026\/02\/06\/crise-a-la-femafoot-la-fifa-et-la-caf-balisent-la-transition-et-exigent-une-assemblee-elective\/","title":{"rendered":"Crise \u00e0 la FEMAFOOT : la FIFA et la CAF balisent la transition et exigent une Assembl\u00e9e \u00e9lective"},"content":{"rendered":"\n<figure class=\"wp-block-image size-large\"><img loading=\"lazy\" decoding=\"async\" width=\"1024\" height=\"576\" src=\"https:\/\/www.africascoop.net\/wp-content\/uploads\/2026\/02\/drones-civils-Recupere-Recupere-Recupere-Recupere-Recupere-Recupere-Recupere-Recupere-1024x576.jpg\" alt=\"\" class=\"wp-image-1362\" srcset=\"https:\/\/www.africascoop.net\/wp-content\/uploads\/2026\/02\/drones-civils-Recupere-Recupere-Recupere-Recupere-Recupere-Recupere-Recupere-Recupere-1024x576.jpg 1024w, https:\/\/www.africascoop.net\/wp-content\/uploads\/2026\/02\/drones-civils-Recupere-Recupere-Recupere-Recupere-Recupere-Recupere-Recupere-Recupere-300x169.jpg 300w, https:\/\/www.africascoop.net\/wp-content\/uploads\/2026\/02\/drones-civils-Recupere-Recupere-Recupere-Recupere-Recupere-Recupere-Recupere-Recupere-768x432.jpg 768w, https:\/\/www.africascoop.net\/wp-content\/uploads\/2026\/02\/drones-civils-Recupere-Recupere-Recupere-Recupere-Recupere-Recupere-Recupere-Recupere.jpg 1366w\" sizes=\"auto, (max-width: 1024px) 100vw, 1024px\" \/><\/figure>\n\n\n\n<p><strong><em>La F\u00e9d\u00e9ration Malienne de Football (FEMAFOOT) traverse une nouvelle zone de turbulence institutionnelle. Dans un courrier conjoint adress\u00e9 au Secr\u00e9taire g\u00e9n\u00e9ral de la FEMAFOOT, Sidi Bekaye Magassa, en date du 5 f\u00e9vrier 2026, la FIFA et la CAF ont officiellement pris acte de la d\u00e9mission collective des membres du Comit\u00e9 ex\u00e9cutif, confirmant ainsi la vacance de l\u2019ensemble des postes dirigeants de l\u2019instance.<\/em><\/strong><\/p>\n\n\n\n<p>Cette correspondance fait suite aux lettres transmises par la FEMAFOOT les 14 et 19 janvier 2026, ainsi qu\u2019\u00e0 une r\u00e9union en ligne tenue le 22 janvier entre les repr\u00e9sentants de la F\u00e9d\u00e9ration malienne, de la FIFA et de la CAF. Une rencontre qui a permis aux instances internationales de disposer d\u2019un aper\u00e7u \u00ab global et actualis\u00e9 \u00bb de la situation institutionnelle actuelle.<\/p>\n\n\n\n<p>Selon l\u2019analyse conjointe de la FIFA et de la CAF, et conform\u00e9ment aux Statuts en vigueur de la FEMAFOOT, la responsabilit\u00e9 revient d\u00e9sormais au Secr\u00e9taire g\u00e9n\u00e9ral de convoquer une Assembl\u00e9e g\u00e9n\u00e9rale \u00e9lective extraordinaire. Celle-ci devra se tenir dans les d\u00e9lais r\u00e9glementaires et aboutir \u00e0 l\u2019\u00e9lection d\u2019un nouveau Comit\u00e9 ex\u00e9cutif.<\/p>\n\n\n\n<p>Dans l\u2019intervalle, Sidi Bekaye Magassa est charg\u00e9 d\u2019assurer la gestion des affaires courantes de la F\u00e9d\u00e9ration et de prendre toutes les dispositions n\u00e9cessaires \u00e0 l\u2019organisation du processus \u00e9lectoral. Ce processus devra s\u2019appuyer sur une feuille de route que la FEMAFOOT est appel\u00e9e \u00e0 \u00e9laborer et qui devra imp\u00e9rativement \u00eatre valid\u00e9e par la FIFA et la CAF avant son lancement officiel.<\/p>\n\n\n\n<p>Les deux organisations rappellent \u00e9galement que les Commissions \u00e9lectorales mises en place lors de l\u2019Assembl\u00e9e g\u00e9n\u00e9rale du 15 novembre 2025 restent pleinement comp\u00e9tentes pour conduire le processus \u00e9lectoral jusqu\u2019\u00e0 son terme, en toute ind\u00e9pendance et dans le strict respect des Statuts et du Code \u00e9lectoral de la FEMAFOOT.<\/p>\n\n\n\n<p>Afin de garantir une lecture commune des textes et d\u2019\u00e9viter toute divergence d\u2019interpr\u00e9tation, la FIFA et la CAF souhaitent organiser, dans les meilleurs d\u00e9lais, une nouvelle r\u00e9union en ligne avec le Secr\u00e9taire g\u00e9n\u00e9ral et les membres des Commissions \u00e9lectorales. Objectif : examiner les aspects \u00e9lectoraux cl\u00e9s et s\u2019accorder sur la feuille de route menant aux \u00e9lections.<\/p>\n\n\n\n<p>Sur le plan financier, les instances internationales ont \u00e9galement tranch\u00e9 une question sensible li\u00e9e \u00e0 la signature et \u00e0 l\u2019engagement des d\u00e9penses apr\u00e8s la dissolution du Comit\u00e9 ex\u00e9cutif. Jusqu\u2019\u00e0 la nomination d\u2019un nouvel organe dirigeant, les signataires des comptes FIFA Forward et CAF Impact seront Sidi Bekaye Magassa, Secr\u00e9taire g\u00e9n\u00e9ral de la FEMAFOOT, et Koniba Ma\u00efga, Directeur financier de la F\u00e9d\u00e9ration.<\/p>\n\n\n\n<p>La FIFA et la CAF ont enfin appel\u00e9 \u00e0 la coop\u00e9ration pleine et enti\u00e8re de toutes les parties prenantes durant cette phase transitoire, soulignant leur volont\u00e9 de voir le processus \u00e9lectoral aboutir rapidement \u00e0 l\u2019\u00e9lection d\u2019un nouveau Comit\u00e9 ex\u00e9cutif pour un mandat de quatre ans. Un processus qui fera l\u2019objet d\u2019un suivi \u00e9troit de la FIFA, laquelle pr\u00e9voit l\u2019envoi de repr\u00e9sentants le jour du scrutin afin d\u2019en garantir la transparence et la r\u00e9gularit\u00e9.<\/p>\n\n\n\n<p>A un moment de fragilit\u00e9 institutionnelle du football malien, cette sortie officielle des instances internationales appara\u00eet comme une tentative de stabilisation, mais aussi comme un rappel ferme au respect des r\u00e8gles statutaires.<\/p>\n\n\n\n<p>Par Abdrahamane Baba Kouyat\u00e9<\/p>\n","protected":false},"excerpt":{"rendered":"<p>La F\u00e9d\u00e9ration Malienne de Football (FEMAFOOT) traverse une nouvelle zone de turbulence institutionnelle. Dans un courrier conjoint adress\u00e9<\/p>\n","protected":false},"author":3,"featured_media":0,"comment_status":"open","ping_status":"open","sticky":false,"template":"","format":"standard","meta":{"footnotes":""},"categories":[36,11],"tags":[],"class_list":["post-1361","post","type-post","status-publish","format-standard","hentry","category-exclusif","category-sport"],"yoast_head":"<!-- This site is optimized with the Yoast SEO plugin v26.0 - https:\/\/yoast.com\/wordpress\/plugins\/seo\/ -->\n<title>Crise \u00e0 la FEMAFOOT : la FIFA et la CAF balisent la transition et exigent une Assembl\u00e9e \u00e9lective - Actualit\u00e9s Africaines<\/title>\n<meta name=\"robots\" content=\"index, follow, max-snippet:-1, max-image-preview:large, max-video-preview:-1\" \/>\n<link rel=\"canonical\" href=\"https:\/\/www.africascoop.net\/index.php\/2026\/02\/06\/crise-a-la-femafoot-la-fifa-et-la-caf-balisent-la-transition-et-exigent-une-assemblee-elective\/\" \/>\n<meta property=\"og:locale\" content=\"fr_FR\" \/>\n<meta property=\"og:type\" content=\"article\" \/>\n<meta property=\"og:title\" content=\"Crise \u00e0 la FEMAFOOT : la FIFA et la CAF balisent la transition et exigent une Assembl\u00e9e \u00e9lective - Actualit\u00e9s Africaines\" \/>\n<meta property=\"og:description\" content=\"La F\u00e9d\u00e9ration Malienne de Football (FEMAFOOT) traverse une nouvelle zone de turbulence institutionnelle. Dans un courrier conjoint adress\u00e9\" \/>\n<meta property=\"og:url\" content=\"https:\/\/www.africascoop.net\/index.php\/2026\/02\/06\/crise-a-la-femafoot-la-fifa-et-la-caf-balisent-la-transition-et-exigent-une-assemblee-elective\/\" \/>\n<meta property=\"og:site_name\" content=\"Actualit\u00e9s Africaines\" \/>\n<meta property=\"article:published_time\" content=\"2026-02-06T10:08:11+00:00\" \/>\n<meta property=\"article:modified_time\" content=\"2026-02-06T10:08:19+00:00\" \/>\n<meta property=\"og:image\" content=\"https:\/\/www.africascoop.net\/wp-content\/uploads\/2026\/02\/drones-civils-Recupere-Recupere-Recupere-Recupere-Recupere-Recupere-Recupere-Recupere-1024x576.jpg\" \/>\n<meta name=\"author\" content=\"Africascoop\" \/>\n<meta name=\"twitter:card\" content=\"summary_large_image\" \/>\n<meta name=\"twitter:label1\" content=\"\u00c9crit par\" \/>\n\t<meta name=\"twitter:data1\" content=\"Africascoop\" \/>\n\t<meta name=\"twitter:label2\" content=\"Dur\u00e9e de lecture estim\u00e9e\" \/>\n\t<meta name=\"twitter:data2\" content=\"3 minutes\" \/>\n<script type=\"application\/ld+json\" class=\"yoast-schema-graph\">{\"@context\":\"https:\/\/schema.org\",\"@graph\":[{\"@type\":\"Article\",\"@id\":\"https:\/\/www.africascoop.net\/index.php\/2026\/02\/06\/crise-a-la-femafoot-la-fifa-et-la-caf-balisent-la-transition-et-exigent-une-assemblee-elective\/#article\",\"isPartOf\":{\"@id\":\"https:\/\/www.africascoop.net\/index.php\/2026\/02\/06\/crise-a-la-femafoot-la-fifa-et-la-caf-balisent-la-transition-et-exigent-une-assemblee-elective\/\"},\"author\":{\"name\":\"Africascoop\",\"@id\":\"https:\/\/www.africascoop.net\/#\/schema\/person\/2cbcc632c110d739d93a6b196c67230a\"},\"headline\":\"Crise \u00e0 la FEMAFOOT : la FIFA et la CAF balisent la transition et exigent une Assembl\u00e9e \u00e9lective\",\"datePublished\":\"2026-02-06T10:08:11+00:00\",\"dateModified\":\"2026-02-06T10:08:19+00:00\",\"mainEntityOfPage\":{\"@id\":\"https:\/\/www.africascoop.net\/index.php\/2026\/02\/06\/crise-a-la-femafoot-la-fifa-et-la-caf-balisent-la-transition-et-exigent-une-assemblee-elective\/\"},\"wordCount\":588,\"commentCount\":0,\"publisher\":{\"@id\":\"https:\/\/www.africascoop.net\/#organization\"},\"image\":{\"@id\":\"https:\/\/www.africascoop.net\/index.php\/2026\/02\/06\/crise-a-la-femafoot-la-fifa-et-la-caf-balisent-la-transition-et-exigent-une-assemblee-elective\/#primaryimage\"},\"thumbnailUrl\":\"https:\/\/www.africascoop.net\/wp-content\/uploads\/2026\/02\/drones-civils-Recupere-Recupere-Recupere-Recupere-Recupere-Recupere-Recupere-Recupere-1024x576.jpg\",\"articleSection\":[\"Exclusif\",\"Sport\"],\"inLanguage\":\"fr-FR\",\"potentialAction\":[{\"@type\":\"CommentAction\",\"name\":\"Comment\",\"target\":[\"https:\/\/www.africascoop.net\/index.php\/2026\/02\/06\/crise-a-la-femafoot-la-fifa-et-la-caf-balisent-la-transition-et-exigent-une-assemblee-elective\/#respond\"]}]},{\"@type\":\"WebPage\",\"@id\":\"https:\/\/www.africascoop.net\/index.php\/2026\/02\/06\/crise-a-la-femafoot-la-fifa-et-la-caf-balisent-la-transition-et-exigent-une-assemblee-elective\/\",\"url\":\"https:\/\/www.africascoop.net\/index.php\/2026\/02\/06\/crise-a-la-femafoot-la-fifa-et-la-caf-balisent-la-transition-et-exigent-une-assemblee-elective\/\",\"name\":\"Crise \u00e0 la FEMAFOOT : la FIFA et la CAF balisent la transition et exigent une Assembl\u00e9e \u00e9lective - Actualit\u00e9s Africaines\",\"isPartOf\":{\"@id\":\"https:\/\/www.africascoop.net\/#website\"},\"primaryImageOfPage\":{\"@id\":\"https:\/\/www.africascoop.net\/index.php\/2026\/02\/06\/crise-a-la-femafoot-la-fifa-et-la-caf-balisent-la-transition-et-exigent-une-assemblee-elective\/#primaryimage\"},\"image\":{\"@id\":\"https:\/\/www.africascoop.net\/index.php\/2026\/02\/06\/crise-a-la-femafoot-la-fifa-et-la-caf-balisent-la-transition-et-exigent-une-assemblee-elective\/#primaryimage\"},\"thumbnailUrl\":\"https:\/\/www.africascoop.net\/wp-content\/uploads\/2026\/02\/drones-civils-Recupere-Recupere-Recupere-Recupere-Recupere-Recupere-Recupere-Recupere-1024x576.jpg\",\"datePublished\":\"2026-02-06T10:08:11+00:00\",\"dateModified\":\"2026-02-06T10:08:19+00:00\",\"breadcrumb\":{\"@id\":\"https:\/\/www.africascoop.net\/index.php\/2026\/02\/06\/crise-a-la-femafoot-la-fifa-et-la-caf-balisent-la-transition-et-exigent-une-assemblee-elective\/#breadcrumb\"},\"inLanguage\":\"fr-FR\",\"potentialAction\":[{\"@type\":\"ReadAction\",\"target\":[\"https:\/\/www.africascoop.net\/index.php\/2026\/02\/06\/crise-a-la-femafoot-la-fifa-et-la-caf-balisent-la-transition-et-exigent-une-assemblee-elective\/\"]}]},{\"@type\":\"ImageObject\",\"inLanguage\":\"fr-FR\",\"@id\":\"https:\/\/www.africascoop.net\/index.php\/2026\/02\/06\/crise-a-la-femafoot-la-fifa-et-la-caf-balisent-la-transition-et-exigent-une-assemblee-elective\/#primaryimage\",\"url\":\"https:\/\/www.africascoop.net\/wp-content\/uploads\/2026\/02\/drones-civils-Recupere-Recupere-Recupere-Recupere-Recupere-Recupere-Recupere-Recupere.jpg\",\"contentUrl\":\"https:\/\/www.africascoop.net\/wp-content\/uploads\/2026\/02\/drones-civils-Recupere-Recupere-Recupere-Recupere-Recupere-Recupere-Recupere-Recupere.jpg\",\"width\":1366,\"height\":768},{\"@type\":\"BreadcrumbList\",\"@id\":\"https:\/\/www.africascoop.net\/index.php\/2026\/02\/06\/crise-a-la-femafoot-la-fifa-et-la-caf-balisent-la-transition-et-exigent-une-assemblee-elective\/#breadcrumb\",\"itemListElement\":[{\"@type\":\"ListItem\",\"position\":1,\"name\":\"Accueil\",\"item\":\"https:\/\/www.africascoop.net\/\"},{\"@type\":\"ListItem\",\"position\":2,\"name\":\"Crise \u00e0 la FEMAFOOT : la FIFA et la CAF balisent la transition et exigent une Assembl\u00e9e \u00e9lective\"}]},{\"@type\":\"WebSite\",\"@id\":\"https:\/\/www.africascoop.net\/#website\",\"url\":\"https:\/\/www.africascoop.net\/\",\"name\":\"Actualit\u00e9s Africaines\",\"description\":\"\",\"publisher\":{\"@id\":\"https:\/\/www.africascoop.net\/#organization\"},\"potentialAction\":[{\"@type\":\"SearchAction\",\"target\":{\"@type\":\"EntryPoint\",\"urlTemplate\":\"https:\/\/www.africascoop.net\/?s={search_term_string}\"},\"query-input\":{\"@type\":\"PropertyValueSpecification\",\"valueRequired\":true,\"valueName\":\"search_term_string\"}}],\"inLanguage\":\"fr-FR\"},{\"@type\":\"Organization\",\"@id\":\"https:\/\/www.africascoop.net\/#organization\",\"name\":\"Actualit\u00e9s Africaines\",\"url\":\"https:\/\/www.africascoop.net\/\",\"logo\":{\"@type\":\"ImageObject\",\"inLanguage\":\"fr-FR\",\"@id\":\"https:\/\/www.africascoop.net\/#\/schema\/logo\/image\/\",\"url\":\"https:\/\/www.africascoop.net\/wp-content\/uploads\/2025\/09\/cropped-logo-2.jpg\",\"contentUrl\":\"https:\/\/www.africascoop.net\/wp-content\/uploads\/2025\/09\/cropped-logo-2.jpg\",\"width\":945,\"height\":591,\"caption\":\"Actualit\u00e9s Africaines\"},\"image\":{\"@id\":\"https:\/\/www.africascoop.net\/#\/schema\/logo\/image\/\"}},{\"@type\":\"Person\",\"@id\":\"https:\/\/www.africascoop.net\/#\/schema\/person\/2cbcc632c110d739d93a6b196c67230a\",\"name\":\"Africascoop\",\"image\":{\"@type\":\"ImageObject\",\"inLanguage\":\"fr-FR\",\"@id\":\"https:\/\/www.africascoop.net\/#\/schema\/person\/image\/\",\"url\":\"https:\/\/secure.gravatar.com\/avatar\/230d851f5173f64fe9487b948bd2daf02707ef49aea942bc1bdad649c82025b9?s=96&d=mm&r=g\",\"contentUrl\":\"https:\/\/secure.gravatar.com\/avatar\/230d851f5173f64fe9487b948bd2daf02707ef49aea942bc1bdad649c82025b9?s=96&d=mm&r=g\",\"caption\":\"Africascoop\"},\"url\":\"https:\/\/www.africascoop.net\/index.php\/author\/jul\/\"}]}<\/script>\n<!-- \/ Yoast SEO plugin. -->","yoast_head_json":{"title":"Crise \u00e0 la FEMAFOOT : la FIFA et la CAF balisent la transition et exigent une Assembl\u00e9e \u00e9lective - Actualit\u00e9s Africaines","robots":{"index":"index","follow":"follow","max-snippet":"max-snippet:-1","max-image-preview":"max-image-preview:large","max-video-preview":"max-video-preview:-1"},"canonical":"https:\/\/www.africascoop.net\/index.php\/2026\/02\/06\/crise-a-la-femafoot-la-fifa-et-la-caf-balisent-la-transition-et-exigent-une-assemblee-elective\/","og_locale":"fr_FR","og_type":"article","og_title":"Crise \u00e0 la FEMAFOOT : la FIFA et la CAF balisent la transition et exigent une Assembl\u00e9e \u00e9lective - Actualit\u00e9s Africaines","og_description":"La F\u00e9d\u00e9ration Malienne de Football (FEMAFOOT) traverse une nouvelle zone de turbulence institutionnelle. Dans un courrier conjoint adress\u00e9","og_url":"https:\/\/www.africascoop.net\/index.php\/2026\/02\/06\/crise-a-la-femafoot-la-fifa-et-la-caf-balisent-la-transition-et-exigent-une-assemblee-elective\/","og_site_name":"Actualit\u00e9s Africaines","article_published_time":"2026-02-06T10:08:11+00:00","article_modified_time":"2026-02-06T10:08:19+00:00","og_image":[{"url":"https:\/\/www.africascoop.net\/wp-content\/uploads\/2026\/02\/drones-civils-Recupere-Recupere-Recupere-Recupere-Recupere-Recupere-Recupere-Recupere-1024x576.jpg","type":"","width":"","height":""}],"author":"Africascoop","twitter_card":"summary_large_image","twitter_misc":{"\u00c9crit par":"Africascoop","Dur\u00e9e de lecture estim\u00e9e":"3 minutes"},"schema":{"@context":"https:\/\/schema.org","@graph":[{"@type":"Article","@id":"https:\/\/www.africascoop.net\/index.php\/2026\/02\/06\/crise-a-la-femafoot-la-fifa-et-la-caf-balisent-la-transition-et-exigent-une-assemblee-elective\/#article","isPartOf":{"@id":"https:\/\/www.africascoop.net\/index.php\/2026\/02\/06\/crise-a-la-femafoot-la-fifa-et-la-caf-balisent-la-transition-et-exigent-une-assemblee-elective\/"},"author":{"name":"Africascoop","@id":"https:\/\/www.africascoop.net\/#\/schema\/person\/2cbcc632c110d739d93a6b196c67230a"},"headline":"Crise \u00e0 la FEMAFOOT : la FIFA et la CAF balisent la transition et exigent une Assembl\u00e9e \u00e9lective","datePublished":"2026-02-06T10:08:11+00:00","dateModified":"2026-02-06T10:08:19+00:00","mainEntityOfPage":{"@id":"https:\/\/www.africascoop.net\/index.php\/2026\/02\/06\/crise-a-la-femafoot-la-fifa-et-la-caf-balisent-la-transition-et-exigent-une-assemblee-elective\/"},"wordCount":588,"commentCount":0,"publisher":{"@id":"https:\/\/www.africascoop.net\/#organization"},"image":{"@id":"https:\/\/www.africascoop.net\/index.php\/2026\/02\/06\/crise-a-la-femafoot-la-fifa-et-la-caf-balisent-la-transition-et-exigent-une-assemblee-elective\/#primaryimage"},"thumbnailUrl":"https:\/\/www.africascoop.net\/wp-content\/uploads\/2026\/02\/drones-civils-Recupere-Recupere-Recupere-Recupere-Recupere-Recupere-Recupere-Recupere-1024x576.jpg","articleSection":["Exclusif","Sport"],"inLanguage":"fr-FR","potentialAction":[{"@type":"CommentAction","name":"Comment","target":["https:\/\/www.africascoop.net\/index.php\/2026\/02\/06\/crise-a-la-femafoot-la-fifa-et-la-caf-balisent-la-transition-et-exigent-une-assemblee-elective\/#respond"]}]},{"@type":"WebPage","@id":"https:\/\/www.africascoop.net\/index.php\/2026\/02\/06\/crise-a-la-femafoot-la-fifa-et-la-caf-balisent-la-transition-et-exigent-une-assemblee-elective\/","url":"https:\/\/www.africascoop.net\/index.php\/2026\/02\/06\/crise-a-la-femafoot-la-fifa-et-la-caf-balisent-la-transition-et-exigent-une-assemblee-elective\/","name":"Crise \u00e0 la FEMAFOOT : la FIFA et la CAF balisent la transition et exigent une Assembl\u00e9e \u00e9lective - Actualit\u00e9s Africaines","isPartOf":{"@id":"https:\/\/www.africascoop.net\/#website"},"primaryImageOfPage":{"@id":"https:\/\/www.africascoop.net\/index.php\/2026\/02\/06\/crise-a-la-femafoot-la-fifa-et-la-caf-balisent-la-transition-et-exigent-une-assemblee-elective\/#primaryimage"},"image":{"@id":"https:\/\/www.africascoop.net\/index.php\/2026\/02\/06\/crise-a-la-femafoot-la-fifa-et-la-caf-balisent-la-transition-et-exigent-une-assemblee-elective\/#primaryimage"},"thumbnailUrl":"https:\/\/www.africascoop.net\/wp-content\/uploads\/2026\/02\/drones-civils-Recupere-Recupere-Recupere-Recupere-Recupere-Recupere-Recupere-Recupere-1024x576.jpg","datePublished":"2026-02-06T10:08:11+00:00","dateModified":"2026-02-06T10:08:19+00:00","breadcrumb":{"@id":"https:\/\/www.africascoop.net\/index.php\/2026\/02\/06\/crise-a-la-femafoot-la-fifa-et-la-caf-balisent-la-transition-et-exigent-une-assemblee-elective\/#breadcrumb"},"inLanguage":"fr-FR","potentialAction":[{"@type":"ReadAction","target":["https:\/\/www.africascoop.net\/index.php\/2026\/02\/06\/crise-a-la-femafoot-la-fifa-et-la-caf-balisent-la-transition-et-exigent-une-assemblee-elective\/"]}]},{"@type":"ImageObject","inLanguage":"fr-FR","@id":"https:\/\/www.africascoop.net\/index.php\/2026\/02\/06\/crise-a-la-femafoot-la-fifa-et-la-caf-balisent-la-transition-et-exigent-une-assemblee-elective\/#primaryimage","url":"https:\/\/www.africascoop.net\/wp-content\/uploads\/2026\/02\/drones-civils-Recupere-Recupere-Recupere-Recupere-Recupere-Recupere-Recupere-Recupere.jpg","contentUrl":"https:\/\/www.africascoop.net\/wp-content\/uploads\/2026\/02\/drones-civils-Recupere-Recupere-Recupere-Recupere-Recupere-Recupere-Recupere-Recupere.jpg","width":1366,"height":768},{"@type":"BreadcrumbList","@id":"https:\/\/www.africascoop.net\/index.php\/2026\/02\/06\/crise-a-la-femafoot-la-fifa-et-la-caf-balisent-la-transition-et-exigent-une-assemblee-elective\/#breadcrumb","itemListElement":[{"@type":"ListItem","position":1,"name":"Accueil","item":"https:\/\/www.africascoop.net\/"},{"@type":"ListItem","position":2,"name":"Crise \u00e0 la FEMAFOOT : la FIFA et la CAF balisent la transition et exigent une Assembl\u00e9e \u00e9lective"}]},{"@type":"WebSite","@id":"https:\/\/www.africascoop.net\/#website","url":"https:\/\/www.africascoop.net\/","name":"Actualit\u00e9s Africaines","description":"","publisher":{"@id":"https:\/\/www.africascoop.net\/#organization"},"potentialAction":[{"@type":"SearchAction","target":{"@type":"EntryPoint","urlTemplate":"https:\/\/www.africascoop.net\/?s={search_term_string}"},"query-input":{"@type":"PropertyValueSpecification","valueRequired":true,"valueName":"search_term_string"}}],"inLanguage":"fr-FR"},{"@type":"Organization","@id":"https:\/\/www.africascoop.net\/#organization","name":"Actualit\u00e9s Africaines","url":"https:\/\/www.africascoop.net\/","logo":{"@type":"ImageObject","inLanguage":"fr-FR","@id":"https:\/\/www.africascoop.net\/#\/schema\/logo\/image\/","url":"https:\/\/www.africascoop.net\/wp-content\/uploads\/2025\/09\/cropped-logo-2.jpg","contentUrl":"https:\/\/www.africascoop.net\/wp-content\/uploads\/2025\/09\/cropped-logo-2.jpg","width":945,"height":591,"caption":"Actualit\u00e9s Africaines"},"image":{"@id":"https:\/\/www.africascoop.net\/#\/schema\/logo\/image\/"}},{"@type":"Person","@id":"https:\/\/www.africascoop.net\/#\/schema\/person\/2cbcc632c110d739d93a6b196c67230a","name":"Africascoop","image":{"@type":"ImageObject","inLanguage":"fr-FR","@id":"https:\/\/www.africascoop.net\/#\/schema\/person\/image\/","url":"https:\/\/secure.gravatar.com\/avatar\/230d851f5173f64fe9487b948bd2daf02707ef49aea942bc1bdad649c82025b9?s=96&d=mm&r=g","contentUrl":"https:\/\/secure.gravatar.com\/avatar\/230d851f5173f64fe9487b948bd2daf02707ef49aea942bc1bdad649c82025b9?s=96&d=mm&r=g","caption":"Africascoop"},"url":"https:\/\/www.africascoop.net\/index.php\/author\/jul\/"}]}},"_links":{"self":[{"href":"https:\/\/www.africascoop.net\/index.php\/wp-json\/wp\/v2\/posts\/1361","targetHints":{"allow":["GET"]}}],"collection":[{"href":"https:\/\/www.africascoop.net\/index.php\/wp-json\/wp\/v2\/posts"}],"about":[{"href":"https:\/\/www.africascoop.net\/index.php\/wp-json\/wp\/v2\/types\/post"}],"author":[{"embeddable":true,"href":"https:\/\/www.africascoop.net\/index.php\/wp-json\/wp\/v2\/users\/3"}],"replies":[{"embeddable":true,"href":"https:\/\/www.africascoop.net\/index.php\/wp-json\/wp\/v2\/comments?post=1361"}],"version-history":[{"count":1,"href":"https:\/\/www.africascoop.net\/index.php\/wp-json\/wp\/v2\/posts\/1361\/revisions"}],"predecessor-version":[{"id":1363,"href":"https:\/\/www.africascoop.net\/index.php\/wp-json\/wp\/v2\/posts\/1361\/revisions\/1363"}],"wp:attachment":[{"href":"https:\/\/www.africascoop.net\/index.php\/wp-json\/wp\/v2\/media?parent=1361"}],"wp:term":[{"taxonomy":"category","embeddable":true,"href":"https:\/\/www.africascoop.net\/index.php\/wp-json\/wp\/v2\/categories?post=1361"},{"taxonomy":"post_tag","embeddable":true,"href":"https:\/\/www.africascoop.net\/index.php\/wp-json\/wp\/v2\/tags?post=1361"}],"curies":[{"name":"wp","href":"https:\/\/api.w.org\/{rel}","templated":true}]}}