{"id":1471,"date":"2026-02-24T11:22:16","date_gmt":"2026-02-24T11:22:16","guid":{"rendered":"https:\/\/www.africascoop.net\/?p=1471"},"modified":"2026-02-24T11:22:39","modified_gmt":"2026-02-24T11:22:39","slug":"tombouctou-la-delegation-speciale-lance-la-campagne-des-vignettes-2026-pour-les-motos","status":"publish","type":"post","link":"https:\/\/www.africascoop.net\/index.php\/2026\/02\/24\/tombouctou-la-delegation-speciale-lance-la-campagne-des-vignettes-2026-pour-les-motos\/","title":{"rendered":"Tombouctou : la D\u00e9l\u00e9gation Sp\u00e9ciale lance la campagne des vignettes 2026 pour les motos"},"content":{"rendered":"\n<figure class=\"wp-block-image size-full is-resized\"><img loading=\"lazy\" decoding=\"async\" width=\"474\" height=\"266\" src=\"https:\/\/www.africascoop.net\/wp-content\/uploads\/2026\/02\/telecharger-6.webp\" alt=\"\" class=\"wp-image-1472\" style=\"aspect-ratio:1.7820008224167303;width:740px;height:auto\" srcset=\"https:\/\/www.africascoop.net\/wp-content\/uploads\/2026\/02\/telecharger-6.webp 474w, https:\/\/www.africascoop.net\/wp-content\/uploads\/2026\/02\/telecharger-6-300x168.webp 300w\" sizes=\"auto, (max-width: 474px) 100vw, 474px\" \/><\/figure>\n\n\n\n<p>Le Pr\u00e9sident de la D\u00e9l\u00e9gation Sp\u00e9ciale de la Commune Urbaine de Tombouctou, a annonc\u00e9 le 23 f\u00e9vrier 2026 la mise \u00e0 disposition des vignettes 2026 pour les motos de 2 \u00e0 3 roues, allant de 51 cm\u00b3 \u00e0 125 cm\u00b3, au prix de 6 000 FCFA. La campagne, qui se d\u00e9roule tous les jours ouvrables \u00e0 la mairie de la commune, inclut une p\u00e9riode de sensibilisation jusqu\u2019au 31 mars 2026. Pass\u00e9 ce d\u00e9lai, des contr\u00f4les p\u00e9riodiques seront effectu\u00e9s et les proc\u00e9dures de verbalisation appliqu\u00e9es avec rigueur, la D\u00e9l\u00e9gation Sp\u00e9ciale appelant l\u2019ensemble des propri\u00e9taires \u00e0 respecter cette mesure dans un esprit de civisme.<\/p>\n\n\n\n<p>Par ABK<\/p>\n","protected":false},"excerpt":{"rendered":"<p>Le Pr\u00e9sident de la D\u00e9l\u00e9gation Sp\u00e9ciale de la Commune Urbaine de Tombouctou, a annonc\u00e9 le 23 f\u00e9vrier 2026<\/p>\n","protected":false},"author":3,"featured_media":0,"comment_status":"open","ping_status":"open","sticky":false,"template":"","format":"standard","meta":{"footnotes":""},"categories":[36,35],"tags":[],"class_list":["post-1471","post","type-post","status-publish","format-standard","hentry","category-exclusif","category-societe"],"yoast_head":"<!-- This site is optimized with the Yoast SEO plugin v26.0 - https:\/\/yoast.com\/wordpress\/plugins\/seo\/ -->\n<title>Tombouctou : la D\u00e9l\u00e9gation Sp\u00e9ciale lance la campagne des vignettes 2026 pour les motos - Actualit\u00e9s Africaines<\/title>\n<meta name=\"robots\" content=\"index, follow, max-snippet:-1, max-image-preview:large, max-video-preview:-1\" \/>\n<link rel=\"canonical\" href=\"http:\/\/www.africascoop.net\/index.php\/2026\/02\/24\/tombouctou-la-delegation-speciale-lance-la-campagne-des-vignettes-2026-pour-les-motos\/\" \/>\n<meta property=\"og:locale\" content=\"fr_FR\" \/>\n<meta property=\"og:type\" content=\"article\" \/>\n<meta property=\"og:title\" content=\"Tombouctou : la D\u00e9l\u00e9gation Sp\u00e9ciale lance la campagne des vignettes 2026 pour les motos - Actualit\u00e9s Africaines\" \/>\n<meta property=\"og:description\" content=\"Le Pr\u00e9sident de la D\u00e9l\u00e9gation Sp\u00e9ciale de la Commune Urbaine de Tombouctou, a annonc\u00e9 le 23 f\u00e9vrier 2026\" \/>\n<meta property=\"og:url\" content=\"http:\/\/www.africascoop.net\/index.php\/2026\/02\/24\/tombouctou-la-delegation-speciale-lance-la-campagne-des-vignettes-2026-pour-les-motos\/\" \/>\n<meta property=\"og:site_name\" content=\"Actualit\u00e9s Africaines\" \/>\n<meta property=\"article:published_time\" content=\"2026-02-24T11:22:16+00:00\" \/>\n<meta property=\"article:modified_time\" content=\"2026-02-24T11:22:39+00:00\" \/>\n<meta property=\"og:image\" content=\"https:\/\/www.africascoop.net\/wp-content\/uploads\/2026\/02\/telecharger-6.webp\" \/>\n<meta name=\"author\" content=\"Africascoop\" \/>\n<meta name=\"twitter:card\" content=\"summary_large_image\" \/>\n<meta name=\"twitter:label1\" content=\"\u00c9crit par\" \/>\n\t<meta name=\"twitter:data1\" content=\"Africascoop\" \/>\n\t<meta name=\"twitter:label2\" content=\"Dur\u00e9e de lecture estim\u00e9e\" \/>\n\t<meta name=\"twitter:data2\" content=\"1 minute\" \/>\n<script type=\"application\/ld+json\" class=\"yoast-schema-graph\">{\"@context\":\"https:\/\/schema.org\",\"@graph\":[{\"@type\":\"Article\",\"@id\":\"http:\/\/www.africascoop.net\/index.php\/2026\/02\/24\/tombouctou-la-delegation-speciale-lance-la-campagne-des-vignettes-2026-pour-les-motos\/#article\",\"isPartOf\":{\"@id\":\"http:\/\/www.africascoop.net\/index.php\/2026\/02\/24\/tombouctou-la-delegation-speciale-lance-la-campagne-des-vignettes-2026-pour-les-motos\/\"},\"author\":{\"name\":\"Africascoop\",\"@id\":\"https:\/\/www.africascoop.net\/#\/schema\/person\/2cbcc632c110d739d93a6b196c67230a\"},\"headline\":\"Tombouctou : la D\u00e9l\u00e9gation Sp\u00e9ciale lance la campagne des vignettes 2026 pour les motos\",\"datePublished\":\"2026-02-24T11:22:16+00:00\",\"dateModified\":\"2026-02-24T11:22:39+00:00\",\"mainEntityOfPage\":{\"@id\":\"http:\/\/www.africascoop.net\/index.php\/2026\/02\/24\/tombouctou-la-delegation-speciale-lance-la-campagne-des-vignettes-2026-pour-les-motos\/\"},\"wordCount\":122,\"commentCount\":0,\"publisher\":{\"@id\":\"https:\/\/www.africascoop.net\/#organization\"},\"image\":{\"@id\":\"http:\/\/www.africascoop.net\/index.php\/2026\/02\/24\/tombouctou-la-delegation-speciale-lance-la-campagne-des-vignettes-2026-pour-les-motos\/#primaryimage\"},\"thumbnailUrl\":\"https:\/\/www.africascoop.net\/wp-content\/uploads\/2026\/02\/telecharger-6.webp\",\"articleSection\":[\"Exclusif\",\"Soci\u00e9t\u00e9\"],\"inLanguage\":\"fr-FR\",\"potentialAction\":[{\"@type\":\"CommentAction\",\"name\":\"Comment\",\"target\":[\"http:\/\/www.africascoop.net\/index.php\/2026\/02\/24\/tombouctou-la-delegation-speciale-lance-la-campagne-des-vignettes-2026-pour-les-motos\/#respond\"]}]},{\"@type\":\"WebPage\",\"@id\":\"http:\/\/www.africascoop.net\/index.php\/2026\/02\/24\/tombouctou-la-delegation-speciale-lance-la-campagne-des-vignettes-2026-pour-les-motos\/\",\"url\":\"http:\/\/www.africascoop.net\/index.php\/2026\/02\/24\/tombouctou-la-delegation-speciale-lance-la-campagne-des-vignettes-2026-pour-les-motos\/\",\"name\":\"Tombouctou : la D\u00e9l\u00e9gation Sp\u00e9ciale lance la campagne des vignettes 2026 pour les motos - Actualit\u00e9s Africaines\",\"isPartOf\":{\"@id\":\"https:\/\/www.africascoop.net\/#website\"},\"primaryImageOfPage\":{\"@id\":\"http:\/\/www.africascoop.net\/index.php\/2026\/02\/24\/tombouctou-la-delegation-speciale-lance-la-campagne-des-vignettes-2026-pour-les-motos\/#primaryimage\"},\"image\":{\"@id\":\"http:\/\/www.africascoop.net\/index.php\/2026\/02\/24\/tombouctou-la-delegation-speciale-lance-la-campagne-des-vignettes-2026-pour-les-motos\/#primaryimage\"},\"thumbnailUrl\":\"https:\/\/www.africascoop.net\/wp-content\/uploads\/2026\/02\/telecharger-6.webp\",\"datePublished\":\"2026-02-24T11:22:16+00:00\",\"dateModified\":\"2026-02-24T11:22:39+00:00\",\"breadcrumb\":{\"@id\":\"http:\/\/www.africascoop.net\/index.php\/2026\/02\/24\/tombouctou-la-delegation-speciale-lance-la-campagne-des-vignettes-2026-pour-les-motos\/#breadcrumb\"},\"inLanguage\":\"fr-FR\",\"potentialAction\":[{\"@type\":\"ReadAction\",\"target\":[\"http:\/\/www.africascoop.net\/index.php\/2026\/02\/24\/tombouctou-la-delegation-speciale-lance-la-campagne-des-vignettes-2026-pour-les-motos\/\"]}]},{\"@type\":\"ImageObject\",\"inLanguage\":\"fr-FR\",\"@id\":\"http:\/\/www.africascoop.net\/index.php\/2026\/02\/24\/tombouctou-la-delegation-speciale-lance-la-campagne-des-vignettes-2026-pour-les-motos\/#primaryimage\",\"url\":\"https:\/\/www.africascoop.net\/wp-content\/uploads\/2026\/02\/telecharger-6.webp\",\"contentUrl\":\"https:\/\/www.africascoop.net\/wp-content\/uploads\/2026\/02\/telecharger-6.webp\",\"width\":474,\"height\":266},{\"@type\":\"BreadcrumbList\",\"@id\":\"http:\/\/www.africascoop.net\/index.php\/2026\/02\/24\/tombouctou-la-delegation-speciale-lance-la-campagne-des-vignettes-2026-pour-les-motos\/#breadcrumb\",\"itemListElement\":[{\"@type\":\"ListItem\",\"position\":1,\"name\":\"Accueil\",\"item\":\"https:\/\/www.africascoop.net\/\"},{\"@type\":\"ListItem\",\"position\":2,\"name\":\"Tombouctou : la D\u00e9l\u00e9gation Sp\u00e9ciale lance la campagne des vignettes 2026 pour les motos\"}]},{\"@type\":\"WebSite\",\"@id\":\"https:\/\/www.africascoop.net\/#website\",\"url\":\"https:\/\/www.africascoop.net\/\",\"name\":\"Actualit\u00e9s Africaines\",\"description\":\"\",\"publisher\":{\"@id\":\"https:\/\/www.africascoop.net\/#organization\"},\"potentialAction\":[{\"@type\":\"SearchAction\",\"target\":{\"@type\":\"EntryPoint\",\"urlTemplate\":\"https:\/\/www.africascoop.net\/?s={search_term_string}\"},\"query-input\":{\"@type\":\"PropertyValueSpecification\",\"valueRequired\":true,\"valueName\":\"search_term_string\"}}],\"inLanguage\":\"fr-FR\"},{\"@type\":\"Organization\",\"@id\":\"https:\/\/www.africascoop.net\/#organization\",\"name\":\"Actualit\u00e9s Africaines\",\"url\":\"https:\/\/www.africascoop.net\/\",\"logo\":{\"@type\":\"ImageObject\",\"inLanguage\":\"fr-FR\",\"@id\":\"https:\/\/www.africascoop.net\/#\/schema\/logo\/image\/\",\"url\":\"https:\/\/www.africascoop.net\/wp-content\/uploads\/2025\/09\/cropped-logo-2.jpg\",\"contentUrl\":\"https:\/\/www.africascoop.net\/wp-content\/uploads\/2025\/09\/cropped-logo-2.jpg\",\"width\":945,\"height\":591,\"caption\":\"Actualit\u00e9s Africaines\"},\"image\":{\"@id\":\"https:\/\/www.africascoop.net\/#\/schema\/logo\/image\/\"}},{\"@type\":\"Person\",\"@id\":\"https:\/\/www.africascoop.net\/#\/schema\/person\/2cbcc632c110d739d93a6b196c67230a\",\"name\":\"Africascoop\",\"image\":{\"@type\":\"ImageObject\",\"inLanguage\":\"fr-FR\",\"@id\":\"https:\/\/www.africascoop.net\/#\/schema\/person\/image\/\",\"url\":\"https:\/\/secure.gravatar.com\/avatar\/230d851f5173f64fe9487b948bd2daf02707ef49aea942bc1bdad649c82025b9?s=96&d=mm&r=g\",\"contentUrl\":\"https:\/\/secure.gravatar.com\/avatar\/230d851f5173f64fe9487b948bd2daf02707ef49aea942bc1bdad649c82025b9?s=96&d=mm&r=g\",\"caption\":\"Africascoop\"},\"url\":\"https:\/\/www.africascoop.net\/index.php\/author\/jul\/\"}]}<\/script>\n<!-- \/ Yoast SEO plugin. -->","yoast_head_json":{"title":"Tombouctou : la D\u00e9l\u00e9gation Sp\u00e9ciale lance la campagne des vignettes 2026 pour les motos - Actualit\u00e9s Africaines","robots":{"index":"index","follow":"follow","max-snippet":"max-snippet:-1","max-image-preview":"max-image-preview:large","max-video-preview":"max-video-preview:-1"},"canonical":"http:\/\/www.africascoop.net\/index.php\/2026\/02\/24\/tombouctou-la-delegation-speciale-lance-la-campagne-des-vignettes-2026-pour-les-motos\/","og_locale":"fr_FR","og_type":"article","og_title":"Tombouctou : la D\u00e9l\u00e9gation Sp\u00e9ciale lance la campagne des vignettes 2026 pour les motos - Actualit\u00e9s Africaines","og_description":"Le Pr\u00e9sident de la D\u00e9l\u00e9gation Sp\u00e9ciale de la Commune Urbaine de Tombouctou, a annonc\u00e9 le 23 f\u00e9vrier 2026","og_url":"http:\/\/www.africascoop.net\/index.php\/2026\/02\/24\/tombouctou-la-delegation-speciale-lance-la-campagne-des-vignettes-2026-pour-les-motos\/","og_site_name":"Actualit\u00e9s Africaines","article_published_time":"2026-02-24T11:22:16+00:00","article_modified_time":"2026-02-24T11:22:39+00:00","og_image":[{"url":"https:\/\/www.africascoop.net\/wp-content\/uploads\/2026\/02\/telecharger-6.webp","type":"","width":"","height":""}],"author":"Africascoop","twitter_card":"summary_large_image","twitter_misc":{"\u00c9crit par":"Africascoop","Dur\u00e9e de lecture estim\u00e9e":"1 minute"},"schema":{"@context":"https:\/\/schema.org","@graph":[{"@type":"Article","@id":"http:\/\/www.africascoop.net\/index.php\/2026\/02\/24\/tombouctou-la-delegation-speciale-lance-la-campagne-des-vignettes-2026-pour-les-motos\/#article","isPartOf":{"@id":"http:\/\/www.africascoop.net\/index.php\/2026\/02\/24\/tombouctou-la-delegation-speciale-lance-la-campagne-des-vignettes-2026-pour-les-motos\/"},"author":{"name":"Africascoop","@id":"https:\/\/www.africascoop.net\/#\/schema\/person\/2cbcc632c110d739d93a6b196c67230a"},"headline":"Tombouctou : la D\u00e9l\u00e9gation Sp\u00e9ciale lance la campagne des vignettes 2026 pour les motos","datePublished":"2026-02-24T11:22:16+00:00","dateModified":"2026-02-24T11:22:39+00:00","mainEntityOfPage":{"@id":"http:\/\/www.africascoop.net\/index.php\/2026\/02\/24\/tombouctou-la-delegation-speciale-lance-la-campagne-des-vignettes-2026-pour-les-motos\/"},"wordCount":122,"commentCount":0,"publisher":{"@id":"https:\/\/www.africascoop.net\/#organization"},"image":{"@id":"http:\/\/www.africascoop.net\/index.php\/2026\/02\/24\/tombouctou-la-delegation-speciale-lance-la-campagne-des-vignettes-2026-pour-les-motos\/#primaryimage"},"thumbnailUrl":"https:\/\/www.africascoop.net\/wp-content\/uploads\/2026\/02\/telecharger-6.webp","articleSection":["Exclusif","Soci\u00e9t\u00e9"],"inLanguage":"fr-FR","potentialAction":[{"@type":"CommentAction","name":"Comment","target":["http:\/\/www.africascoop.net\/index.php\/2026\/02\/24\/tombouctou-la-delegation-speciale-lance-la-campagne-des-vignettes-2026-pour-les-motos\/#respond"]}]},{"@type":"WebPage","@id":"http:\/\/www.africascoop.net\/index.php\/2026\/02\/24\/tombouctou-la-delegation-speciale-lance-la-campagne-des-vignettes-2026-pour-les-motos\/","url":"http:\/\/www.africascoop.net\/index.php\/2026\/02\/24\/tombouctou-la-delegation-speciale-lance-la-campagne-des-vignettes-2026-pour-les-motos\/","name":"Tombouctou : la D\u00e9l\u00e9gation Sp\u00e9ciale lance la campagne des vignettes 2026 pour les motos - Actualit\u00e9s Africaines","isPartOf":{"@id":"https:\/\/www.africascoop.net\/#website"},"primaryImageOfPage":{"@id":"http:\/\/www.africascoop.net\/index.php\/2026\/02\/24\/tombouctou-la-delegation-speciale-lance-la-campagne-des-vignettes-2026-pour-les-motos\/#primaryimage"},"image":{"@id":"http:\/\/www.africascoop.net\/index.php\/2026\/02\/24\/tombouctou-la-delegation-speciale-lance-la-campagne-des-vignettes-2026-pour-les-motos\/#primaryimage"},"thumbnailUrl":"https:\/\/www.africascoop.net\/wp-content\/uploads\/2026\/02\/telecharger-6.webp","datePublished":"2026-02-24T11:22:16+00:00","dateModified":"2026-02-24T11:22:39+00:00","breadcrumb":{"@id":"http:\/\/www.africascoop.net\/index.php\/2026\/02\/24\/tombouctou-la-delegation-speciale-lance-la-campagne-des-vignettes-2026-pour-les-motos\/#breadcrumb"},"inLanguage":"fr-FR","potentialAction":[{"@type":"ReadAction","target":["http:\/\/www.africascoop.net\/index.php\/2026\/02\/24\/tombouctou-la-delegation-speciale-lance-la-campagne-des-vignettes-2026-pour-les-motos\/"]}]},{"@type":"ImageObject","inLanguage":"fr-FR","@id":"http:\/\/www.africascoop.net\/index.php\/2026\/02\/24\/tombouctou-la-delegation-speciale-lance-la-campagne-des-vignettes-2026-pour-les-motos\/#primaryimage","url":"https:\/\/www.africascoop.net\/wp-content\/uploads\/2026\/02\/telecharger-6.webp","contentUrl":"https:\/\/www.africascoop.net\/wp-content\/uploads\/2026\/02\/telecharger-6.webp","width":474,"height":266},{"@type":"BreadcrumbList","@id":"http:\/\/www.africascoop.net\/index.php\/2026\/02\/24\/tombouctou-la-delegation-speciale-lance-la-campagne-des-vignettes-2026-pour-les-motos\/#breadcrumb","itemListElement":[{"@type":"ListItem","position":1,"name":"Accueil","item":"https:\/\/www.africascoop.net\/"},{"@type":"ListItem","position":2,"name":"Tombouctou : la D\u00e9l\u00e9gation Sp\u00e9ciale lance la campagne des vignettes 2026 pour les motos"}]},{"@type":"WebSite","@id":"https:\/\/www.africascoop.net\/#website","url":"https:\/\/www.africascoop.net\/","name":"Actualit\u00e9s Africaines","description":"","publisher":{"@id":"https:\/\/www.africascoop.net\/#organization"},"potentialAction":[{"@type":"SearchAction","target":{"@type":"EntryPoint","urlTemplate":"https:\/\/www.africascoop.net\/?s={search_term_string}"},"query-input":{"@type":"PropertyValueSpecification","valueRequired":true,"valueName":"search_term_string"}}],"inLanguage":"fr-FR"},{"@type":"Organization","@id":"https:\/\/www.africascoop.net\/#organization","name":"Actualit\u00e9s Africaines","url":"https:\/\/www.africascoop.net\/","logo":{"@type":"ImageObject","inLanguage":"fr-FR","@id":"https:\/\/www.africascoop.net\/#\/schema\/logo\/image\/","url":"https:\/\/www.africascoop.net\/wp-content\/uploads\/2025\/09\/cropped-logo-2.jpg","contentUrl":"https:\/\/www.africascoop.net\/wp-content\/uploads\/2025\/09\/cropped-logo-2.jpg","width":945,"height":591,"caption":"Actualit\u00e9s Africaines"},"image":{"@id":"https:\/\/www.africascoop.net\/#\/schema\/logo\/image\/"}},{"@type":"Person","@id":"https:\/\/www.africascoop.net\/#\/schema\/person\/2cbcc632c110d739d93a6b196c67230a","name":"Africascoop","image":{"@type":"ImageObject","inLanguage":"fr-FR","@id":"https:\/\/www.africascoop.net\/#\/schema\/person\/image\/","url":"https:\/\/secure.gravatar.com\/avatar\/230d851f5173f64fe9487b948bd2daf02707ef49aea942bc1bdad649c82025b9?s=96&d=mm&r=g","contentUrl":"https:\/\/secure.gravatar.com\/avatar\/230d851f5173f64fe9487b948bd2daf02707ef49aea942bc1bdad649c82025b9?s=96&d=mm&r=g","caption":"Africascoop"},"url":"https:\/\/www.africascoop.net\/index.php\/author\/jul\/"}]}},"_links":{"self":[{"href":"https:\/\/www.africascoop.net\/index.php\/wp-json\/wp\/v2\/posts\/1471","targetHints":{"allow":["GET"]}}],"collection":[{"href":"https:\/\/www.africascoop.net\/index.php\/wp-json\/wp\/v2\/posts"}],"about":[{"href":"https:\/\/www.africascoop.net\/index.php\/wp-json\/wp\/v2\/types\/post"}],"author":[{"embeddable":true,"href":"https:\/\/www.africascoop.net\/index.php\/wp-json\/wp\/v2\/users\/3"}],"replies":[{"embeddable":true,"href":"https:\/\/www.africascoop.net\/index.php\/wp-json\/wp\/v2\/comments?post=1471"}],"version-history":[{"count":1,"href":"https:\/\/www.africascoop.net\/index.php\/wp-json\/wp\/v2\/posts\/1471\/revisions"}],"predecessor-version":[{"id":1473,"href":"https:\/\/www.africascoop.net\/index.php\/wp-json\/wp\/v2\/posts\/1471\/revisions\/1473"}],"wp:attachment":[{"href":"https:\/\/www.africascoop.net\/index.php\/wp-json\/wp\/v2\/media?parent=1471"}],"wp:term":[{"taxonomy":"category","embeddable":true,"href":"https:\/\/www.africascoop.net\/index.php\/wp-json\/wp\/v2\/categories?post=1471"},{"taxonomy":"post_tag","embeddable":true,"href":"https:\/\/www.africascoop.net\/index.php\/wp-json\/wp\/v2\/tags?post=1471"}],"curies":[{"name":"wp","href":"https:\/\/api.w.org\/{rel}","templated":true}]}}