{"id":1478,"date":"2026-02-24T11:40:04","date_gmt":"2026-02-24T11:40:04","guid":{"rendered":"https:\/\/www.africascoop.net\/?p=1478"},"modified":"2026-02-24T11:40:13","modified_gmt":"2026-02-24T11:40:13","slug":"operation-sounkalo-solidarite-2026-linitiative-sera-presente-sur-19-sites-a-bamako","status":"publish","type":"post","link":"https:\/\/www.africascoop.net\/index.php\/2026\/02\/24\/operation-sounkalo-solidarite-2026-linitiative-sera-presente-sur-19-sites-a-bamako\/","title":{"rendered":"OP\u00c9RATION \u00ab SOUNKALO SOLIDARIT\u00c9 \u00bb 2026\u00a0: L\u2019initiative sera pr\u00e9sente sur 19 sites \u00e0 Bamako."},"content":{"rendered":"\n<p><strong><em>Le Premier ministre, le G\u00e9n\u00e9ral de division Abdoulaye Ma\u00efga, a proc\u00e9d\u00e9, le vendredi 20 f\u00e9vrier 2026, au lancement de la troisi\u00e8me \u00e9dition de l\u2019op\u00e9ration \u00ab Sounkalo Solidarit\u00e9 \u00bb.<\/em><\/strong><\/p>\n\n\n\n<p><strong><em>La c\u00e9r\u00e9monie s\u2019est tenue sur le terrain de football ASKO de Korofina, en Commune I du District de Bamako, en pr\u00e9sence de plusieurs membres du gouvernement ainsi que des autorit\u00e9s religieuses et traditionnelles.<\/em><\/strong><\/p>\n\n\n\n<figure class=\"wp-block-image size-full is-resized\"><img loading=\"lazy\" decoding=\"async\" width=\"409\" height=\"273\" src=\"https:\/\/www.africascoop.net\/wp-content\/uploads\/2026\/02\/telecharger-8.webp\" alt=\"\" class=\"wp-image-1479\" style=\"aspect-ratio:1.498197012191632;width:740px;height:auto\" srcset=\"https:\/\/www.africascoop.net\/wp-content\/uploads\/2026\/02\/telecharger-8.webp 409w, https:\/\/www.africascoop.net\/wp-content\/uploads\/2026\/02\/telecharger-8-300x200.webp 300w\" sizes=\"auto, (max-width: 409px) 100vw, 409px\" \/><\/figure>\n\n\n\n<p>Initi\u00e9e en 2024 par le gouvernement de la Transition, cette op\u00e9ration vise \u00e0 soutenir les couches vuln\u00e9rables durant le mois de Ramadan. Pour l\u2019\u00e9dition 2026, l\u2019initiative sera d\u00e9ploy\u00e9e sur 19 sites \u00e0 Bamako, quatre \u00e0 Kati et dans les r\u00e9gions, \u00e0 raison de trois sites par r\u00e9gion.<\/p>\n\n\n\n<p>Selon le chef du gouvernement, le programme pr\u00e9voit notamment l\u2019organisation de soir\u00e9es de rupture collective du je\u00fbne au profit des personnes d\u00e9munies, la distribution gratuite de repas pour les familles en difficult\u00e9, ainsi que des pri\u00e8res collectives pour renforcer la coh\u00e9sion spirituelle et nationale. \u00c0 la veille de la f\u00eate du Ramadan, des v\u00eatements et des chaussures seront \u00e9galement distribu\u00e9s afin d\u2019apporter du r\u00e9confort aux plus n\u00e9cessiteux. Des consultations m\u00e9dicales gratuites sont aussi programm\u00e9es pour am\u00e9liorer l\u2019acc\u00e8s aux soins des populations vuln\u00e9rables.<\/p>\n\n\n\n<p>Le chef du gouvernement n&rsquo;a pas oubli\u00e9 de rappeler que la solidarit\u00e9 doit \u00eatre une valeur permanente et partag\u00e9e. \u00ab Le Ramadan est un temps d\u2019\u00e9l\u00e9vation spirituelle, de p\u00e9nitence physique, mais aussi un moment privil\u00e9gi\u00e9 pour renforcer les liens de fraternit\u00e9, de justice sociale et de compassion envers les d\u00e9munis \u00bb, a-t-il soulign\u00e9, invitant ainsi l\u2019ensemble des institutions, des organisations religieuses, des acteurs \u00e9conomiques et des citoyens \u00e0 s\u2019inscrire dans cet \u00e9lan collectif.<\/p>\n\n\n\n<p>La c\u00e9r\u00e9monie a \u00e9t\u00e9 marqu\u00e9e par la remise de dons de vivres aux communaut\u00e9s chr\u00e9tiennes et musulmanes.<\/p>\n\n\n\n<p>Pour sa part, le ministre des Affaires religieuses, du culte et des coutumes a salu\u00e9 cette initiative, tout en exprimant sa gratitude au nom des confessions religieuses et de l\u2019ensemble de la population malienne.<\/p>\n\n\n\n<p>Lamine BAGAYOGO<\/p>\n","protected":false},"excerpt":{"rendered":"<p>Le Premier ministre, le G\u00e9n\u00e9ral de division Abdoulaye Ma\u00efga, a proc\u00e9d\u00e9, le vendredi 20 f\u00e9vrier 2026, au lancement<\/p>\n","protected":false},"author":3,"featured_media":0,"comment_status":"open","ping_status":"open","sticky":false,"template":"","format":"standard","meta":{"footnotes":""},"categories":[43,36],"tags":[],"class_list":["post-1478","post","type-post","status-publish","format-standard","hentry","category-action-humanitaire","category-exclusif"],"yoast_head":"<!-- This site is optimized with the Yoast SEO plugin v26.0 - https:\/\/yoast.com\/wordpress\/plugins\/seo\/ -->\n<title>OP\u00c9RATION \u00ab SOUNKALO SOLIDARIT\u00c9 \u00bb 2026\u00a0: L\u2019initiative sera pr\u00e9sente sur 19 sites \u00e0 Bamako. - Actualit\u00e9s Africaines<\/title>\n<meta name=\"robots\" content=\"index, follow, max-snippet:-1, max-image-preview:large, max-video-preview:-1\" \/>\n<link rel=\"canonical\" href=\"http:\/\/www.africascoop.net\/index.php\/2026\/02\/24\/operation-sounkalo-solidarite-2026-linitiative-sera-presente-sur-19-sites-a-bamako\/\" \/>\n<meta property=\"og:locale\" content=\"fr_FR\" \/>\n<meta property=\"og:type\" content=\"article\" \/>\n<meta property=\"og:title\" content=\"OP\u00c9RATION \u00ab SOUNKALO SOLIDARIT\u00c9 \u00bb 2026\u00a0: L\u2019initiative sera pr\u00e9sente sur 19 sites \u00e0 Bamako. - Actualit\u00e9s Africaines\" \/>\n<meta property=\"og:description\" content=\"Le Premier ministre, le G\u00e9n\u00e9ral de division Abdoulaye Ma\u00efga, a proc\u00e9d\u00e9, le vendredi 20 f\u00e9vrier 2026, au lancement\" \/>\n<meta property=\"og:url\" content=\"http:\/\/www.africascoop.net\/index.php\/2026\/02\/24\/operation-sounkalo-solidarite-2026-linitiative-sera-presente-sur-19-sites-a-bamako\/\" \/>\n<meta property=\"og:site_name\" content=\"Actualit\u00e9s Africaines\" \/>\n<meta property=\"article:published_time\" content=\"2026-02-24T11:40:04+00:00\" \/>\n<meta property=\"article:modified_time\" content=\"2026-02-24T11:40:13+00:00\" \/>\n<meta property=\"og:image\" content=\"https:\/\/www.africascoop.net\/wp-content\/uploads\/2026\/02\/telecharger-8.webp\" \/>\n<meta name=\"author\" content=\"Africascoop\" \/>\n<meta name=\"twitter:card\" content=\"summary_large_image\" \/>\n<meta name=\"twitter:label1\" content=\"\u00c9crit par\" \/>\n\t<meta name=\"twitter:data1\" content=\"Africascoop\" \/>\n\t<meta name=\"twitter:label2\" content=\"Dur\u00e9e de lecture estim\u00e9e\" \/>\n\t<meta name=\"twitter:data2\" content=\"2 minutes\" \/>\n<script type=\"application\/ld+json\" class=\"yoast-schema-graph\">{\"@context\":\"https:\/\/schema.org\",\"@graph\":[{\"@type\":\"Article\",\"@id\":\"http:\/\/www.africascoop.net\/index.php\/2026\/02\/24\/operation-sounkalo-solidarite-2026-linitiative-sera-presente-sur-19-sites-a-bamako\/#article\",\"isPartOf\":{\"@id\":\"http:\/\/www.africascoop.net\/index.php\/2026\/02\/24\/operation-sounkalo-solidarite-2026-linitiative-sera-presente-sur-19-sites-a-bamako\/\"},\"author\":{\"name\":\"Africascoop\",\"@id\":\"https:\/\/www.africascoop.net\/#\/schema\/person\/2cbcc632c110d739d93a6b196c67230a\"},\"headline\":\"OP\u00c9RATION \u00ab SOUNKALO SOLIDARIT\u00c9 \u00bb 2026\u00a0: L\u2019initiative sera pr\u00e9sente sur 19 sites \u00e0 Bamako.\",\"datePublished\":\"2026-02-24T11:40:04+00:00\",\"dateModified\":\"2026-02-24T11:40:13+00:00\",\"mainEntityOfPage\":{\"@id\":\"http:\/\/www.africascoop.net\/index.php\/2026\/02\/24\/operation-sounkalo-solidarite-2026-linitiative-sera-presente-sur-19-sites-a-bamako\/\"},\"wordCount\":369,\"commentCount\":0,\"publisher\":{\"@id\":\"https:\/\/www.africascoop.net\/#organization\"},\"image\":{\"@id\":\"http:\/\/www.africascoop.net\/index.php\/2026\/02\/24\/operation-sounkalo-solidarite-2026-linitiative-sera-presente-sur-19-sites-a-bamako\/#primaryimage\"},\"thumbnailUrl\":\"https:\/\/www.africascoop.net\/wp-content\/uploads\/2026\/02\/telecharger-8.webp\",\"articleSection\":[\"Action Humanitaire\",\"Exclusif\"],\"inLanguage\":\"fr-FR\",\"potentialAction\":[{\"@type\":\"CommentAction\",\"name\":\"Comment\",\"target\":[\"http:\/\/www.africascoop.net\/index.php\/2026\/02\/24\/operation-sounkalo-solidarite-2026-linitiative-sera-presente-sur-19-sites-a-bamako\/#respond\"]}]},{\"@type\":\"WebPage\",\"@id\":\"http:\/\/www.africascoop.net\/index.php\/2026\/02\/24\/operation-sounkalo-solidarite-2026-linitiative-sera-presente-sur-19-sites-a-bamako\/\",\"url\":\"http:\/\/www.africascoop.net\/index.php\/2026\/02\/24\/operation-sounkalo-solidarite-2026-linitiative-sera-presente-sur-19-sites-a-bamako\/\",\"name\":\"OP\u00c9RATION \u00ab SOUNKALO SOLIDARIT\u00c9 \u00bb 2026\u00a0: L\u2019initiative sera pr\u00e9sente sur 19 sites \u00e0 Bamako. - Actualit\u00e9s Africaines\",\"isPartOf\":{\"@id\":\"https:\/\/www.africascoop.net\/#website\"},\"primaryImageOfPage\":{\"@id\":\"http:\/\/www.africascoop.net\/index.php\/2026\/02\/24\/operation-sounkalo-solidarite-2026-linitiative-sera-presente-sur-19-sites-a-bamako\/#primaryimage\"},\"image\":{\"@id\":\"http:\/\/www.africascoop.net\/index.php\/2026\/02\/24\/operation-sounkalo-solidarite-2026-linitiative-sera-presente-sur-19-sites-a-bamako\/#primaryimage\"},\"thumbnailUrl\":\"https:\/\/www.africascoop.net\/wp-content\/uploads\/2026\/02\/telecharger-8.webp\",\"datePublished\":\"2026-02-24T11:40:04+00:00\",\"dateModified\":\"2026-02-24T11:40:13+00:00\",\"breadcrumb\":{\"@id\":\"http:\/\/www.africascoop.net\/index.php\/2026\/02\/24\/operation-sounkalo-solidarite-2026-linitiative-sera-presente-sur-19-sites-a-bamako\/#breadcrumb\"},\"inLanguage\":\"fr-FR\",\"potentialAction\":[{\"@type\":\"ReadAction\",\"target\":[\"http:\/\/www.africascoop.net\/index.php\/2026\/02\/24\/operation-sounkalo-solidarite-2026-linitiative-sera-presente-sur-19-sites-a-bamako\/\"]}]},{\"@type\":\"ImageObject\",\"inLanguage\":\"fr-FR\",\"@id\":\"http:\/\/www.africascoop.net\/index.php\/2026\/02\/24\/operation-sounkalo-solidarite-2026-linitiative-sera-presente-sur-19-sites-a-bamako\/#primaryimage\",\"url\":\"https:\/\/www.africascoop.net\/wp-content\/uploads\/2026\/02\/telecharger-8.webp\",\"contentUrl\":\"https:\/\/www.africascoop.net\/wp-content\/uploads\/2026\/02\/telecharger-8.webp\",\"width\":409,\"height\":273},{\"@type\":\"BreadcrumbList\",\"@id\":\"http:\/\/www.africascoop.net\/index.php\/2026\/02\/24\/operation-sounkalo-solidarite-2026-linitiative-sera-presente-sur-19-sites-a-bamako\/#breadcrumb\",\"itemListElement\":[{\"@type\":\"ListItem\",\"position\":1,\"name\":\"Accueil\",\"item\":\"https:\/\/www.africascoop.net\/\"},{\"@type\":\"ListItem\",\"position\":2,\"name\":\"OP\u00c9RATION \u00ab SOUNKALO SOLIDARIT\u00c9 \u00bb 2026\u00a0: L\u2019initiative sera pr\u00e9sente sur 19 sites \u00e0 Bamako.\"}]},{\"@type\":\"WebSite\",\"@id\":\"https:\/\/www.africascoop.net\/#website\",\"url\":\"https:\/\/www.africascoop.net\/\",\"name\":\"Actualit\u00e9s Africaines\",\"description\":\"\",\"publisher\":{\"@id\":\"https:\/\/www.africascoop.net\/#organization\"},\"potentialAction\":[{\"@type\":\"SearchAction\",\"target\":{\"@type\":\"EntryPoint\",\"urlTemplate\":\"https:\/\/www.africascoop.net\/?s={search_term_string}\"},\"query-input\":{\"@type\":\"PropertyValueSpecification\",\"valueRequired\":true,\"valueName\":\"search_term_string\"}}],\"inLanguage\":\"fr-FR\"},{\"@type\":\"Organization\",\"@id\":\"https:\/\/www.africascoop.net\/#organization\",\"name\":\"Actualit\u00e9s Africaines\",\"url\":\"https:\/\/www.africascoop.net\/\",\"logo\":{\"@type\":\"ImageObject\",\"inLanguage\":\"fr-FR\",\"@id\":\"https:\/\/www.africascoop.net\/#\/schema\/logo\/image\/\",\"url\":\"https:\/\/www.africascoop.net\/wp-content\/uploads\/2025\/09\/cropped-logo-2.jpg\",\"contentUrl\":\"https:\/\/www.africascoop.net\/wp-content\/uploads\/2025\/09\/cropped-logo-2.jpg\",\"width\":945,\"height\":591,\"caption\":\"Actualit\u00e9s Africaines\"},\"image\":{\"@id\":\"https:\/\/www.africascoop.net\/#\/schema\/logo\/image\/\"}},{\"@type\":\"Person\",\"@id\":\"https:\/\/www.africascoop.net\/#\/schema\/person\/2cbcc632c110d739d93a6b196c67230a\",\"name\":\"Africascoop\",\"image\":{\"@type\":\"ImageObject\",\"inLanguage\":\"fr-FR\",\"@id\":\"https:\/\/www.africascoop.net\/#\/schema\/person\/image\/\",\"url\":\"https:\/\/secure.gravatar.com\/avatar\/230d851f5173f64fe9487b948bd2daf02707ef49aea942bc1bdad649c82025b9?s=96&d=mm&r=g\",\"contentUrl\":\"https:\/\/secure.gravatar.com\/avatar\/230d851f5173f64fe9487b948bd2daf02707ef49aea942bc1bdad649c82025b9?s=96&d=mm&r=g\",\"caption\":\"Africascoop\"},\"url\":\"https:\/\/www.africascoop.net\/index.php\/author\/jul\/\"}]}<\/script>\n<!-- \/ Yoast SEO plugin. -->","yoast_head_json":{"title":"OP\u00c9RATION \u00ab SOUNKALO SOLIDARIT\u00c9 \u00bb 2026\u00a0: L\u2019initiative sera pr\u00e9sente sur 19 sites \u00e0 Bamako. - Actualit\u00e9s Africaines","robots":{"index":"index","follow":"follow","max-snippet":"max-snippet:-1","max-image-preview":"max-image-preview:large","max-video-preview":"max-video-preview:-1"},"canonical":"http:\/\/www.africascoop.net\/index.php\/2026\/02\/24\/operation-sounkalo-solidarite-2026-linitiative-sera-presente-sur-19-sites-a-bamako\/","og_locale":"fr_FR","og_type":"article","og_title":"OP\u00c9RATION \u00ab SOUNKALO SOLIDARIT\u00c9 \u00bb 2026\u00a0: L\u2019initiative sera pr\u00e9sente sur 19 sites \u00e0 Bamako. - Actualit\u00e9s Africaines","og_description":"Le Premier ministre, le G\u00e9n\u00e9ral de division Abdoulaye Ma\u00efga, a proc\u00e9d\u00e9, le vendredi 20 f\u00e9vrier 2026, au lancement","og_url":"http:\/\/www.africascoop.net\/index.php\/2026\/02\/24\/operation-sounkalo-solidarite-2026-linitiative-sera-presente-sur-19-sites-a-bamako\/","og_site_name":"Actualit\u00e9s Africaines","article_published_time":"2026-02-24T11:40:04+00:00","article_modified_time":"2026-02-24T11:40:13+00:00","og_image":[{"url":"https:\/\/www.africascoop.net\/wp-content\/uploads\/2026\/02\/telecharger-8.webp","type":"","width":"","height":""}],"author":"Africascoop","twitter_card":"summary_large_image","twitter_misc":{"\u00c9crit par":"Africascoop","Dur\u00e9e de lecture estim\u00e9e":"2 minutes"},"schema":{"@context":"https:\/\/schema.org","@graph":[{"@type":"Article","@id":"http:\/\/www.africascoop.net\/index.php\/2026\/02\/24\/operation-sounkalo-solidarite-2026-linitiative-sera-presente-sur-19-sites-a-bamako\/#article","isPartOf":{"@id":"http:\/\/www.africascoop.net\/index.php\/2026\/02\/24\/operation-sounkalo-solidarite-2026-linitiative-sera-presente-sur-19-sites-a-bamako\/"},"author":{"name":"Africascoop","@id":"https:\/\/www.africascoop.net\/#\/schema\/person\/2cbcc632c110d739d93a6b196c67230a"},"headline":"OP\u00c9RATION \u00ab SOUNKALO SOLIDARIT\u00c9 \u00bb 2026\u00a0: L\u2019initiative sera pr\u00e9sente sur 19 sites \u00e0 Bamako.","datePublished":"2026-02-24T11:40:04+00:00","dateModified":"2026-02-24T11:40:13+00:00","mainEntityOfPage":{"@id":"http:\/\/www.africascoop.net\/index.php\/2026\/02\/24\/operation-sounkalo-solidarite-2026-linitiative-sera-presente-sur-19-sites-a-bamako\/"},"wordCount":369,"commentCount":0,"publisher":{"@id":"https:\/\/www.africascoop.net\/#organization"},"image":{"@id":"http:\/\/www.africascoop.net\/index.php\/2026\/02\/24\/operation-sounkalo-solidarite-2026-linitiative-sera-presente-sur-19-sites-a-bamako\/#primaryimage"},"thumbnailUrl":"https:\/\/www.africascoop.net\/wp-content\/uploads\/2026\/02\/telecharger-8.webp","articleSection":["Action Humanitaire","Exclusif"],"inLanguage":"fr-FR","potentialAction":[{"@type":"CommentAction","name":"Comment","target":["http:\/\/www.africascoop.net\/index.php\/2026\/02\/24\/operation-sounkalo-solidarite-2026-linitiative-sera-presente-sur-19-sites-a-bamako\/#respond"]}]},{"@type":"WebPage","@id":"http:\/\/www.africascoop.net\/index.php\/2026\/02\/24\/operation-sounkalo-solidarite-2026-linitiative-sera-presente-sur-19-sites-a-bamako\/","url":"http:\/\/www.africascoop.net\/index.php\/2026\/02\/24\/operation-sounkalo-solidarite-2026-linitiative-sera-presente-sur-19-sites-a-bamako\/","name":"OP\u00c9RATION \u00ab SOUNKALO SOLIDARIT\u00c9 \u00bb 2026\u00a0: L\u2019initiative sera pr\u00e9sente sur 19 sites \u00e0 Bamako. - Actualit\u00e9s Africaines","isPartOf":{"@id":"https:\/\/www.africascoop.net\/#website"},"primaryImageOfPage":{"@id":"http:\/\/www.africascoop.net\/index.php\/2026\/02\/24\/operation-sounkalo-solidarite-2026-linitiative-sera-presente-sur-19-sites-a-bamako\/#primaryimage"},"image":{"@id":"http:\/\/www.africascoop.net\/index.php\/2026\/02\/24\/operation-sounkalo-solidarite-2026-linitiative-sera-presente-sur-19-sites-a-bamako\/#primaryimage"},"thumbnailUrl":"https:\/\/www.africascoop.net\/wp-content\/uploads\/2026\/02\/telecharger-8.webp","datePublished":"2026-02-24T11:40:04+00:00","dateModified":"2026-02-24T11:40:13+00:00","breadcrumb":{"@id":"http:\/\/www.africascoop.net\/index.php\/2026\/02\/24\/operation-sounkalo-solidarite-2026-linitiative-sera-presente-sur-19-sites-a-bamako\/#breadcrumb"},"inLanguage":"fr-FR","potentialAction":[{"@type":"ReadAction","target":["http:\/\/www.africascoop.net\/index.php\/2026\/02\/24\/operation-sounkalo-solidarite-2026-linitiative-sera-presente-sur-19-sites-a-bamako\/"]}]},{"@type":"ImageObject","inLanguage":"fr-FR","@id":"http:\/\/www.africascoop.net\/index.php\/2026\/02\/24\/operation-sounkalo-solidarite-2026-linitiative-sera-presente-sur-19-sites-a-bamako\/#primaryimage","url":"https:\/\/www.africascoop.net\/wp-content\/uploads\/2026\/02\/telecharger-8.webp","contentUrl":"https:\/\/www.africascoop.net\/wp-content\/uploads\/2026\/02\/telecharger-8.webp","width":409,"height":273},{"@type":"BreadcrumbList","@id":"http:\/\/www.africascoop.net\/index.php\/2026\/02\/24\/operation-sounkalo-solidarite-2026-linitiative-sera-presente-sur-19-sites-a-bamako\/#breadcrumb","itemListElement":[{"@type":"ListItem","position":1,"name":"Accueil","item":"https:\/\/www.africascoop.net\/"},{"@type":"ListItem","position":2,"name":"OP\u00c9RATION \u00ab SOUNKALO SOLIDARIT\u00c9 \u00bb 2026\u00a0: L\u2019initiative sera pr\u00e9sente sur 19 sites \u00e0 Bamako."}]},{"@type":"WebSite","@id":"https:\/\/www.africascoop.net\/#website","url":"https:\/\/www.africascoop.net\/","name":"Actualit\u00e9s Africaines","description":"","publisher":{"@id":"https:\/\/www.africascoop.net\/#organization"},"potentialAction":[{"@type":"SearchAction","target":{"@type":"EntryPoint","urlTemplate":"https:\/\/www.africascoop.net\/?s={search_term_string}"},"query-input":{"@type":"PropertyValueSpecification","valueRequired":true,"valueName":"search_term_string"}}],"inLanguage":"fr-FR"},{"@type":"Organization","@id":"https:\/\/www.africascoop.net\/#organization","name":"Actualit\u00e9s Africaines","url":"https:\/\/www.africascoop.net\/","logo":{"@type":"ImageObject","inLanguage":"fr-FR","@id":"https:\/\/www.africascoop.net\/#\/schema\/logo\/image\/","url":"https:\/\/www.africascoop.net\/wp-content\/uploads\/2025\/09\/cropped-logo-2.jpg","contentUrl":"https:\/\/www.africascoop.net\/wp-content\/uploads\/2025\/09\/cropped-logo-2.jpg","width":945,"height":591,"caption":"Actualit\u00e9s Africaines"},"image":{"@id":"https:\/\/www.africascoop.net\/#\/schema\/logo\/image\/"}},{"@type":"Person","@id":"https:\/\/www.africascoop.net\/#\/schema\/person\/2cbcc632c110d739d93a6b196c67230a","name":"Africascoop","image":{"@type":"ImageObject","inLanguage":"fr-FR","@id":"https:\/\/www.africascoop.net\/#\/schema\/person\/image\/","url":"https:\/\/secure.gravatar.com\/avatar\/230d851f5173f64fe9487b948bd2daf02707ef49aea942bc1bdad649c82025b9?s=96&d=mm&r=g","contentUrl":"https:\/\/secure.gravatar.com\/avatar\/230d851f5173f64fe9487b948bd2daf02707ef49aea942bc1bdad649c82025b9?s=96&d=mm&r=g","caption":"Africascoop"},"url":"https:\/\/www.africascoop.net\/index.php\/author\/jul\/"}]}},"_links":{"self":[{"href":"https:\/\/www.africascoop.net\/index.php\/wp-json\/wp\/v2\/posts\/1478","targetHints":{"allow":["GET"]}}],"collection":[{"href":"https:\/\/www.africascoop.net\/index.php\/wp-json\/wp\/v2\/posts"}],"about":[{"href":"https:\/\/www.africascoop.net\/index.php\/wp-json\/wp\/v2\/types\/post"}],"author":[{"embeddable":true,"href":"https:\/\/www.africascoop.net\/index.php\/wp-json\/wp\/v2\/users\/3"}],"replies":[{"embeddable":true,"href":"https:\/\/www.africascoop.net\/index.php\/wp-json\/wp\/v2\/comments?post=1478"}],"version-history":[{"count":1,"href":"https:\/\/www.africascoop.net\/index.php\/wp-json\/wp\/v2\/posts\/1478\/revisions"}],"predecessor-version":[{"id":1480,"href":"https:\/\/www.africascoop.net\/index.php\/wp-json\/wp\/v2\/posts\/1478\/revisions\/1480"}],"wp:attachment":[{"href":"https:\/\/www.africascoop.net\/index.php\/wp-json\/wp\/v2\/media?parent=1478"}],"wp:term":[{"taxonomy":"category","embeddable":true,"href":"https:\/\/www.africascoop.net\/index.php\/wp-json\/wp\/v2\/categories?post=1478"},{"taxonomy":"post_tag","embeddable":true,"href":"https:\/\/www.africascoop.net\/index.php\/wp-json\/wp\/v2\/tags?post=1478"}],"curies":[{"name":"wp","href":"https:\/\/api.w.org\/{rel}","templated":true}]}}