{"id":1481,"date":"2026-02-25T10:52:03","date_gmt":"2026-02-25T10:52:03","guid":{"rendered":"https:\/\/www.africascoop.net\/?p=1481"},"modified":"2026-02-25T10:52:08","modified_gmt":"2026-02-25T10:52:08","slug":"financement-agricole-lombre-dun-audit-sur-le-projet-inclusif","status":"publish","type":"post","link":"https:\/\/www.africascoop.net\/index.php\/2026\/02\/25\/financement-agricole-lombre-dun-audit-sur-le-projet-inclusif\/","title":{"rendered":"FINANCEMENT AGRICOLE\u00a0: L\u2019ombre d\u2019un audit sur le projet INCLUSIF"},"content":{"rendered":"\n<figure class=\"wp-block-image size-full is-resized\"><img loading=\"lazy\" decoding=\"async\" width=\"372\" height=\"270\" src=\"https:\/\/www.africascoop.net\/wp-content\/uploads\/2026\/02\/OIF.webp\" alt=\"\" class=\"wp-image-1482\" style=\"aspect-ratio:1.3777996411829387;width:740px;height:auto\" srcset=\"https:\/\/www.africascoop.net\/wp-content\/uploads\/2026\/02\/OIF.webp 372w, https:\/\/www.africascoop.net\/wp-content\/uploads\/2026\/02\/OIF-300x218.webp 300w\" sizes=\"auto, (max-width: 372px) 100vw, 372px\" \/><\/figure>\n\n\n\n<p><strong><em>Le Projet de financement inclusif des fili\u00e8res agricoles du Mali (INCLUSIF), pr\u00e9sent\u00e9 comme un levier strat\u00e9gique pour faciliter l\u2019acc\u00e8s au cr\u00e9dit des petits producteurs, traverse une zone de turbulences. Dans un rapport rendu public le 17 f\u00e9vrier, le Bureau du V\u00e9rificateur G\u00e9n\u00e9ral (BVG) met en lumi\u00e8re d\u2019importantes irr\u00e9gularit\u00e9s financi\u00e8res et administratives relev\u00e9es au terme d\u2019une mission couvrant la p\u00e9riode 2021-2025.<\/em><\/strong><\/p>\n\n\n\n<p>Selon les conclusions de l\u2019audit, le projet a mobilis\u00e9 un peu plus de 32,35 milliards de FCFA sur une enveloppe pr\u00e9visionnelle d\u00e9passant 42,34 milliards, soit un taux d\u2019ex\u00e9cution financi\u00e8re de 76 %. Si ce volume de ressources engag\u00e9es demeure cons\u00e9quent, l\u2019\u00e9cart de pr\u00e8s de 10 milliards de FCFA par rapport aux pr\u00e9visions initiales interroge sur la planification et la mobilisation des financements attendus.<\/p>\n\n\n\n<p>L\u2019initiative, soutenue par l\u2019\u00c9tat malien et plusieurs partenaires techniques et financiers, ambitionne d\u2019atteindre 440 000 b\u00e9n\u00e9ficiaires directs, en particulier des exploitants agricoles \u00e0 petite \u00e9chelle, des femmes et des jeunes en milieu rural dans les r\u00e9gions de Kayes, Koulikoro, Sikasso, S\u00e9gou et Mopti. Au 30 septembre 2025, le dispositif op\u00e9rationnel comptait 57 agents, dont 10 femmes, r\u00e9partis entre la coordination nationale et les antennes r\u00e9gionales.<\/p>\n\n\n\n<p>Mais au-del\u00e0 de ces donn\u00e9es structurelles, le rapport du BVG met en \u00e9vidence des pratiques jug\u00e9es contraires aux r\u00e8gles en vigueur. Des contrats de travail comporteraient des clauses non conformes au Code du travail, notamment en ce qui concerne la dur\u00e9e de la p\u00e9riode d\u2019essai et du pr\u00e9avis. Ces dispositions, fix\u00e9es \u00e0 trois mois dans certains cas au lieu d\u2019un mois comme le pr\u00e9voit la r\u00e9glementation, pourraient exposer le projet \u00e0 d\u2019\u00e9ventuels litiges.<\/p>\n\n\n\n<p>La proc\u00e9dure de recrutement n\u2019a pas non plus \u00e9t\u00e9 exempte de critiques. Trois agents auraient \u00e9t\u00e9 engag\u00e9s sans appel \u00e0 candidatures, en contradiction avec les principes de transparence et d\u2019\u00e9galit\u00e9 d\u2019acc\u00e8s aux emplois financ\u00e9s sur fonds publics ou assimil\u00e9s. Pour le V\u00e9rificateur g\u00e9n\u00e9ral, ce type de pratique fragilise la cr\u00e9dibilit\u00e9 du dispositif.<\/p>\n\n\n\n<p>Sur le plan financier, les anomalies relev\u00e9es portent notamment sur les op\u00e9rations de refinancement des Syst\u00e8mes financiers d\u00e9centralis\u00e9s (SFD), les subventions accord\u00e9es aux organisations paysannes ainsi que les paiements effectu\u00e9s au profit d\u2019ONG et de cabinets partenaires. L\u2019audit fait \u00e9tat de montants non rembours\u00e9s, de fonds dont l\u2019utilisation n\u2019a pas \u00e9t\u00e9 justifi\u00e9e et d\u2019irr\u00e9gularit\u00e9s fiscales li\u00e9es, entre autres, \u00e0 la TVA et \u00e0 des imp\u00f4ts non revers\u00e9s.<\/p>\n\n\n\n<p>Un cas particulier concerne l\u2019Association M\u00e8res et Enfants du Monde (AMEN). Le coordinateur et le comptable de cette structure sont mis en cause pour la production de factures pr\u00e9sum\u00e9es fictives destin\u00e9es \u00e0 justifier des d\u00e9penses de restauration \u00e9valu\u00e9es \u00e0 plus de 105 millions de FCFA.<\/p>\n\n\n\n<p>Au total, le montant des irr\u00e9gularit\u00e9s financi\u00e8res identifi\u00e9es s\u2019\u00e9l\u00e8ve \u00e0 1 687 033 245 FCFA. Face \u00e0 la gravit\u00e9 de certains faits, le Bureau du V\u00e9rificateur G\u00e9n\u00e9ral a transmis trois dossiers au pr\u00e9sident de la Section des comptes de la Cour supr\u00eame ainsi qu\u2019au Procureur de la R\u00e9publique pr\u00e8s le P\u00f4le \u00e9conomique et financier. Les dossiers concernent notamment le non-remboursement de fonds destin\u00e9s au refinancement des SFD, la non-justification de plus d\u2019un milliard de FCFA li\u00e9s \u00e0 ces op\u00e9rations et l\u2019usage pr\u00e9sum\u00e9 de fausses factures.<\/p>\n\n\n\n<p>Le BVG formule par ailleurs plusieurs recommandations pour renforcer les m\u00e9canismes de contr\u00f4le interne et corriger les dysfonctionnements constat\u00e9s. Au-del\u00e0 des suites judiciaires \u00e9ventuelles, cette affaire pose la question de la gouvernance des projets de d\u00e9veloppement et de la confiance des partenaires et des b\u00e9n\u00e9ficiaires dans les m\u00e9canismes d\u2019inclusion financi\u00e8re. Dans un contexte o\u00f9 l\u2019acc\u00e8s au financement demeure un d\u00e9fi majeur pour le monde rural, la transparence et la rigueur apparaissent plus que jamais comme des conditions essentielles \u00e0 la r\u00e9ussite des politiques publiques.<\/p>\n\n\n\n<p>Par Abdrahamane Baba Kouyat\u00e9<\/p>\n","protected":false},"excerpt":{"rendered":"<p>Le Projet de financement inclusif des fili\u00e8res agricoles du Mali (INCLUSIF), pr\u00e9sent\u00e9 comme un levier strat\u00e9gique pour faciliter<\/p>\n","protected":false},"author":3,"featured_media":0,"comment_status":"open","ping_status":"open","sticky":false,"template":"","format":"standard","meta":{"footnotes":""},"categories":[36,42],"tags":[],"class_list":["post-1481","post","type-post","status-publish","format-standard","hentry","category-exclusif","category-justice"],"yoast_head":"<!-- This site is optimized with the Yoast SEO plugin v26.0 - https:\/\/yoast.com\/wordpress\/plugins\/seo\/ -->\n<title>FINANCEMENT AGRICOLE\u00a0: L\u2019ombre d\u2019un audit sur le projet INCLUSIF - Actualit\u00e9s Africaines<\/title>\n<meta name=\"robots\" content=\"index, follow, max-snippet:-1, max-image-preview:large, max-video-preview:-1\" \/>\n<link rel=\"canonical\" href=\"http:\/\/www.africascoop.net\/index.php\/2026\/02\/25\/financement-agricole-lombre-dun-audit-sur-le-projet-inclusif\/\" \/>\n<meta property=\"og:locale\" content=\"fr_FR\" \/>\n<meta property=\"og:type\" content=\"article\" \/>\n<meta property=\"og:title\" content=\"FINANCEMENT AGRICOLE\u00a0: L\u2019ombre d\u2019un audit sur le projet INCLUSIF - Actualit\u00e9s Africaines\" \/>\n<meta property=\"og:description\" content=\"Le Projet de financement inclusif des fili\u00e8res agricoles du Mali (INCLUSIF), pr\u00e9sent\u00e9 comme un levier strat\u00e9gique pour faciliter\" \/>\n<meta property=\"og:url\" content=\"http:\/\/www.africascoop.net\/index.php\/2026\/02\/25\/financement-agricole-lombre-dun-audit-sur-le-projet-inclusif\/\" \/>\n<meta property=\"og:site_name\" content=\"Actualit\u00e9s Africaines\" \/>\n<meta property=\"article:published_time\" content=\"2026-02-25T10:52:03+00:00\" \/>\n<meta property=\"article:modified_time\" content=\"2026-02-25T10:52:08+00:00\" \/>\n<meta property=\"og:image\" content=\"https:\/\/www.africascoop.net\/wp-content\/uploads\/2026\/02\/OIF.webp\" \/>\n<meta name=\"author\" content=\"Africascoop\" \/>\n<meta name=\"twitter:card\" content=\"summary_large_image\" \/>\n<meta name=\"twitter:label1\" content=\"\u00c9crit par\" \/>\n\t<meta name=\"twitter:data1\" content=\"Africascoop\" \/>\n\t<meta name=\"twitter:label2\" content=\"Dur\u00e9e de lecture estim\u00e9e\" \/>\n\t<meta name=\"twitter:data2\" content=\"4 minutes\" \/>\n<script type=\"application\/ld+json\" class=\"yoast-schema-graph\">{\"@context\":\"https:\/\/schema.org\",\"@graph\":[{\"@type\":\"Article\",\"@id\":\"http:\/\/www.africascoop.net\/index.php\/2026\/02\/25\/financement-agricole-lombre-dun-audit-sur-le-projet-inclusif\/#article\",\"isPartOf\":{\"@id\":\"http:\/\/www.africascoop.net\/index.php\/2026\/02\/25\/financement-agricole-lombre-dun-audit-sur-le-projet-inclusif\/\"},\"author\":{\"name\":\"Africascoop\",\"@id\":\"https:\/\/www.africascoop.net\/#\/schema\/person\/2cbcc632c110d739d93a6b196c67230a\"},\"headline\":\"FINANCEMENT AGRICOLE\u00a0: L\u2019ombre d\u2019un audit sur le projet INCLUSIF\",\"datePublished\":\"2026-02-25T10:52:03+00:00\",\"dateModified\":\"2026-02-25T10:52:08+00:00\",\"mainEntityOfPage\":{\"@id\":\"http:\/\/www.africascoop.net\/index.php\/2026\/02\/25\/financement-agricole-lombre-dun-audit-sur-le-projet-inclusif\/\"},\"wordCount\":703,\"commentCount\":0,\"publisher\":{\"@id\":\"https:\/\/www.africascoop.net\/#organization\"},\"image\":{\"@id\":\"http:\/\/www.africascoop.net\/index.php\/2026\/02\/25\/financement-agricole-lombre-dun-audit-sur-le-projet-inclusif\/#primaryimage\"},\"thumbnailUrl\":\"https:\/\/www.africascoop.net\/wp-content\/uploads\/2026\/02\/OIF.webp\",\"articleSection\":[\"Exclusif\",\"Justice\"],\"inLanguage\":\"fr-FR\",\"potentialAction\":[{\"@type\":\"CommentAction\",\"name\":\"Comment\",\"target\":[\"http:\/\/www.africascoop.net\/index.php\/2026\/02\/25\/financement-agricole-lombre-dun-audit-sur-le-projet-inclusif\/#respond\"]}]},{\"@type\":\"WebPage\",\"@id\":\"http:\/\/www.africascoop.net\/index.php\/2026\/02\/25\/financement-agricole-lombre-dun-audit-sur-le-projet-inclusif\/\",\"url\":\"http:\/\/www.africascoop.net\/index.php\/2026\/02\/25\/financement-agricole-lombre-dun-audit-sur-le-projet-inclusif\/\",\"name\":\"FINANCEMENT AGRICOLE\u00a0: L\u2019ombre d\u2019un audit sur le projet INCLUSIF - Actualit\u00e9s Africaines\",\"isPartOf\":{\"@id\":\"https:\/\/www.africascoop.net\/#website\"},\"primaryImageOfPage\":{\"@id\":\"http:\/\/www.africascoop.net\/index.php\/2026\/02\/25\/financement-agricole-lombre-dun-audit-sur-le-projet-inclusif\/#primaryimage\"},\"image\":{\"@id\":\"http:\/\/www.africascoop.net\/index.php\/2026\/02\/25\/financement-agricole-lombre-dun-audit-sur-le-projet-inclusif\/#primaryimage\"},\"thumbnailUrl\":\"https:\/\/www.africascoop.net\/wp-content\/uploads\/2026\/02\/OIF.webp\",\"datePublished\":\"2026-02-25T10:52:03+00:00\",\"dateModified\":\"2026-02-25T10:52:08+00:00\",\"breadcrumb\":{\"@id\":\"http:\/\/www.africascoop.net\/index.php\/2026\/02\/25\/financement-agricole-lombre-dun-audit-sur-le-projet-inclusif\/#breadcrumb\"},\"inLanguage\":\"fr-FR\",\"potentialAction\":[{\"@type\":\"ReadAction\",\"target\":[\"http:\/\/www.africascoop.net\/index.php\/2026\/02\/25\/financement-agricole-lombre-dun-audit-sur-le-projet-inclusif\/\"]}]},{\"@type\":\"ImageObject\",\"inLanguage\":\"fr-FR\",\"@id\":\"http:\/\/www.africascoop.net\/index.php\/2026\/02\/25\/financement-agricole-lombre-dun-audit-sur-le-projet-inclusif\/#primaryimage\",\"url\":\"https:\/\/www.africascoop.net\/wp-content\/uploads\/2026\/02\/OIF.webp\",\"contentUrl\":\"https:\/\/www.africascoop.net\/wp-content\/uploads\/2026\/02\/OIF.webp\",\"width\":372,\"height\":270},{\"@type\":\"BreadcrumbList\",\"@id\":\"http:\/\/www.africascoop.net\/index.php\/2026\/02\/25\/financement-agricole-lombre-dun-audit-sur-le-projet-inclusif\/#breadcrumb\",\"itemListElement\":[{\"@type\":\"ListItem\",\"position\":1,\"name\":\"Accueil\",\"item\":\"https:\/\/www.africascoop.net\/\"},{\"@type\":\"ListItem\",\"position\":2,\"name\":\"FINANCEMENT AGRICOLE\u00a0: L\u2019ombre d\u2019un audit sur le projet INCLUSIF\"}]},{\"@type\":\"WebSite\",\"@id\":\"https:\/\/www.africascoop.net\/#website\",\"url\":\"https:\/\/www.africascoop.net\/\",\"name\":\"Actualit\u00e9s Africaines\",\"description\":\"\",\"publisher\":{\"@id\":\"https:\/\/www.africascoop.net\/#organization\"},\"potentialAction\":[{\"@type\":\"SearchAction\",\"target\":{\"@type\":\"EntryPoint\",\"urlTemplate\":\"https:\/\/www.africascoop.net\/?s={search_term_string}\"},\"query-input\":{\"@type\":\"PropertyValueSpecification\",\"valueRequired\":true,\"valueName\":\"search_term_string\"}}],\"inLanguage\":\"fr-FR\"},{\"@type\":\"Organization\",\"@id\":\"https:\/\/www.africascoop.net\/#organization\",\"name\":\"Actualit\u00e9s Africaines\",\"url\":\"https:\/\/www.africascoop.net\/\",\"logo\":{\"@type\":\"ImageObject\",\"inLanguage\":\"fr-FR\",\"@id\":\"https:\/\/www.africascoop.net\/#\/schema\/logo\/image\/\",\"url\":\"https:\/\/www.africascoop.net\/wp-content\/uploads\/2025\/09\/cropped-logo-2.jpg\",\"contentUrl\":\"https:\/\/www.africascoop.net\/wp-content\/uploads\/2025\/09\/cropped-logo-2.jpg\",\"width\":945,\"height\":591,\"caption\":\"Actualit\u00e9s Africaines\"},\"image\":{\"@id\":\"https:\/\/www.africascoop.net\/#\/schema\/logo\/image\/\"}},{\"@type\":\"Person\",\"@id\":\"https:\/\/www.africascoop.net\/#\/schema\/person\/2cbcc632c110d739d93a6b196c67230a\",\"name\":\"Africascoop\",\"image\":{\"@type\":\"ImageObject\",\"inLanguage\":\"fr-FR\",\"@id\":\"https:\/\/www.africascoop.net\/#\/schema\/person\/image\/\",\"url\":\"https:\/\/secure.gravatar.com\/avatar\/230d851f5173f64fe9487b948bd2daf02707ef49aea942bc1bdad649c82025b9?s=96&d=mm&r=g\",\"contentUrl\":\"https:\/\/secure.gravatar.com\/avatar\/230d851f5173f64fe9487b948bd2daf02707ef49aea942bc1bdad649c82025b9?s=96&d=mm&r=g\",\"caption\":\"Africascoop\"},\"url\":\"https:\/\/www.africascoop.net\/index.php\/author\/jul\/\"}]}<\/script>\n<!-- \/ Yoast SEO plugin. -->","yoast_head_json":{"title":"FINANCEMENT AGRICOLE\u00a0: L\u2019ombre d\u2019un audit sur le projet INCLUSIF - Actualit\u00e9s Africaines","robots":{"index":"index","follow":"follow","max-snippet":"max-snippet:-1","max-image-preview":"max-image-preview:large","max-video-preview":"max-video-preview:-1"},"canonical":"http:\/\/www.africascoop.net\/index.php\/2026\/02\/25\/financement-agricole-lombre-dun-audit-sur-le-projet-inclusif\/","og_locale":"fr_FR","og_type":"article","og_title":"FINANCEMENT AGRICOLE\u00a0: L\u2019ombre d\u2019un audit sur le projet INCLUSIF - Actualit\u00e9s Africaines","og_description":"Le Projet de financement inclusif des fili\u00e8res agricoles du Mali (INCLUSIF), pr\u00e9sent\u00e9 comme un levier strat\u00e9gique pour faciliter","og_url":"http:\/\/www.africascoop.net\/index.php\/2026\/02\/25\/financement-agricole-lombre-dun-audit-sur-le-projet-inclusif\/","og_site_name":"Actualit\u00e9s Africaines","article_published_time":"2026-02-25T10:52:03+00:00","article_modified_time":"2026-02-25T10:52:08+00:00","og_image":[{"url":"https:\/\/www.africascoop.net\/wp-content\/uploads\/2026\/02\/OIF.webp","type":"","width":"","height":""}],"author":"Africascoop","twitter_card":"summary_large_image","twitter_misc":{"\u00c9crit par":"Africascoop","Dur\u00e9e de lecture estim\u00e9e":"4 minutes"},"schema":{"@context":"https:\/\/schema.org","@graph":[{"@type":"Article","@id":"http:\/\/www.africascoop.net\/index.php\/2026\/02\/25\/financement-agricole-lombre-dun-audit-sur-le-projet-inclusif\/#article","isPartOf":{"@id":"http:\/\/www.africascoop.net\/index.php\/2026\/02\/25\/financement-agricole-lombre-dun-audit-sur-le-projet-inclusif\/"},"author":{"name":"Africascoop","@id":"https:\/\/www.africascoop.net\/#\/schema\/person\/2cbcc632c110d739d93a6b196c67230a"},"headline":"FINANCEMENT AGRICOLE\u00a0: L\u2019ombre d\u2019un audit sur le projet INCLUSIF","datePublished":"2026-02-25T10:52:03+00:00","dateModified":"2026-02-25T10:52:08+00:00","mainEntityOfPage":{"@id":"http:\/\/www.africascoop.net\/index.php\/2026\/02\/25\/financement-agricole-lombre-dun-audit-sur-le-projet-inclusif\/"},"wordCount":703,"commentCount":0,"publisher":{"@id":"https:\/\/www.africascoop.net\/#organization"},"image":{"@id":"http:\/\/www.africascoop.net\/index.php\/2026\/02\/25\/financement-agricole-lombre-dun-audit-sur-le-projet-inclusif\/#primaryimage"},"thumbnailUrl":"https:\/\/www.africascoop.net\/wp-content\/uploads\/2026\/02\/OIF.webp","articleSection":["Exclusif","Justice"],"inLanguage":"fr-FR","potentialAction":[{"@type":"CommentAction","name":"Comment","target":["http:\/\/www.africascoop.net\/index.php\/2026\/02\/25\/financement-agricole-lombre-dun-audit-sur-le-projet-inclusif\/#respond"]}]},{"@type":"WebPage","@id":"http:\/\/www.africascoop.net\/index.php\/2026\/02\/25\/financement-agricole-lombre-dun-audit-sur-le-projet-inclusif\/","url":"http:\/\/www.africascoop.net\/index.php\/2026\/02\/25\/financement-agricole-lombre-dun-audit-sur-le-projet-inclusif\/","name":"FINANCEMENT AGRICOLE\u00a0: L\u2019ombre d\u2019un audit sur le projet INCLUSIF - Actualit\u00e9s Africaines","isPartOf":{"@id":"https:\/\/www.africascoop.net\/#website"},"primaryImageOfPage":{"@id":"http:\/\/www.africascoop.net\/index.php\/2026\/02\/25\/financement-agricole-lombre-dun-audit-sur-le-projet-inclusif\/#primaryimage"},"image":{"@id":"http:\/\/www.africascoop.net\/index.php\/2026\/02\/25\/financement-agricole-lombre-dun-audit-sur-le-projet-inclusif\/#primaryimage"},"thumbnailUrl":"https:\/\/www.africascoop.net\/wp-content\/uploads\/2026\/02\/OIF.webp","datePublished":"2026-02-25T10:52:03+00:00","dateModified":"2026-02-25T10:52:08+00:00","breadcrumb":{"@id":"http:\/\/www.africascoop.net\/index.php\/2026\/02\/25\/financement-agricole-lombre-dun-audit-sur-le-projet-inclusif\/#breadcrumb"},"inLanguage":"fr-FR","potentialAction":[{"@type":"ReadAction","target":["http:\/\/www.africascoop.net\/index.php\/2026\/02\/25\/financement-agricole-lombre-dun-audit-sur-le-projet-inclusif\/"]}]},{"@type":"ImageObject","inLanguage":"fr-FR","@id":"http:\/\/www.africascoop.net\/index.php\/2026\/02\/25\/financement-agricole-lombre-dun-audit-sur-le-projet-inclusif\/#primaryimage","url":"https:\/\/www.africascoop.net\/wp-content\/uploads\/2026\/02\/OIF.webp","contentUrl":"https:\/\/www.africascoop.net\/wp-content\/uploads\/2026\/02\/OIF.webp","width":372,"height":270},{"@type":"BreadcrumbList","@id":"http:\/\/www.africascoop.net\/index.php\/2026\/02\/25\/financement-agricole-lombre-dun-audit-sur-le-projet-inclusif\/#breadcrumb","itemListElement":[{"@type":"ListItem","position":1,"name":"Accueil","item":"https:\/\/www.africascoop.net\/"},{"@type":"ListItem","position":2,"name":"FINANCEMENT AGRICOLE\u00a0: L\u2019ombre d\u2019un audit sur le projet INCLUSIF"}]},{"@type":"WebSite","@id":"https:\/\/www.africascoop.net\/#website","url":"https:\/\/www.africascoop.net\/","name":"Actualit\u00e9s Africaines","description":"","publisher":{"@id":"https:\/\/www.africascoop.net\/#organization"},"potentialAction":[{"@type":"SearchAction","target":{"@type":"EntryPoint","urlTemplate":"https:\/\/www.africascoop.net\/?s={search_term_string}"},"query-input":{"@type":"PropertyValueSpecification","valueRequired":true,"valueName":"search_term_string"}}],"inLanguage":"fr-FR"},{"@type":"Organization","@id":"https:\/\/www.africascoop.net\/#organization","name":"Actualit\u00e9s Africaines","url":"https:\/\/www.africascoop.net\/","logo":{"@type":"ImageObject","inLanguage":"fr-FR","@id":"https:\/\/www.africascoop.net\/#\/schema\/logo\/image\/","url":"https:\/\/www.africascoop.net\/wp-content\/uploads\/2025\/09\/cropped-logo-2.jpg","contentUrl":"https:\/\/www.africascoop.net\/wp-content\/uploads\/2025\/09\/cropped-logo-2.jpg","width":945,"height":591,"caption":"Actualit\u00e9s Africaines"},"image":{"@id":"https:\/\/www.africascoop.net\/#\/schema\/logo\/image\/"}},{"@type":"Person","@id":"https:\/\/www.africascoop.net\/#\/schema\/person\/2cbcc632c110d739d93a6b196c67230a","name":"Africascoop","image":{"@type":"ImageObject","inLanguage":"fr-FR","@id":"https:\/\/www.africascoop.net\/#\/schema\/person\/image\/","url":"https:\/\/secure.gravatar.com\/avatar\/230d851f5173f64fe9487b948bd2daf02707ef49aea942bc1bdad649c82025b9?s=96&d=mm&r=g","contentUrl":"https:\/\/secure.gravatar.com\/avatar\/230d851f5173f64fe9487b948bd2daf02707ef49aea942bc1bdad649c82025b9?s=96&d=mm&r=g","caption":"Africascoop"},"url":"https:\/\/www.africascoop.net\/index.php\/author\/jul\/"}]}},"_links":{"self":[{"href":"https:\/\/www.africascoop.net\/index.php\/wp-json\/wp\/v2\/posts\/1481","targetHints":{"allow":["GET"]}}],"collection":[{"href":"https:\/\/www.africascoop.net\/index.php\/wp-json\/wp\/v2\/posts"}],"about":[{"href":"https:\/\/www.africascoop.net\/index.php\/wp-json\/wp\/v2\/types\/post"}],"author":[{"embeddable":true,"href":"https:\/\/www.africascoop.net\/index.php\/wp-json\/wp\/v2\/users\/3"}],"replies":[{"embeddable":true,"href":"https:\/\/www.africascoop.net\/index.php\/wp-json\/wp\/v2\/comments?post=1481"}],"version-history":[{"count":1,"href":"https:\/\/www.africascoop.net\/index.php\/wp-json\/wp\/v2\/posts\/1481\/revisions"}],"predecessor-version":[{"id":1483,"href":"https:\/\/www.africascoop.net\/index.php\/wp-json\/wp\/v2\/posts\/1481\/revisions\/1483"}],"wp:attachment":[{"href":"https:\/\/www.africascoop.net\/index.php\/wp-json\/wp\/v2\/media?parent=1481"}],"wp:term":[{"taxonomy":"category","embeddable":true,"href":"https:\/\/www.africascoop.net\/index.php\/wp-json\/wp\/v2\/categories?post=1481"},{"taxonomy":"post_tag","embeddable":true,"href":"https:\/\/www.africascoop.net\/index.php\/wp-json\/wp\/v2\/tags?post=1481"}],"curies":[{"name":"wp","href":"https:\/\/api.w.org\/{rel}","templated":true}]}}