{"id":1574,"date":"2026-03-12T15:45:08","date_gmt":"2026-03-12T15:45:08","guid":{"rendered":"https:\/\/www.africascoop.net\/?p=1574"},"modified":"2026-03-12T15:45:11","modified_gmt":"2026-03-12T15:45:11","slug":"crises-deau-dessence-et-delectricite-les-populations-de-bandiagara-interpellent-les-autorites","status":"publish","type":"post","link":"https:\/\/www.africascoop.net\/index.php\/2026\/03\/12\/crises-deau-dessence-et-delectricite-les-populations-de-bandiagara-interpellent-les-autorites\/","title":{"rendered":"Crises d\u2019eau, d\u2019essence et d\u2019\u00e9lectricit\u00e9\u00a0: Les populations de Bandiagara interpellent les autorit\u00e9s"},"content":{"rendered":"\n<figure class=\"wp-block-image size-full is-resized\"><img loading=\"lazy\" decoding=\"async\" width=\"334\" height=\"270\" src=\"https:\/\/www.africascoop.net\/wp-content\/uploads\/2026\/03\/telecharger0.webp\" alt=\"\" class=\"wp-image-1575\" style=\"aspect-ratio:1.23705075525204;width:739px;height:auto\" srcset=\"https:\/\/www.africascoop.net\/wp-content\/uploads\/2026\/03\/telecharger0.webp 334w, https:\/\/www.africascoop.net\/wp-content\/uploads\/2026\/03\/telecharger0-300x243.webp 300w\" sizes=\"auto, (max-width: 334px) 100vw, 334px\" \/><\/figure>\n\n\n\n<p><strong><em>Depuis plusieurs mois, la ville de Bandiagara fait face \u00e0 de graves crises d\u2019eau, d\u2019essence, d\u2019\u00e9lectricit\u00e9 et d\u2019ins\u00e9curit\u00e9. Ces difficult\u00e9s, per\u00e7ues comme de v\u00e9ritables obstacles au d\u00e9veloppement de la r\u00e9gion, ont \u00e9t\u00e9 \u00e9voqu\u00e9es par plusieurs habitants rencontr\u00e9s dans la ville, dont la pr\u00e9sidente du Conseil r\u00e9gional de la soci\u00e9t\u00e9 civile.<\/em><\/strong><\/p>\n\n\n\n<p>Selon certains habitants, la ville de Bandiagara ne b\u00e9n\u00e9ficie que de trois (3) heures d\u2019\u00e9lectricit\u00e9 sur vingt-quatre (24). La p\u00e9nurie d\u2019eau est \u00e9galement visible dans les rues, o\u00f9 l\u2019on aper\u00e7oit souvent des enfants portant des bidons de 20 litres \u00e0 la recherche d\u2019eau, les robinets cens\u00e9s approvisionner la ville \u00e9tant \u00e0 sec.<\/p>\n\n\n\n<p>C\u2019est dans ce contexte que, lors du lancement de la Journ\u00e9e internationale des droits des femmes tenues dans la ville, la pr\u00e9sidente du Conseil r\u00e9gional de la soci\u00e9t\u00e9 civile n\u2019a pas h\u00e9sit\u00e9 \u00e0 \u00e9voquer ces diff\u00e9rentes crises devant le Premier ministre. Selon elle, malgr\u00e9 des avanc\u00e9es notables, Bandiagara continue de faire face \u00e0 des difficult\u00e9s qui affectent gravement le quotidien des populations.<\/p>\n\n\n\n<p>\u00c0 l\u2019en croire, la principale pr\u00e9occupation demeure l\u2019ins\u00e9curit\u00e9 persistante, marqu\u00e9e par des attaques contre des populations d\u00e9j\u00e0 vuln\u00e9rables, le vol de b\u00e9tail, la destruction d\u2019habitations et les d\u00e9placements forc\u00e9s de nombreuses familles.<\/p>\n\n\n\n<p>Face \u00e0 cette situation, les populations de Bandiagara demandent respectueusement le renforcement des effectifs des Forces arm\u00e9es maliennes dans la r\u00e9gion ; la cr\u00e9ation ou le renforcement de camps militaires dans les grandes villes telles que Bandiagara, Bankass, Koro et S\u00e9gue ; l\u2019installation d\u2019un dispositif s\u00e9curitaire renforc\u00e9 entre Songobia et Parou.<\/p>\n\n\n\n<p>Elle a \u00e9galement demand\u00e9 aux autorit\u00e9s maliennes d\u2019acc\u00e9l\u00e9rer le processus de DDR, d\u2019augmenter les effectifs des forces de s\u00e9curit\u00e9 et d\u2019assister les populations vuln\u00e9rables, notamment les personnes d\u00e9plac\u00e9es internes et les r\u00e9fugi\u00e9s.<\/p>\n\n\n\n<p>Lamine BAGAYOGO<\/p>\n\n\n\n<p><\/p>\n\n\n\n<p><\/p>\n\n\n\n<p><\/p>\n\n\n\n<p><\/p>\n\n\n\n<p><\/p>\n\n\n\n<p><\/p>\n","protected":false},"excerpt":{"rendered":"<p>Depuis plusieurs mois, la ville de Bandiagara fait face \u00e0 de graves crises d\u2019eau, d\u2019essence, d\u2019\u00e9lectricit\u00e9 et d\u2019ins\u00e9curit\u00e9.<\/p>\n","protected":false},"author":3,"featured_media":0,"comment_status":"open","ping_status":"open","sticky":false,"template":"","format":"standard","meta":{"footnotes":""},"categories":[36,9],"tags":[],"class_list":["post-1574","post","type-post","status-publish","format-standard","hentry","category-exclusif","category-politique"],"yoast_head":"<!-- This site is optimized with the Yoast SEO plugin v26.0 - https:\/\/yoast.com\/wordpress\/plugins\/seo\/ -->\n<title>Crises d\u2019eau, d\u2019essence et d\u2019\u00e9lectricit\u00e9\u00a0: Les populations de Bandiagara interpellent les autorit\u00e9s - Actualit\u00e9s Africaines<\/title>\n<meta name=\"robots\" content=\"index, follow, max-snippet:-1, max-image-preview:large, max-video-preview:-1\" \/>\n<link rel=\"canonical\" href=\"https:\/\/www.africascoop.net\/index.php\/2026\/03\/12\/crises-deau-dessence-et-delectricite-les-populations-de-bandiagara-interpellent-les-autorites\/\" \/>\n<meta property=\"og:locale\" content=\"fr_FR\" \/>\n<meta property=\"og:type\" content=\"article\" \/>\n<meta property=\"og:title\" content=\"Crises d\u2019eau, d\u2019essence et d\u2019\u00e9lectricit\u00e9\u00a0: Les populations de Bandiagara interpellent les autorit\u00e9s - Actualit\u00e9s Africaines\" \/>\n<meta property=\"og:description\" content=\"Depuis plusieurs mois, la ville de Bandiagara fait face \u00e0 de graves crises d\u2019eau, d\u2019essence, d\u2019\u00e9lectricit\u00e9 et d\u2019ins\u00e9curit\u00e9.\" \/>\n<meta property=\"og:url\" content=\"https:\/\/www.africascoop.net\/index.php\/2026\/03\/12\/crises-deau-dessence-et-delectricite-les-populations-de-bandiagara-interpellent-les-autorites\/\" \/>\n<meta property=\"og:site_name\" content=\"Actualit\u00e9s Africaines\" \/>\n<meta property=\"article:published_time\" content=\"2026-03-12T15:45:08+00:00\" \/>\n<meta property=\"article:modified_time\" content=\"2026-03-12T15:45:11+00:00\" \/>\n<meta property=\"og:image\" content=\"https:\/\/www.africascoop.net\/wp-content\/uploads\/2026\/03\/telecharger0.webp\" \/>\n<meta name=\"author\" content=\"Africascoop\" \/>\n<meta name=\"twitter:card\" content=\"summary_large_image\" \/>\n<meta name=\"twitter:label1\" content=\"\u00c9crit par\" \/>\n\t<meta name=\"twitter:data1\" content=\"Africascoop\" \/>\n\t<meta name=\"twitter:label2\" content=\"Dur\u00e9e de lecture estim\u00e9e\" \/>\n\t<meta name=\"twitter:data2\" content=\"2 minutes\" \/>\n<script type=\"application\/ld+json\" class=\"yoast-schema-graph\">{\"@context\":\"https:\/\/schema.org\",\"@graph\":[{\"@type\":\"Article\",\"@id\":\"https:\/\/www.africascoop.net\/index.php\/2026\/03\/12\/crises-deau-dessence-et-delectricite-les-populations-de-bandiagara-interpellent-les-autorites\/#article\",\"isPartOf\":{\"@id\":\"https:\/\/www.africascoop.net\/index.php\/2026\/03\/12\/crises-deau-dessence-et-delectricite-les-populations-de-bandiagara-interpellent-les-autorites\/\"},\"author\":{\"name\":\"Africascoop\",\"@id\":\"https:\/\/www.africascoop.net\/#\/schema\/person\/2cbcc632c110d739d93a6b196c67230a\"},\"headline\":\"Crises d\u2019eau, d\u2019essence et d\u2019\u00e9lectricit\u00e9\u00a0: Les populations de Bandiagara interpellent les autorit\u00e9s\",\"datePublished\":\"2026-03-12T15:45:08+00:00\",\"dateModified\":\"2026-03-12T15:45:11+00:00\",\"mainEntityOfPage\":{\"@id\":\"https:\/\/www.africascoop.net\/index.php\/2026\/03\/12\/crises-deau-dessence-et-delectricite-les-populations-de-bandiagara-interpellent-les-autorites\/\"},\"wordCount\":349,\"commentCount\":0,\"publisher\":{\"@id\":\"https:\/\/www.africascoop.net\/#organization\"},\"image\":{\"@id\":\"https:\/\/www.africascoop.net\/index.php\/2026\/03\/12\/crises-deau-dessence-et-delectricite-les-populations-de-bandiagara-interpellent-les-autorites\/#primaryimage\"},\"thumbnailUrl\":\"https:\/\/www.africascoop.net\/wp-content\/uploads\/2026\/03\/telecharger0.webp\",\"articleSection\":[\"Exclusif\",\"Politique\"],\"inLanguage\":\"fr-FR\",\"potentialAction\":[{\"@type\":\"CommentAction\",\"name\":\"Comment\",\"target\":[\"https:\/\/www.africascoop.net\/index.php\/2026\/03\/12\/crises-deau-dessence-et-delectricite-les-populations-de-bandiagara-interpellent-les-autorites\/#respond\"]}]},{\"@type\":\"WebPage\",\"@id\":\"https:\/\/www.africascoop.net\/index.php\/2026\/03\/12\/crises-deau-dessence-et-delectricite-les-populations-de-bandiagara-interpellent-les-autorites\/\",\"url\":\"https:\/\/www.africascoop.net\/index.php\/2026\/03\/12\/crises-deau-dessence-et-delectricite-les-populations-de-bandiagara-interpellent-les-autorites\/\",\"name\":\"Crises d\u2019eau, d\u2019essence et d\u2019\u00e9lectricit\u00e9\u00a0: Les populations de Bandiagara interpellent les autorit\u00e9s - Actualit\u00e9s Africaines\",\"isPartOf\":{\"@id\":\"https:\/\/www.africascoop.net\/#website\"},\"primaryImageOfPage\":{\"@id\":\"https:\/\/www.africascoop.net\/index.php\/2026\/03\/12\/crises-deau-dessence-et-delectricite-les-populations-de-bandiagara-interpellent-les-autorites\/#primaryimage\"},\"image\":{\"@id\":\"https:\/\/www.africascoop.net\/index.php\/2026\/03\/12\/crises-deau-dessence-et-delectricite-les-populations-de-bandiagara-interpellent-les-autorites\/#primaryimage\"},\"thumbnailUrl\":\"https:\/\/www.africascoop.net\/wp-content\/uploads\/2026\/03\/telecharger0.webp\",\"datePublished\":\"2026-03-12T15:45:08+00:00\",\"dateModified\":\"2026-03-12T15:45:11+00:00\",\"breadcrumb\":{\"@id\":\"https:\/\/www.africascoop.net\/index.php\/2026\/03\/12\/crises-deau-dessence-et-delectricite-les-populations-de-bandiagara-interpellent-les-autorites\/#breadcrumb\"},\"inLanguage\":\"fr-FR\",\"potentialAction\":[{\"@type\":\"ReadAction\",\"target\":[\"https:\/\/www.africascoop.net\/index.php\/2026\/03\/12\/crises-deau-dessence-et-delectricite-les-populations-de-bandiagara-interpellent-les-autorites\/\"]}]},{\"@type\":\"ImageObject\",\"inLanguage\":\"fr-FR\",\"@id\":\"https:\/\/www.africascoop.net\/index.php\/2026\/03\/12\/crises-deau-dessence-et-delectricite-les-populations-de-bandiagara-interpellent-les-autorites\/#primaryimage\",\"url\":\"https:\/\/www.africascoop.net\/wp-content\/uploads\/2026\/03\/telecharger0.webp\",\"contentUrl\":\"https:\/\/www.africascoop.net\/wp-content\/uploads\/2026\/03\/telecharger0.webp\",\"width\":334,\"height\":270},{\"@type\":\"BreadcrumbList\",\"@id\":\"https:\/\/www.africascoop.net\/index.php\/2026\/03\/12\/crises-deau-dessence-et-delectricite-les-populations-de-bandiagara-interpellent-les-autorites\/#breadcrumb\",\"itemListElement\":[{\"@type\":\"ListItem\",\"position\":1,\"name\":\"Accueil\",\"item\":\"https:\/\/www.africascoop.net\/\"},{\"@type\":\"ListItem\",\"position\":2,\"name\":\"Crises d\u2019eau, d\u2019essence et d\u2019\u00e9lectricit\u00e9\u00a0: Les populations de Bandiagara interpellent les autorit\u00e9s\"}]},{\"@type\":\"WebSite\",\"@id\":\"https:\/\/www.africascoop.net\/#website\",\"url\":\"https:\/\/www.africascoop.net\/\",\"name\":\"Actualit\u00e9s Africaines\",\"description\":\"\",\"publisher\":{\"@id\":\"https:\/\/www.africascoop.net\/#organization\"},\"potentialAction\":[{\"@type\":\"SearchAction\",\"target\":{\"@type\":\"EntryPoint\",\"urlTemplate\":\"https:\/\/www.africascoop.net\/?s={search_term_string}\"},\"query-input\":{\"@type\":\"PropertyValueSpecification\",\"valueRequired\":true,\"valueName\":\"search_term_string\"}}],\"inLanguage\":\"fr-FR\"},{\"@type\":\"Organization\",\"@id\":\"https:\/\/www.africascoop.net\/#organization\",\"name\":\"Actualit\u00e9s Africaines\",\"url\":\"https:\/\/www.africascoop.net\/\",\"logo\":{\"@type\":\"ImageObject\",\"inLanguage\":\"fr-FR\",\"@id\":\"https:\/\/www.africascoop.net\/#\/schema\/logo\/image\/\",\"url\":\"https:\/\/www.africascoop.net\/wp-content\/uploads\/2025\/09\/cropped-logo-2.jpg\",\"contentUrl\":\"https:\/\/www.africascoop.net\/wp-content\/uploads\/2025\/09\/cropped-logo-2.jpg\",\"width\":945,\"height\":591,\"caption\":\"Actualit\u00e9s Africaines\"},\"image\":{\"@id\":\"https:\/\/www.africascoop.net\/#\/schema\/logo\/image\/\"}},{\"@type\":\"Person\",\"@id\":\"https:\/\/www.africascoop.net\/#\/schema\/person\/2cbcc632c110d739d93a6b196c67230a\",\"name\":\"Africascoop\",\"image\":{\"@type\":\"ImageObject\",\"inLanguage\":\"fr-FR\",\"@id\":\"https:\/\/www.africascoop.net\/#\/schema\/person\/image\/\",\"url\":\"https:\/\/secure.gravatar.com\/avatar\/230d851f5173f64fe9487b948bd2daf02707ef49aea942bc1bdad649c82025b9?s=96&d=mm&r=g\",\"contentUrl\":\"https:\/\/secure.gravatar.com\/avatar\/230d851f5173f64fe9487b948bd2daf02707ef49aea942bc1bdad649c82025b9?s=96&d=mm&r=g\",\"caption\":\"Africascoop\"},\"url\":\"https:\/\/www.africascoop.net\/index.php\/author\/jul\/\"}]}<\/script>\n<!-- \/ Yoast SEO plugin. -->","yoast_head_json":{"title":"Crises d\u2019eau, d\u2019essence et d\u2019\u00e9lectricit\u00e9\u00a0: Les populations de Bandiagara interpellent les autorit\u00e9s - Actualit\u00e9s Africaines","robots":{"index":"index","follow":"follow","max-snippet":"max-snippet:-1","max-image-preview":"max-image-preview:large","max-video-preview":"max-video-preview:-1"},"canonical":"https:\/\/www.africascoop.net\/index.php\/2026\/03\/12\/crises-deau-dessence-et-delectricite-les-populations-de-bandiagara-interpellent-les-autorites\/","og_locale":"fr_FR","og_type":"article","og_title":"Crises d\u2019eau, d\u2019essence et d\u2019\u00e9lectricit\u00e9\u00a0: Les populations de Bandiagara interpellent les autorit\u00e9s - Actualit\u00e9s Africaines","og_description":"Depuis plusieurs mois, la ville de Bandiagara fait face \u00e0 de graves crises d\u2019eau, d\u2019essence, d\u2019\u00e9lectricit\u00e9 et d\u2019ins\u00e9curit\u00e9.","og_url":"https:\/\/www.africascoop.net\/index.php\/2026\/03\/12\/crises-deau-dessence-et-delectricite-les-populations-de-bandiagara-interpellent-les-autorites\/","og_site_name":"Actualit\u00e9s Africaines","article_published_time":"2026-03-12T15:45:08+00:00","article_modified_time":"2026-03-12T15:45:11+00:00","og_image":[{"url":"https:\/\/www.africascoop.net\/wp-content\/uploads\/2026\/03\/telecharger0.webp","type":"","width":"","height":""}],"author":"Africascoop","twitter_card":"summary_large_image","twitter_misc":{"\u00c9crit par":"Africascoop","Dur\u00e9e de lecture estim\u00e9e":"2 minutes"},"schema":{"@context":"https:\/\/schema.org","@graph":[{"@type":"Article","@id":"https:\/\/www.africascoop.net\/index.php\/2026\/03\/12\/crises-deau-dessence-et-delectricite-les-populations-de-bandiagara-interpellent-les-autorites\/#article","isPartOf":{"@id":"https:\/\/www.africascoop.net\/index.php\/2026\/03\/12\/crises-deau-dessence-et-delectricite-les-populations-de-bandiagara-interpellent-les-autorites\/"},"author":{"name":"Africascoop","@id":"https:\/\/www.africascoop.net\/#\/schema\/person\/2cbcc632c110d739d93a6b196c67230a"},"headline":"Crises d\u2019eau, d\u2019essence et d\u2019\u00e9lectricit\u00e9\u00a0: Les populations de Bandiagara interpellent les autorit\u00e9s","datePublished":"2026-03-12T15:45:08+00:00","dateModified":"2026-03-12T15:45:11+00:00","mainEntityOfPage":{"@id":"https:\/\/www.africascoop.net\/index.php\/2026\/03\/12\/crises-deau-dessence-et-delectricite-les-populations-de-bandiagara-interpellent-les-autorites\/"},"wordCount":349,"commentCount":0,"publisher":{"@id":"https:\/\/www.africascoop.net\/#organization"},"image":{"@id":"https:\/\/www.africascoop.net\/index.php\/2026\/03\/12\/crises-deau-dessence-et-delectricite-les-populations-de-bandiagara-interpellent-les-autorites\/#primaryimage"},"thumbnailUrl":"https:\/\/www.africascoop.net\/wp-content\/uploads\/2026\/03\/telecharger0.webp","articleSection":["Exclusif","Politique"],"inLanguage":"fr-FR","potentialAction":[{"@type":"CommentAction","name":"Comment","target":["https:\/\/www.africascoop.net\/index.php\/2026\/03\/12\/crises-deau-dessence-et-delectricite-les-populations-de-bandiagara-interpellent-les-autorites\/#respond"]}]},{"@type":"WebPage","@id":"https:\/\/www.africascoop.net\/index.php\/2026\/03\/12\/crises-deau-dessence-et-delectricite-les-populations-de-bandiagara-interpellent-les-autorites\/","url":"https:\/\/www.africascoop.net\/index.php\/2026\/03\/12\/crises-deau-dessence-et-delectricite-les-populations-de-bandiagara-interpellent-les-autorites\/","name":"Crises d\u2019eau, d\u2019essence et d\u2019\u00e9lectricit\u00e9\u00a0: Les populations de Bandiagara interpellent les autorit\u00e9s - Actualit\u00e9s Africaines","isPartOf":{"@id":"https:\/\/www.africascoop.net\/#website"},"primaryImageOfPage":{"@id":"https:\/\/www.africascoop.net\/index.php\/2026\/03\/12\/crises-deau-dessence-et-delectricite-les-populations-de-bandiagara-interpellent-les-autorites\/#primaryimage"},"image":{"@id":"https:\/\/www.africascoop.net\/index.php\/2026\/03\/12\/crises-deau-dessence-et-delectricite-les-populations-de-bandiagara-interpellent-les-autorites\/#primaryimage"},"thumbnailUrl":"https:\/\/www.africascoop.net\/wp-content\/uploads\/2026\/03\/telecharger0.webp","datePublished":"2026-03-12T15:45:08+00:00","dateModified":"2026-03-12T15:45:11+00:00","breadcrumb":{"@id":"https:\/\/www.africascoop.net\/index.php\/2026\/03\/12\/crises-deau-dessence-et-delectricite-les-populations-de-bandiagara-interpellent-les-autorites\/#breadcrumb"},"inLanguage":"fr-FR","potentialAction":[{"@type":"ReadAction","target":["https:\/\/www.africascoop.net\/index.php\/2026\/03\/12\/crises-deau-dessence-et-delectricite-les-populations-de-bandiagara-interpellent-les-autorites\/"]}]},{"@type":"ImageObject","inLanguage":"fr-FR","@id":"https:\/\/www.africascoop.net\/index.php\/2026\/03\/12\/crises-deau-dessence-et-delectricite-les-populations-de-bandiagara-interpellent-les-autorites\/#primaryimage","url":"https:\/\/www.africascoop.net\/wp-content\/uploads\/2026\/03\/telecharger0.webp","contentUrl":"https:\/\/www.africascoop.net\/wp-content\/uploads\/2026\/03\/telecharger0.webp","width":334,"height":270},{"@type":"BreadcrumbList","@id":"https:\/\/www.africascoop.net\/index.php\/2026\/03\/12\/crises-deau-dessence-et-delectricite-les-populations-de-bandiagara-interpellent-les-autorites\/#breadcrumb","itemListElement":[{"@type":"ListItem","position":1,"name":"Accueil","item":"https:\/\/www.africascoop.net\/"},{"@type":"ListItem","position":2,"name":"Crises d\u2019eau, d\u2019essence et d\u2019\u00e9lectricit\u00e9\u00a0: Les populations de Bandiagara interpellent les autorit\u00e9s"}]},{"@type":"WebSite","@id":"https:\/\/www.africascoop.net\/#website","url":"https:\/\/www.africascoop.net\/","name":"Actualit\u00e9s Africaines","description":"","publisher":{"@id":"https:\/\/www.africascoop.net\/#organization"},"potentialAction":[{"@type":"SearchAction","target":{"@type":"EntryPoint","urlTemplate":"https:\/\/www.africascoop.net\/?s={search_term_string}"},"query-input":{"@type":"PropertyValueSpecification","valueRequired":true,"valueName":"search_term_string"}}],"inLanguage":"fr-FR"},{"@type":"Organization","@id":"https:\/\/www.africascoop.net\/#organization","name":"Actualit\u00e9s Africaines","url":"https:\/\/www.africascoop.net\/","logo":{"@type":"ImageObject","inLanguage":"fr-FR","@id":"https:\/\/www.africascoop.net\/#\/schema\/logo\/image\/","url":"https:\/\/www.africascoop.net\/wp-content\/uploads\/2025\/09\/cropped-logo-2.jpg","contentUrl":"https:\/\/www.africascoop.net\/wp-content\/uploads\/2025\/09\/cropped-logo-2.jpg","width":945,"height":591,"caption":"Actualit\u00e9s Africaines"},"image":{"@id":"https:\/\/www.africascoop.net\/#\/schema\/logo\/image\/"}},{"@type":"Person","@id":"https:\/\/www.africascoop.net\/#\/schema\/person\/2cbcc632c110d739d93a6b196c67230a","name":"Africascoop","image":{"@type":"ImageObject","inLanguage":"fr-FR","@id":"https:\/\/www.africascoop.net\/#\/schema\/person\/image\/","url":"https:\/\/secure.gravatar.com\/avatar\/230d851f5173f64fe9487b948bd2daf02707ef49aea942bc1bdad649c82025b9?s=96&d=mm&r=g","contentUrl":"https:\/\/secure.gravatar.com\/avatar\/230d851f5173f64fe9487b948bd2daf02707ef49aea942bc1bdad649c82025b9?s=96&d=mm&r=g","caption":"Africascoop"},"url":"https:\/\/www.africascoop.net\/index.php\/author\/jul\/"}]}},"_links":{"self":[{"href":"https:\/\/www.africascoop.net\/index.php\/wp-json\/wp\/v2\/posts\/1574","targetHints":{"allow":["GET"]}}],"collection":[{"href":"https:\/\/www.africascoop.net\/index.php\/wp-json\/wp\/v2\/posts"}],"about":[{"href":"https:\/\/www.africascoop.net\/index.php\/wp-json\/wp\/v2\/types\/post"}],"author":[{"embeddable":true,"href":"https:\/\/www.africascoop.net\/index.php\/wp-json\/wp\/v2\/users\/3"}],"replies":[{"embeddable":true,"href":"https:\/\/www.africascoop.net\/index.php\/wp-json\/wp\/v2\/comments?post=1574"}],"version-history":[{"count":1,"href":"https:\/\/www.africascoop.net\/index.php\/wp-json\/wp\/v2\/posts\/1574\/revisions"}],"predecessor-version":[{"id":1576,"href":"https:\/\/www.africascoop.net\/index.php\/wp-json\/wp\/v2\/posts\/1574\/revisions\/1576"}],"wp:attachment":[{"href":"https:\/\/www.africascoop.net\/index.php\/wp-json\/wp\/v2\/media?parent=1574"}],"wp:term":[{"taxonomy":"category","embeddable":true,"href":"https:\/\/www.africascoop.net\/index.php\/wp-json\/wp\/v2\/categories?post=1574"},{"taxonomy":"post_tag","embeddable":true,"href":"https:\/\/www.africascoop.net\/index.php\/wp-json\/wp\/v2\/tags?post=1574"}],"curies":[{"name":"wp","href":"https:\/\/api.w.org\/{rel}","templated":true}]}}