{"id":1577,"date":"2026-03-13T17:06:48","date_gmt":"2026-03-13T17:06:48","guid":{"rendered":"https:\/\/www.africascoop.net\/?p=1577"},"modified":"2026-03-13T17:06:58","modified_gmt":"2026-03-13T17:06:58","slug":"mali-plus-de-18-milliards-fcfa-du-fonds-minier-distribues-aux-communes","status":"publish","type":"post","link":"https:\/\/www.africascoop.net\/index.php\/2026\/03\/13\/mali-plus-de-18-milliards-fcfa-du-fonds-minier-distribues-aux-communes\/","title":{"rendered":"Mali : Plus de 18 milliards FCFA du fonds minier distribu\u00e9s aux communes"},"content":{"rendered":"\n<figure class=\"wp-block-image size-large\"><img loading=\"lazy\" decoding=\"async\" width=\"1024\" height=\"683\" src=\"https:\/\/www.africascoop.net\/wp-content\/uploads\/2026\/03\/650980134_1362665482566423_1641797443724759065_n-1024x683.jpg\" alt=\"\" class=\"wp-image-1578\" srcset=\"https:\/\/www.africascoop.net\/wp-content\/uploads\/2026\/03\/650980134_1362665482566423_1641797443724759065_n-1024x683.jpg 1024w, https:\/\/www.africascoop.net\/wp-content\/uploads\/2026\/03\/650980134_1362665482566423_1641797443724759065_n-300x200.jpg 300w, https:\/\/www.africascoop.net\/wp-content\/uploads\/2026\/03\/650980134_1362665482566423_1641797443724759065_n-768x512.jpg 768w, https:\/\/www.africascoop.net\/wp-content\/uploads\/2026\/03\/650980134_1362665482566423_1641797443724759065_n-1536x1025.jpg 1536w, https:\/\/www.africascoop.net\/wp-content\/uploads\/2026\/03\/650980134_1362665482566423_1641797443724759065_n.jpg 2048w\" sizes=\"auto, (max-width: 1024px) 100vw, 1024px\" \/><\/figure>\n\n\n\n<p><strong><em>Le Pr\u00e9sident de la Transition, le G\u00e9n\u00e9ral d\u2019arm\u00e9e Assimi Go\u00efta, a pr\u00e9sid\u00e9 ce jeudi au palais de Koulouba une c\u00e9r\u00e9monie de remise symbolique de ch\u00e8ques g\u00e9ants du Fonds minier de d\u00e9veloppement local \u00e0 neuf communes du pays. L\u2019\u00e9v\u00e9nement s\u2019est d\u00e9roul\u00e9 en pr\u00e9sence du Premier ministre, du pr\u00e9sident du Conseil national de Transition et de plusieurs membres du gouvernement, dont les ministres charg\u00e9s de l\u2019Administration territoriale, des Mines ainsi que de l\u2019\u00c9conomie et des Finances.<\/em><\/strong><\/p>\n\n\n\n<p>Cette initiative marque une \u00e9tape dans la mise en \u0153uvre de l\u2019une des recommandations issues des Assises nationales de la Refondation, qui pr\u00e9conisaient une meilleure redistribution des revenus tir\u00e9s de l\u2019exploitation des ressources mini\u00e8res au profit des collectivit\u00e9s territoriales et des populations.<\/p>\n\n\n\n<p>Pour l\u2019exercice 2025, le Fonds minier de d\u00e9veloppement local s\u2019\u00e9l\u00e8ve \u00e0 plus de 18,4 milliards de FCFA, selon le ministre d\u2019\u00c9tat charg\u00e9 de l\u2019\u00c9conomie et des Finances, Alouss\u00e9ni Sanou. Ces ressources proviennent des contributions vers\u00e9es par les soci\u00e9t\u00e9s d\u00e9tentrices de titres d\u2019exploitation mini\u00e8re ainsi que par les entreprises disposant d\u2019autorisations industrielles d\u2019exploitation de carri\u00e8res.<\/p>\n\n\n\n<p>La r\u00e9partition de ce fonds a \u00e9t\u00e9 d\u00e9cid\u00e9e \u00e0 l\u2019issue de la premi\u00e8re r\u00e9union du comit\u00e9 de suivi tenue le 2 mars dernier. Le principe retenu pr\u00e9voit que 50 % des ressources soient attribu\u00e9es aux communes directement concern\u00e9es par l\u2019activit\u00e9 mini\u00e8re, 25 % aux autres collectivit\u00e9s de la zone mini\u00e8re, tandis que les 25 % restants sont destin\u00e9s aux collectivit\u00e9s des autres r\u00e9gions du Mali. Pour les autorit\u00e9s, cette r\u00e9partition vise \u00e0 instaurer un certain \u00e9quilibre et \u00e0 garantir une meilleure justice territoriale dans le partage des revenus miniers.<\/p>\n\n\n\n<p>La c\u00e9r\u00e9monie de remise symbolique a concern\u00e9 des collectivit\u00e9s issues des r\u00e9gions de Kayes, Koulikoro, Sikasso, Bougouni, Kita, Tombouctou, San, Gao et Kidal. En r\u00e9alit\u00e9, ce fonds est destin\u00e9 \u00e0 l\u2019ensemble des 819 communes du Mali, les neuf collectivit\u00e9s repr\u00e9sent\u00e9es \u00e0 Koulouba servant uniquement d\u2019illustration de cette redistribution nationale.<\/p>\n\n\n\n<p>Au nom des b\u00e9n\u00e9ficiaires, le maire de la commune rurale d\u2019Alafia, dans la r\u00e9gion de Tombouctou, Y\u00e9hia Ha Konta, a exprim\u00e9 sa reconnaissance envers les autorit\u00e9s de la Transition. Selon lui, la relecture du code minier et la politique de contenu local engag\u00e9es ces derni\u00e8res ann\u00e9es visent \u00e0 faire en sorte que l\u2019exploitation des ressources naturelles profite davantage aux populations maliennes.<\/p>\n\n\n\n<p>Les autorit\u00e9s esp\u00e8rent que ces ressources permettront de financer des projets utiles aux populations, notamment dans les domaines des infrastructures, de l\u2019acc\u00e8s aux services sociaux de base et du d\u00e9veloppement \u00e9conomique local. Le Pr\u00e9sident Assimi Go\u00efta a insist\u00e9 sur la n\u00e9cessit\u00e9 d\u2019utiliser ces fonds de mani\u00e8re responsable afin d\u2019obtenir des r\u00e9sultats concrets dans les communes.<\/p>\n\n\n\n<p>Un dispositif de suivi a \u00e9t\u00e9 mis en place pour contr\u00f4ler l\u2019utilisation des ressources. Il repose sur trois niveaux de contr\u00f4le : un comit\u00e9 communal, un comit\u00e9 r\u00e9gional et un comit\u00e9 national. Selon le Chef de l\u2019\u00c9tat, ce m\u00e9canisme permettra de s\u2019assurer que les fonds servent r\u00e9ellement \u00e0 am\u00e9liorer les conditions de vie des populations.<\/p>\n\n\n\n<p>Le Pr\u00e9sident de la Transition a \u00e9galement averti que tout cas de mauvaise gestion pourrait entra\u00eener des poursuites judiciaires, dans un contexte o\u00f9 les autorit\u00e9s affirment vouloir renforcer la lutte contre la corruption et promouvoir une gestion plus transparente des ressources publiques.<\/p>\n\n\n\n<p>Par Abdrahamane Baba Kouyat\u00e9<\/p>\n","protected":false},"excerpt":{"rendered":"<p>Le Pr\u00e9sident de la Transition, le G\u00e9n\u00e9ral d\u2019arm\u00e9e Assimi Go\u00efta, a pr\u00e9sid\u00e9 ce jeudi au palais de Koulouba<\/p>\n","protected":false},"author":3,"featured_media":0,"comment_status":"open","ping_status":"open","sticky":false,"template":"","format":"standard","meta":{"footnotes":""},"categories":[43,36,9],"tags":[],"class_list":["post-1577","post","type-post","status-publish","format-standard","hentry","category-action-humanitaire","category-exclusif","category-politique"],"yoast_head":"<!-- This site is optimized with the Yoast SEO plugin v26.0 - https:\/\/yoast.com\/wordpress\/plugins\/seo\/ -->\n<title>Mali : Plus de 18 milliards FCFA du fonds minier distribu\u00e9s aux communes - Actualit\u00e9s Africaines<\/title>\n<meta name=\"robots\" content=\"index, follow, max-snippet:-1, max-image-preview:large, max-video-preview:-1\" \/>\n<link rel=\"canonical\" href=\"https:\/\/www.africascoop.net\/index.php\/2026\/03\/13\/mali-plus-de-18-milliards-fcfa-du-fonds-minier-distribues-aux-communes\/\" \/>\n<meta property=\"og:locale\" content=\"fr_FR\" \/>\n<meta property=\"og:type\" content=\"article\" \/>\n<meta property=\"og:title\" content=\"Mali : Plus de 18 milliards FCFA du fonds minier distribu\u00e9s aux communes - Actualit\u00e9s Africaines\" \/>\n<meta property=\"og:description\" content=\"Le Pr\u00e9sident de la Transition, le G\u00e9n\u00e9ral d\u2019arm\u00e9e Assimi Go\u00efta, a pr\u00e9sid\u00e9 ce jeudi au palais de Koulouba\" \/>\n<meta property=\"og:url\" content=\"https:\/\/www.africascoop.net\/index.php\/2026\/03\/13\/mali-plus-de-18-milliards-fcfa-du-fonds-minier-distribues-aux-communes\/\" \/>\n<meta property=\"og:site_name\" content=\"Actualit\u00e9s Africaines\" \/>\n<meta property=\"article:published_time\" content=\"2026-03-13T17:06:48+00:00\" \/>\n<meta property=\"article:modified_time\" content=\"2026-03-13T17:06:58+00:00\" \/>\n<meta property=\"og:image\" content=\"https:\/\/www.africascoop.net\/wp-content\/uploads\/2026\/03\/650980134_1362665482566423_1641797443724759065_n-1024x683.jpg\" \/>\n<meta name=\"author\" content=\"Africascoop\" \/>\n<meta name=\"twitter:card\" content=\"summary_large_image\" \/>\n<meta name=\"twitter:label1\" content=\"\u00c9crit par\" \/>\n\t<meta name=\"twitter:data1\" content=\"Africascoop\" \/>\n\t<meta name=\"twitter:label2\" content=\"Dur\u00e9e de lecture estim\u00e9e\" \/>\n\t<meta name=\"twitter:data2\" content=\"3 minutes\" \/>\n<script type=\"application\/ld+json\" class=\"yoast-schema-graph\">{\"@context\":\"https:\/\/schema.org\",\"@graph\":[{\"@type\":\"Article\",\"@id\":\"https:\/\/www.africascoop.net\/index.php\/2026\/03\/13\/mali-plus-de-18-milliards-fcfa-du-fonds-minier-distribues-aux-communes\/#article\",\"isPartOf\":{\"@id\":\"https:\/\/www.africascoop.net\/index.php\/2026\/03\/13\/mali-plus-de-18-milliards-fcfa-du-fonds-minier-distribues-aux-communes\/\"},\"author\":{\"name\":\"Africascoop\",\"@id\":\"https:\/\/www.africascoop.net\/#\/schema\/person\/2cbcc632c110d739d93a6b196c67230a\"},\"headline\":\"Mali : Plus de 18 milliards FCFA du fonds minier distribu\u00e9s aux communes\",\"datePublished\":\"2026-03-13T17:06:48+00:00\",\"dateModified\":\"2026-03-13T17:06:58+00:00\",\"mainEntityOfPage\":{\"@id\":\"https:\/\/www.africascoop.net\/index.php\/2026\/03\/13\/mali-plus-de-18-milliards-fcfa-du-fonds-minier-distribues-aux-communes\/\"},\"wordCount\":622,\"commentCount\":0,\"publisher\":{\"@id\":\"https:\/\/www.africascoop.net\/#organization\"},\"image\":{\"@id\":\"https:\/\/www.africascoop.net\/index.php\/2026\/03\/13\/mali-plus-de-18-milliards-fcfa-du-fonds-minier-distribues-aux-communes\/#primaryimage\"},\"thumbnailUrl\":\"https:\/\/www.africascoop.net\/wp-content\/uploads\/2026\/03\/650980134_1362665482566423_1641797443724759065_n-1024x683.jpg\",\"articleSection\":[\"Action Humanitaire\",\"Exclusif\",\"Politique\"],\"inLanguage\":\"fr-FR\",\"potentialAction\":[{\"@type\":\"CommentAction\",\"name\":\"Comment\",\"target\":[\"https:\/\/www.africascoop.net\/index.php\/2026\/03\/13\/mali-plus-de-18-milliards-fcfa-du-fonds-minier-distribues-aux-communes\/#respond\"]}]},{\"@type\":\"WebPage\",\"@id\":\"https:\/\/www.africascoop.net\/index.php\/2026\/03\/13\/mali-plus-de-18-milliards-fcfa-du-fonds-minier-distribues-aux-communes\/\",\"url\":\"https:\/\/www.africascoop.net\/index.php\/2026\/03\/13\/mali-plus-de-18-milliards-fcfa-du-fonds-minier-distribues-aux-communes\/\",\"name\":\"Mali : Plus de 18 milliards FCFA du fonds minier distribu\u00e9s aux communes - Actualit\u00e9s Africaines\",\"isPartOf\":{\"@id\":\"https:\/\/www.africascoop.net\/#website\"},\"primaryImageOfPage\":{\"@id\":\"https:\/\/www.africascoop.net\/index.php\/2026\/03\/13\/mali-plus-de-18-milliards-fcfa-du-fonds-minier-distribues-aux-communes\/#primaryimage\"},\"image\":{\"@id\":\"https:\/\/www.africascoop.net\/index.php\/2026\/03\/13\/mali-plus-de-18-milliards-fcfa-du-fonds-minier-distribues-aux-communes\/#primaryimage\"},\"thumbnailUrl\":\"https:\/\/www.africascoop.net\/wp-content\/uploads\/2026\/03\/650980134_1362665482566423_1641797443724759065_n-1024x683.jpg\",\"datePublished\":\"2026-03-13T17:06:48+00:00\",\"dateModified\":\"2026-03-13T17:06:58+00:00\",\"breadcrumb\":{\"@id\":\"https:\/\/www.africascoop.net\/index.php\/2026\/03\/13\/mali-plus-de-18-milliards-fcfa-du-fonds-minier-distribues-aux-communes\/#breadcrumb\"},\"inLanguage\":\"fr-FR\",\"potentialAction\":[{\"@type\":\"ReadAction\",\"target\":[\"https:\/\/www.africascoop.net\/index.php\/2026\/03\/13\/mali-plus-de-18-milliards-fcfa-du-fonds-minier-distribues-aux-communes\/\"]}]},{\"@type\":\"ImageObject\",\"inLanguage\":\"fr-FR\",\"@id\":\"https:\/\/www.africascoop.net\/index.php\/2026\/03\/13\/mali-plus-de-18-milliards-fcfa-du-fonds-minier-distribues-aux-communes\/#primaryimage\",\"url\":\"https:\/\/www.africascoop.net\/wp-content\/uploads\/2026\/03\/650980134_1362665482566423_1641797443724759065_n.jpg\",\"contentUrl\":\"https:\/\/www.africascoop.net\/wp-content\/uploads\/2026\/03\/650980134_1362665482566423_1641797443724759065_n.jpg\",\"width\":2048,\"height\":1366},{\"@type\":\"BreadcrumbList\",\"@id\":\"https:\/\/www.africascoop.net\/index.php\/2026\/03\/13\/mali-plus-de-18-milliards-fcfa-du-fonds-minier-distribues-aux-communes\/#breadcrumb\",\"itemListElement\":[{\"@type\":\"ListItem\",\"position\":1,\"name\":\"Accueil\",\"item\":\"https:\/\/www.africascoop.net\/\"},{\"@type\":\"ListItem\",\"position\":2,\"name\":\"Mali : Plus de 18 milliards FCFA du fonds minier distribu\u00e9s aux communes\"}]},{\"@type\":\"WebSite\",\"@id\":\"https:\/\/www.africascoop.net\/#website\",\"url\":\"https:\/\/www.africascoop.net\/\",\"name\":\"Actualit\u00e9s Africaines\",\"description\":\"\",\"publisher\":{\"@id\":\"https:\/\/www.africascoop.net\/#organization\"},\"potentialAction\":[{\"@type\":\"SearchAction\",\"target\":{\"@type\":\"EntryPoint\",\"urlTemplate\":\"https:\/\/www.africascoop.net\/?s={search_term_string}\"},\"query-input\":{\"@type\":\"PropertyValueSpecification\",\"valueRequired\":true,\"valueName\":\"search_term_string\"}}],\"inLanguage\":\"fr-FR\"},{\"@type\":\"Organization\",\"@id\":\"https:\/\/www.africascoop.net\/#organization\",\"name\":\"Actualit\u00e9s Africaines\",\"url\":\"https:\/\/www.africascoop.net\/\",\"logo\":{\"@type\":\"ImageObject\",\"inLanguage\":\"fr-FR\",\"@id\":\"https:\/\/www.africascoop.net\/#\/schema\/logo\/image\/\",\"url\":\"https:\/\/www.africascoop.net\/wp-content\/uploads\/2025\/09\/cropped-logo-2.jpg\",\"contentUrl\":\"https:\/\/www.africascoop.net\/wp-content\/uploads\/2025\/09\/cropped-logo-2.jpg\",\"width\":945,\"height\":591,\"caption\":\"Actualit\u00e9s Africaines\"},\"image\":{\"@id\":\"https:\/\/www.africascoop.net\/#\/schema\/logo\/image\/\"}},{\"@type\":\"Person\",\"@id\":\"https:\/\/www.africascoop.net\/#\/schema\/person\/2cbcc632c110d739d93a6b196c67230a\",\"name\":\"Africascoop\",\"image\":{\"@type\":\"ImageObject\",\"inLanguage\":\"fr-FR\",\"@id\":\"https:\/\/www.africascoop.net\/#\/schema\/person\/image\/\",\"url\":\"https:\/\/secure.gravatar.com\/avatar\/230d851f5173f64fe9487b948bd2daf02707ef49aea942bc1bdad649c82025b9?s=96&d=mm&r=g\",\"contentUrl\":\"https:\/\/secure.gravatar.com\/avatar\/230d851f5173f64fe9487b948bd2daf02707ef49aea942bc1bdad649c82025b9?s=96&d=mm&r=g\",\"caption\":\"Africascoop\"},\"url\":\"https:\/\/www.africascoop.net\/index.php\/author\/jul\/\"}]}<\/script>\n<!-- \/ Yoast SEO plugin. -->","yoast_head_json":{"title":"Mali : Plus de 18 milliards FCFA du fonds minier distribu\u00e9s aux communes - Actualit\u00e9s Africaines","robots":{"index":"index","follow":"follow","max-snippet":"max-snippet:-1","max-image-preview":"max-image-preview:large","max-video-preview":"max-video-preview:-1"},"canonical":"https:\/\/www.africascoop.net\/index.php\/2026\/03\/13\/mali-plus-de-18-milliards-fcfa-du-fonds-minier-distribues-aux-communes\/","og_locale":"fr_FR","og_type":"article","og_title":"Mali : Plus de 18 milliards FCFA du fonds minier distribu\u00e9s aux communes - Actualit\u00e9s Africaines","og_description":"Le Pr\u00e9sident de la Transition, le G\u00e9n\u00e9ral d\u2019arm\u00e9e Assimi Go\u00efta, a pr\u00e9sid\u00e9 ce jeudi au palais de Koulouba","og_url":"https:\/\/www.africascoop.net\/index.php\/2026\/03\/13\/mali-plus-de-18-milliards-fcfa-du-fonds-minier-distribues-aux-communes\/","og_site_name":"Actualit\u00e9s Africaines","article_published_time":"2026-03-13T17:06:48+00:00","article_modified_time":"2026-03-13T17:06:58+00:00","og_image":[{"url":"https:\/\/www.africascoop.net\/wp-content\/uploads\/2026\/03\/650980134_1362665482566423_1641797443724759065_n-1024x683.jpg","type":"","width":"","height":""}],"author":"Africascoop","twitter_card":"summary_large_image","twitter_misc":{"\u00c9crit par":"Africascoop","Dur\u00e9e de lecture estim\u00e9e":"3 minutes"},"schema":{"@context":"https:\/\/schema.org","@graph":[{"@type":"Article","@id":"https:\/\/www.africascoop.net\/index.php\/2026\/03\/13\/mali-plus-de-18-milliards-fcfa-du-fonds-minier-distribues-aux-communes\/#article","isPartOf":{"@id":"https:\/\/www.africascoop.net\/index.php\/2026\/03\/13\/mali-plus-de-18-milliards-fcfa-du-fonds-minier-distribues-aux-communes\/"},"author":{"name":"Africascoop","@id":"https:\/\/www.africascoop.net\/#\/schema\/person\/2cbcc632c110d739d93a6b196c67230a"},"headline":"Mali : Plus de 18 milliards FCFA du fonds minier distribu\u00e9s aux communes","datePublished":"2026-03-13T17:06:48+00:00","dateModified":"2026-03-13T17:06:58+00:00","mainEntityOfPage":{"@id":"https:\/\/www.africascoop.net\/index.php\/2026\/03\/13\/mali-plus-de-18-milliards-fcfa-du-fonds-minier-distribues-aux-communes\/"},"wordCount":622,"commentCount":0,"publisher":{"@id":"https:\/\/www.africascoop.net\/#organization"},"image":{"@id":"https:\/\/www.africascoop.net\/index.php\/2026\/03\/13\/mali-plus-de-18-milliards-fcfa-du-fonds-minier-distribues-aux-communes\/#primaryimage"},"thumbnailUrl":"https:\/\/www.africascoop.net\/wp-content\/uploads\/2026\/03\/650980134_1362665482566423_1641797443724759065_n-1024x683.jpg","articleSection":["Action Humanitaire","Exclusif","Politique"],"inLanguage":"fr-FR","potentialAction":[{"@type":"CommentAction","name":"Comment","target":["https:\/\/www.africascoop.net\/index.php\/2026\/03\/13\/mali-plus-de-18-milliards-fcfa-du-fonds-minier-distribues-aux-communes\/#respond"]}]},{"@type":"WebPage","@id":"https:\/\/www.africascoop.net\/index.php\/2026\/03\/13\/mali-plus-de-18-milliards-fcfa-du-fonds-minier-distribues-aux-communes\/","url":"https:\/\/www.africascoop.net\/index.php\/2026\/03\/13\/mali-plus-de-18-milliards-fcfa-du-fonds-minier-distribues-aux-communes\/","name":"Mali : Plus de 18 milliards FCFA du fonds minier distribu\u00e9s aux communes - Actualit\u00e9s Africaines","isPartOf":{"@id":"https:\/\/www.africascoop.net\/#website"},"primaryImageOfPage":{"@id":"https:\/\/www.africascoop.net\/index.php\/2026\/03\/13\/mali-plus-de-18-milliards-fcfa-du-fonds-minier-distribues-aux-communes\/#primaryimage"},"image":{"@id":"https:\/\/www.africascoop.net\/index.php\/2026\/03\/13\/mali-plus-de-18-milliards-fcfa-du-fonds-minier-distribues-aux-communes\/#primaryimage"},"thumbnailUrl":"https:\/\/www.africascoop.net\/wp-content\/uploads\/2026\/03\/650980134_1362665482566423_1641797443724759065_n-1024x683.jpg","datePublished":"2026-03-13T17:06:48+00:00","dateModified":"2026-03-13T17:06:58+00:00","breadcrumb":{"@id":"https:\/\/www.africascoop.net\/index.php\/2026\/03\/13\/mali-plus-de-18-milliards-fcfa-du-fonds-minier-distribues-aux-communes\/#breadcrumb"},"inLanguage":"fr-FR","potentialAction":[{"@type":"ReadAction","target":["https:\/\/www.africascoop.net\/index.php\/2026\/03\/13\/mali-plus-de-18-milliards-fcfa-du-fonds-minier-distribues-aux-communes\/"]}]},{"@type":"ImageObject","inLanguage":"fr-FR","@id":"https:\/\/www.africascoop.net\/index.php\/2026\/03\/13\/mali-plus-de-18-milliards-fcfa-du-fonds-minier-distribues-aux-communes\/#primaryimage","url":"https:\/\/www.africascoop.net\/wp-content\/uploads\/2026\/03\/650980134_1362665482566423_1641797443724759065_n.jpg","contentUrl":"https:\/\/www.africascoop.net\/wp-content\/uploads\/2026\/03\/650980134_1362665482566423_1641797443724759065_n.jpg","width":2048,"height":1366},{"@type":"BreadcrumbList","@id":"https:\/\/www.africascoop.net\/index.php\/2026\/03\/13\/mali-plus-de-18-milliards-fcfa-du-fonds-minier-distribues-aux-communes\/#breadcrumb","itemListElement":[{"@type":"ListItem","position":1,"name":"Accueil","item":"https:\/\/www.africascoop.net\/"},{"@type":"ListItem","position":2,"name":"Mali : Plus de 18 milliards FCFA du fonds minier distribu\u00e9s aux communes"}]},{"@type":"WebSite","@id":"https:\/\/www.africascoop.net\/#website","url":"https:\/\/www.africascoop.net\/","name":"Actualit\u00e9s Africaines","description":"","publisher":{"@id":"https:\/\/www.africascoop.net\/#organization"},"potentialAction":[{"@type":"SearchAction","target":{"@type":"EntryPoint","urlTemplate":"https:\/\/www.africascoop.net\/?s={search_term_string}"},"query-input":{"@type":"PropertyValueSpecification","valueRequired":true,"valueName":"search_term_string"}}],"inLanguage":"fr-FR"},{"@type":"Organization","@id":"https:\/\/www.africascoop.net\/#organization","name":"Actualit\u00e9s Africaines","url":"https:\/\/www.africascoop.net\/","logo":{"@type":"ImageObject","inLanguage":"fr-FR","@id":"https:\/\/www.africascoop.net\/#\/schema\/logo\/image\/","url":"https:\/\/www.africascoop.net\/wp-content\/uploads\/2025\/09\/cropped-logo-2.jpg","contentUrl":"https:\/\/www.africascoop.net\/wp-content\/uploads\/2025\/09\/cropped-logo-2.jpg","width":945,"height":591,"caption":"Actualit\u00e9s Africaines"},"image":{"@id":"https:\/\/www.africascoop.net\/#\/schema\/logo\/image\/"}},{"@type":"Person","@id":"https:\/\/www.africascoop.net\/#\/schema\/person\/2cbcc632c110d739d93a6b196c67230a","name":"Africascoop","image":{"@type":"ImageObject","inLanguage":"fr-FR","@id":"https:\/\/www.africascoop.net\/#\/schema\/person\/image\/","url":"https:\/\/secure.gravatar.com\/avatar\/230d851f5173f64fe9487b948bd2daf02707ef49aea942bc1bdad649c82025b9?s=96&d=mm&r=g","contentUrl":"https:\/\/secure.gravatar.com\/avatar\/230d851f5173f64fe9487b948bd2daf02707ef49aea942bc1bdad649c82025b9?s=96&d=mm&r=g","caption":"Africascoop"},"url":"https:\/\/www.africascoop.net\/index.php\/author\/jul\/"}]}},"_links":{"self":[{"href":"https:\/\/www.africascoop.net\/index.php\/wp-json\/wp\/v2\/posts\/1577","targetHints":{"allow":["GET"]}}],"collection":[{"href":"https:\/\/www.africascoop.net\/index.php\/wp-json\/wp\/v2\/posts"}],"about":[{"href":"https:\/\/www.africascoop.net\/index.php\/wp-json\/wp\/v2\/types\/post"}],"author":[{"embeddable":true,"href":"https:\/\/www.africascoop.net\/index.php\/wp-json\/wp\/v2\/users\/3"}],"replies":[{"embeddable":true,"href":"https:\/\/www.africascoop.net\/index.php\/wp-json\/wp\/v2\/comments?post=1577"}],"version-history":[{"count":1,"href":"https:\/\/www.africascoop.net\/index.php\/wp-json\/wp\/v2\/posts\/1577\/revisions"}],"predecessor-version":[{"id":1579,"href":"https:\/\/www.africascoop.net\/index.php\/wp-json\/wp\/v2\/posts\/1577\/revisions\/1579"}],"wp:attachment":[{"href":"https:\/\/www.africascoop.net\/index.php\/wp-json\/wp\/v2\/media?parent=1577"}],"wp:term":[{"taxonomy":"category","embeddable":true,"href":"https:\/\/www.africascoop.net\/index.php\/wp-json\/wp\/v2\/categories?post=1577"},{"taxonomy":"post_tag","embeddable":true,"href":"https:\/\/www.africascoop.net\/index.php\/wp-json\/wp\/v2\/tags?post=1577"}],"curies":[{"name":"wp","href":"https:\/\/api.w.org\/{rel}","templated":true}]}}