{"id":1580,"date":"2026-03-13T17:10:53","date_gmt":"2026-03-13T17:10:53","guid":{"rendered":"https:\/\/www.africascoop.net\/?p=1580"},"modified":"2026-03-13T17:11:03","modified_gmt":"2026-03-13T17:11:03","slug":"laylat-al-qadr-la-journee-du-16-mars-declaree-chomee-et-payee-au-mali","status":"publish","type":"post","link":"https:\/\/www.africascoop.net\/index.php\/2026\/03\/13\/laylat-al-qadr-la-journee-du-16-mars-declaree-chomee-et-payee-au-mali\/","title":{"rendered":"Laylat al-Qadr : la journ\u00e9e du 16 mars d\u00e9clar\u00e9e ch\u00f4m\u00e9e et pay\u00e9e au Mali"},"content":{"rendered":"\n<figure class=\"wp-block-image size-full is-resized\"><img loading=\"lazy\" decoding=\"async\" width=\"351\" height=\"270\" src=\"https:\/\/www.africascoop.net\/wp-content\/uploads\/2026\/03\/telecharger-17.webp\" alt=\"\" class=\"wp-image-1581\" style=\"aspect-ratio:1.3000173621158633;width:740px;height:auto\" srcset=\"https:\/\/www.africascoop.net\/wp-content\/uploads\/2026\/03\/telecharger-17.webp 351w, https:\/\/www.africascoop.net\/wp-content\/uploads\/2026\/03\/telecharger-17-300x231.webp 300w\" sizes=\"auto, (max-width: 351px) 100vw, 351px\" \/><\/figure>\n\n\n\n<p>Le gouvernement malien a annonc\u00e9 que la journ\u00e9e du lundi 16 mars 2026, correspondant \u00e0 la c\u00e9l\u00e9bration de Laylat al-Qadr, sera ch\u00f4m\u00e9e et pay\u00e9e sur toute l\u2019\u00e9tendue du territoire national. L\u2019information a \u00e9t\u00e9 rendue publique dans un communiqu\u00e9 du Minist\u00e8re du Travail, de la Fonction publique et du Dialogue social.<\/p>\n\n\n\n<p>Selon le texte, cette d\u00e9cision est prise conform\u00e9ment aux dispositions de la loi n\u00b005-040 du 22 juillet 2005 relative aux f\u00eates l\u00e9gales en Mali. Le communiqu\u00e9 pr\u00e9cise que cette mesure s\u2019applique sur l\u2019ensemble du territoire national.<\/p>\n\n\n\n<p>Par la r\u00e9daction<\/p>\n","protected":false},"excerpt":{"rendered":"<p>Le gouvernement malien a annonc\u00e9 que la journ\u00e9e du lundi 16 mars 2026, correspondant \u00e0 la c\u00e9l\u00e9bration de<\/p>\n","protected":false},"author":3,"featured_media":0,"comment_status":"open","ping_status":"open","sticky":false,"template":"","format":"standard","meta":{"footnotes":""},"categories":[36,45],"tags":[],"class_list":["post-1580","post","type-post","status-publish","format-standard","hentry","category-exclusif","category-religon"],"yoast_head":"<!-- This site is optimized with the Yoast SEO plugin v26.0 - https:\/\/yoast.com\/wordpress\/plugins\/seo\/ -->\n<title>Laylat al-Qadr : la journ\u00e9e du 16 mars d\u00e9clar\u00e9e ch\u00f4m\u00e9e et pay\u00e9e au Mali - Actualit\u00e9s Africaines<\/title>\n<meta name=\"robots\" content=\"index, follow, max-snippet:-1, max-image-preview:large, max-video-preview:-1\" \/>\n<link rel=\"canonical\" href=\"https:\/\/www.africascoop.net\/index.php\/2026\/03\/13\/laylat-al-qadr-la-journee-du-16-mars-declaree-chomee-et-payee-au-mali\/\" \/>\n<meta property=\"og:locale\" content=\"fr_FR\" \/>\n<meta property=\"og:type\" content=\"article\" \/>\n<meta property=\"og:title\" content=\"Laylat al-Qadr : la journ\u00e9e du 16 mars d\u00e9clar\u00e9e ch\u00f4m\u00e9e et pay\u00e9e au Mali - Actualit\u00e9s Africaines\" \/>\n<meta property=\"og:description\" content=\"Le gouvernement malien a annonc\u00e9 que la journ\u00e9e du lundi 16 mars 2026, correspondant \u00e0 la c\u00e9l\u00e9bration de\" \/>\n<meta property=\"og:url\" content=\"https:\/\/www.africascoop.net\/index.php\/2026\/03\/13\/laylat-al-qadr-la-journee-du-16-mars-declaree-chomee-et-payee-au-mali\/\" \/>\n<meta property=\"og:site_name\" content=\"Actualit\u00e9s Africaines\" \/>\n<meta property=\"article:published_time\" content=\"2026-03-13T17:10:53+00:00\" \/>\n<meta property=\"article:modified_time\" content=\"2026-03-13T17:11:03+00:00\" \/>\n<meta property=\"og:image\" content=\"https:\/\/www.africascoop.net\/wp-content\/uploads\/2026\/03\/telecharger-17.webp\" \/>\n<meta name=\"author\" content=\"Africascoop\" \/>\n<meta name=\"twitter:card\" content=\"summary_large_image\" \/>\n<meta name=\"twitter:label1\" content=\"\u00c9crit par\" \/>\n\t<meta name=\"twitter:data1\" content=\"Africascoop\" \/>\n\t<meta name=\"twitter:label2\" content=\"Dur\u00e9e de lecture estim\u00e9e\" \/>\n\t<meta name=\"twitter:data2\" content=\"1 minute\" \/>\n<script type=\"application\/ld+json\" class=\"yoast-schema-graph\">{\"@context\":\"https:\/\/schema.org\",\"@graph\":[{\"@type\":\"Article\",\"@id\":\"https:\/\/www.africascoop.net\/index.php\/2026\/03\/13\/laylat-al-qadr-la-journee-du-16-mars-declaree-chomee-et-payee-au-mali\/#article\",\"isPartOf\":{\"@id\":\"https:\/\/www.africascoop.net\/index.php\/2026\/03\/13\/laylat-al-qadr-la-journee-du-16-mars-declaree-chomee-et-payee-au-mali\/\"},\"author\":{\"name\":\"Africascoop\",\"@id\":\"https:\/\/www.africascoop.net\/#\/schema\/person\/2cbcc632c110d739d93a6b196c67230a\"},\"headline\":\"Laylat al-Qadr : la journ\u00e9e du 16 mars d\u00e9clar\u00e9e ch\u00f4m\u00e9e et pay\u00e9e au Mali\",\"datePublished\":\"2026-03-13T17:10:53+00:00\",\"dateModified\":\"2026-03-13T17:11:03+00:00\",\"mainEntityOfPage\":{\"@id\":\"https:\/\/www.africascoop.net\/index.php\/2026\/03\/13\/laylat-al-qadr-la-journee-du-16-mars-declaree-chomee-et-payee-au-mali\/\"},\"wordCount\":120,\"commentCount\":0,\"publisher\":{\"@id\":\"https:\/\/www.africascoop.net\/#organization\"},\"image\":{\"@id\":\"https:\/\/www.africascoop.net\/index.php\/2026\/03\/13\/laylat-al-qadr-la-journee-du-16-mars-declaree-chomee-et-payee-au-mali\/#primaryimage\"},\"thumbnailUrl\":\"https:\/\/www.africascoop.net\/wp-content\/uploads\/2026\/03\/telecharger-17.webp\",\"articleSection\":[\"Exclusif\",\"Religon\"],\"inLanguage\":\"fr-FR\",\"potentialAction\":[{\"@type\":\"CommentAction\",\"name\":\"Comment\",\"target\":[\"https:\/\/www.africascoop.net\/index.php\/2026\/03\/13\/laylat-al-qadr-la-journee-du-16-mars-declaree-chomee-et-payee-au-mali\/#respond\"]}]},{\"@type\":\"WebPage\",\"@id\":\"https:\/\/www.africascoop.net\/index.php\/2026\/03\/13\/laylat-al-qadr-la-journee-du-16-mars-declaree-chomee-et-payee-au-mali\/\",\"url\":\"https:\/\/www.africascoop.net\/index.php\/2026\/03\/13\/laylat-al-qadr-la-journee-du-16-mars-declaree-chomee-et-payee-au-mali\/\",\"name\":\"Laylat al-Qadr : la journ\u00e9e du 16 mars d\u00e9clar\u00e9e ch\u00f4m\u00e9e et pay\u00e9e au Mali - Actualit\u00e9s Africaines\",\"isPartOf\":{\"@id\":\"https:\/\/www.africascoop.net\/#website\"},\"primaryImageOfPage\":{\"@id\":\"https:\/\/www.africascoop.net\/index.php\/2026\/03\/13\/laylat-al-qadr-la-journee-du-16-mars-declaree-chomee-et-payee-au-mali\/#primaryimage\"},\"image\":{\"@id\":\"https:\/\/www.africascoop.net\/index.php\/2026\/03\/13\/laylat-al-qadr-la-journee-du-16-mars-declaree-chomee-et-payee-au-mali\/#primaryimage\"},\"thumbnailUrl\":\"https:\/\/www.africascoop.net\/wp-content\/uploads\/2026\/03\/telecharger-17.webp\",\"datePublished\":\"2026-03-13T17:10:53+00:00\",\"dateModified\":\"2026-03-13T17:11:03+00:00\",\"breadcrumb\":{\"@id\":\"https:\/\/www.africascoop.net\/index.php\/2026\/03\/13\/laylat-al-qadr-la-journee-du-16-mars-declaree-chomee-et-payee-au-mali\/#breadcrumb\"},\"inLanguage\":\"fr-FR\",\"potentialAction\":[{\"@type\":\"ReadAction\",\"target\":[\"https:\/\/www.africascoop.net\/index.php\/2026\/03\/13\/laylat-al-qadr-la-journee-du-16-mars-declaree-chomee-et-payee-au-mali\/\"]}]},{\"@type\":\"ImageObject\",\"inLanguage\":\"fr-FR\",\"@id\":\"https:\/\/www.africascoop.net\/index.php\/2026\/03\/13\/laylat-al-qadr-la-journee-du-16-mars-declaree-chomee-et-payee-au-mali\/#primaryimage\",\"url\":\"https:\/\/www.africascoop.net\/wp-content\/uploads\/2026\/03\/telecharger-17.webp\",\"contentUrl\":\"https:\/\/www.africascoop.net\/wp-content\/uploads\/2026\/03\/telecharger-17.webp\",\"width\":351,\"height\":270},{\"@type\":\"BreadcrumbList\",\"@id\":\"https:\/\/www.africascoop.net\/index.php\/2026\/03\/13\/laylat-al-qadr-la-journee-du-16-mars-declaree-chomee-et-payee-au-mali\/#breadcrumb\",\"itemListElement\":[{\"@type\":\"ListItem\",\"position\":1,\"name\":\"Accueil\",\"item\":\"https:\/\/www.africascoop.net\/\"},{\"@type\":\"ListItem\",\"position\":2,\"name\":\"Laylat al-Qadr : la journ\u00e9e du 16 mars d\u00e9clar\u00e9e ch\u00f4m\u00e9e et pay\u00e9e au Mali\"}]},{\"@type\":\"WebSite\",\"@id\":\"https:\/\/www.africascoop.net\/#website\",\"url\":\"https:\/\/www.africascoop.net\/\",\"name\":\"Actualit\u00e9s Africaines\",\"description\":\"\",\"publisher\":{\"@id\":\"https:\/\/www.africascoop.net\/#organization\"},\"potentialAction\":[{\"@type\":\"SearchAction\",\"target\":{\"@type\":\"EntryPoint\",\"urlTemplate\":\"https:\/\/www.africascoop.net\/?s={search_term_string}\"},\"query-input\":{\"@type\":\"PropertyValueSpecification\",\"valueRequired\":true,\"valueName\":\"search_term_string\"}}],\"inLanguage\":\"fr-FR\"},{\"@type\":\"Organization\",\"@id\":\"https:\/\/www.africascoop.net\/#organization\",\"name\":\"Actualit\u00e9s Africaines\",\"url\":\"https:\/\/www.africascoop.net\/\",\"logo\":{\"@type\":\"ImageObject\",\"inLanguage\":\"fr-FR\",\"@id\":\"https:\/\/www.africascoop.net\/#\/schema\/logo\/image\/\",\"url\":\"https:\/\/www.africascoop.net\/wp-content\/uploads\/2025\/09\/cropped-logo-2.jpg\",\"contentUrl\":\"https:\/\/www.africascoop.net\/wp-content\/uploads\/2025\/09\/cropped-logo-2.jpg\",\"width\":945,\"height\":591,\"caption\":\"Actualit\u00e9s Africaines\"},\"image\":{\"@id\":\"https:\/\/www.africascoop.net\/#\/schema\/logo\/image\/\"}},{\"@type\":\"Person\",\"@id\":\"https:\/\/www.africascoop.net\/#\/schema\/person\/2cbcc632c110d739d93a6b196c67230a\",\"name\":\"Africascoop\",\"image\":{\"@type\":\"ImageObject\",\"inLanguage\":\"fr-FR\",\"@id\":\"https:\/\/www.africascoop.net\/#\/schema\/person\/image\/\",\"url\":\"https:\/\/secure.gravatar.com\/avatar\/230d851f5173f64fe9487b948bd2daf02707ef49aea942bc1bdad649c82025b9?s=96&d=mm&r=g\",\"contentUrl\":\"https:\/\/secure.gravatar.com\/avatar\/230d851f5173f64fe9487b948bd2daf02707ef49aea942bc1bdad649c82025b9?s=96&d=mm&r=g\",\"caption\":\"Africascoop\"},\"url\":\"https:\/\/www.africascoop.net\/index.php\/author\/jul\/\"}]}<\/script>\n<!-- \/ Yoast SEO plugin. -->","yoast_head_json":{"title":"Laylat al-Qadr : la journ\u00e9e du 16 mars d\u00e9clar\u00e9e ch\u00f4m\u00e9e et pay\u00e9e au Mali - Actualit\u00e9s Africaines","robots":{"index":"index","follow":"follow","max-snippet":"max-snippet:-1","max-image-preview":"max-image-preview:large","max-video-preview":"max-video-preview:-1"},"canonical":"https:\/\/www.africascoop.net\/index.php\/2026\/03\/13\/laylat-al-qadr-la-journee-du-16-mars-declaree-chomee-et-payee-au-mali\/","og_locale":"fr_FR","og_type":"article","og_title":"Laylat al-Qadr : la journ\u00e9e du 16 mars d\u00e9clar\u00e9e ch\u00f4m\u00e9e et pay\u00e9e au Mali - Actualit\u00e9s Africaines","og_description":"Le gouvernement malien a annonc\u00e9 que la journ\u00e9e du lundi 16 mars 2026, correspondant \u00e0 la c\u00e9l\u00e9bration de","og_url":"https:\/\/www.africascoop.net\/index.php\/2026\/03\/13\/laylat-al-qadr-la-journee-du-16-mars-declaree-chomee-et-payee-au-mali\/","og_site_name":"Actualit\u00e9s Africaines","article_published_time":"2026-03-13T17:10:53+00:00","article_modified_time":"2026-03-13T17:11:03+00:00","og_image":[{"url":"https:\/\/www.africascoop.net\/wp-content\/uploads\/2026\/03\/telecharger-17.webp","type":"","width":"","height":""}],"author":"Africascoop","twitter_card":"summary_large_image","twitter_misc":{"\u00c9crit par":"Africascoop","Dur\u00e9e de lecture estim\u00e9e":"1 minute"},"schema":{"@context":"https:\/\/schema.org","@graph":[{"@type":"Article","@id":"https:\/\/www.africascoop.net\/index.php\/2026\/03\/13\/laylat-al-qadr-la-journee-du-16-mars-declaree-chomee-et-payee-au-mali\/#article","isPartOf":{"@id":"https:\/\/www.africascoop.net\/index.php\/2026\/03\/13\/laylat-al-qadr-la-journee-du-16-mars-declaree-chomee-et-payee-au-mali\/"},"author":{"name":"Africascoop","@id":"https:\/\/www.africascoop.net\/#\/schema\/person\/2cbcc632c110d739d93a6b196c67230a"},"headline":"Laylat al-Qadr : la journ\u00e9e du 16 mars d\u00e9clar\u00e9e ch\u00f4m\u00e9e et pay\u00e9e au Mali","datePublished":"2026-03-13T17:10:53+00:00","dateModified":"2026-03-13T17:11:03+00:00","mainEntityOfPage":{"@id":"https:\/\/www.africascoop.net\/index.php\/2026\/03\/13\/laylat-al-qadr-la-journee-du-16-mars-declaree-chomee-et-payee-au-mali\/"},"wordCount":120,"commentCount":0,"publisher":{"@id":"https:\/\/www.africascoop.net\/#organization"},"image":{"@id":"https:\/\/www.africascoop.net\/index.php\/2026\/03\/13\/laylat-al-qadr-la-journee-du-16-mars-declaree-chomee-et-payee-au-mali\/#primaryimage"},"thumbnailUrl":"https:\/\/www.africascoop.net\/wp-content\/uploads\/2026\/03\/telecharger-17.webp","articleSection":["Exclusif","Religon"],"inLanguage":"fr-FR","potentialAction":[{"@type":"CommentAction","name":"Comment","target":["https:\/\/www.africascoop.net\/index.php\/2026\/03\/13\/laylat-al-qadr-la-journee-du-16-mars-declaree-chomee-et-payee-au-mali\/#respond"]}]},{"@type":"WebPage","@id":"https:\/\/www.africascoop.net\/index.php\/2026\/03\/13\/laylat-al-qadr-la-journee-du-16-mars-declaree-chomee-et-payee-au-mali\/","url":"https:\/\/www.africascoop.net\/index.php\/2026\/03\/13\/laylat-al-qadr-la-journee-du-16-mars-declaree-chomee-et-payee-au-mali\/","name":"Laylat al-Qadr : la journ\u00e9e du 16 mars d\u00e9clar\u00e9e ch\u00f4m\u00e9e et pay\u00e9e au Mali - Actualit\u00e9s Africaines","isPartOf":{"@id":"https:\/\/www.africascoop.net\/#website"},"primaryImageOfPage":{"@id":"https:\/\/www.africascoop.net\/index.php\/2026\/03\/13\/laylat-al-qadr-la-journee-du-16-mars-declaree-chomee-et-payee-au-mali\/#primaryimage"},"image":{"@id":"https:\/\/www.africascoop.net\/index.php\/2026\/03\/13\/laylat-al-qadr-la-journee-du-16-mars-declaree-chomee-et-payee-au-mali\/#primaryimage"},"thumbnailUrl":"https:\/\/www.africascoop.net\/wp-content\/uploads\/2026\/03\/telecharger-17.webp","datePublished":"2026-03-13T17:10:53+00:00","dateModified":"2026-03-13T17:11:03+00:00","breadcrumb":{"@id":"https:\/\/www.africascoop.net\/index.php\/2026\/03\/13\/laylat-al-qadr-la-journee-du-16-mars-declaree-chomee-et-payee-au-mali\/#breadcrumb"},"inLanguage":"fr-FR","potentialAction":[{"@type":"ReadAction","target":["https:\/\/www.africascoop.net\/index.php\/2026\/03\/13\/laylat-al-qadr-la-journee-du-16-mars-declaree-chomee-et-payee-au-mali\/"]}]},{"@type":"ImageObject","inLanguage":"fr-FR","@id":"https:\/\/www.africascoop.net\/index.php\/2026\/03\/13\/laylat-al-qadr-la-journee-du-16-mars-declaree-chomee-et-payee-au-mali\/#primaryimage","url":"https:\/\/www.africascoop.net\/wp-content\/uploads\/2026\/03\/telecharger-17.webp","contentUrl":"https:\/\/www.africascoop.net\/wp-content\/uploads\/2026\/03\/telecharger-17.webp","width":351,"height":270},{"@type":"BreadcrumbList","@id":"https:\/\/www.africascoop.net\/index.php\/2026\/03\/13\/laylat-al-qadr-la-journee-du-16-mars-declaree-chomee-et-payee-au-mali\/#breadcrumb","itemListElement":[{"@type":"ListItem","position":1,"name":"Accueil","item":"https:\/\/www.africascoop.net\/"},{"@type":"ListItem","position":2,"name":"Laylat al-Qadr : la journ\u00e9e du 16 mars d\u00e9clar\u00e9e ch\u00f4m\u00e9e et pay\u00e9e au Mali"}]},{"@type":"WebSite","@id":"https:\/\/www.africascoop.net\/#website","url":"https:\/\/www.africascoop.net\/","name":"Actualit\u00e9s Africaines","description":"","publisher":{"@id":"https:\/\/www.africascoop.net\/#organization"},"potentialAction":[{"@type":"SearchAction","target":{"@type":"EntryPoint","urlTemplate":"https:\/\/www.africascoop.net\/?s={search_term_string}"},"query-input":{"@type":"PropertyValueSpecification","valueRequired":true,"valueName":"search_term_string"}}],"inLanguage":"fr-FR"},{"@type":"Organization","@id":"https:\/\/www.africascoop.net\/#organization","name":"Actualit\u00e9s Africaines","url":"https:\/\/www.africascoop.net\/","logo":{"@type":"ImageObject","inLanguage":"fr-FR","@id":"https:\/\/www.africascoop.net\/#\/schema\/logo\/image\/","url":"https:\/\/www.africascoop.net\/wp-content\/uploads\/2025\/09\/cropped-logo-2.jpg","contentUrl":"https:\/\/www.africascoop.net\/wp-content\/uploads\/2025\/09\/cropped-logo-2.jpg","width":945,"height":591,"caption":"Actualit\u00e9s Africaines"},"image":{"@id":"https:\/\/www.africascoop.net\/#\/schema\/logo\/image\/"}},{"@type":"Person","@id":"https:\/\/www.africascoop.net\/#\/schema\/person\/2cbcc632c110d739d93a6b196c67230a","name":"Africascoop","image":{"@type":"ImageObject","inLanguage":"fr-FR","@id":"https:\/\/www.africascoop.net\/#\/schema\/person\/image\/","url":"https:\/\/secure.gravatar.com\/avatar\/230d851f5173f64fe9487b948bd2daf02707ef49aea942bc1bdad649c82025b9?s=96&d=mm&r=g","contentUrl":"https:\/\/secure.gravatar.com\/avatar\/230d851f5173f64fe9487b948bd2daf02707ef49aea942bc1bdad649c82025b9?s=96&d=mm&r=g","caption":"Africascoop"},"url":"https:\/\/www.africascoop.net\/index.php\/author\/jul\/"}]}},"_links":{"self":[{"href":"https:\/\/www.africascoop.net\/index.php\/wp-json\/wp\/v2\/posts\/1580","targetHints":{"allow":["GET"]}}],"collection":[{"href":"https:\/\/www.africascoop.net\/index.php\/wp-json\/wp\/v2\/posts"}],"about":[{"href":"https:\/\/www.africascoop.net\/index.php\/wp-json\/wp\/v2\/types\/post"}],"author":[{"embeddable":true,"href":"https:\/\/www.africascoop.net\/index.php\/wp-json\/wp\/v2\/users\/3"}],"replies":[{"embeddable":true,"href":"https:\/\/www.africascoop.net\/index.php\/wp-json\/wp\/v2\/comments?post=1580"}],"version-history":[{"count":1,"href":"https:\/\/www.africascoop.net\/index.php\/wp-json\/wp\/v2\/posts\/1580\/revisions"}],"predecessor-version":[{"id":1582,"href":"https:\/\/www.africascoop.net\/index.php\/wp-json\/wp\/v2\/posts\/1580\/revisions\/1582"}],"wp:attachment":[{"href":"https:\/\/www.africascoop.net\/index.php\/wp-json\/wp\/v2\/media?parent=1580"}],"wp:term":[{"taxonomy":"category","embeddable":true,"href":"https:\/\/www.africascoop.net\/index.php\/wp-json\/wp\/v2\/categories?post=1580"},{"taxonomy":"post_tag","embeddable":true,"href":"https:\/\/www.africascoop.net\/index.php\/wp-json\/wp\/v2\/tags?post=1580"}],"curies":[{"name":"wp","href":"https:\/\/api.w.org\/{rel}","templated":true}]}}