{"id":1586,"date":"2026-03-16T12:39:28","date_gmt":"2026-03-16T12:39:28","guid":{"rendered":"https:\/\/www.africascoop.net\/?p=1586"},"modified":"2026-03-16T12:39:35","modified_gmt":"2026-03-16T12:39:35","slug":"mali-la-meteo-alerte-sur-une-saison-plus-chaude-que-dhabitude","status":"publish","type":"post","link":"https:\/\/www.africascoop.net\/index.php\/2026\/03\/16\/mali-la-meteo-alerte-sur-une-saison-plus-chaude-que-dhabitude\/","title":{"rendered":"Mali\u00a0: La M\u00e9t\u00e9o alerte sur une saison plus chaude que d\u2019habitude"},"content":{"rendered":"\n<figure class=\"wp-block-image size-large\"><img loading=\"lazy\" decoding=\"async\" width=\"1024\" height=\"576\" src=\"https:\/\/www.africascoop.net\/wp-content\/uploads\/2026\/03\/meteo-1024x576.jpg\" alt=\"\" class=\"wp-image-1587\" srcset=\"https:\/\/www.africascoop.net\/wp-content\/uploads\/2026\/03\/meteo-1024x576.jpg 1024w, https:\/\/www.africascoop.net\/wp-content\/uploads\/2026\/03\/meteo-300x169.jpg 300w, https:\/\/www.africascoop.net\/wp-content\/uploads\/2026\/03\/meteo-768x432.jpg 768w, https:\/\/www.africascoop.net\/wp-content\/uploads\/2026\/03\/meteo.jpg 1366w\" sizes=\"auto, (max-width: 1024px) 100vw, 1024px\" \/><\/figure>\n\n\n\n<p>L\u2019Agence nationale de la m\u00e9t\u00e9orologie, Mali\u2011M\u00e9t\u00e9o, pr\u00e9voit une p\u00e9riode particuli\u00e8rement chaude au Mali entre mars et mai 2026. Selon ses pr\u00e9visions, les temp\u00e9ratures devraient d\u00e9passer les moyennes observ\u00e9es entre 1991 et 2020 sur l\u2019ensemble du territoire, dans un contexte marqu\u00e9 par des vents dominants du nord-est et des \u00e9pisodes de poussi\u00e8re. Face \u00e0 ces conditions climatiques annonc\u00e9es, l\u2019agence appelle \u00e0 renforcer la vigilance sanitaire, notamment pour les personnes vuln\u00e9rables, et \u00e0 multiplier les messages de pr\u00e9vention li\u00e9s \u00e0 l\u2019hydratation et \u00e0 la protection contre la chaleur. Elle recommande \u00e9galement d\u2019anticiper les besoins en \u00e9nergie afin d\u2019\u00e9viter les surcharges du r\u00e9seau \u00e9lectrique pendant les pics de chaleur. Les autorit\u00e9s et les populations sont ainsi invit\u00e9es \u00e0 adopter des mesures pr\u00e9ventives pour limiter les impacts de cette p\u00e9riode de fortes temp\u00e9ratures.<\/p>\n\n\n\n<p>Par la r\u00e9daction<\/p>\n","protected":false},"excerpt":{"rendered":"<p>L\u2019Agence nationale de la m\u00e9t\u00e9orologie, Mali\u2011M\u00e9t\u00e9o, pr\u00e9voit une p\u00e9riode particuli\u00e8rement chaude au Mali entre mars et mai 2026.<\/p>\n","protected":false},"author":3,"featured_media":0,"comment_status":"open","ping_status":"open","sticky":false,"template":"","format":"standard","meta":{"footnotes":""},"categories":[12,36],"tags":[],"class_list":["post-1586","post","type-post","status-publish","format-standard","hentry","category-environnement","category-exclusif"],"yoast_head":"<!-- This site is optimized with the Yoast SEO plugin v26.0 - https:\/\/yoast.com\/wordpress\/plugins\/seo\/ -->\n<title>Mali\u00a0: La M\u00e9t\u00e9o alerte sur une saison plus chaude que d\u2019habitude - Actualit\u00e9s Africaines<\/title>\n<meta name=\"robots\" content=\"index, follow, max-snippet:-1, max-image-preview:large, max-video-preview:-1\" \/>\n<link rel=\"canonical\" href=\"https:\/\/www.africascoop.net\/index.php\/2026\/03\/16\/mali-la-meteo-alerte-sur-une-saison-plus-chaude-que-dhabitude\/\" \/>\n<meta property=\"og:locale\" content=\"fr_FR\" \/>\n<meta property=\"og:type\" content=\"article\" \/>\n<meta property=\"og:title\" content=\"Mali\u00a0: La M\u00e9t\u00e9o alerte sur une saison plus chaude que d\u2019habitude - Actualit\u00e9s Africaines\" \/>\n<meta property=\"og:description\" content=\"L\u2019Agence nationale de la m\u00e9t\u00e9orologie, Mali\u2011M\u00e9t\u00e9o, pr\u00e9voit une p\u00e9riode particuli\u00e8rement chaude au Mali entre mars et mai 2026.\" \/>\n<meta property=\"og:url\" content=\"https:\/\/www.africascoop.net\/index.php\/2026\/03\/16\/mali-la-meteo-alerte-sur-une-saison-plus-chaude-que-dhabitude\/\" \/>\n<meta property=\"og:site_name\" content=\"Actualit\u00e9s Africaines\" \/>\n<meta property=\"article:published_time\" content=\"2026-03-16T12:39:28+00:00\" \/>\n<meta property=\"article:modified_time\" content=\"2026-03-16T12:39:35+00:00\" \/>\n<meta property=\"og:image\" content=\"https:\/\/www.africascoop.net\/wp-content\/uploads\/2026\/03\/meteo-1024x576.jpg\" \/>\n<meta name=\"author\" content=\"Africascoop\" \/>\n<meta name=\"twitter:card\" content=\"summary_large_image\" \/>\n<meta name=\"twitter:label1\" content=\"\u00c9crit par\" \/>\n\t<meta name=\"twitter:data1\" content=\"Africascoop\" \/>\n\t<meta name=\"twitter:label2\" content=\"Dur\u00e9e de lecture estim\u00e9e\" \/>\n\t<meta name=\"twitter:data2\" content=\"1 minute\" \/>\n<script type=\"application\/ld+json\" class=\"yoast-schema-graph\">{\"@context\":\"https:\/\/schema.org\",\"@graph\":[{\"@type\":\"Article\",\"@id\":\"https:\/\/www.africascoop.net\/index.php\/2026\/03\/16\/mali-la-meteo-alerte-sur-une-saison-plus-chaude-que-dhabitude\/#article\",\"isPartOf\":{\"@id\":\"https:\/\/www.africascoop.net\/index.php\/2026\/03\/16\/mali-la-meteo-alerte-sur-une-saison-plus-chaude-que-dhabitude\/\"},\"author\":{\"name\":\"Africascoop\",\"@id\":\"https:\/\/www.africascoop.net\/#\/schema\/person\/2cbcc632c110d739d93a6b196c67230a\"},\"headline\":\"Mali\u00a0: La M\u00e9t\u00e9o alerte sur une saison plus chaude que d\u2019habitude\",\"datePublished\":\"2026-03-16T12:39:28+00:00\",\"dateModified\":\"2026-03-16T12:39:35+00:00\",\"mainEntityOfPage\":{\"@id\":\"https:\/\/www.africascoop.net\/index.php\/2026\/03\/16\/mali-la-meteo-alerte-sur-une-saison-plus-chaude-que-dhabitude\/\"},\"wordCount\":167,\"commentCount\":0,\"publisher\":{\"@id\":\"https:\/\/www.africascoop.net\/#organization\"},\"image\":{\"@id\":\"https:\/\/www.africascoop.net\/index.php\/2026\/03\/16\/mali-la-meteo-alerte-sur-une-saison-plus-chaude-que-dhabitude\/#primaryimage\"},\"thumbnailUrl\":\"https:\/\/www.africascoop.net\/wp-content\/uploads\/2026\/03\/meteo-1024x576.jpg\",\"articleSection\":[\"Environnement\",\"Exclusif\"],\"inLanguage\":\"fr-FR\",\"potentialAction\":[{\"@type\":\"CommentAction\",\"name\":\"Comment\",\"target\":[\"https:\/\/www.africascoop.net\/index.php\/2026\/03\/16\/mali-la-meteo-alerte-sur-une-saison-plus-chaude-que-dhabitude\/#respond\"]}]},{\"@type\":\"WebPage\",\"@id\":\"https:\/\/www.africascoop.net\/index.php\/2026\/03\/16\/mali-la-meteo-alerte-sur-une-saison-plus-chaude-que-dhabitude\/\",\"url\":\"https:\/\/www.africascoop.net\/index.php\/2026\/03\/16\/mali-la-meteo-alerte-sur-une-saison-plus-chaude-que-dhabitude\/\",\"name\":\"Mali\u00a0: La M\u00e9t\u00e9o alerte sur une saison plus chaude que d\u2019habitude - Actualit\u00e9s Africaines\",\"isPartOf\":{\"@id\":\"https:\/\/www.africascoop.net\/#website\"},\"primaryImageOfPage\":{\"@id\":\"https:\/\/www.africascoop.net\/index.php\/2026\/03\/16\/mali-la-meteo-alerte-sur-une-saison-plus-chaude-que-dhabitude\/#primaryimage\"},\"image\":{\"@id\":\"https:\/\/www.africascoop.net\/index.php\/2026\/03\/16\/mali-la-meteo-alerte-sur-une-saison-plus-chaude-que-dhabitude\/#primaryimage\"},\"thumbnailUrl\":\"https:\/\/www.africascoop.net\/wp-content\/uploads\/2026\/03\/meteo-1024x576.jpg\",\"datePublished\":\"2026-03-16T12:39:28+00:00\",\"dateModified\":\"2026-03-16T12:39:35+00:00\",\"breadcrumb\":{\"@id\":\"https:\/\/www.africascoop.net\/index.php\/2026\/03\/16\/mali-la-meteo-alerte-sur-une-saison-plus-chaude-que-dhabitude\/#breadcrumb\"},\"inLanguage\":\"fr-FR\",\"potentialAction\":[{\"@type\":\"ReadAction\",\"target\":[\"https:\/\/www.africascoop.net\/index.php\/2026\/03\/16\/mali-la-meteo-alerte-sur-une-saison-plus-chaude-que-dhabitude\/\"]}]},{\"@type\":\"ImageObject\",\"inLanguage\":\"fr-FR\",\"@id\":\"https:\/\/www.africascoop.net\/index.php\/2026\/03\/16\/mali-la-meteo-alerte-sur-une-saison-plus-chaude-que-dhabitude\/#primaryimage\",\"url\":\"https:\/\/www.africascoop.net\/wp-content\/uploads\/2026\/03\/meteo.jpg\",\"contentUrl\":\"https:\/\/www.africascoop.net\/wp-content\/uploads\/2026\/03\/meteo.jpg\",\"width\":1366,\"height\":768},{\"@type\":\"BreadcrumbList\",\"@id\":\"https:\/\/www.africascoop.net\/index.php\/2026\/03\/16\/mali-la-meteo-alerte-sur-une-saison-plus-chaude-que-dhabitude\/#breadcrumb\",\"itemListElement\":[{\"@type\":\"ListItem\",\"position\":1,\"name\":\"Accueil\",\"item\":\"https:\/\/www.africascoop.net\/\"},{\"@type\":\"ListItem\",\"position\":2,\"name\":\"Mali\u00a0: La M\u00e9t\u00e9o alerte sur une saison plus chaude que d\u2019habitude\"}]},{\"@type\":\"WebSite\",\"@id\":\"https:\/\/www.africascoop.net\/#website\",\"url\":\"https:\/\/www.africascoop.net\/\",\"name\":\"Actualit\u00e9s Africaines\",\"description\":\"\",\"publisher\":{\"@id\":\"https:\/\/www.africascoop.net\/#organization\"},\"potentialAction\":[{\"@type\":\"SearchAction\",\"target\":{\"@type\":\"EntryPoint\",\"urlTemplate\":\"https:\/\/www.africascoop.net\/?s={search_term_string}\"},\"query-input\":{\"@type\":\"PropertyValueSpecification\",\"valueRequired\":true,\"valueName\":\"search_term_string\"}}],\"inLanguage\":\"fr-FR\"},{\"@type\":\"Organization\",\"@id\":\"https:\/\/www.africascoop.net\/#organization\",\"name\":\"Actualit\u00e9s Africaines\",\"url\":\"https:\/\/www.africascoop.net\/\",\"logo\":{\"@type\":\"ImageObject\",\"inLanguage\":\"fr-FR\",\"@id\":\"https:\/\/www.africascoop.net\/#\/schema\/logo\/image\/\",\"url\":\"https:\/\/www.africascoop.net\/wp-content\/uploads\/2025\/09\/cropped-logo-2.jpg\",\"contentUrl\":\"https:\/\/www.africascoop.net\/wp-content\/uploads\/2025\/09\/cropped-logo-2.jpg\",\"width\":945,\"height\":591,\"caption\":\"Actualit\u00e9s Africaines\"},\"image\":{\"@id\":\"https:\/\/www.africascoop.net\/#\/schema\/logo\/image\/\"}},{\"@type\":\"Person\",\"@id\":\"https:\/\/www.africascoop.net\/#\/schema\/person\/2cbcc632c110d739d93a6b196c67230a\",\"name\":\"Africascoop\",\"image\":{\"@type\":\"ImageObject\",\"inLanguage\":\"fr-FR\",\"@id\":\"https:\/\/www.africascoop.net\/#\/schema\/person\/image\/\",\"url\":\"https:\/\/secure.gravatar.com\/avatar\/230d851f5173f64fe9487b948bd2daf02707ef49aea942bc1bdad649c82025b9?s=96&d=mm&r=g\",\"contentUrl\":\"https:\/\/secure.gravatar.com\/avatar\/230d851f5173f64fe9487b948bd2daf02707ef49aea942bc1bdad649c82025b9?s=96&d=mm&r=g\",\"caption\":\"Africascoop\"},\"url\":\"https:\/\/www.africascoop.net\/index.php\/author\/jul\/\"}]}<\/script>\n<!-- \/ Yoast SEO plugin. -->","yoast_head_json":{"title":"Mali\u00a0: La M\u00e9t\u00e9o alerte sur une saison plus chaude que d\u2019habitude - Actualit\u00e9s Africaines","robots":{"index":"index","follow":"follow","max-snippet":"max-snippet:-1","max-image-preview":"max-image-preview:large","max-video-preview":"max-video-preview:-1"},"canonical":"https:\/\/www.africascoop.net\/index.php\/2026\/03\/16\/mali-la-meteo-alerte-sur-une-saison-plus-chaude-que-dhabitude\/","og_locale":"fr_FR","og_type":"article","og_title":"Mali\u00a0: La M\u00e9t\u00e9o alerte sur une saison plus chaude que d\u2019habitude - Actualit\u00e9s Africaines","og_description":"L\u2019Agence nationale de la m\u00e9t\u00e9orologie, Mali\u2011M\u00e9t\u00e9o, pr\u00e9voit une p\u00e9riode particuli\u00e8rement chaude au Mali entre mars et mai 2026.","og_url":"https:\/\/www.africascoop.net\/index.php\/2026\/03\/16\/mali-la-meteo-alerte-sur-une-saison-plus-chaude-que-dhabitude\/","og_site_name":"Actualit\u00e9s Africaines","article_published_time":"2026-03-16T12:39:28+00:00","article_modified_time":"2026-03-16T12:39:35+00:00","og_image":[{"url":"https:\/\/www.africascoop.net\/wp-content\/uploads\/2026\/03\/meteo-1024x576.jpg","type":"","width":"","height":""}],"author":"Africascoop","twitter_card":"summary_large_image","twitter_misc":{"\u00c9crit par":"Africascoop","Dur\u00e9e de lecture estim\u00e9e":"1 minute"},"schema":{"@context":"https:\/\/schema.org","@graph":[{"@type":"Article","@id":"https:\/\/www.africascoop.net\/index.php\/2026\/03\/16\/mali-la-meteo-alerte-sur-une-saison-plus-chaude-que-dhabitude\/#article","isPartOf":{"@id":"https:\/\/www.africascoop.net\/index.php\/2026\/03\/16\/mali-la-meteo-alerte-sur-une-saison-plus-chaude-que-dhabitude\/"},"author":{"name":"Africascoop","@id":"https:\/\/www.africascoop.net\/#\/schema\/person\/2cbcc632c110d739d93a6b196c67230a"},"headline":"Mali\u00a0: La M\u00e9t\u00e9o alerte sur une saison plus chaude que d\u2019habitude","datePublished":"2026-03-16T12:39:28+00:00","dateModified":"2026-03-16T12:39:35+00:00","mainEntityOfPage":{"@id":"https:\/\/www.africascoop.net\/index.php\/2026\/03\/16\/mali-la-meteo-alerte-sur-une-saison-plus-chaude-que-dhabitude\/"},"wordCount":167,"commentCount":0,"publisher":{"@id":"https:\/\/www.africascoop.net\/#organization"},"image":{"@id":"https:\/\/www.africascoop.net\/index.php\/2026\/03\/16\/mali-la-meteo-alerte-sur-une-saison-plus-chaude-que-dhabitude\/#primaryimage"},"thumbnailUrl":"https:\/\/www.africascoop.net\/wp-content\/uploads\/2026\/03\/meteo-1024x576.jpg","articleSection":["Environnement","Exclusif"],"inLanguage":"fr-FR","potentialAction":[{"@type":"CommentAction","name":"Comment","target":["https:\/\/www.africascoop.net\/index.php\/2026\/03\/16\/mali-la-meteo-alerte-sur-une-saison-plus-chaude-que-dhabitude\/#respond"]}]},{"@type":"WebPage","@id":"https:\/\/www.africascoop.net\/index.php\/2026\/03\/16\/mali-la-meteo-alerte-sur-une-saison-plus-chaude-que-dhabitude\/","url":"https:\/\/www.africascoop.net\/index.php\/2026\/03\/16\/mali-la-meteo-alerte-sur-une-saison-plus-chaude-que-dhabitude\/","name":"Mali\u00a0: La M\u00e9t\u00e9o alerte sur une saison plus chaude que d\u2019habitude - Actualit\u00e9s Africaines","isPartOf":{"@id":"https:\/\/www.africascoop.net\/#website"},"primaryImageOfPage":{"@id":"https:\/\/www.africascoop.net\/index.php\/2026\/03\/16\/mali-la-meteo-alerte-sur-une-saison-plus-chaude-que-dhabitude\/#primaryimage"},"image":{"@id":"https:\/\/www.africascoop.net\/index.php\/2026\/03\/16\/mali-la-meteo-alerte-sur-une-saison-plus-chaude-que-dhabitude\/#primaryimage"},"thumbnailUrl":"https:\/\/www.africascoop.net\/wp-content\/uploads\/2026\/03\/meteo-1024x576.jpg","datePublished":"2026-03-16T12:39:28+00:00","dateModified":"2026-03-16T12:39:35+00:00","breadcrumb":{"@id":"https:\/\/www.africascoop.net\/index.php\/2026\/03\/16\/mali-la-meteo-alerte-sur-une-saison-plus-chaude-que-dhabitude\/#breadcrumb"},"inLanguage":"fr-FR","potentialAction":[{"@type":"ReadAction","target":["https:\/\/www.africascoop.net\/index.php\/2026\/03\/16\/mali-la-meteo-alerte-sur-une-saison-plus-chaude-que-dhabitude\/"]}]},{"@type":"ImageObject","inLanguage":"fr-FR","@id":"https:\/\/www.africascoop.net\/index.php\/2026\/03\/16\/mali-la-meteo-alerte-sur-une-saison-plus-chaude-que-dhabitude\/#primaryimage","url":"https:\/\/www.africascoop.net\/wp-content\/uploads\/2026\/03\/meteo.jpg","contentUrl":"https:\/\/www.africascoop.net\/wp-content\/uploads\/2026\/03\/meteo.jpg","width":1366,"height":768},{"@type":"BreadcrumbList","@id":"https:\/\/www.africascoop.net\/index.php\/2026\/03\/16\/mali-la-meteo-alerte-sur-une-saison-plus-chaude-que-dhabitude\/#breadcrumb","itemListElement":[{"@type":"ListItem","position":1,"name":"Accueil","item":"https:\/\/www.africascoop.net\/"},{"@type":"ListItem","position":2,"name":"Mali\u00a0: La M\u00e9t\u00e9o alerte sur une saison plus chaude que d\u2019habitude"}]},{"@type":"WebSite","@id":"https:\/\/www.africascoop.net\/#website","url":"https:\/\/www.africascoop.net\/","name":"Actualit\u00e9s Africaines","description":"","publisher":{"@id":"https:\/\/www.africascoop.net\/#organization"},"potentialAction":[{"@type":"SearchAction","target":{"@type":"EntryPoint","urlTemplate":"https:\/\/www.africascoop.net\/?s={search_term_string}"},"query-input":{"@type":"PropertyValueSpecification","valueRequired":true,"valueName":"search_term_string"}}],"inLanguage":"fr-FR"},{"@type":"Organization","@id":"https:\/\/www.africascoop.net\/#organization","name":"Actualit\u00e9s Africaines","url":"https:\/\/www.africascoop.net\/","logo":{"@type":"ImageObject","inLanguage":"fr-FR","@id":"https:\/\/www.africascoop.net\/#\/schema\/logo\/image\/","url":"https:\/\/www.africascoop.net\/wp-content\/uploads\/2025\/09\/cropped-logo-2.jpg","contentUrl":"https:\/\/www.africascoop.net\/wp-content\/uploads\/2025\/09\/cropped-logo-2.jpg","width":945,"height":591,"caption":"Actualit\u00e9s Africaines"},"image":{"@id":"https:\/\/www.africascoop.net\/#\/schema\/logo\/image\/"}},{"@type":"Person","@id":"https:\/\/www.africascoop.net\/#\/schema\/person\/2cbcc632c110d739d93a6b196c67230a","name":"Africascoop","image":{"@type":"ImageObject","inLanguage":"fr-FR","@id":"https:\/\/www.africascoop.net\/#\/schema\/person\/image\/","url":"https:\/\/secure.gravatar.com\/avatar\/230d851f5173f64fe9487b948bd2daf02707ef49aea942bc1bdad649c82025b9?s=96&d=mm&r=g","contentUrl":"https:\/\/secure.gravatar.com\/avatar\/230d851f5173f64fe9487b948bd2daf02707ef49aea942bc1bdad649c82025b9?s=96&d=mm&r=g","caption":"Africascoop"},"url":"https:\/\/www.africascoop.net\/index.php\/author\/jul\/"}]}},"_links":{"self":[{"href":"https:\/\/www.africascoop.net\/index.php\/wp-json\/wp\/v2\/posts\/1586","targetHints":{"allow":["GET"]}}],"collection":[{"href":"https:\/\/www.africascoop.net\/index.php\/wp-json\/wp\/v2\/posts"}],"about":[{"href":"https:\/\/www.africascoop.net\/index.php\/wp-json\/wp\/v2\/types\/post"}],"author":[{"embeddable":true,"href":"https:\/\/www.africascoop.net\/index.php\/wp-json\/wp\/v2\/users\/3"}],"replies":[{"embeddable":true,"href":"https:\/\/www.africascoop.net\/index.php\/wp-json\/wp\/v2\/comments?post=1586"}],"version-history":[{"count":1,"href":"https:\/\/www.africascoop.net\/index.php\/wp-json\/wp\/v2\/posts\/1586\/revisions"}],"predecessor-version":[{"id":1588,"href":"https:\/\/www.africascoop.net\/index.php\/wp-json\/wp\/v2\/posts\/1586\/revisions\/1588"}],"wp:attachment":[{"href":"https:\/\/www.africascoop.net\/index.php\/wp-json\/wp\/v2\/media?parent=1586"}],"wp:term":[{"taxonomy":"category","embeddable":true,"href":"https:\/\/www.africascoop.net\/index.php\/wp-json\/wp\/v2\/categories?post=1586"},{"taxonomy":"post_tag","embeddable":true,"href":"https:\/\/www.africascoop.net\/index.php\/wp-json\/wp\/v2\/tags?post=1586"}],"curies":[{"name":"wp","href":"https:\/\/api.w.org\/{rel}","templated":true}]}}