{"id":1589,"date":"2026-03-16T13:54:57","date_gmt":"2026-03-16T13:54:57","guid":{"rendered":"https:\/\/www.africascoop.net\/?p=1589"},"modified":"2026-03-16T13:55:02","modified_gmt":"2026-03-16T13:55:02","slug":"jeune-et-fortes-chaleurs-a-bamako-mali-les-medecins-appellent-a-la-prudence","status":"publish","type":"post","link":"https:\/\/www.africascoop.net\/index.php\/2026\/03\/16\/jeune-et-fortes-chaleurs-a-bamako-mali-les-medecins-appellent-a-la-prudence\/","title":{"rendered":"Je\u00fbne et fortes chaleurs \u00e0 Bamako (Mali) : les m\u00e9decins appellent \u00e0 la prudence"},"content":{"rendered":"\n<figure class=\"wp-block-image size-large\"><img loading=\"lazy\" decoding=\"async\" width=\"1024\" height=\"576\" src=\"https:\/\/www.africascoop.net\/wp-content\/uploads\/2026\/03\/chaleur-1024x576.jpg\" alt=\"\" class=\"wp-image-1590\" srcset=\"https:\/\/www.africascoop.net\/wp-content\/uploads\/2026\/03\/chaleur-1024x576.jpg 1024w, https:\/\/www.africascoop.net\/wp-content\/uploads\/2026\/03\/chaleur-300x169.jpg 300w, https:\/\/www.africascoop.net\/wp-content\/uploads\/2026\/03\/chaleur-768x432.jpg 768w, https:\/\/www.africascoop.net\/wp-content\/uploads\/2026\/03\/chaleur.jpg 1366w\" sizes=\"auto, (max-width: 1024px) 100vw, 1024px\" \/><\/figure>\n\n\n\n<p>\u00c0 Bamako, la mont\u00e9e des temp\u00e9ratures complique le quotidien des fid\u00e8les engag\u00e9s dans le je\u00fbne du Ramadan et du Car\u00eame chr\u00e9tien. Une enqu\u00eate r\u00e9alis\u00e9e par nos confr\u00e8res de Studio Tamani met en lumi\u00e8re les difficult\u00e9s rencontr\u00e9es par les habitants, entre fatigue, soif et coupures d\u2019\u00e9lectricit\u00e9 qui accentuent la sensation de chaleur dans les foyers. Certains m\u00e9nages disent s\u2019adapter en recourant \u00e0 des solutions comme l\u2019\u00e9nergie solaire pour maintenir un minimum de fra\u00eecheur \u00e0 domicile, notamment pour les personnes \u00e2g\u00e9es. Les citoyens interrog\u00e9s appellent toutefois les autorit\u00e9s \u00e0 trouver des r\u00e9ponses durables aux perturbations de l\u2019approvisionnement \u00e9lectrique en cette p\u00e9riode sensible. De leur c\u00f4t\u00e9, les m\u00e9decins recommandent d\u2019\u00e9viter l\u2019exposition au soleil aux heures les plus chaudes, de porter des v\u00eatements l\u00e9gers et de bien s\u2019hydrater entre la rupture du je\u00fbne et l\u2019aube afin de limiter les risques li\u00e9s \u00e0 la chaleur.<\/p>\n\n\n\n<p>La r\u00e9daction<\/p>\n\n\n\n<p><\/p>\n","protected":false},"excerpt":{"rendered":"<p>\u00c0 Bamako, la mont\u00e9e des temp\u00e9ratures complique le quotidien des fid\u00e8les engag\u00e9s dans le je\u00fbne du Ramadan et<\/p>\n","protected":false},"author":3,"featured_media":0,"comment_status":"open","ping_status":"open","sticky":false,"template":"","format":"standard","meta":{"footnotes":""},"categories":[36,10,35],"tags":[],"class_list":["post-1589","post","type-post","status-publish","format-standard","hentry","category-exclusif","category-sante","category-societe"],"yoast_head":"<!-- This site is optimized with the Yoast SEO plugin v26.0 - https:\/\/yoast.com\/wordpress\/plugins\/seo\/ -->\n<title>Je\u00fbne et fortes chaleurs \u00e0 Bamako (Mali) : les m\u00e9decins appellent \u00e0 la prudence - Actualit\u00e9s Africaines<\/title>\n<meta name=\"robots\" content=\"index, follow, max-snippet:-1, max-image-preview:large, max-video-preview:-1\" \/>\n<link rel=\"canonical\" href=\"http:\/\/www.africascoop.net\/index.php\/2026\/03\/16\/jeune-et-fortes-chaleurs-a-bamako-mali-les-medecins-appellent-a-la-prudence\/\" \/>\n<meta property=\"og:locale\" content=\"fr_FR\" \/>\n<meta property=\"og:type\" content=\"article\" \/>\n<meta property=\"og:title\" content=\"Je\u00fbne et fortes chaleurs \u00e0 Bamako (Mali) : les m\u00e9decins appellent \u00e0 la prudence - Actualit\u00e9s Africaines\" \/>\n<meta property=\"og:description\" content=\"\u00c0 Bamako, la mont\u00e9e des temp\u00e9ratures complique le quotidien des fid\u00e8les engag\u00e9s dans le je\u00fbne du Ramadan et\" \/>\n<meta property=\"og:url\" content=\"http:\/\/www.africascoop.net\/index.php\/2026\/03\/16\/jeune-et-fortes-chaleurs-a-bamako-mali-les-medecins-appellent-a-la-prudence\/\" \/>\n<meta property=\"og:site_name\" content=\"Actualit\u00e9s Africaines\" \/>\n<meta property=\"article:published_time\" content=\"2026-03-16T13:54:57+00:00\" \/>\n<meta property=\"article:modified_time\" content=\"2026-03-16T13:55:02+00:00\" \/>\n<meta property=\"og:image\" content=\"https:\/\/www.africascoop.net\/wp-content\/uploads\/2026\/03\/chaleur-1024x576.jpg\" \/>\n<meta name=\"author\" content=\"Africascoop\" \/>\n<meta name=\"twitter:card\" content=\"summary_large_image\" \/>\n<meta name=\"twitter:label1\" content=\"\u00c9crit par\" \/>\n\t<meta name=\"twitter:data1\" content=\"Africascoop\" \/>\n\t<meta name=\"twitter:label2\" content=\"Dur\u00e9e de lecture estim\u00e9e\" \/>\n\t<meta name=\"twitter:data2\" content=\"1 minute\" \/>\n<script type=\"application\/ld+json\" class=\"yoast-schema-graph\">{\"@context\":\"https:\/\/schema.org\",\"@graph\":[{\"@type\":\"Article\",\"@id\":\"http:\/\/www.africascoop.net\/index.php\/2026\/03\/16\/jeune-et-fortes-chaleurs-a-bamako-mali-les-medecins-appellent-a-la-prudence\/#article\",\"isPartOf\":{\"@id\":\"http:\/\/www.africascoop.net\/index.php\/2026\/03\/16\/jeune-et-fortes-chaleurs-a-bamako-mali-les-medecins-appellent-a-la-prudence\/\"},\"author\":{\"name\":\"Africascoop\",\"@id\":\"https:\/\/www.africascoop.net\/#\/schema\/person\/2cbcc632c110d739d93a6b196c67230a\"},\"headline\":\"Je\u00fbne et fortes chaleurs \u00e0 Bamako (Mali) : les m\u00e9decins appellent \u00e0 la prudence\",\"datePublished\":\"2026-03-16T13:54:57+00:00\",\"dateModified\":\"2026-03-16T13:55:02+00:00\",\"mainEntityOfPage\":{\"@id\":\"http:\/\/www.africascoop.net\/index.php\/2026\/03\/16\/jeune-et-fortes-chaleurs-a-bamako-mali-les-medecins-appellent-a-la-prudence\/\"},\"wordCount\":186,\"commentCount\":0,\"publisher\":{\"@id\":\"https:\/\/www.africascoop.net\/#organization\"},\"image\":{\"@id\":\"http:\/\/www.africascoop.net\/index.php\/2026\/03\/16\/jeune-et-fortes-chaleurs-a-bamako-mali-les-medecins-appellent-a-la-prudence\/#primaryimage\"},\"thumbnailUrl\":\"https:\/\/www.africascoop.net\/wp-content\/uploads\/2026\/03\/chaleur-1024x576.jpg\",\"articleSection\":[\"Exclusif\",\"Sant\u00e9\",\"Soci\u00e9t\u00e9\"],\"inLanguage\":\"fr-FR\",\"potentialAction\":[{\"@type\":\"CommentAction\",\"name\":\"Comment\",\"target\":[\"http:\/\/www.africascoop.net\/index.php\/2026\/03\/16\/jeune-et-fortes-chaleurs-a-bamako-mali-les-medecins-appellent-a-la-prudence\/#respond\"]}]},{\"@type\":\"WebPage\",\"@id\":\"http:\/\/www.africascoop.net\/index.php\/2026\/03\/16\/jeune-et-fortes-chaleurs-a-bamako-mali-les-medecins-appellent-a-la-prudence\/\",\"url\":\"http:\/\/www.africascoop.net\/index.php\/2026\/03\/16\/jeune-et-fortes-chaleurs-a-bamako-mali-les-medecins-appellent-a-la-prudence\/\",\"name\":\"Je\u00fbne et fortes chaleurs \u00e0 Bamako (Mali) : les m\u00e9decins appellent \u00e0 la prudence - Actualit\u00e9s Africaines\",\"isPartOf\":{\"@id\":\"https:\/\/www.africascoop.net\/#website\"},\"primaryImageOfPage\":{\"@id\":\"http:\/\/www.africascoop.net\/index.php\/2026\/03\/16\/jeune-et-fortes-chaleurs-a-bamako-mali-les-medecins-appellent-a-la-prudence\/#primaryimage\"},\"image\":{\"@id\":\"http:\/\/www.africascoop.net\/index.php\/2026\/03\/16\/jeune-et-fortes-chaleurs-a-bamako-mali-les-medecins-appellent-a-la-prudence\/#primaryimage\"},\"thumbnailUrl\":\"https:\/\/www.africascoop.net\/wp-content\/uploads\/2026\/03\/chaleur-1024x576.jpg\",\"datePublished\":\"2026-03-16T13:54:57+00:00\",\"dateModified\":\"2026-03-16T13:55:02+00:00\",\"breadcrumb\":{\"@id\":\"http:\/\/www.africascoop.net\/index.php\/2026\/03\/16\/jeune-et-fortes-chaleurs-a-bamako-mali-les-medecins-appellent-a-la-prudence\/#breadcrumb\"},\"inLanguage\":\"fr-FR\",\"potentialAction\":[{\"@type\":\"ReadAction\",\"target\":[\"http:\/\/www.africascoop.net\/index.php\/2026\/03\/16\/jeune-et-fortes-chaleurs-a-bamako-mali-les-medecins-appellent-a-la-prudence\/\"]}]},{\"@type\":\"ImageObject\",\"inLanguage\":\"fr-FR\",\"@id\":\"http:\/\/www.africascoop.net\/index.php\/2026\/03\/16\/jeune-et-fortes-chaleurs-a-bamako-mali-les-medecins-appellent-a-la-prudence\/#primaryimage\",\"url\":\"https:\/\/www.africascoop.net\/wp-content\/uploads\/2026\/03\/chaleur.jpg\",\"contentUrl\":\"https:\/\/www.africascoop.net\/wp-content\/uploads\/2026\/03\/chaleur.jpg\",\"width\":1366,\"height\":768},{\"@type\":\"BreadcrumbList\",\"@id\":\"http:\/\/www.africascoop.net\/index.php\/2026\/03\/16\/jeune-et-fortes-chaleurs-a-bamako-mali-les-medecins-appellent-a-la-prudence\/#breadcrumb\",\"itemListElement\":[{\"@type\":\"ListItem\",\"position\":1,\"name\":\"Accueil\",\"item\":\"https:\/\/www.africascoop.net\/\"},{\"@type\":\"ListItem\",\"position\":2,\"name\":\"Je\u00fbne et fortes chaleurs \u00e0 Bamako (Mali) : les m\u00e9decins appellent \u00e0 la prudence\"}]},{\"@type\":\"WebSite\",\"@id\":\"https:\/\/www.africascoop.net\/#website\",\"url\":\"https:\/\/www.africascoop.net\/\",\"name\":\"Actualit\u00e9s Africaines\",\"description\":\"\",\"publisher\":{\"@id\":\"https:\/\/www.africascoop.net\/#organization\"},\"potentialAction\":[{\"@type\":\"SearchAction\",\"target\":{\"@type\":\"EntryPoint\",\"urlTemplate\":\"https:\/\/www.africascoop.net\/?s={search_term_string}\"},\"query-input\":{\"@type\":\"PropertyValueSpecification\",\"valueRequired\":true,\"valueName\":\"search_term_string\"}}],\"inLanguage\":\"fr-FR\"},{\"@type\":\"Organization\",\"@id\":\"https:\/\/www.africascoop.net\/#organization\",\"name\":\"Actualit\u00e9s Africaines\",\"url\":\"https:\/\/www.africascoop.net\/\",\"logo\":{\"@type\":\"ImageObject\",\"inLanguage\":\"fr-FR\",\"@id\":\"https:\/\/www.africascoop.net\/#\/schema\/logo\/image\/\",\"url\":\"https:\/\/www.africascoop.net\/wp-content\/uploads\/2025\/09\/cropped-logo-2.jpg\",\"contentUrl\":\"https:\/\/www.africascoop.net\/wp-content\/uploads\/2025\/09\/cropped-logo-2.jpg\",\"width\":945,\"height\":591,\"caption\":\"Actualit\u00e9s Africaines\"},\"image\":{\"@id\":\"https:\/\/www.africascoop.net\/#\/schema\/logo\/image\/\"}},{\"@type\":\"Person\",\"@id\":\"https:\/\/www.africascoop.net\/#\/schema\/person\/2cbcc632c110d739d93a6b196c67230a\",\"name\":\"Africascoop\",\"image\":{\"@type\":\"ImageObject\",\"inLanguage\":\"fr-FR\",\"@id\":\"https:\/\/www.africascoop.net\/#\/schema\/person\/image\/\",\"url\":\"https:\/\/secure.gravatar.com\/avatar\/230d851f5173f64fe9487b948bd2daf02707ef49aea942bc1bdad649c82025b9?s=96&d=mm&r=g\",\"contentUrl\":\"https:\/\/secure.gravatar.com\/avatar\/230d851f5173f64fe9487b948bd2daf02707ef49aea942bc1bdad649c82025b9?s=96&d=mm&r=g\",\"caption\":\"Africascoop\"},\"url\":\"https:\/\/www.africascoop.net\/index.php\/author\/jul\/\"}]}<\/script>\n<!-- \/ Yoast SEO plugin. -->","yoast_head_json":{"title":"Je\u00fbne et fortes chaleurs \u00e0 Bamako (Mali) : les m\u00e9decins appellent \u00e0 la prudence - Actualit\u00e9s Africaines","robots":{"index":"index","follow":"follow","max-snippet":"max-snippet:-1","max-image-preview":"max-image-preview:large","max-video-preview":"max-video-preview:-1"},"canonical":"http:\/\/www.africascoop.net\/index.php\/2026\/03\/16\/jeune-et-fortes-chaleurs-a-bamako-mali-les-medecins-appellent-a-la-prudence\/","og_locale":"fr_FR","og_type":"article","og_title":"Je\u00fbne et fortes chaleurs \u00e0 Bamako (Mali) : les m\u00e9decins appellent \u00e0 la prudence - Actualit\u00e9s Africaines","og_description":"\u00c0 Bamako, la mont\u00e9e des temp\u00e9ratures complique le quotidien des fid\u00e8les engag\u00e9s dans le je\u00fbne du Ramadan et","og_url":"http:\/\/www.africascoop.net\/index.php\/2026\/03\/16\/jeune-et-fortes-chaleurs-a-bamako-mali-les-medecins-appellent-a-la-prudence\/","og_site_name":"Actualit\u00e9s Africaines","article_published_time":"2026-03-16T13:54:57+00:00","article_modified_time":"2026-03-16T13:55:02+00:00","og_image":[{"url":"https:\/\/www.africascoop.net\/wp-content\/uploads\/2026\/03\/chaleur-1024x576.jpg","type":"","width":"","height":""}],"author":"Africascoop","twitter_card":"summary_large_image","twitter_misc":{"\u00c9crit par":"Africascoop","Dur\u00e9e de lecture estim\u00e9e":"1 minute"},"schema":{"@context":"https:\/\/schema.org","@graph":[{"@type":"Article","@id":"http:\/\/www.africascoop.net\/index.php\/2026\/03\/16\/jeune-et-fortes-chaleurs-a-bamako-mali-les-medecins-appellent-a-la-prudence\/#article","isPartOf":{"@id":"http:\/\/www.africascoop.net\/index.php\/2026\/03\/16\/jeune-et-fortes-chaleurs-a-bamako-mali-les-medecins-appellent-a-la-prudence\/"},"author":{"name":"Africascoop","@id":"https:\/\/www.africascoop.net\/#\/schema\/person\/2cbcc632c110d739d93a6b196c67230a"},"headline":"Je\u00fbne et fortes chaleurs \u00e0 Bamako (Mali) : les m\u00e9decins appellent \u00e0 la prudence","datePublished":"2026-03-16T13:54:57+00:00","dateModified":"2026-03-16T13:55:02+00:00","mainEntityOfPage":{"@id":"http:\/\/www.africascoop.net\/index.php\/2026\/03\/16\/jeune-et-fortes-chaleurs-a-bamako-mali-les-medecins-appellent-a-la-prudence\/"},"wordCount":186,"commentCount":0,"publisher":{"@id":"https:\/\/www.africascoop.net\/#organization"},"image":{"@id":"http:\/\/www.africascoop.net\/index.php\/2026\/03\/16\/jeune-et-fortes-chaleurs-a-bamako-mali-les-medecins-appellent-a-la-prudence\/#primaryimage"},"thumbnailUrl":"https:\/\/www.africascoop.net\/wp-content\/uploads\/2026\/03\/chaleur-1024x576.jpg","articleSection":["Exclusif","Sant\u00e9","Soci\u00e9t\u00e9"],"inLanguage":"fr-FR","potentialAction":[{"@type":"CommentAction","name":"Comment","target":["http:\/\/www.africascoop.net\/index.php\/2026\/03\/16\/jeune-et-fortes-chaleurs-a-bamako-mali-les-medecins-appellent-a-la-prudence\/#respond"]}]},{"@type":"WebPage","@id":"http:\/\/www.africascoop.net\/index.php\/2026\/03\/16\/jeune-et-fortes-chaleurs-a-bamako-mali-les-medecins-appellent-a-la-prudence\/","url":"http:\/\/www.africascoop.net\/index.php\/2026\/03\/16\/jeune-et-fortes-chaleurs-a-bamako-mali-les-medecins-appellent-a-la-prudence\/","name":"Je\u00fbne et fortes chaleurs \u00e0 Bamako (Mali) : les m\u00e9decins appellent \u00e0 la prudence - Actualit\u00e9s Africaines","isPartOf":{"@id":"https:\/\/www.africascoop.net\/#website"},"primaryImageOfPage":{"@id":"http:\/\/www.africascoop.net\/index.php\/2026\/03\/16\/jeune-et-fortes-chaleurs-a-bamako-mali-les-medecins-appellent-a-la-prudence\/#primaryimage"},"image":{"@id":"http:\/\/www.africascoop.net\/index.php\/2026\/03\/16\/jeune-et-fortes-chaleurs-a-bamako-mali-les-medecins-appellent-a-la-prudence\/#primaryimage"},"thumbnailUrl":"https:\/\/www.africascoop.net\/wp-content\/uploads\/2026\/03\/chaleur-1024x576.jpg","datePublished":"2026-03-16T13:54:57+00:00","dateModified":"2026-03-16T13:55:02+00:00","breadcrumb":{"@id":"http:\/\/www.africascoop.net\/index.php\/2026\/03\/16\/jeune-et-fortes-chaleurs-a-bamako-mali-les-medecins-appellent-a-la-prudence\/#breadcrumb"},"inLanguage":"fr-FR","potentialAction":[{"@type":"ReadAction","target":["http:\/\/www.africascoop.net\/index.php\/2026\/03\/16\/jeune-et-fortes-chaleurs-a-bamako-mali-les-medecins-appellent-a-la-prudence\/"]}]},{"@type":"ImageObject","inLanguage":"fr-FR","@id":"http:\/\/www.africascoop.net\/index.php\/2026\/03\/16\/jeune-et-fortes-chaleurs-a-bamako-mali-les-medecins-appellent-a-la-prudence\/#primaryimage","url":"https:\/\/www.africascoop.net\/wp-content\/uploads\/2026\/03\/chaleur.jpg","contentUrl":"https:\/\/www.africascoop.net\/wp-content\/uploads\/2026\/03\/chaleur.jpg","width":1366,"height":768},{"@type":"BreadcrumbList","@id":"http:\/\/www.africascoop.net\/index.php\/2026\/03\/16\/jeune-et-fortes-chaleurs-a-bamako-mali-les-medecins-appellent-a-la-prudence\/#breadcrumb","itemListElement":[{"@type":"ListItem","position":1,"name":"Accueil","item":"https:\/\/www.africascoop.net\/"},{"@type":"ListItem","position":2,"name":"Je\u00fbne et fortes chaleurs \u00e0 Bamako (Mali) : les m\u00e9decins appellent \u00e0 la prudence"}]},{"@type":"WebSite","@id":"https:\/\/www.africascoop.net\/#website","url":"https:\/\/www.africascoop.net\/","name":"Actualit\u00e9s Africaines","description":"","publisher":{"@id":"https:\/\/www.africascoop.net\/#organization"},"potentialAction":[{"@type":"SearchAction","target":{"@type":"EntryPoint","urlTemplate":"https:\/\/www.africascoop.net\/?s={search_term_string}"},"query-input":{"@type":"PropertyValueSpecification","valueRequired":true,"valueName":"search_term_string"}}],"inLanguage":"fr-FR"},{"@type":"Organization","@id":"https:\/\/www.africascoop.net\/#organization","name":"Actualit\u00e9s Africaines","url":"https:\/\/www.africascoop.net\/","logo":{"@type":"ImageObject","inLanguage":"fr-FR","@id":"https:\/\/www.africascoop.net\/#\/schema\/logo\/image\/","url":"https:\/\/www.africascoop.net\/wp-content\/uploads\/2025\/09\/cropped-logo-2.jpg","contentUrl":"https:\/\/www.africascoop.net\/wp-content\/uploads\/2025\/09\/cropped-logo-2.jpg","width":945,"height":591,"caption":"Actualit\u00e9s Africaines"},"image":{"@id":"https:\/\/www.africascoop.net\/#\/schema\/logo\/image\/"}},{"@type":"Person","@id":"https:\/\/www.africascoop.net\/#\/schema\/person\/2cbcc632c110d739d93a6b196c67230a","name":"Africascoop","image":{"@type":"ImageObject","inLanguage":"fr-FR","@id":"https:\/\/www.africascoop.net\/#\/schema\/person\/image\/","url":"https:\/\/secure.gravatar.com\/avatar\/230d851f5173f64fe9487b948bd2daf02707ef49aea942bc1bdad649c82025b9?s=96&d=mm&r=g","contentUrl":"https:\/\/secure.gravatar.com\/avatar\/230d851f5173f64fe9487b948bd2daf02707ef49aea942bc1bdad649c82025b9?s=96&d=mm&r=g","caption":"Africascoop"},"url":"https:\/\/www.africascoop.net\/index.php\/author\/jul\/"}]}},"_links":{"self":[{"href":"https:\/\/www.africascoop.net\/index.php\/wp-json\/wp\/v2\/posts\/1589","targetHints":{"allow":["GET"]}}],"collection":[{"href":"https:\/\/www.africascoop.net\/index.php\/wp-json\/wp\/v2\/posts"}],"about":[{"href":"https:\/\/www.africascoop.net\/index.php\/wp-json\/wp\/v2\/types\/post"}],"author":[{"embeddable":true,"href":"https:\/\/www.africascoop.net\/index.php\/wp-json\/wp\/v2\/users\/3"}],"replies":[{"embeddable":true,"href":"https:\/\/www.africascoop.net\/index.php\/wp-json\/wp\/v2\/comments?post=1589"}],"version-history":[{"count":1,"href":"https:\/\/www.africascoop.net\/index.php\/wp-json\/wp\/v2\/posts\/1589\/revisions"}],"predecessor-version":[{"id":1591,"href":"https:\/\/www.africascoop.net\/index.php\/wp-json\/wp\/v2\/posts\/1589\/revisions\/1591"}],"wp:attachment":[{"href":"https:\/\/www.africascoop.net\/index.php\/wp-json\/wp\/v2\/media?parent=1589"}],"wp:term":[{"taxonomy":"category","embeddable":true,"href":"https:\/\/www.africascoop.net\/index.php\/wp-json\/wp\/v2\/categories?post=1589"},{"taxonomy":"post_tag","embeddable":true,"href":"https:\/\/www.africascoop.net\/index.php\/wp-json\/wp\/v2\/tags?post=1589"}],"curies":[{"name":"wp","href":"https:\/\/api.w.org\/{rel}","templated":true}]}}