{"id":1592,"date":"2026-03-16T14:04:48","date_gmt":"2026-03-16T14:04:48","guid":{"rendered":"https:\/\/www.africascoop.net\/?p=1592"},"modified":"2026-03-16T14:04:51","modified_gmt":"2026-03-16T14:04:51","slug":"apres-lincendie-de-suguni-koura-la-modernisation-du-marche-fait-debat","status":"publish","type":"post","link":"https:\/\/www.africascoop.net\/index.php\/2026\/03\/16\/apres-lincendie-de-suguni-koura-la-modernisation-du-marche-fait-debat\/","title":{"rendered":"Apr\u00e8s l\u2019incendie de Suguni Koura, la modernisation du march\u00e9 fait d\u00e9bat"},"content":{"rendered":"\n<figure class=\"wp-block-image size-large\"><img loading=\"lazy\" decoding=\"async\" width=\"1024\" height=\"576\" src=\"https:\/\/www.africascoop.net\/wp-content\/uploads\/2026\/03\/marche-mali-1024x576.jpg\" alt=\"\" class=\"wp-image-1593\" srcset=\"https:\/\/www.africascoop.net\/wp-content\/uploads\/2026\/03\/marche-mali-1024x576.jpg 1024w, https:\/\/www.africascoop.net\/wp-content\/uploads\/2026\/03\/marche-mali-300x169.jpg 300w, https:\/\/www.africascoop.net\/wp-content\/uploads\/2026\/03\/marche-mali-768x432.jpg 768w, https:\/\/www.africascoop.net\/wp-content\/uploads\/2026\/03\/marche-mali.jpg 1366w\" sizes=\"auto, (max-width: 1024px) 100vw, 1024px\" \/><\/figure>\n\n\n\n<p>Au lendemain de l\u2019incendie qui a ravag\u00e9 le march\u00e9 de Suguni Koura \u00e0 Bamako, un projet de transformation du site en march\u00e9 moderne suscite des r\u00e9actions contrast\u00e9es parmi les commer\u00e7ants. Selon une enqu\u00eate de nos confr\u00e8res de Studio Tamani, l\u2019annonce a \u00e9t\u00e9 faite le 11 mars 2026 lors d\u2019une visite du ministre de l\u2019Administration territoriale et de la D\u00e9centralisation, Issa Ousmane Coulibaly. Si certains vendeurs esp\u00e8rent que cette initiative permettra d\u2019am\u00e9liorer la s\u00e9curit\u00e9 et les infrastructures, d\u2019autres redoutent un d\u00e9guerpissement ou une perte de leurs espaces de vente. Plusieurs commer\u00e7ants plaident plut\u00f4t pour un simple r\u00e9am\u00e9nagement du march\u00e9 afin de pr\u00e9server les activit\u00e9s des occupants actuels. Les autorit\u00e9s assurent pour leur part vouloir concilier modernisation du site, s\u00e9curit\u00e9 des installations et maintien des activit\u00e9s commerciales apr\u00e8s le sinistre survenu en f\u00e9vrier 2026.<\/p>\n\n\n\n<p>Abdallah Ke\u00efta<\/p>\n","protected":false},"excerpt":{"rendered":"<p>Au lendemain de l\u2019incendie qui a ravag\u00e9 le march\u00e9 de Suguni Koura \u00e0 Bamako, un projet de transformation<\/p>\n","protected":false},"author":3,"featured_media":0,"comment_status":"open","ping_status":"open","sticky":false,"template":"","format":"standard","meta":{"footnotes":""},"categories":[8,36],"tags":[],"class_list":["post-1592","post","type-post","status-publish","format-standard","hentry","category-economie","category-exclusif"],"yoast_head":"<!-- This site is optimized with the Yoast SEO plugin v26.0 - https:\/\/yoast.com\/wordpress\/plugins\/seo\/ -->\n<title>Apr\u00e8s l\u2019incendie de Suguni Koura, la modernisation du march\u00e9 fait d\u00e9bat - Actualit\u00e9s Africaines<\/title>\n<meta name=\"robots\" content=\"index, follow, max-snippet:-1, max-image-preview:large, max-video-preview:-1\" \/>\n<link rel=\"canonical\" href=\"https:\/\/www.africascoop.net\/index.php\/2026\/03\/16\/apres-lincendie-de-suguni-koura-la-modernisation-du-marche-fait-debat\/\" \/>\n<meta property=\"og:locale\" content=\"fr_FR\" \/>\n<meta property=\"og:type\" content=\"article\" \/>\n<meta property=\"og:title\" content=\"Apr\u00e8s l\u2019incendie de Suguni Koura, la modernisation du march\u00e9 fait d\u00e9bat - Actualit\u00e9s Africaines\" \/>\n<meta property=\"og:description\" content=\"Au lendemain de l\u2019incendie qui a ravag\u00e9 le march\u00e9 de Suguni Koura \u00e0 Bamako, un projet de transformation\" \/>\n<meta property=\"og:url\" content=\"https:\/\/www.africascoop.net\/index.php\/2026\/03\/16\/apres-lincendie-de-suguni-koura-la-modernisation-du-marche-fait-debat\/\" \/>\n<meta property=\"og:site_name\" content=\"Actualit\u00e9s Africaines\" \/>\n<meta property=\"article:published_time\" content=\"2026-03-16T14:04:48+00:00\" \/>\n<meta property=\"article:modified_time\" content=\"2026-03-16T14:04:51+00:00\" \/>\n<meta property=\"og:image\" content=\"https:\/\/www.africascoop.net\/wp-content\/uploads\/2026\/03\/marche-mali-1024x576.jpg\" \/>\n<meta name=\"author\" content=\"Africascoop\" \/>\n<meta name=\"twitter:card\" content=\"summary_large_image\" \/>\n<meta name=\"twitter:label1\" content=\"\u00c9crit par\" \/>\n\t<meta name=\"twitter:data1\" content=\"Africascoop\" \/>\n\t<meta name=\"twitter:label2\" content=\"Dur\u00e9e de lecture estim\u00e9e\" \/>\n\t<meta name=\"twitter:data2\" content=\"1 minute\" \/>\n<script type=\"application\/ld+json\" class=\"yoast-schema-graph\">{\"@context\":\"https:\/\/schema.org\",\"@graph\":[{\"@type\":\"Article\",\"@id\":\"https:\/\/www.africascoop.net\/index.php\/2026\/03\/16\/apres-lincendie-de-suguni-koura-la-modernisation-du-marche-fait-debat\/#article\",\"isPartOf\":{\"@id\":\"https:\/\/www.africascoop.net\/index.php\/2026\/03\/16\/apres-lincendie-de-suguni-koura-la-modernisation-du-marche-fait-debat\/\"},\"author\":{\"name\":\"Africascoop\",\"@id\":\"https:\/\/www.africascoop.net\/#\/schema\/person\/2cbcc632c110d739d93a6b196c67230a\"},\"headline\":\"Apr\u00e8s l\u2019incendie de Suguni Koura, la modernisation du march\u00e9 fait d\u00e9bat\",\"datePublished\":\"2026-03-16T14:04:48+00:00\",\"dateModified\":\"2026-03-16T14:04:51+00:00\",\"mainEntityOfPage\":{\"@id\":\"https:\/\/www.africascoop.net\/index.php\/2026\/03\/16\/apres-lincendie-de-suguni-koura-la-modernisation-du-marche-fait-debat\/\"},\"wordCount\":172,\"commentCount\":0,\"publisher\":{\"@id\":\"https:\/\/www.africascoop.net\/#organization\"},\"image\":{\"@id\":\"https:\/\/www.africascoop.net\/index.php\/2026\/03\/16\/apres-lincendie-de-suguni-koura-la-modernisation-du-marche-fait-debat\/#primaryimage\"},\"thumbnailUrl\":\"https:\/\/www.africascoop.net\/wp-content\/uploads\/2026\/03\/marche-mali-1024x576.jpg\",\"articleSection\":[\"\u00c9conomie\",\"Exclusif\"],\"inLanguage\":\"fr-FR\",\"potentialAction\":[{\"@type\":\"CommentAction\",\"name\":\"Comment\",\"target\":[\"https:\/\/www.africascoop.net\/index.php\/2026\/03\/16\/apres-lincendie-de-suguni-koura-la-modernisation-du-marche-fait-debat\/#respond\"]}]},{\"@type\":\"WebPage\",\"@id\":\"https:\/\/www.africascoop.net\/index.php\/2026\/03\/16\/apres-lincendie-de-suguni-koura-la-modernisation-du-marche-fait-debat\/\",\"url\":\"https:\/\/www.africascoop.net\/index.php\/2026\/03\/16\/apres-lincendie-de-suguni-koura-la-modernisation-du-marche-fait-debat\/\",\"name\":\"Apr\u00e8s l\u2019incendie de Suguni Koura, la modernisation du march\u00e9 fait d\u00e9bat - Actualit\u00e9s Africaines\",\"isPartOf\":{\"@id\":\"https:\/\/www.africascoop.net\/#website\"},\"primaryImageOfPage\":{\"@id\":\"https:\/\/www.africascoop.net\/index.php\/2026\/03\/16\/apres-lincendie-de-suguni-koura-la-modernisation-du-marche-fait-debat\/#primaryimage\"},\"image\":{\"@id\":\"https:\/\/www.africascoop.net\/index.php\/2026\/03\/16\/apres-lincendie-de-suguni-koura-la-modernisation-du-marche-fait-debat\/#primaryimage\"},\"thumbnailUrl\":\"https:\/\/www.africascoop.net\/wp-content\/uploads\/2026\/03\/marche-mali-1024x576.jpg\",\"datePublished\":\"2026-03-16T14:04:48+00:00\",\"dateModified\":\"2026-03-16T14:04:51+00:00\",\"breadcrumb\":{\"@id\":\"https:\/\/www.africascoop.net\/index.php\/2026\/03\/16\/apres-lincendie-de-suguni-koura-la-modernisation-du-marche-fait-debat\/#breadcrumb\"},\"inLanguage\":\"fr-FR\",\"potentialAction\":[{\"@type\":\"ReadAction\",\"target\":[\"https:\/\/www.africascoop.net\/index.php\/2026\/03\/16\/apres-lincendie-de-suguni-koura-la-modernisation-du-marche-fait-debat\/\"]}]},{\"@type\":\"ImageObject\",\"inLanguage\":\"fr-FR\",\"@id\":\"https:\/\/www.africascoop.net\/index.php\/2026\/03\/16\/apres-lincendie-de-suguni-koura-la-modernisation-du-marche-fait-debat\/#primaryimage\",\"url\":\"https:\/\/www.africascoop.net\/wp-content\/uploads\/2026\/03\/marche-mali.jpg\",\"contentUrl\":\"https:\/\/www.africascoop.net\/wp-content\/uploads\/2026\/03\/marche-mali.jpg\",\"width\":1366,\"height\":768},{\"@type\":\"BreadcrumbList\",\"@id\":\"https:\/\/www.africascoop.net\/index.php\/2026\/03\/16\/apres-lincendie-de-suguni-koura-la-modernisation-du-marche-fait-debat\/#breadcrumb\",\"itemListElement\":[{\"@type\":\"ListItem\",\"position\":1,\"name\":\"Accueil\",\"item\":\"https:\/\/www.africascoop.net\/\"},{\"@type\":\"ListItem\",\"position\":2,\"name\":\"Apr\u00e8s l\u2019incendie de Suguni Koura, la modernisation du march\u00e9 fait d\u00e9bat\"}]},{\"@type\":\"WebSite\",\"@id\":\"https:\/\/www.africascoop.net\/#website\",\"url\":\"https:\/\/www.africascoop.net\/\",\"name\":\"Actualit\u00e9s Africaines\",\"description\":\"\",\"publisher\":{\"@id\":\"https:\/\/www.africascoop.net\/#organization\"},\"potentialAction\":[{\"@type\":\"SearchAction\",\"target\":{\"@type\":\"EntryPoint\",\"urlTemplate\":\"https:\/\/www.africascoop.net\/?s={search_term_string}\"},\"query-input\":{\"@type\":\"PropertyValueSpecification\",\"valueRequired\":true,\"valueName\":\"search_term_string\"}}],\"inLanguage\":\"fr-FR\"},{\"@type\":\"Organization\",\"@id\":\"https:\/\/www.africascoop.net\/#organization\",\"name\":\"Actualit\u00e9s Africaines\",\"url\":\"https:\/\/www.africascoop.net\/\",\"logo\":{\"@type\":\"ImageObject\",\"inLanguage\":\"fr-FR\",\"@id\":\"https:\/\/www.africascoop.net\/#\/schema\/logo\/image\/\",\"url\":\"https:\/\/www.africascoop.net\/wp-content\/uploads\/2025\/09\/cropped-logo-2.jpg\",\"contentUrl\":\"https:\/\/www.africascoop.net\/wp-content\/uploads\/2025\/09\/cropped-logo-2.jpg\",\"width\":945,\"height\":591,\"caption\":\"Actualit\u00e9s Africaines\"},\"image\":{\"@id\":\"https:\/\/www.africascoop.net\/#\/schema\/logo\/image\/\"}},{\"@type\":\"Person\",\"@id\":\"https:\/\/www.africascoop.net\/#\/schema\/person\/2cbcc632c110d739d93a6b196c67230a\",\"name\":\"Africascoop\",\"image\":{\"@type\":\"ImageObject\",\"inLanguage\":\"fr-FR\",\"@id\":\"https:\/\/www.africascoop.net\/#\/schema\/person\/image\/\",\"url\":\"https:\/\/secure.gravatar.com\/avatar\/230d851f5173f64fe9487b948bd2daf02707ef49aea942bc1bdad649c82025b9?s=96&d=mm&r=g\",\"contentUrl\":\"https:\/\/secure.gravatar.com\/avatar\/230d851f5173f64fe9487b948bd2daf02707ef49aea942bc1bdad649c82025b9?s=96&d=mm&r=g\",\"caption\":\"Africascoop\"},\"url\":\"https:\/\/www.africascoop.net\/index.php\/author\/jul\/\"}]}<\/script>\n<!-- \/ Yoast SEO plugin. -->","yoast_head_json":{"title":"Apr\u00e8s l\u2019incendie de Suguni Koura, la modernisation du march\u00e9 fait d\u00e9bat - Actualit\u00e9s Africaines","robots":{"index":"index","follow":"follow","max-snippet":"max-snippet:-1","max-image-preview":"max-image-preview:large","max-video-preview":"max-video-preview:-1"},"canonical":"https:\/\/www.africascoop.net\/index.php\/2026\/03\/16\/apres-lincendie-de-suguni-koura-la-modernisation-du-marche-fait-debat\/","og_locale":"fr_FR","og_type":"article","og_title":"Apr\u00e8s l\u2019incendie de Suguni Koura, la modernisation du march\u00e9 fait d\u00e9bat - Actualit\u00e9s Africaines","og_description":"Au lendemain de l\u2019incendie qui a ravag\u00e9 le march\u00e9 de Suguni Koura \u00e0 Bamako, un projet de transformation","og_url":"https:\/\/www.africascoop.net\/index.php\/2026\/03\/16\/apres-lincendie-de-suguni-koura-la-modernisation-du-marche-fait-debat\/","og_site_name":"Actualit\u00e9s Africaines","article_published_time":"2026-03-16T14:04:48+00:00","article_modified_time":"2026-03-16T14:04:51+00:00","og_image":[{"url":"https:\/\/www.africascoop.net\/wp-content\/uploads\/2026\/03\/marche-mali-1024x576.jpg","type":"","width":"","height":""}],"author":"Africascoop","twitter_card":"summary_large_image","twitter_misc":{"\u00c9crit par":"Africascoop","Dur\u00e9e de lecture estim\u00e9e":"1 minute"},"schema":{"@context":"https:\/\/schema.org","@graph":[{"@type":"Article","@id":"https:\/\/www.africascoop.net\/index.php\/2026\/03\/16\/apres-lincendie-de-suguni-koura-la-modernisation-du-marche-fait-debat\/#article","isPartOf":{"@id":"https:\/\/www.africascoop.net\/index.php\/2026\/03\/16\/apres-lincendie-de-suguni-koura-la-modernisation-du-marche-fait-debat\/"},"author":{"name":"Africascoop","@id":"https:\/\/www.africascoop.net\/#\/schema\/person\/2cbcc632c110d739d93a6b196c67230a"},"headline":"Apr\u00e8s l\u2019incendie de Suguni Koura, la modernisation du march\u00e9 fait d\u00e9bat","datePublished":"2026-03-16T14:04:48+00:00","dateModified":"2026-03-16T14:04:51+00:00","mainEntityOfPage":{"@id":"https:\/\/www.africascoop.net\/index.php\/2026\/03\/16\/apres-lincendie-de-suguni-koura-la-modernisation-du-marche-fait-debat\/"},"wordCount":172,"commentCount":0,"publisher":{"@id":"https:\/\/www.africascoop.net\/#organization"},"image":{"@id":"https:\/\/www.africascoop.net\/index.php\/2026\/03\/16\/apres-lincendie-de-suguni-koura-la-modernisation-du-marche-fait-debat\/#primaryimage"},"thumbnailUrl":"https:\/\/www.africascoop.net\/wp-content\/uploads\/2026\/03\/marche-mali-1024x576.jpg","articleSection":["\u00c9conomie","Exclusif"],"inLanguage":"fr-FR","potentialAction":[{"@type":"CommentAction","name":"Comment","target":["https:\/\/www.africascoop.net\/index.php\/2026\/03\/16\/apres-lincendie-de-suguni-koura-la-modernisation-du-marche-fait-debat\/#respond"]}]},{"@type":"WebPage","@id":"https:\/\/www.africascoop.net\/index.php\/2026\/03\/16\/apres-lincendie-de-suguni-koura-la-modernisation-du-marche-fait-debat\/","url":"https:\/\/www.africascoop.net\/index.php\/2026\/03\/16\/apres-lincendie-de-suguni-koura-la-modernisation-du-marche-fait-debat\/","name":"Apr\u00e8s l\u2019incendie de Suguni Koura, la modernisation du march\u00e9 fait d\u00e9bat - Actualit\u00e9s Africaines","isPartOf":{"@id":"https:\/\/www.africascoop.net\/#website"},"primaryImageOfPage":{"@id":"https:\/\/www.africascoop.net\/index.php\/2026\/03\/16\/apres-lincendie-de-suguni-koura-la-modernisation-du-marche-fait-debat\/#primaryimage"},"image":{"@id":"https:\/\/www.africascoop.net\/index.php\/2026\/03\/16\/apres-lincendie-de-suguni-koura-la-modernisation-du-marche-fait-debat\/#primaryimage"},"thumbnailUrl":"https:\/\/www.africascoop.net\/wp-content\/uploads\/2026\/03\/marche-mali-1024x576.jpg","datePublished":"2026-03-16T14:04:48+00:00","dateModified":"2026-03-16T14:04:51+00:00","breadcrumb":{"@id":"https:\/\/www.africascoop.net\/index.php\/2026\/03\/16\/apres-lincendie-de-suguni-koura-la-modernisation-du-marche-fait-debat\/#breadcrumb"},"inLanguage":"fr-FR","potentialAction":[{"@type":"ReadAction","target":["https:\/\/www.africascoop.net\/index.php\/2026\/03\/16\/apres-lincendie-de-suguni-koura-la-modernisation-du-marche-fait-debat\/"]}]},{"@type":"ImageObject","inLanguage":"fr-FR","@id":"https:\/\/www.africascoop.net\/index.php\/2026\/03\/16\/apres-lincendie-de-suguni-koura-la-modernisation-du-marche-fait-debat\/#primaryimage","url":"https:\/\/www.africascoop.net\/wp-content\/uploads\/2026\/03\/marche-mali.jpg","contentUrl":"https:\/\/www.africascoop.net\/wp-content\/uploads\/2026\/03\/marche-mali.jpg","width":1366,"height":768},{"@type":"BreadcrumbList","@id":"https:\/\/www.africascoop.net\/index.php\/2026\/03\/16\/apres-lincendie-de-suguni-koura-la-modernisation-du-marche-fait-debat\/#breadcrumb","itemListElement":[{"@type":"ListItem","position":1,"name":"Accueil","item":"https:\/\/www.africascoop.net\/"},{"@type":"ListItem","position":2,"name":"Apr\u00e8s l\u2019incendie de Suguni Koura, la modernisation du march\u00e9 fait d\u00e9bat"}]},{"@type":"WebSite","@id":"https:\/\/www.africascoop.net\/#website","url":"https:\/\/www.africascoop.net\/","name":"Actualit\u00e9s Africaines","description":"","publisher":{"@id":"https:\/\/www.africascoop.net\/#organization"},"potentialAction":[{"@type":"SearchAction","target":{"@type":"EntryPoint","urlTemplate":"https:\/\/www.africascoop.net\/?s={search_term_string}"},"query-input":{"@type":"PropertyValueSpecification","valueRequired":true,"valueName":"search_term_string"}}],"inLanguage":"fr-FR"},{"@type":"Organization","@id":"https:\/\/www.africascoop.net\/#organization","name":"Actualit\u00e9s Africaines","url":"https:\/\/www.africascoop.net\/","logo":{"@type":"ImageObject","inLanguage":"fr-FR","@id":"https:\/\/www.africascoop.net\/#\/schema\/logo\/image\/","url":"https:\/\/www.africascoop.net\/wp-content\/uploads\/2025\/09\/cropped-logo-2.jpg","contentUrl":"https:\/\/www.africascoop.net\/wp-content\/uploads\/2025\/09\/cropped-logo-2.jpg","width":945,"height":591,"caption":"Actualit\u00e9s Africaines"},"image":{"@id":"https:\/\/www.africascoop.net\/#\/schema\/logo\/image\/"}},{"@type":"Person","@id":"https:\/\/www.africascoop.net\/#\/schema\/person\/2cbcc632c110d739d93a6b196c67230a","name":"Africascoop","image":{"@type":"ImageObject","inLanguage":"fr-FR","@id":"https:\/\/www.africascoop.net\/#\/schema\/person\/image\/","url":"https:\/\/secure.gravatar.com\/avatar\/230d851f5173f64fe9487b948bd2daf02707ef49aea942bc1bdad649c82025b9?s=96&d=mm&r=g","contentUrl":"https:\/\/secure.gravatar.com\/avatar\/230d851f5173f64fe9487b948bd2daf02707ef49aea942bc1bdad649c82025b9?s=96&d=mm&r=g","caption":"Africascoop"},"url":"https:\/\/www.africascoop.net\/index.php\/author\/jul\/"}]}},"_links":{"self":[{"href":"https:\/\/www.africascoop.net\/index.php\/wp-json\/wp\/v2\/posts\/1592","targetHints":{"allow":["GET"]}}],"collection":[{"href":"https:\/\/www.africascoop.net\/index.php\/wp-json\/wp\/v2\/posts"}],"about":[{"href":"https:\/\/www.africascoop.net\/index.php\/wp-json\/wp\/v2\/types\/post"}],"author":[{"embeddable":true,"href":"https:\/\/www.africascoop.net\/index.php\/wp-json\/wp\/v2\/users\/3"}],"replies":[{"embeddable":true,"href":"https:\/\/www.africascoop.net\/index.php\/wp-json\/wp\/v2\/comments?post=1592"}],"version-history":[{"count":1,"href":"https:\/\/www.africascoop.net\/index.php\/wp-json\/wp\/v2\/posts\/1592\/revisions"}],"predecessor-version":[{"id":1594,"href":"https:\/\/www.africascoop.net\/index.php\/wp-json\/wp\/v2\/posts\/1592\/revisions\/1594"}],"wp:attachment":[{"href":"https:\/\/www.africascoop.net\/index.php\/wp-json\/wp\/v2\/media?parent=1592"}],"wp:term":[{"taxonomy":"category","embeddable":true,"href":"https:\/\/www.africascoop.net\/index.php\/wp-json\/wp\/v2\/categories?post=1592"},{"taxonomy":"post_tag","embeddable":true,"href":"https:\/\/www.africascoop.net\/index.php\/wp-json\/wp\/v2\/tags?post=1592"}],"curies":[{"name":"wp","href":"https:\/\/api.w.org\/{rel}","templated":true}]}}