{"id":1825,"date":"2026-04-27T11:03:33","date_gmt":"2026-04-27T11:03:33","guid":{"rendered":"https:\/\/www.africascoop.net\/?p=1825"},"modified":"2026-04-27T11:03:37","modified_gmt":"2026-04-27T11:03:37","slug":"oumar-mariko-une-enquete-judiciaire-ouverte-apres-une-visite-controversee-aupres-du-jnim","status":"publish","type":"post","link":"https:\/\/www.africascoop.net\/index.php\/2026\/04\/27\/oumar-mariko-une-enquete-judiciaire-ouverte-apres-une-visite-controversee-aupres-du-jnim\/","title":{"rendered":"Oumar Mariko : une enqu\u00eate judiciaire ouverte apr\u00e8s une visite controvers\u00e9e aupr\u00e8s du JNIM"},"content":{"rendered":"\n<figure class=\"wp-block-image size-full is-resized\"><img loading=\"lazy\" decoding=\"async\" width=\"435\" height=\"271\" src=\"https:\/\/www.africascoop.net\/wp-content\/uploads\/2026\/04\/OIP-9.webp\" alt=\"\" class=\"wp-image-1826\" style=\"aspect-ratio:1.6052009456264775;width:589px;height:auto\" srcset=\"https:\/\/www.africascoop.net\/wp-content\/uploads\/2026\/04\/OIP-9.webp 435w, https:\/\/www.africascoop.net\/wp-content\/uploads\/2026\/04\/OIP-9-300x187.webp 300w\" sizes=\"auto, (max-width: 435px) 100vw, 435px\" \/><\/figure>\n\n\n\n<p><strong><em>L\u2019ancien acteur majeur de la sc\u00e8ne politique malienne, Oumar Mariko, se retrouve au centre d\u2019une double controverse m\u00ealant justice et s\u00e9curit\u00e9 nationale. Le procureur g\u00e9n\u00e9ral pr\u00e8s la Cour d\u2019appel de Bamako a annonc\u00e9 l\u2019ouverture d\u2019une information judiciaire visant l\u2019opposant, sur fond de soup\u00e7ons de liens avec des groupes arm\u00e9s terroristes op\u00e9rant au Mali.<\/em><\/strong><\/p>\n\n\n\n<p>Selon les autorit\u00e9s judiciaires, le p\u00f4le sp\u00e9cialis\u00e9 dans la lutte contre le terrorisme et la criminalit\u00e9 transnationale organis\u00e9e a \u00e9t\u00e9 saisi pour mener des investigations approfondies. L\u2019objectif affich\u00e9 est de v\u00e9rifier des all\u00e9gations faisant \u00e9tat de possibles interactions entre Oumar Mariko et des groupes arm\u00e9s actifs sur le territoire national, ainsi que d\u2019\u00e9ventuels contacts susceptibles d\u2019entraver les efforts de stabilisation du pays.<\/p>\n\n\n\n<p>Cette proc\u00e9dure intervient dans un climat s\u00e9curitaire particuli\u00e8rement tendu, marqu\u00e9 par la persistance de violences arm\u00e9es et la sensibilit\u00e9 extr\u00eame de toute connexion suppos\u00e9e entre acteurs politiques et groupes terroristes.<\/p>\n\n\n\n<p>Dans le m\u00eame temps, l\u2019opposant en exil alimente la controverse apr\u00e8s une visite qualifi\u00e9e de sensible dans une zone associ\u00e9e au Groupe de soutien \u00e0 l\u2019islam et aux musulmans (JNIM). Selon ses propres d\u00e9clarations, cette d\u00e9marche avait pour objectif de tenter d\u2019obtenir des informations ou de rencontrer des Maliens retenus en otage. Toutefois, cette initiative est largement critiqu\u00e9e et interpr\u00e9t\u00e9e par certains observateurs comme une prise de contact directe avec un groupe arm\u00e9 class\u00e9 terroriste.<\/p>\n\n\n\n<p>A noter que ce d\u00e9placement, d\u00e9sormais au c\u0153ur des d\u00e9bats, vient renforcer l\u2019attention port\u00e9e par la justice sur ses activit\u00e9s r\u00e9centes, \u00e0 un moment, o\u00f9 les autorit\u00e9s maliennes affichent une volont\u00e9 de fermet\u00e9 face \u00e0 toute forme de compromission avec les groupes arm\u00e9s.<\/p>\n\n\n\n<p>ABK<\/p>\n","protected":false},"excerpt":{"rendered":"<p>L\u2019ancien acteur majeur de la sc\u00e8ne politique malienne, Oumar Mariko, se retrouve au centre d\u2019une double controverse m\u00ealant<\/p>\n","protected":false},"author":3,"featured_media":0,"comment_status":"open","ping_status":"open","sticky":false,"template":"","format":"standard","meta":{"footnotes":""},"categories":[36,42],"tags":[],"class_list":["post-1825","post","type-post","status-publish","format-standard","hentry","category-exclusif","category-justice"],"yoast_head":"<!-- This site is optimized with the Yoast SEO plugin v26.0 - https:\/\/yoast.com\/wordpress\/plugins\/seo\/ -->\n<title>Oumar Mariko : une enqu\u00eate judiciaire ouverte apr\u00e8s une visite controvers\u00e9e aupr\u00e8s du JNIM - Actualit\u00e9s Africaines<\/title>\n<meta name=\"robots\" content=\"index, follow, max-snippet:-1, max-image-preview:large, max-video-preview:-1\" \/>\n<link rel=\"canonical\" href=\"https:\/\/www.africascoop.net\/index.php\/2026\/04\/27\/oumar-mariko-une-enquete-judiciaire-ouverte-apres-une-visite-controversee-aupres-du-jnim\/\" \/>\n<meta property=\"og:locale\" content=\"fr_FR\" \/>\n<meta property=\"og:type\" content=\"article\" \/>\n<meta property=\"og:title\" content=\"Oumar Mariko : une enqu\u00eate judiciaire ouverte apr\u00e8s une visite controvers\u00e9e aupr\u00e8s du JNIM - Actualit\u00e9s Africaines\" \/>\n<meta property=\"og:description\" content=\"L\u2019ancien acteur majeur de la sc\u00e8ne politique malienne, Oumar Mariko, se retrouve au centre d\u2019une double controverse m\u00ealant\" \/>\n<meta property=\"og:url\" content=\"https:\/\/www.africascoop.net\/index.php\/2026\/04\/27\/oumar-mariko-une-enquete-judiciaire-ouverte-apres-une-visite-controversee-aupres-du-jnim\/\" \/>\n<meta property=\"og:site_name\" content=\"Actualit\u00e9s Africaines\" \/>\n<meta property=\"article:published_time\" content=\"2026-04-27T11:03:33+00:00\" \/>\n<meta property=\"article:modified_time\" content=\"2026-04-27T11:03:37+00:00\" \/>\n<meta property=\"og:image\" content=\"https:\/\/www.africascoop.net\/wp-content\/uploads\/2026\/04\/OIP-9.webp\" \/>\n\t<meta property=\"og:image:width\" content=\"435\" \/>\n\t<meta property=\"og:image:height\" content=\"271\" \/>\n\t<meta property=\"og:image:type\" content=\"image\/webp\" \/>\n<meta name=\"author\" content=\"Africascoop\" \/>\n<meta name=\"twitter:card\" content=\"summary_large_image\" \/>\n<meta name=\"twitter:label1\" content=\"\u00c9crit par\" \/>\n\t<meta name=\"twitter:data1\" content=\"Africascoop\" \/>\n\t<meta name=\"twitter:label2\" content=\"Dur\u00e9e de lecture estim\u00e9e\" \/>\n\t<meta name=\"twitter:data2\" content=\"2 minutes\" \/>\n<script type=\"application\/ld+json\" class=\"yoast-schema-graph\">{\"@context\":\"https:\/\/schema.org\",\"@graph\":[{\"@type\":\"Article\",\"@id\":\"https:\/\/www.africascoop.net\/index.php\/2026\/04\/27\/oumar-mariko-une-enquete-judiciaire-ouverte-apres-une-visite-controversee-aupres-du-jnim\/#article\",\"isPartOf\":{\"@id\":\"https:\/\/www.africascoop.net\/index.php\/2026\/04\/27\/oumar-mariko-une-enquete-judiciaire-ouverte-apres-une-visite-controversee-aupres-du-jnim\/\"},\"author\":{\"name\":\"Africascoop\",\"@id\":\"https:\/\/www.africascoop.net\/#\/schema\/person\/2cbcc632c110d739d93a6b196c67230a\"},\"headline\":\"Oumar Mariko : une enqu\u00eate judiciaire ouverte apr\u00e8s une visite controvers\u00e9e aupr\u00e8s du JNIM\",\"datePublished\":\"2026-04-27T11:03:33+00:00\",\"dateModified\":\"2026-04-27T11:03:37+00:00\",\"mainEntityOfPage\":{\"@id\":\"https:\/\/www.africascoop.net\/index.php\/2026\/04\/27\/oumar-mariko-une-enquete-judiciaire-ouverte-apres-une-visite-controversee-aupres-du-jnim\/\"},\"wordCount\":331,\"commentCount\":0,\"publisher\":{\"@id\":\"https:\/\/www.africascoop.net\/#organization\"},\"image\":{\"@id\":\"https:\/\/www.africascoop.net\/index.php\/2026\/04\/27\/oumar-mariko-une-enquete-judiciaire-ouverte-apres-une-visite-controversee-aupres-du-jnim\/#primaryimage\"},\"thumbnailUrl\":\"https:\/\/www.africascoop.net\/wp-content\/uploads\/2026\/04\/OIP-9.webp\",\"articleSection\":[\"Exclusif\",\"Justice\"],\"inLanguage\":\"fr-FR\",\"potentialAction\":[{\"@type\":\"CommentAction\",\"name\":\"Comment\",\"target\":[\"https:\/\/www.africascoop.net\/index.php\/2026\/04\/27\/oumar-mariko-une-enquete-judiciaire-ouverte-apres-une-visite-controversee-aupres-du-jnim\/#respond\"]}]},{\"@type\":\"WebPage\",\"@id\":\"https:\/\/www.africascoop.net\/index.php\/2026\/04\/27\/oumar-mariko-une-enquete-judiciaire-ouverte-apres-une-visite-controversee-aupres-du-jnim\/\",\"url\":\"https:\/\/www.africascoop.net\/index.php\/2026\/04\/27\/oumar-mariko-une-enquete-judiciaire-ouverte-apres-une-visite-controversee-aupres-du-jnim\/\",\"name\":\"Oumar Mariko : une enqu\u00eate judiciaire ouverte apr\u00e8s une visite controvers\u00e9e aupr\u00e8s du JNIM - Actualit\u00e9s Africaines\",\"isPartOf\":{\"@id\":\"https:\/\/www.africascoop.net\/#website\"},\"primaryImageOfPage\":{\"@id\":\"https:\/\/www.africascoop.net\/index.php\/2026\/04\/27\/oumar-mariko-une-enquete-judiciaire-ouverte-apres-une-visite-controversee-aupres-du-jnim\/#primaryimage\"},\"image\":{\"@id\":\"https:\/\/www.africascoop.net\/index.php\/2026\/04\/27\/oumar-mariko-une-enquete-judiciaire-ouverte-apres-une-visite-controversee-aupres-du-jnim\/#primaryimage\"},\"thumbnailUrl\":\"https:\/\/www.africascoop.net\/wp-content\/uploads\/2026\/04\/OIP-9.webp\",\"datePublished\":\"2026-04-27T11:03:33+00:00\",\"dateModified\":\"2026-04-27T11:03:37+00:00\",\"breadcrumb\":{\"@id\":\"https:\/\/www.africascoop.net\/index.php\/2026\/04\/27\/oumar-mariko-une-enquete-judiciaire-ouverte-apres-une-visite-controversee-aupres-du-jnim\/#breadcrumb\"},\"inLanguage\":\"fr-FR\",\"potentialAction\":[{\"@type\":\"ReadAction\",\"target\":[\"https:\/\/www.africascoop.net\/index.php\/2026\/04\/27\/oumar-mariko-une-enquete-judiciaire-ouverte-apres-une-visite-controversee-aupres-du-jnim\/\"]}]},{\"@type\":\"ImageObject\",\"inLanguage\":\"fr-FR\",\"@id\":\"https:\/\/www.africascoop.net\/index.php\/2026\/04\/27\/oumar-mariko-une-enquete-judiciaire-ouverte-apres-une-visite-controversee-aupres-du-jnim\/#primaryimage\",\"url\":\"https:\/\/www.africascoop.net\/wp-content\/uploads\/2026\/04\/OIP-9.webp\",\"contentUrl\":\"https:\/\/www.africascoop.net\/wp-content\/uploads\/2026\/04\/OIP-9.webp\",\"width\":435,\"height\":271},{\"@type\":\"BreadcrumbList\",\"@id\":\"https:\/\/www.africascoop.net\/index.php\/2026\/04\/27\/oumar-mariko-une-enquete-judiciaire-ouverte-apres-une-visite-controversee-aupres-du-jnim\/#breadcrumb\",\"itemListElement\":[{\"@type\":\"ListItem\",\"position\":1,\"name\":\"Accueil\",\"item\":\"https:\/\/www.africascoop.net\/\"},{\"@type\":\"ListItem\",\"position\":2,\"name\":\"Oumar Mariko : une enqu\u00eate judiciaire ouverte apr\u00e8s une visite controvers\u00e9e aupr\u00e8s du JNIM\"}]},{\"@type\":\"WebSite\",\"@id\":\"https:\/\/www.africascoop.net\/#website\",\"url\":\"https:\/\/www.africascoop.net\/\",\"name\":\"Actualit\u00e9s Africaines\",\"description\":\"\",\"publisher\":{\"@id\":\"https:\/\/www.africascoop.net\/#organization\"},\"potentialAction\":[{\"@type\":\"SearchAction\",\"target\":{\"@type\":\"EntryPoint\",\"urlTemplate\":\"https:\/\/www.africascoop.net\/?s={search_term_string}\"},\"query-input\":{\"@type\":\"PropertyValueSpecification\",\"valueRequired\":true,\"valueName\":\"search_term_string\"}}],\"inLanguage\":\"fr-FR\"},{\"@type\":\"Organization\",\"@id\":\"https:\/\/www.africascoop.net\/#organization\",\"name\":\"Actualit\u00e9s Africaines\",\"url\":\"https:\/\/www.africascoop.net\/\",\"logo\":{\"@type\":\"ImageObject\",\"inLanguage\":\"fr-FR\",\"@id\":\"https:\/\/www.africascoop.net\/#\/schema\/logo\/image\/\",\"url\":\"https:\/\/www.africascoop.net\/wp-content\/uploads\/2025\/09\/cropped-logo-2.jpg\",\"contentUrl\":\"https:\/\/www.africascoop.net\/wp-content\/uploads\/2025\/09\/cropped-logo-2.jpg\",\"width\":945,\"height\":591,\"caption\":\"Actualit\u00e9s Africaines\"},\"image\":{\"@id\":\"https:\/\/www.africascoop.net\/#\/schema\/logo\/image\/\"}},{\"@type\":\"Person\",\"@id\":\"https:\/\/www.africascoop.net\/#\/schema\/person\/2cbcc632c110d739d93a6b196c67230a\",\"name\":\"Africascoop\",\"image\":{\"@type\":\"ImageObject\",\"inLanguage\":\"fr-FR\",\"@id\":\"https:\/\/www.africascoop.net\/#\/schema\/person\/image\/\",\"url\":\"https:\/\/secure.gravatar.com\/avatar\/230d851f5173f64fe9487b948bd2daf02707ef49aea942bc1bdad649c82025b9?s=96&d=mm&r=g\",\"contentUrl\":\"https:\/\/secure.gravatar.com\/avatar\/230d851f5173f64fe9487b948bd2daf02707ef49aea942bc1bdad649c82025b9?s=96&d=mm&r=g\",\"caption\":\"Africascoop\"},\"url\":\"https:\/\/www.africascoop.net\/index.php\/author\/jul\/\"}]}<\/script>\n<!-- \/ Yoast SEO plugin. -->","yoast_head_json":{"title":"Oumar Mariko : une enqu\u00eate judiciaire ouverte apr\u00e8s une visite controvers\u00e9e aupr\u00e8s du JNIM - Actualit\u00e9s Africaines","robots":{"index":"index","follow":"follow","max-snippet":"max-snippet:-1","max-image-preview":"max-image-preview:large","max-video-preview":"max-video-preview:-1"},"canonical":"https:\/\/www.africascoop.net\/index.php\/2026\/04\/27\/oumar-mariko-une-enquete-judiciaire-ouverte-apres-une-visite-controversee-aupres-du-jnim\/","og_locale":"fr_FR","og_type":"article","og_title":"Oumar Mariko : une enqu\u00eate judiciaire ouverte apr\u00e8s une visite controvers\u00e9e aupr\u00e8s du JNIM - Actualit\u00e9s Africaines","og_description":"L\u2019ancien acteur majeur de la sc\u00e8ne politique malienne, Oumar Mariko, se retrouve au centre d\u2019une double controverse m\u00ealant","og_url":"https:\/\/www.africascoop.net\/index.php\/2026\/04\/27\/oumar-mariko-une-enquete-judiciaire-ouverte-apres-une-visite-controversee-aupres-du-jnim\/","og_site_name":"Actualit\u00e9s Africaines","article_published_time":"2026-04-27T11:03:33+00:00","article_modified_time":"2026-04-27T11:03:37+00:00","og_image":[{"width":435,"height":271,"url":"https:\/\/www.africascoop.net\/wp-content\/uploads\/2026\/04\/OIP-9.webp","type":"image\/webp"}],"author":"Africascoop","twitter_card":"summary_large_image","twitter_misc":{"\u00c9crit par":"Africascoop","Dur\u00e9e de lecture estim\u00e9e":"2 minutes"},"schema":{"@context":"https:\/\/schema.org","@graph":[{"@type":"Article","@id":"https:\/\/www.africascoop.net\/index.php\/2026\/04\/27\/oumar-mariko-une-enquete-judiciaire-ouverte-apres-une-visite-controversee-aupres-du-jnim\/#article","isPartOf":{"@id":"https:\/\/www.africascoop.net\/index.php\/2026\/04\/27\/oumar-mariko-une-enquete-judiciaire-ouverte-apres-une-visite-controversee-aupres-du-jnim\/"},"author":{"name":"Africascoop","@id":"https:\/\/www.africascoop.net\/#\/schema\/person\/2cbcc632c110d739d93a6b196c67230a"},"headline":"Oumar Mariko : une enqu\u00eate judiciaire ouverte apr\u00e8s une visite controvers\u00e9e aupr\u00e8s du JNIM","datePublished":"2026-04-27T11:03:33+00:00","dateModified":"2026-04-27T11:03:37+00:00","mainEntityOfPage":{"@id":"https:\/\/www.africascoop.net\/index.php\/2026\/04\/27\/oumar-mariko-une-enquete-judiciaire-ouverte-apres-une-visite-controversee-aupres-du-jnim\/"},"wordCount":331,"commentCount":0,"publisher":{"@id":"https:\/\/www.africascoop.net\/#organization"},"image":{"@id":"https:\/\/www.africascoop.net\/index.php\/2026\/04\/27\/oumar-mariko-une-enquete-judiciaire-ouverte-apres-une-visite-controversee-aupres-du-jnim\/#primaryimage"},"thumbnailUrl":"https:\/\/www.africascoop.net\/wp-content\/uploads\/2026\/04\/OIP-9.webp","articleSection":["Exclusif","Justice"],"inLanguage":"fr-FR","potentialAction":[{"@type":"CommentAction","name":"Comment","target":["https:\/\/www.africascoop.net\/index.php\/2026\/04\/27\/oumar-mariko-une-enquete-judiciaire-ouverte-apres-une-visite-controversee-aupres-du-jnim\/#respond"]}]},{"@type":"WebPage","@id":"https:\/\/www.africascoop.net\/index.php\/2026\/04\/27\/oumar-mariko-une-enquete-judiciaire-ouverte-apres-une-visite-controversee-aupres-du-jnim\/","url":"https:\/\/www.africascoop.net\/index.php\/2026\/04\/27\/oumar-mariko-une-enquete-judiciaire-ouverte-apres-une-visite-controversee-aupres-du-jnim\/","name":"Oumar Mariko : une enqu\u00eate judiciaire ouverte apr\u00e8s une visite controvers\u00e9e aupr\u00e8s du JNIM - Actualit\u00e9s Africaines","isPartOf":{"@id":"https:\/\/www.africascoop.net\/#website"},"primaryImageOfPage":{"@id":"https:\/\/www.africascoop.net\/index.php\/2026\/04\/27\/oumar-mariko-une-enquete-judiciaire-ouverte-apres-une-visite-controversee-aupres-du-jnim\/#primaryimage"},"image":{"@id":"https:\/\/www.africascoop.net\/index.php\/2026\/04\/27\/oumar-mariko-une-enquete-judiciaire-ouverte-apres-une-visite-controversee-aupres-du-jnim\/#primaryimage"},"thumbnailUrl":"https:\/\/www.africascoop.net\/wp-content\/uploads\/2026\/04\/OIP-9.webp","datePublished":"2026-04-27T11:03:33+00:00","dateModified":"2026-04-27T11:03:37+00:00","breadcrumb":{"@id":"https:\/\/www.africascoop.net\/index.php\/2026\/04\/27\/oumar-mariko-une-enquete-judiciaire-ouverte-apres-une-visite-controversee-aupres-du-jnim\/#breadcrumb"},"inLanguage":"fr-FR","potentialAction":[{"@type":"ReadAction","target":["https:\/\/www.africascoop.net\/index.php\/2026\/04\/27\/oumar-mariko-une-enquete-judiciaire-ouverte-apres-une-visite-controversee-aupres-du-jnim\/"]}]},{"@type":"ImageObject","inLanguage":"fr-FR","@id":"https:\/\/www.africascoop.net\/index.php\/2026\/04\/27\/oumar-mariko-une-enquete-judiciaire-ouverte-apres-une-visite-controversee-aupres-du-jnim\/#primaryimage","url":"https:\/\/www.africascoop.net\/wp-content\/uploads\/2026\/04\/OIP-9.webp","contentUrl":"https:\/\/www.africascoop.net\/wp-content\/uploads\/2026\/04\/OIP-9.webp","width":435,"height":271},{"@type":"BreadcrumbList","@id":"https:\/\/www.africascoop.net\/index.php\/2026\/04\/27\/oumar-mariko-une-enquete-judiciaire-ouverte-apres-une-visite-controversee-aupres-du-jnim\/#breadcrumb","itemListElement":[{"@type":"ListItem","position":1,"name":"Accueil","item":"https:\/\/www.africascoop.net\/"},{"@type":"ListItem","position":2,"name":"Oumar Mariko : une enqu\u00eate judiciaire ouverte apr\u00e8s une visite controvers\u00e9e aupr\u00e8s du JNIM"}]},{"@type":"WebSite","@id":"https:\/\/www.africascoop.net\/#website","url":"https:\/\/www.africascoop.net\/","name":"Actualit\u00e9s Africaines","description":"","publisher":{"@id":"https:\/\/www.africascoop.net\/#organization"},"potentialAction":[{"@type":"SearchAction","target":{"@type":"EntryPoint","urlTemplate":"https:\/\/www.africascoop.net\/?s={search_term_string}"},"query-input":{"@type":"PropertyValueSpecification","valueRequired":true,"valueName":"search_term_string"}}],"inLanguage":"fr-FR"},{"@type":"Organization","@id":"https:\/\/www.africascoop.net\/#organization","name":"Actualit\u00e9s Africaines","url":"https:\/\/www.africascoop.net\/","logo":{"@type":"ImageObject","inLanguage":"fr-FR","@id":"https:\/\/www.africascoop.net\/#\/schema\/logo\/image\/","url":"https:\/\/www.africascoop.net\/wp-content\/uploads\/2025\/09\/cropped-logo-2.jpg","contentUrl":"https:\/\/www.africascoop.net\/wp-content\/uploads\/2025\/09\/cropped-logo-2.jpg","width":945,"height":591,"caption":"Actualit\u00e9s Africaines"},"image":{"@id":"https:\/\/www.africascoop.net\/#\/schema\/logo\/image\/"}},{"@type":"Person","@id":"https:\/\/www.africascoop.net\/#\/schema\/person\/2cbcc632c110d739d93a6b196c67230a","name":"Africascoop","image":{"@type":"ImageObject","inLanguage":"fr-FR","@id":"https:\/\/www.africascoop.net\/#\/schema\/person\/image\/","url":"https:\/\/secure.gravatar.com\/avatar\/230d851f5173f64fe9487b948bd2daf02707ef49aea942bc1bdad649c82025b9?s=96&d=mm&r=g","contentUrl":"https:\/\/secure.gravatar.com\/avatar\/230d851f5173f64fe9487b948bd2daf02707ef49aea942bc1bdad649c82025b9?s=96&d=mm&r=g","caption":"Africascoop"},"url":"https:\/\/www.africascoop.net\/index.php\/author\/jul\/"}]}},"_links":{"self":[{"href":"https:\/\/www.africascoop.net\/index.php\/wp-json\/wp\/v2\/posts\/1825","targetHints":{"allow":["GET"]}}],"collection":[{"href":"https:\/\/www.africascoop.net\/index.php\/wp-json\/wp\/v2\/posts"}],"about":[{"href":"https:\/\/www.africascoop.net\/index.php\/wp-json\/wp\/v2\/types\/post"}],"author":[{"embeddable":true,"href":"https:\/\/www.africascoop.net\/index.php\/wp-json\/wp\/v2\/users\/3"}],"replies":[{"embeddable":true,"href":"https:\/\/www.africascoop.net\/index.php\/wp-json\/wp\/v2\/comments?post=1825"}],"version-history":[{"count":1,"href":"https:\/\/www.africascoop.net\/index.php\/wp-json\/wp\/v2\/posts\/1825\/revisions"}],"predecessor-version":[{"id":1827,"href":"https:\/\/www.africascoop.net\/index.php\/wp-json\/wp\/v2\/posts\/1825\/revisions\/1827"}],"wp:attachment":[{"href":"https:\/\/www.africascoop.net\/index.php\/wp-json\/wp\/v2\/media?parent=1825"}],"wp:term":[{"taxonomy":"category","embeddable":true,"href":"https:\/\/www.africascoop.net\/index.php\/wp-json\/wp\/v2\/categories?post=1825"},{"taxonomy":"post_tag","embeddable":true,"href":"https:\/\/www.africascoop.net\/index.php\/wp-json\/wp\/v2\/tags?post=1825"}],"curies":[{"name":"wp","href":"https:\/\/api.w.org\/{rel}","templated":true}]}}