{"id":1829,"date":"2026-04-28T20:36:45","date_gmt":"2026-04-28T20:36:45","guid":{"rendered":"https:\/\/www.africascoop.net\/?p=1829"},"modified":"2026-04-28T20:36:54","modified_gmt":"2026-04-28T20:36:54","slug":"attaques-terroristes-assimi-goita-rassure-appelle-a-lunite-et-promet-une-riposte-totale","status":"publish","type":"post","link":"https:\/\/www.africascoop.net\/index.php\/2026\/04\/28\/attaques-terroristes-assimi-goita-rassure-appelle-a-lunite-et-promet-une-riposte-totale\/","title":{"rendered":"Attaques terroristes : Assimi Go\u00efta rassure, appelle \u00e0 l\u2019unit\u00e9 et promet une riposte totale"},"content":{"rendered":"\n<figure class=\"wp-block-gallery has-nested-images columns-default is-cropped wp-block-gallery-1 is-layout-flex wp-block-gallery-is-layout-flex\"><\/figure>\n\n\n\n<figure class=\"wp-block-gallery has-nested-images columns-default is-cropped wp-block-gallery-2 is-layout-flex wp-block-gallery-is-layout-flex\">\n<figure class=\"wp-block-image size-large\"><img loading=\"lazy\" decoding=\"async\" width=\"1024\" height=\"570\" data-id=\"1830\" src=\"https:\/\/www.africascoop.net\/wp-content\/uploads\/2026\/04\/1001271771-1024x570.jpg\" alt=\"\" class=\"wp-image-1830\" srcset=\"https:\/\/www.africascoop.net\/wp-content\/uploads\/2026\/04\/1001271771-1024x570.jpg 1024w, https:\/\/www.africascoop.net\/wp-content\/uploads\/2026\/04\/1001271771-300x167.jpg 300w, https:\/\/www.africascoop.net\/wp-content\/uploads\/2026\/04\/1001271771-768x428.jpg 768w, https:\/\/www.africascoop.net\/wp-content\/uploads\/2026\/04\/1001271771.jpg 1280w\" sizes=\"auto, (max-width: 1024px) 100vw, 1024px\" \/><\/figure>\n<\/figure>\n\n\n\n<p>Trois jours apr\u00e8s les attaques terroristes coordonn\u00e9es ayant vis\u00e9 plusieurs localit\u00e9s du Mali, le pr\u00e9sident de la transition, le g\u00e9n\u00e9ral Assimi Go\u00efta, s\u2019est adress\u00e9 \u00e0 la nation ce mardi 28 avril 2026 dans un message empreint de fermet\u00e9 et de compassion.<\/p>\n\n\n\n<p>Dans son allocution, le chef de l\u2019\u00c9tat est revenu sur les \u00e9v\u00e9nements survenus le samedi pr\u00e9c\u00e9dent, qualifi\u00e9s d\u2019attaques d\u2019ampleur inscrites dans une dynamique de d\u00e9stabilisation du pays. Il a rendu un hommage appuy\u00e9 au ministre de la D\u00e9fense et des Anciens combattants, ainsi qu\u2019aux victimes civiles et militaires tomb\u00e9es lors de ces assauts. \u00ab Leur engagement restera grav\u00e9 dans la m\u00e9moire collective \u00bb, a-t-il d\u00e9clar\u00e9, tout en exprimant la solidarit\u00e9 de la nation envers les familles endeuill\u00e9es.<br>Face \u00e0 cette offensive, le pr\u00e9sident a tenu \u00e0 rassurer : les forces de d\u00e9fense et de s\u00e9curit\u00e9 ont oppos\u00e9 \u00ab un violent coup d\u2019arr\u00eat \u00bb aux assaillants. Selon lui, un nombre important de terroristes a \u00e9t\u00e9 neutralis\u00e9 et le dispositif s\u00e9curitaire est d\u00e9sormais en place, permettant de maintenir la situation sous contr\u00f4le sur l\u2019ensemble des zones concern\u00e9es.<br>Au-del\u00e0 du bilan s\u00e9curitaire, Assimi Go\u00efta a inscrit ces attaques dans un contexte plus large, \u00e9voquant l\u2019existence d\u2019un r\u00e9seau structur\u00e9 visant \u00e0 fragiliser le Mali. Il a rappel\u00e9 que le pays s\u2019est engag\u00e9 dans une voie souverainiste assum\u00e9e, un choix qui, selon lui, comporte des sacrifices. \u00ab Le peuple malien a fait le choix de la souverainet\u00e9 et de la dignit\u00e9. Ce choix a un prix \u00bb, a-t-il affirm\u00e9, insistant sur la n\u00e9cessit\u00e9 de rester r\u00e9silient face aux \u00e9preuves.<br>Dans un appel \u00e0 la coh\u00e9sion nationale, le pr\u00e9sident a exhort\u00e9 les Maliens \u00e0 se pr\u00e9munir contre les divisions et les fractures sociales. Il a \u00e9galement mis en garde contre les campagnes de d\u00e9sinformation susceptibles d\u2019alimenter la confusion et de fragiliser davantage le tissu social.<br>Sur le plan op\u00e9rationnel, il a r\u00e9it\u00e9r\u00e9 sa confiance envers les forces arm\u00e9es, assurant que les op\u00e9rations se poursuivront \u00ab jusqu\u2019\u00e0 la neutralisation totale des groupes impliqu\u00e9s \u00bb. Il a par ailleurs invit\u00e9 la population \u00e0 faire preuve de vigilance et \u00e0 collaborer avec les autorit\u00e9s dans le cadre de l\u2019effort s\u00e9curitaire.<br>Le chef de l\u2019\u00c9tat a \u00e9galement salu\u00e9 l\u2019engagement des pays membres de l\u2019Alliance des \u00c9tats du Sahel (AES), mettant en avant l\u2019efficacit\u00e9 de la coop\u00e9ration militaire r\u00e9gionale. Dans la m\u00eame dynamique, il a reconnu la qualit\u00e9 du partenariat strat\u00e9gique avec la Russie, pr\u00e9sent\u00e9 comme un soutien important dans la lutte contre le terrorisme.<br>Enfin, Assimi Go\u00efta a instruit le gouvernement de renforcer l\u2019accompagnement des familles des victimes, tout en r\u00e9affirmant la d\u00e9termination des autorit\u00e9s \u00e0 poursuivre la trajectoire engag\u00e9e. \u00ab Aucune violence ni intimidation ne saurait inverser la marche du pays \u00bb, a-t-il conclu, dans un message se voulant \u00e0 la fois rassurant et mobilisateur.<\/p>\n\n\n\n<p>Par Abdrahamane Baba Kouyat\u00e9<\/p>\n\n\n\n<p><\/p>\n","protected":false},"excerpt":{"rendered":"<p>Trois jours apr\u00e8s les attaques terroristes coordonn\u00e9es ayant vis\u00e9 plusieurs localit\u00e9s du Mali, le pr\u00e9sident de la transition,<\/p>\n","protected":false},"author":3,"featured_media":0,"comment_status":"open","ping_status":"open","sticky":false,"template":"","format":"standard","meta":{"footnotes":""},"categories":[36,9],"tags":[],"class_list":["post-1829","post","type-post","status-publish","format-standard","hentry","category-exclusif","category-politique"],"yoast_head":"<!-- This site is optimized with the Yoast SEO plugin v26.0 - https:\/\/yoast.com\/wordpress\/plugins\/seo\/ -->\n<title>Attaques terroristes : Assimi Go\u00efta rassure, appelle \u00e0 l\u2019unit\u00e9 et promet une riposte totale - Actualit\u00e9s Africaines<\/title>\n<meta name=\"robots\" content=\"index, follow, max-snippet:-1, max-image-preview:large, max-video-preview:-1\" \/>\n<link rel=\"canonical\" href=\"https:\/\/www.africascoop.net\/index.php\/2026\/04\/28\/attaques-terroristes-assimi-goita-rassure-appelle-a-lunite-et-promet-une-riposte-totale\/\" \/>\n<meta property=\"og:locale\" content=\"fr_FR\" \/>\n<meta property=\"og:type\" content=\"article\" \/>\n<meta property=\"og:title\" content=\"Attaques terroristes : Assimi Go\u00efta rassure, appelle \u00e0 l\u2019unit\u00e9 et promet une riposte totale - Actualit\u00e9s Africaines\" \/>\n<meta property=\"og:description\" content=\"Trois jours apr\u00e8s les attaques terroristes coordonn\u00e9es ayant vis\u00e9 plusieurs localit\u00e9s du Mali, le pr\u00e9sident de la transition,\" \/>\n<meta property=\"og:url\" content=\"https:\/\/www.africascoop.net\/index.php\/2026\/04\/28\/attaques-terroristes-assimi-goita-rassure-appelle-a-lunite-et-promet-une-riposte-totale\/\" \/>\n<meta property=\"og:site_name\" content=\"Actualit\u00e9s Africaines\" \/>\n<meta property=\"article:published_time\" content=\"2026-04-28T20:36:45+00:00\" \/>\n<meta property=\"article:modified_time\" content=\"2026-04-28T20:36:54+00:00\" \/>\n<meta property=\"og:image\" content=\"https:\/\/www.africascoop.net\/wp-content\/uploads\/2026\/04\/1001271771.jpg\" \/>\n\t<meta property=\"og:image:width\" content=\"1280\" \/>\n\t<meta property=\"og:image:height\" content=\"713\" \/>\n\t<meta property=\"og:image:type\" content=\"image\/jpeg\" \/>\n<meta name=\"author\" content=\"Africascoop\" \/>\n<meta name=\"twitter:card\" content=\"summary_large_image\" \/>\n<meta name=\"twitter:label1\" content=\"\u00c9crit par\" \/>\n\t<meta name=\"twitter:data1\" content=\"Africascoop\" \/>\n\t<meta name=\"twitter:label2\" content=\"Dur\u00e9e de lecture estim\u00e9e\" \/>\n\t<meta name=\"twitter:data2\" content=\"3 minutes\" \/>\n<script type=\"application\/ld+json\" class=\"yoast-schema-graph\">{\"@context\":\"https:\/\/schema.org\",\"@graph\":[{\"@type\":\"Article\",\"@id\":\"https:\/\/www.africascoop.net\/index.php\/2026\/04\/28\/attaques-terroristes-assimi-goita-rassure-appelle-a-lunite-et-promet-une-riposte-totale\/#article\",\"isPartOf\":{\"@id\":\"https:\/\/www.africascoop.net\/index.php\/2026\/04\/28\/attaques-terroristes-assimi-goita-rassure-appelle-a-lunite-et-promet-une-riposte-totale\/\"},\"author\":{\"name\":\"Africascoop\",\"@id\":\"http:\/\/www.africascoop.net\/#\/schema\/person\/2cbcc632c110d739d93a6b196c67230a\"},\"headline\":\"Attaques terroristes : Assimi Go\u00efta rassure, appelle \u00e0 l\u2019unit\u00e9 et promet une riposte totale\",\"datePublished\":\"2026-04-28T20:36:45+00:00\",\"dateModified\":\"2026-04-28T20:36:54+00:00\",\"mainEntityOfPage\":{\"@id\":\"https:\/\/www.africascoop.net\/index.php\/2026\/04\/28\/attaques-terroristes-assimi-goita-rassure-appelle-a-lunite-et-promet-une-riposte-totale\/\"},\"wordCount\":522,\"commentCount\":0,\"publisher\":{\"@id\":\"http:\/\/www.africascoop.net\/#organization\"},\"image\":{\"@id\":\"https:\/\/www.africascoop.net\/index.php\/2026\/04\/28\/attaques-terroristes-assimi-goita-rassure-appelle-a-lunite-et-promet-une-riposte-totale\/#primaryimage\"},\"thumbnailUrl\":\"https:\/\/www.africascoop.net\/wp-content\/uploads\/2026\/04\/1001271771-1024x570.jpg\",\"articleSection\":[\"Exclusif\",\"Politique\"],\"inLanguage\":\"fr-FR\",\"potentialAction\":[{\"@type\":\"CommentAction\",\"name\":\"Comment\",\"target\":[\"https:\/\/www.africascoop.net\/index.php\/2026\/04\/28\/attaques-terroristes-assimi-goita-rassure-appelle-a-lunite-et-promet-une-riposte-totale\/#respond\"]}]},{\"@type\":\"WebPage\",\"@id\":\"https:\/\/www.africascoop.net\/index.php\/2026\/04\/28\/attaques-terroristes-assimi-goita-rassure-appelle-a-lunite-et-promet-une-riposte-totale\/\",\"url\":\"https:\/\/www.africascoop.net\/index.php\/2026\/04\/28\/attaques-terroristes-assimi-goita-rassure-appelle-a-lunite-et-promet-une-riposte-totale\/\",\"name\":\"Attaques terroristes : Assimi Go\u00efta rassure, appelle \u00e0 l\u2019unit\u00e9 et promet une riposte totale - Actualit\u00e9s Africaines\",\"isPartOf\":{\"@id\":\"http:\/\/www.africascoop.net\/#website\"},\"primaryImageOfPage\":{\"@id\":\"https:\/\/www.africascoop.net\/index.php\/2026\/04\/28\/attaques-terroristes-assimi-goita-rassure-appelle-a-lunite-et-promet-une-riposte-totale\/#primaryimage\"},\"image\":{\"@id\":\"https:\/\/www.africascoop.net\/index.php\/2026\/04\/28\/attaques-terroristes-assimi-goita-rassure-appelle-a-lunite-et-promet-une-riposte-totale\/#primaryimage\"},\"thumbnailUrl\":\"https:\/\/www.africascoop.net\/wp-content\/uploads\/2026\/04\/1001271771-1024x570.jpg\",\"datePublished\":\"2026-04-28T20:36:45+00:00\",\"dateModified\":\"2026-04-28T20:36:54+00:00\",\"breadcrumb\":{\"@id\":\"https:\/\/www.africascoop.net\/index.php\/2026\/04\/28\/attaques-terroristes-assimi-goita-rassure-appelle-a-lunite-et-promet-une-riposte-totale\/#breadcrumb\"},\"inLanguage\":\"fr-FR\",\"potentialAction\":[{\"@type\":\"ReadAction\",\"target\":[\"https:\/\/www.africascoop.net\/index.php\/2026\/04\/28\/attaques-terroristes-assimi-goita-rassure-appelle-a-lunite-et-promet-une-riposte-totale\/\"]}]},{\"@type\":\"ImageObject\",\"inLanguage\":\"fr-FR\",\"@id\":\"https:\/\/www.africascoop.net\/index.php\/2026\/04\/28\/attaques-terroristes-assimi-goita-rassure-appelle-a-lunite-et-promet-une-riposte-totale\/#primaryimage\",\"url\":\"https:\/\/www.africascoop.net\/wp-content\/uploads\/2026\/04\/1001271771.jpg\",\"contentUrl\":\"https:\/\/www.africascoop.net\/wp-content\/uploads\/2026\/04\/1001271771.jpg\",\"width\":1280,\"height\":713},{\"@type\":\"BreadcrumbList\",\"@id\":\"https:\/\/www.africascoop.net\/index.php\/2026\/04\/28\/attaques-terroristes-assimi-goita-rassure-appelle-a-lunite-et-promet-une-riposte-totale\/#breadcrumb\",\"itemListElement\":[{\"@type\":\"ListItem\",\"position\":1,\"name\":\"Accueil\",\"item\":\"http:\/\/www.africascoop.net\/\"},{\"@type\":\"ListItem\",\"position\":2,\"name\":\"Attaques terroristes : Assimi Go\u00efta rassure, appelle \u00e0 l\u2019unit\u00e9 et promet une riposte totale\"}]},{\"@type\":\"WebSite\",\"@id\":\"http:\/\/www.africascoop.net\/#website\",\"url\":\"http:\/\/www.africascoop.net\/\",\"name\":\"Actualit\u00e9s Africaines\",\"description\":\"\",\"publisher\":{\"@id\":\"http:\/\/www.africascoop.net\/#organization\"},\"potentialAction\":[{\"@type\":\"SearchAction\",\"target\":{\"@type\":\"EntryPoint\",\"urlTemplate\":\"http:\/\/www.africascoop.net\/?s={search_term_string}\"},\"query-input\":{\"@type\":\"PropertyValueSpecification\",\"valueRequired\":true,\"valueName\":\"search_term_string\"}}],\"inLanguage\":\"fr-FR\"},{\"@type\":\"Organization\",\"@id\":\"http:\/\/www.africascoop.net\/#organization\",\"name\":\"Actualit\u00e9s Africaines\",\"url\":\"http:\/\/www.africascoop.net\/\",\"logo\":{\"@type\":\"ImageObject\",\"inLanguage\":\"fr-FR\",\"@id\":\"http:\/\/www.africascoop.net\/#\/schema\/logo\/image\/\",\"url\":\"https:\/\/www.africascoop.net\/wp-content\/uploads\/2025\/09\/cropped-logo-2.jpg\",\"contentUrl\":\"https:\/\/www.africascoop.net\/wp-content\/uploads\/2025\/09\/cropped-logo-2.jpg\",\"width\":945,\"height\":591,\"caption\":\"Actualit\u00e9s Africaines\"},\"image\":{\"@id\":\"http:\/\/www.africascoop.net\/#\/schema\/logo\/image\/\"}},{\"@type\":\"Person\",\"@id\":\"http:\/\/www.africascoop.net\/#\/schema\/person\/2cbcc632c110d739d93a6b196c67230a\",\"name\":\"Africascoop\",\"image\":{\"@type\":\"ImageObject\",\"inLanguage\":\"fr-FR\",\"@id\":\"http:\/\/www.africascoop.net\/#\/schema\/person\/image\/\",\"url\":\"https:\/\/secure.gravatar.com\/avatar\/230d851f5173f64fe9487b948bd2daf02707ef49aea942bc1bdad649c82025b9?s=96&d=mm&r=g\",\"contentUrl\":\"https:\/\/secure.gravatar.com\/avatar\/230d851f5173f64fe9487b948bd2daf02707ef49aea942bc1bdad649c82025b9?s=96&d=mm&r=g\",\"caption\":\"Africascoop\"},\"url\":\"https:\/\/www.africascoop.net\/index.php\/author\/jul\/\"}]}<\/script>\n<!-- \/ Yoast SEO plugin. -->","yoast_head_json":{"title":"Attaques terroristes : Assimi Go\u00efta rassure, appelle \u00e0 l\u2019unit\u00e9 et promet une riposte totale - Actualit\u00e9s Africaines","robots":{"index":"index","follow":"follow","max-snippet":"max-snippet:-1","max-image-preview":"max-image-preview:large","max-video-preview":"max-video-preview:-1"},"canonical":"https:\/\/www.africascoop.net\/index.php\/2026\/04\/28\/attaques-terroristes-assimi-goita-rassure-appelle-a-lunite-et-promet-une-riposte-totale\/","og_locale":"fr_FR","og_type":"article","og_title":"Attaques terroristes : Assimi Go\u00efta rassure, appelle \u00e0 l\u2019unit\u00e9 et promet une riposte totale - Actualit\u00e9s Africaines","og_description":"Trois jours apr\u00e8s les attaques terroristes coordonn\u00e9es ayant vis\u00e9 plusieurs localit\u00e9s du Mali, le pr\u00e9sident de la transition,","og_url":"https:\/\/www.africascoop.net\/index.php\/2026\/04\/28\/attaques-terroristes-assimi-goita-rassure-appelle-a-lunite-et-promet-une-riposte-totale\/","og_site_name":"Actualit\u00e9s Africaines","article_published_time":"2026-04-28T20:36:45+00:00","article_modified_time":"2026-04-28T20:36:54+00:00","og_image":[{"width":1280,"height":713,"url":"https:\/\/www.africascoop.net\/wp-content\/uploads\/2026\/04\/1001271771.jpg","type":"image\/jpeg"}],"author":"Africascoop","twitter_card":"summary_large_image","twitter_misc":{"\u00c9crit par":"Africascoop","Dur\u00e9e de lecture estim\u00e9e":"3 minutes"},"schema":{"@context":"https:\/\/schema.org","@graph":[{"@type":"Article","@id":"https:\/\/www.africascoop.net\/index.php\/2026\/04\/28\/attaques-terroristes-assimi-goita-rassure-appelle-a-lunite-et-promet-une-riposte-totale\/#article","isPartOf":{"@id":"https:\/\/www.africascoop.net\/index.php\/2026\/04\/28\/attaques-terroristes-assimi-goita-rassure-appelle-a-lunite-et-promet-une-riposte-totale\/"},"author":{"name":"Africascoop","@id":"http:\/\/www.africascoop.net\/#\/schema\/person\/2cbcc632c110d739d93a6b196c67230a"},"headline":"Attaques terroristes : Assimi Go\u00efta rassure, appelle \u00e0 l\u2019unit\u00e9 et promet une riposte totale","datePublished":"2026-04-28T20:36:45+00:00","dateModified":"2026-04-28T20:36:54+00:00","mainEntityOfPage":{"@id":"https:\/\/www.africascoop.net\/index.php\/2026\/04\/28\/attaques-terroristes-assimi-goita-rassure-appelle-a-lunite-et-promet-une-riposte-totale\/"},"wordCount":522,"commentCount":0,"publisher":{"@id":"http:\/\/www.africascoop.net\/#organization"},"image":{"@id":"https:\/\/www.africascoop.net\/index.php\/2026\/04\/28\/attaques-terroristes-assimi-goita-rassure-appelle-a-lunite-et-promet-une-riposte-totale\/#primaryimage"},"thumbnailUrl":"https:\/\/www.africascoop.net\/wp-content\/uploads\/2026\/04\/1001271771-1024x570.jpg","articleSection":["Exclusif","Politique"],"inLanguage":"fr-FR","potentialAction":[{"@type":"CommentAction","name":"Comment","target":["https:\/\/www.africascoop.net\/index.php\/2026\/04\/28\/attaques-terroristes-assimi-goita-rassure-appelle-a-lunite-et-promet-une-riposte-totale\/#respond"]}]},{"@type":"WebPage","@id":"https:\/\/www.africascoop.net\/index.php\/2026\/04\/28\/attaques-terroristes-assimi-goita-rassure-appelle-a-lunite-et-promet-une-riposte-totale\/","url":"https:\/\/www.africascoop.net\/index.php\/2026\/04\/28\/attaques-terroristes-assimi-goita-rassure-appelle-a-lunite-et-promet-une-riposte-totale\/","name":"Attaques terroristes : Assimi Go\u00efta rassure, appelle \u00e0 l\u2019unit\u00e9 et promet une riposte totale - Actualit\u00e9s Africaines","isPartOf":{"@id":"http:\/\/www.africascoop.net\/#website"},"primaryImageOfPage":{"@id":"https:\/\/www.africascoop.net\/index.php\/2026\/04\/28\/attaques-terroristes-assimi-goita-rassure-appelle-a-lunite-et-promet-une-riposte-totale\/#primaryimage"},"image":{"@id":"https:\/\/www.africascoop.net\/index.php\/2026\/04\/28\/attaques-terroristes-assimi-goita-rassure-appelle-a-lunite-et-promet-une-riposte-totale\/#primaryimage"},"thumbnailUrl":"https:\/\/www.africascoop.net\/wp-content\/uploads\/2026\/04\/1001271771-1024x570.jpg","datePublished":"2026-04-28T20:36:45+00:00","dateModified":"2026-04-28T20:36:54+00:00","breadcrumb":{"@id":"https:\/\/www.africascoop.net\/index.php\/2026\/04\/28\/attaques-terroristes-assimi-goita-rassure-appelle-a-lunite-et-promet-une-riposte-totale\/#breadcrumb"},"inLanguage":"fr-FR","potentialAction":[{"@type":"ReadAction","target":["https:\/\/www.africascoop.net\/index.php\/2026\/04\/28\/attaques-terroristes-assimi-goita-rassure-appelle-a-lunite-et-promet-une-riposte-totale\/"]}]},{"@type":"ImageObject","inLanguage":"fr-FR","@id":"https:\/\/www.africascoop.net\/index.php\/2026\/04\/28\/attaques-terroristes-assimi-goita-rassure-appelle-a-lunite-et-promet-une-riposte-totale\/#primaryimage","url":"https:\/\/www.africascoop.net\/wp-content\/uploads\/2026\/04\/1001271771.jpg","contentUrl":"https:\/\/www.africascoop.net\/wp-content\/uploads\/2026\/04\/1001271771.jpg","width":1280,"height":713},{"@type":"BreadcrumbList","@id":"https:\/\/www.africascoop.net\/index.php\/2026\/04\/28\/attaques-terroristes-assimi-goita-rassure-appelle-a-lunite-et-promet-une-riposte-totale\/#breadcrumb","itemListElement":[{"@type":"ListItem","position":1,"name":"Accueil","item":"http:\/\/www.africascoop.net\/"},{"@type":"ListItem","position":2,"name":"Attaques terroristes : Assimi Go\u00efta rassure, appelle \u00e0 l\u2019unit\u00e9 et promet une riposte totale"}]},{"@type":"WebSite","@id":"http:\/\/www.africascoop.net\/#website","url":"http:\/\/www.africascoop.net\/","name":"Actualit\u00e9s Africaines","description":"","publisher":{"@id":"http:\/\/www.africascoop.net\/#organization"},"potentialAction":[{"@type":"SearchAction","target":{"@type":"EntryPoint","urlTemplate":"http:\/\/www.africascoop.net\/?s={search_term_string}"},"query-input":{"@type":"PropertyValueSpecification","valueRequired":true,"valueName":"search_term_string"}}],"inLanguage":"fr-FR"},{"@type":"Organization","@id":"http:\/\/www.africascoop.net\/#organization","name":"Actualit\u00e9s Africaines","url":"http:\/\/www.africascoop.net\/","logo":{"@type":"ImageObject","inLanguage":"fr-FR","@id":"http:\/\/www.africascoop.net\/#\/schema\/logo\/image\/","url":"https:\/\/www.africascoop.net\/wp-content\/uploads\/2025\/09\/cropped-logo-2.jpg","contentUrl":"https:\/\/www.africascoop.net\/wp-content\/uploads\/2025\/09\/cropped-logo-2.jpg","width":945,"height":591,"caption":"Actualit\u00e9s Africaines"},"image":{"@id":"http:\/\/www.africascoop.net\/#\/schema\/logo\/image\/"}},{"@type":"Person","@id":"http:\/\/www.africascoop.net\/#\/schema\/person\/2cbcc632c110d739d93a6b196c67230a","name":"Africascoop","image":{"@type":"ImageObject","inLanguage":"fr-FR","@id":"http:\/\/www.africascoop.net\/#\/schema\/person\/image\/","url":"https:\/\/secure.gravatar.com\/avatar\/230d851f5173f64fe9487b948bd2daf02707ef49aea942bc1bdad649c82025b9?s=96&d=mm&r=g","contentUrl":"https:\/\/secure.gravatar.com\/avatar\/230d851f5173f64fe9487b948bd2daf02707ef49aea942bc1bdad649c82025b9?s=96&d=mm&r=g","caption":"Africascoop"},"url":"https:\/\/www.africascoop.net\/index.php\/author\/jul\/"}]}},"_links":{"self":[{"href":"https:\/\/www.africascoop.net\/index.php\/wp-json\/wp\/v2\/posts\/1829","targetHints":{"allow":["GET"]}}],"collection":[{"href":"https:\/\/www.africascoop.net\/index.php\/wp-json\/wp\/v2\/posts"}],"about":[{"href":"https:\/\/www.africascoop.net\/index.php\/wp-json\/wp\/v2\/types\/post"}],"author":[{"embeddable":true,"href":"https:\/\/www.africascoop.net\/index.php\/wp-json\/wp\/v2\/users\/3"}],"replies":[{"embeddable":true,"href":"https:\/\/www.africascoop.net\/index.php\/wp-json\/wp\/v2\/comments?post=1829"}],"version-history":[{"count":1,"href":"https:\/\/www.africascoop.net\/index.php\/wp-json\/wp\/v2\/posts\/1829\/revisions"}],"predecessor-version":[{"id":1831,"href":"https:\/\/www.africascoop.net\/index.php\/wp-json\/wp\/v2\/posts\/1829\/revisions\/1831"}],"wp:attachment":[{"href":"https:\/\/www.africascoop.net\/index.php\/wp-json\/wp\/v2\/media?parent=1829"}],"wp:term":[{"taxonomy":"category","embeddable":true,"href":"https:\/\/www.africascoop.net\/index.php\/wp-json\/wp\/v2\/categories?post=1829"},{"taxonomy":"post_tag","embeddable":true,"href":"https:\/\/www.africascoop.net\/index.php\/wp-json\/wp\/v2\/tags?post=1829"}],"curies":[{"name":"wp","href":"https:\/\/api.w.org\/{rel}","templated":true}]}}