{"id":1837,"date":"2026-04-30T13:43:10","date_gmt":"2026-04-30T13:43:10","guid":{"rendered":"https:\/\/www.africascoop.net\/?p=1837"},"modified":"2026-04-30T13:43:14","modified_gmt":"2026-04-30T13:43:14","slug":"situation-securitaire-au-mali-la-france-renouvelle-son-appel-a-un-depart-temporaire-de-ses-ressortissants","status":"publish","type":"post","link":"https:\/\/www.africascoop.net\/index.php\/2026\/04\/30\/situation-securitaire-au-mali-la-france-renouvelle-son-appel-a-un-depart-temporaire-de-ses-ressortissants\/","title":{"rendered":"Situation s\u00e9curitaire au Mali : la France renouvelle son appel \u00e0 un d\u00e9part temporaire de ses ressortissants"},"content":{"rendered":"\n<figure class=\"wp-block-image size-full is-resized\"><img loading=\"lazy\" decoding=\"async\" width=\"364\" height=\"270\" src=\"https:\/\/www.africascoop.net\/wp-content\/uploads\/2026\/04\/telecharger-13.webp\" alt=\"\" class=\"wp-image-1838\" style=\"aspect-ratio:1.348168296776434;width:740px;height:auto\" srcset=\"https:\/\/www.africascoop.net\/wp-content\/uploads\/2026\/04\/telecharger-13.webp 364w, https:\/\/www.africascoop.net\/wp-content\/uploads\/2026\/04\/telecharger-13-300x223.webp 300w\" sizes=\"auto, (max-width: 364px) 100vw, 364px\" \/><\/figure>\n\n\n\n<p>\u00c0 la suite des attaques du 25 avril dans plusieurs villes du Mali, dont Bamako, la France a de nouveau recommand\u00e9 \u00e0 ses ressortissants de quitter temporairement le pays. Le minist\u00e8re fran\u00e7ais des Affaires \u00e9trang\u00e8res \u00e9voque une situation s\u00e9curitaire \u00ab extr\u00eamement volatile \u00bb et maintient sa consigne de vigilance. Les Fran\u00e7ais pr\u00e9sents sur place sont invit\u00e9s \u00e0 privil\u00e9gier les vols commerciaux encore disponibles.<br>Pour rappel, en novembre 2025, face \u00e0 une situation s\u00e9curitaire marqu\u00e9e par des attaques contre des camions-citernes, la France avait d\u00e9j\u00e0 formul\u00e9 la m\u00eame demande \u00e0 ses ressortissants de quitter le Mali d\u00e8s que possible via les vols commerciaux, sans qu\u2019elle n\u2019aboutisse.<\/p>\n\n\n\n<p>Par la r\u00e9daction<\/p>\n","protected":false},"excerpt":{"rendered":"<p>\u00c0 la suite des attaques du 25 avril dans plusieurs villes du Mali, dont Bamako, la France a<\/p>\n","protected":false},"author":3,"featured_media":0,"comment_status":"open","ping_status":"open","sticky":false,"template":"","format":"standard","meta":{"footnotes":""},"categories":[36,9],"tags":[],"class_list":["post-1837","post","type-post","status-publish","format-standard","hentry","category-exclusif","category-politique"],"yoast_head":"<!-- This site is optimized with the Yoast SEO plugin v26.0 - https:\/\/yoast.com\/wordpress\/plugins\/seo\/ -->\n<title>Situation s\u00e9curitaire au Mali : la France renouvelle son appel \u00e0 un d\u00e9part temporaire de ses ressortissants - Actualit\u00e9s Africaines<\/title>\n<meta name=\"robots\" content=\"index, follow, max-snippet:-1, max-image-preview:large, max-video-preview:-1\" \/>\n<link rel=\"canonical\" href=\"https:\/\/www.africascoop.net\/index.php\/2026\/04\/30\/situation-securitaire-au-mali-la-france-renouvelle-son-appel-a-un-depart-temporaire-de-ses-ressortissants\/\" \/>\n<meta property=\"og:locale\" content=\"fr_FR\" \/>\n<meta property=\"og:type\" content=\"article\" \/>\n<meta property=\"og:title\" content=\"Situation s\u00e9curitaire au Mali : la France renouvelle son appel \u00e0 un d\u00e9part temporaire de ses ressortissants - Actualit\u00e9s Africaines\" \/>\n<meta property=\"og:description\" content=\"\u00c0 la suite des attaques du 25 avril dans plusieurs villes du Mali, dont Bamako, la France a\" \/>\n<meta property=\"og:url\" content=\"https:\/\/www.africascoop.net\/index.php\/2026\/04\/30\/situation-securitaire-au-mali-la-france-renouvelle-son-appel-a-un-depart-temporaire-de-ses-ressortissants\/\" \/>\n<meta property=\"og:site_name\" content=\"Actualit\u00e9s Africaines\" \/>\n<meta property=\"article:published_time\" content=\"2026-04-30T13:43:10+00:00\" \/>\n<meta property=\"article:modified_time\" content=\"2026-04-30T13:43:14+00:00\" \/>\n<meta property=\"og:image\" content=\"https:\/\/www.africascoop.net\/wp-content\/uploads\/2026\/04\/telecharger-13.webp\" \/>\n\t<meta property=\"og:image:width\" content=\"364\" \/>\n\t<meta property=\"og:image:height\" content=\"270\" \/>\n\t<meta property=\"og:image:type\" content=\"image\/webp\" \/>\n<meta name=\"author\" content=\"Africascoop\" \/>\n<meta name=\"twitter:card\" content=\"summary_large_image\" \/>\n<meta name=\"twitter:label1\" content=\"\u00c9crit par\" \/>\n\t<meta name=\"twitter:data1\" content=\"Africascoop\" \/>\n\t<meta name=\"twitter:label2\" content=\"Dur\u00e9e de lecture estim\u00e9e\" \/>\n\t<meta name=\"twitter:data2\" content=\"1 minute\" \/>\n<script type=\"application\/ld+json\" class=\"yoast-schema-graph\">{\"@context\":\"https:\/\/schema.org\",\"@graph\":[{\"@type\":\"Article\",\"@id\":\"https:\/\/www.africascoop.net\/index.php\/2026\/04\/30\/situation-securitaire-au-mali-la-france-renouvelle-son-appel-a-un-depart-temporaire-de-ses-ressortissants\/#article\",\"isPartOf\":{\"@id\":\"https:\/\/www.africascoop.net\/index.php\/2026\/04\/30\/situation-securitaire-au-mali-la-france-renouvelle-son-appel-a-un-depart-temporaire-de-ses-ressortissants\/\"},\"author\":{\"name\":\"Africascoop\",\"@id\":\"https:\/\/www.africascoop.net\/#\/schema\/person\/2cbcc632c110d739d93a6b196c67230a\"},\"headline\":\"Situation s\u00e9curitaire au Mali : la France renouvelle son appel \u00e0 un d\u00e9part temporaire de ses ressortissants\",\"datePublished\":\"2026-04-30T13:43:10+00:00\",\"dateModified\":\"2026-04-30T13:43:14+00:00\",\"mainEntityOfPage\":{\"@id\":\"https:\/\/www.africascoop.net\/index.php\/2026\/04\/30\/situation-securitaire-au-mali-la-france-renouvelle-son-appel-a-un-depart-temporaire-de-ses-ressortissants\/\"},\"wordCount\":133,\"commentCount\":0,\"publisher\":{\"@id\":\"https:\/\/www.africascoop.net\/#organization\"},\"image\":{\"@id\":\"https:\/\/www.africascoop.net\/index.php\/2026\/04\/30\/situation-securitaire-au-mali-la-france-renouvelle-son-appel-a-un-depart-temporaire-de-ses-ressortissants\/#primaryimage\"},\"thumbnailUrl\":\"https:\/\/www.africascoop.net\/wp-content\/uploads\/2026\/04\/telecharger-13.webp\",\"articleSection\":[\"Exclusif\",\"Politique\"],\"inLanguage\":\"fr-FR\",\"potentialAction\":[{\"@type\":\"CommentAction\",\"name\":\"Comment\",\"target\":[\"https:\/\/www.africascoop.net\/index.php\/2026\/04\/30\/situation-securitaire-au-mali-la-france-renouvelle-son-appel-a-un-depart-temporaire-de-ses-ressortissants\/#respond\"]}]},{\"@type\":\"WebPage\",\"@id\":\"https:\/\/www.africascoop.net\/index.php\/2026\/04\/30\/situation-securitaire-au-mali-la-france-renouvelle-son-appel-a-un-depart-temporaire-de-ses-ressortissants\/\",\"url\":\"https:\/\/www.africascoop.net\/index.php\/2026\/04\/30\/situation-securitaire-au-mali-la-france-renouvelle-son-appel-a-un-depart-temporaire-de-ses-ressortissants\/\",\"name\":\"Situation s\u00e9curitaire au Mali : la France renouvelle son appel \u00e0 un d\u00e9part temporaire de ses ressortissants - Actualit\u00e9s Africaines\",\"isPartOf\":{\"@id\":\"https:\/\/www.africascoop.net\/#website\"},\"primaryImageOfPage\":{\"@id\":\"https:\/\/www.africascoop.net\/index.php\/2026\/04\/30\/situation-securitaire-au-mali-la-france-renouvelle-son-appel-a-un-depart-temporaire-de-ses-ressortissants\/#primaryimage\"},\"image\":{\"@id\":\"https:\/\/www.africascoop.net\/index.php\/2026\/04\/30\/situation-securitaire-au-mali-la-france-renouvelle-son-appel-a-un-depart-temporaire-de-ses-ressortissants\/#primaryimage\"},\"thumbnailUrl\":\"https:\/\/www.africascoop.net\/wp-content\/uploads\/2026\/04\/telecharger-13.webp\",\"datePublished\":\"2026-04-30T13:43:10+00:00\",\"dateModified\":\"2026-04-30T13:43:14+00:00\",\"breadcrumb\":{\"@id\":\"https:\/\/www.africascoop.net\/index.php\/2026\/04\/30\/situation-securitaire-au-mali-la-france-renouvelle-son-appel-a-un-depart-temporaire-de-ses-ressortissants\/#breadcrumb\"},\"inLanguage\":\"fr-FR\",\"potentialAction\":[{\"@type\":\"ReadAction\",\"target\":[\"https:\/\/www.africascoop.net\/index.php\/2026\/04\/30\/situation-securitaire-au-mali-la-france-renouvelle-son-appel-a-un-depart-temporaire-de-ses-ressortissants\/\"]}]},{\"@type\":\"ImageObject\",\"inLanguage\":\"fr-FR\",\"@id\":\"https:\/\/www.africascoop.net\/index.php\/2026\/04\/30\/situation-securitaire-au-mali-la-france-renouvelle-son-appel-a-un-depart-temporaire-de-ses-ressortissants\/#primaryimage\",\"url\":\"https:\/\/www.africascoop.net\/wp-content\/uploads\/2026\/04\/telecharger-13.webp\",\"contentUrl\":\"https:\/\/www.africascoop.net\/wp-content\/uploads\/2026\/04\/telecharger-13.webp\",\"width\":364,\"height\":270},{\"@type\":\"BreadcrumbList\",\"@id\":\"https:\/\/www.africascoop.net\/index.php\/2026\/04\/30\/situation-securitaire-au-mali-la-france-renouvelle-son-appel-a-un-depart-temporaire-de-ses-ressortissants\/#breadcrumb\",\"itemListElement\":[{\"@type\":\"ListItem\",\"position\":1,\"name\":\"Accueil\",\"item\":\"https:\/\/www.africascoop.net\/\"},{\"@type\":\"ListItem\",\"position\":2,\"name\":\"Situation s\u00e9curitaire au Mali : la France renouvelle son appel \u00e0 un d\u00e9part temporaire de ses ressortissants\"}]},{\"@type\":\"WebSite\",\"@id\":\"https:\/\/www.africascoop.net\/#website\",\"url\":\"https:\/\/www.africascoop.net\/\",\"name\":\"Actualit\u00e9s Africaines\",\"description\":\"\",\"publisher\":{\"@id\":\"https:\/\/www.africascoop.net\/#organization\"},\"potentialAction\":[{\"@type\":\"SearchAction\",\"target\":{\"@type\":\"EntryPoint\",\"urlTemplate\":\"https:\/\/www.africascoop.net\/?s={search_term_string}\"},\"query-input\":{\"@type\":\"PropertyValueSpecification\",\"valueRequired\":true,\"valueName\":\"search_term_string\"}}],\"inLanguage\":\"fr-FR\"},{\"@type\":\"Organization\",\"@id\":\"https:\/\/www.africascoop.net\/#organization\",\"name\":\"Actualit\u00e9s Africaines\",\"url\":\"https:\/\/www.africascoop.net\/\",\"logo\":{\"@type\":\"ImageObject\",\"inLanguage\":\"fr-FR\",\"@id\":\"https:\/\/www.africascoop.net\/#\/schema\/logo\/image\/\",\"url\":\"https:\/\/www.africascoop.net\/wp-content\/uploads\/2025\/09\/cropped-logo-2.jpg\",\"contentUrl\":\"https:\/\/www.africascoop.net\/wp-content\/uploads\/2025\/09\/cropped-logo-2.jpg\",\"width\":945,\"height\":591,\"caption\":\"Actualit\u00e9s Africaines\"},\"image\":{\"@id\":\"https:\/\/www.africascoop.net\/#\/schema\/logo\/image\/\"}},{\"@type\":\"Person\",\"@id\":\"https:\/\/www.africascoop.net\/#\/schema\/person\/2cbcc632c110d739d93a6b196c67230a\",\"name\":\"Africascoop\",\"image\":{\"@type\":\"ImageObject\",\"inLanguage\":\"fr-FR\",\"@id\":\"https:\/\/www.africascoop.net\/#\/schema\/person\/image\/\",\"url\":\"https:\/\/secure.gravatar.com\/avatar\/230d851f5173f64fe9487b948bd2daf02707ef49aea942bc1bdad649c82025b9?s=96&d=mm&r=g\",\"contentUrl\":\"https:\/\/secure.gravatar.com\/avatar\/230d851f5173f64fe9487b948bd2daf02707ef49aea942bc1bdad649c82025b9?s=96&d=mm&r=g\",\"caption\":\"Africascoop\"},\"url\":\"https:\/\/www.africascoop.net\/index.php\/author\/jul\/\"}]}<\/script>\n<!-- \/ Yoast SEO plugin. -->","yoast_head_json":{"title":"Situation s\u00e9curitaire au Mali : la France renouvelle son appel \u00e0 un d\u00e9part temporaire de ses ressortissants - Actualit\u00e9s Africaines","robots":{"index":"index","follow":"follow","max-snippet":"max-snippet:-1","max-image-preview":"max-image-preview:large","max-video-preview":"max-video-preview:-1"},"canonical":"https:\/\/www.africascoop.net\/index.php\/2026\/04\/30\/situation-securitaire-au-mali-la-france-renouvelle-son-appel-a-un-depart-temporaire-de-ses-ressortissants\/","og_locale":"fr_FR","og_type":"article","og_title":"Situation s\u00e9curitaire au Mali : la France renouvelle son appel \u00e0 un d\u00e9part temporaire de ses ressortissants - Actualit\u00e9s Africaines","og_description":"\u00c0 la suite des attaques du 25 avril dans plusieurs villes du Mali, dont Bamako, la France a","og_url":"https:\/\/www.africascoop.net\/index.php\/2026\/04\/30\/situation-securitaire-au-mali-la-france-renouvelle-son-appel-a-un-depart-temporaire-de-ses-ressortissants\/","og_site_name":"Actualit\u00e9s Africaines","article_published_time":"2026-04-30T13:43:10+00:00","article_modified_time":"2026-04-30T13:43:14+00:00","og_image":[{"width":364,"height":270,"url":"https:\/\/www.africascoop.net\/wp-content\/uploads\/2026\/04\/telecharger-13.webp","type":"image\/webp"}],"author":"Africascoop","twitter_card":"summary_large_image","twitter_misc":{"\u00c9crit par":"Africascoop","Dur\u00e9e de lecture estim\u00e9e":"1 minute"},"schema":{"@context":"https:\/\/schema.org","@graph":[{"@type":"Article","@id":"https:\/\/www.africascoop.net\/index.php\/2026\/04\/30\/situation-securitaire-au-mali-la-france-renouvelle-son-appel-a-un-depart-temporaire-de-ses-ressortissants\/#article","isPartOf":{"@id":"https:\/\/www.africascoop.net\/index.php\/2026\/04\/30\/situation-securitaire-au-mali-la-france-renouvelle-son-appel-a-un-depart-temporaire-de-ses-ressortissants\/"},"author":{"name":"Africascoop","@id":"https:\/\/www.africascoop.net\/#\/schema\/person\/2cbcc632c110d739d93a6b196c67230a"},"headline":"Situation s\u00e9curitaire au Mali : la France renouvelle son appel \u00e0 un d\u00e9part temporaire de ses ressortissants","datePublished":"2026-04-30T13:43:10+00:00","dateModified":"2026-04-30T13:43:14+00:00","mainEntityOfPage":{"@id":"https:\/\/www.africascoop.net\/index.php\/2026\/04\/30\/situation-securitaire-au-mali-la-france-renouvelle-son-appel-a-un-depart-temporaire-de-ses-ressortissants\/"},"wordCount":133,"commentCount":0,"publisher":{"@id":"https:\/\/www.africascoop.net\/#organization"},"image":{"@id":"https:\/\/www.africascoop.net\/index.php\/2026\/04\/30\/situation-securitaire-au-mali-la-france-renouvelle-son-appel-a-un-depart-temporaire-de-ses-ressortissants\/#primaryimage"},"thumbnailUrl":"https:\/\/www.africascoop.net\/wp-content\/uploads\/2026\/04\/telecharger-13.webp","articleSection":["Exclusif","Politique"],"inLanguage":"fr-FR","potentialAction":[{"@type":"CommentAction","name":"Comment","target":["https:\/\/www.africascoop.net\/index.php\/2026\/04\/30\/situation-securitaire-au-mali-la-france-renouvelle-son-appel-a-un-depart-temporaire-de-ses-ressortissants\/#respond"]}]},{"@type":"WebPage","@id":"https:\/\/www.africascoop.net\/index.php\/2026\/04\/30\/situation-securitaire-au-mali-la-france-renouvelle-son-appel-a-un-depart-temporaire-de-ses-ressortissants\/","url":"https:\/\/www.africascoop.net\/index.php\/2026\/04\/30\/situation-securitaire-au-mali-la-france-renouvelle-son-appel-a-un-depart-temporaire-de-ses-ressortissants\/","name":"Situation s\u00e9curitaire au Mali : la France renouvelle son appel \u00e0 un d\u00e9part temporaire de ses ressortissants - Actualit\u00e9s Africaines","isPartOf":{"@id":"https:\/\/www.africascoop.net\/#website"},"primaryImageOfPage":{"@id":"https:\/\/www.africascoop.net\/index.php\/2026\/04\/30\/situation-securitaire-au-mali-la-france-renouvelle-son-appel-a-un-depart-temporaire-de-ses-ressortissants\/#primaryimage"},"image":{"@id":"https:\/\/www.africascoop.net\/index.php\/2026\/04\/30\/situation-securitaire-au-mali-la-france-renouvelle-son-appel-a-un-depart-temporaire-de-ses-ressortissants\/#primaryimage"},"thumbnailUrl":"https:\/\/www.africascoop.net\/wp-content\/uploads\/2026\/04\/telecharger-13.webp","datePublished":"2026-04-30T13:43:10+00:00","dateModified":"2026-04-30T13:43:14+00:00","breadcrumb":{"@id":"https:\/\/www.africascoop.net\/index.php\/2026\/04\/30\/situation-securitaire-au-mali-la-france-renouvelle-son-appel-a-un-depart-temporaire-de-ses-ressortissants\/#breadcrumb"},"inLanguage":"fr-FR","potentialAction":[{"@type":"ReadAction","target":["https:\/\/www.africascoop.net\/index.php\/2026\/04\/30\/situation-securitaire-au-mali-la-france-renouvelle-son-appel-a-un-depart-temporaire-de-ses-ressortissants\/"]}]},{"@type":"ImageObject","inLanguage":"fr-FR","@id":"https:\/\/www.africascoop.net\/index.php\/2026\/04\/30\/situation-securitaire-au-mali-la-france-renouvelle-son-appel-a-un-depart-temporaire-de-ses-ressortissants\/#primaryimage","url":"https:\/\/www.africascoop.net\/wp-content\/uploads\/2026\/04\/telecharger-13.webp","contentUrl":"https:\/\/www.africascoop.net\/wp-content\/uploads\/2026\/04\/telecharger-13.webp","width":364,"height":270},{"@type":"BreadcrumbList","@id":"https:\/\/www.africascoop.net\/index.php\/2026\/04\/30\/situation-securitaire-au-mali-la-france-renouvelle-son-appel-a-un-depart-temporaire-de-ses-ressortissants\/#breadcrumb","itemListElement":[{"@type":"ListItem","position":1,"name":"Accueil","item":"https:\/\/www.africascoop.net\/"},{"@type":"ListItem","position":2,"name":"Situation s\u00e9curitaire au Mali : la France renouvelle son appel \u00e0 un d\u00e9part temporaire de ses ressortissants"}]},{"@type":"WebSite","@id":"https:\/\/www.africascoop.net\/#website","url":"https:\/\/www.africascoop.net\/","name":"Actualit\u00e9s Africaines","description":"","publisher":{"@id":"https:\/\/www.africascoop.net\/#organization"},"potentialAction":[{"@type":"SearchAction","target":{"@type":"EntryPoint","urlTemplate":"https:\/\/www.africascoop.net\/?s={search_term_string}"},"query-input":{"@type":"PropertyValueSpecification","valueRequired":true,"valueName":"search_term_string"}}],"inLanguage":"fr-FR"},{"@type":"Organization","@id":"https:\/\/www.africascoop.net\/#organization","name":"Actualit\u00e9s Africaines","url":"https:\/\/www.africascoop.net\/","logo":{"@type":"ImageObject","inLanguage":"fr-FR","@id":"https:\/\/www.africascoop.net\/#\/schema\/logo\/image\/","url":"https:\/\/www.africascoop.net\/wp-content\/uploads\/2025\/09\/cropped-logo-2.jpg","contentUrl":"https:\/\/www.africascoop.net\/wp-content\/uploads\/2025\/09\/cropped-logo-2.jpg","width":945,"height":591,"caption":"Actualit\u00e9s Africaines"},"image":{"@id":"https:\/\/www.africascoop.net\/#\/schema\/logo\/image\/"}},{"@type":"Person","@id":"https:\/\/www.africascoop.net\/#\/schema\/person\/2cbcc632c110d739d93a6b196c67230a","name":"Africascoop","image":{"@type":"ImageObject","inLanguage":"fr-FR","@id":"https:\/\/www.africascoop.net\/#\/schema\/person\/image\/","url":"https:\/\/secure.gravatar.com\/avatar\/230d851f5173f64fe9487b948bd2daf02707ef49aea942bc1bdad649c82025b9?s=96&d=mm&r=g","contentUrl":"https:\/\/secure.gravatar.com\/avatar\/230d851f5173f64fe9487b948bd2daf02707ef49aea942bc1bdad649c82025b9?s=96&d=mm&r=g","caption":"Africascoop"},"url":"https:\/\/www.africascoop.net\/index.php\/author\/jul\/"}]}},"_links":{"self":[{"href":"https:\/\/www.africascoop.net\/index.php\/wp-json\/wp\/v2\/posts\/1837","targetHints":{"allow":["GET"]}}],"collection":[{"href":"https:\/\/www.africascoop.net\/index.php\/wp-json\/wp\/v2\/posts"}],"about":[{"href":"https:\/\/www.africascoop.net\/index.php\/wp-json\/wp\/v2\/types\/post"}],"author":[{"embeddable":true,"href":"https:\/\/www.africascoop.net\/index.php\/wp-json\/wp\/v2\/users\/3"}],"replies":[{"embeddable":true,"href":"https:\/\/www.africascoop.net\/index.php\/wp-json\/wp\/v2\/comments?post=1837"}],"version-history":[{"count":1,"href":"https:\/\/www.africascoop.net\/index.php\/wp-json\/wp\/v2\/posts\/1837\/revisions"}],"predecessor-version":[{"id":1839,"href":"https:\/\/www.africascoop.net\/index.php\/wp-json\/wp\/v2\/posts\/1837\/revisions\/1839"}],"wp:attachment":[{"href":"https:\/\/www.africascoop.net\/index.php\/wp-json\/wp\/v2\/media?parent=1837"}],"wp:term":[{"taxonomy":"category","embeddable":true,"href":"https:\/\/www.africascoop.net\/index.php\/wp-json\/wp\/v2\/categories?post=1837"},{"taxonomy":"post_tag","embeddable":true,"href":"https:\/\/www.africascoop.net\/index.php\/wp-json\/wp\/v2\/tags?post=1837"}],"curies":[{"name":"wp","href":"https:\/\/api.w.org\/{rel}","templated":true}]}}