{"id":446,"date":"2025-10-20T12:54:45","date_gmt":"2025-10-20T12:54:45","guid":{"rendered":"https:\/\/www.africascoop.net\/?p=446"},"modified":"2025-10-20T12:55:09","modified_gmt":"2025-10-20T12:55:09","slug":"aboubacar-sidiki-fomba-face-a-la-colere-des-chauffeurs-maliens-des-excuses-qui-ne-passent-pas","status":"publish","type":"post","link":"https:\/\/www.africascoop.net\/index.php\/2025\/10\/20\/aboubacar-sidiki-fomba-face-a-la-colere-des-chauffeurs-maliens-des-excuses-qui-ne-passent-pas\/","title":{"rendered":"Aboubacar Sidiki Fomba face \u00e0 la col\u00e8re des chauffeurs maliens : des excuses qui ne passent pas ?"},"content":{"rendered":"\n<figure class=\"wp-block-image size-large\"><img loading=\"lazy\" decoding=\"async\" width=\"576\" height=\"1024\" src=\"https:\/\/www.africascoop.net\/wp-content\/uploads\/2025\/10\/Sans-titre-11-576x1024.jpg\" alt=\"\" class=\"wp-image-447\" srcset=\"https:\/\/www.africascoop.net\/wp-content\/uploads\/2025\/10\/Sans-titre-11-576x1024.jpg 576w, https:\/\/www.africascoop.net\/wp-content\/uploads\/2025\/10\/Sans-titre-11-169x300.jpg 169w, https:\/\/www.africascoop.net\/wp-content\/uploads\/2025\/10\/Sans-titre-11-768x1365.jpg 768w, https:\/\/www.africascoop.net\/wp-content\/uploads\/2025\/10\/Sans-titre-11-864x1536.jpg 864w, https:\/\/www.africascoop.net\/wp-content\/uploads\/2025\/10\/Sans-titre-11-1024x1820.jpg 1024w, https:\/\/www.africascoop.net\/wp-content\/uploads\/2025\/10\/Sans-titre-11.jpg 1080w\" sizes=\"auto, (max-width: 576px) 100vw, 576px\" \/><\/figure>\n\n\n\n<p><strong><em>Une vive tension secoue le secteur du transport routier au Mali depuis les propos controvers\u00e9s du pr\u00e9sident de la commission Sant\u00e9 du Conseil national de Transition (CNT), l\u2019honorable Aboubacar Sidiki Fomba. Ce dernier a insinu\u00e9 que certains chauffeurs maliens collaboreraient avec des groupes terroristes des d\u00e9clarations qui ont provoqu\u00e9 une onde de choc dans la corporation.<\/em><\/strong><\/p>\n\n\n\n<p>Face \u00e0 la mont\u00e9e de la col\u00e8re, Fomba a tent\u00e9 de calmer les esprits. Dans une d\u00e9claration publique, il a affirm\u00e9 :<\/p>\n\n\n\n<p>&nbsp;\u00ab Mon intention n\u2019\u00e9tait pas de manquer de respect aux chauffeurs. Je leur pr\u00e9sente mes excuses, ainsi qu\u2019au peuple malien. \u00bb<\/p>\n\n\n\n<p>Mais ces excuses n\u2019ont pas suffi \u00e0 \u00e9teindre le feu. Sur les r\u00e9seaux sociaux, de nombreuses vid\u00e9os circulent, r\u00e9clamant sa destitution du CNT. Pour une partie de l\u2019opinion, le pardon ne suffit plus \u00e0 r\u00e9parer ce qu\u2019ils qualifient \u00ab d\u2019immaturit\u00e9 politique \u00bb d\u2019un repr\u00e9sentant de la Nation.<\/p>\n\n\n\n<p>SYNACOR exige la justice<\/p>\n\n\n\n<p>Au pr\u00e9alable, le Syndicat national des chauffeurs routiers du Mali (SYNACOR) a r\u00e9agi avec fermet\u00e9. Dans une vid\u00e9o devenue virale, Souleymane Koumar\u00e9, secr\u00e9taire g\u00e9n\u00e9ral adjoint du syndicat, a d\u00e9nonc\u00e9 des \u00ab accusations graves et sans preuve \u00bb et appel\u00e9 la justice \u00e0 se saisir du dossier.<\/p>\n\n\n\n<p>\u00ab Nous exigeons que M. Fomba apporte des preuves concr\u00e8tes de ses d\u00e9clarations ou qu\u2019il soit radi\u00e9 du CNT \u00bb, a-t-il martel\u00e9, ajoutant que les chauffeurs envisagent une gr\u00e8ve illimit\u00e9e si aucune suite judiciaire n\u2019est donn\u00e9e.<\/p>\n\n\n\n<p>\u00ab Nous ne prendrons plus le risque d\u2019assurer les trajets pour approvisionner le pays en carburant tant que justice ne sera pas faite \u00bb, a pr\u00e9venu M. Koumar\u00e9, \u00e9voquant le manque de reconnaissance envers les chauffeurs malgr\u00e9 leurs sacrifices.<\/p>\n\n\n\n<p>Le syndicaliste a rappel\u00e9 que ces travailleurs de la route paient souvent un lourd tribut : \u00ab M\u00eame lors de la derni\u00e8re attaque, nous avons perdu deux chauffeurs, morts calcin\u00e9s en m\u00eame temps que leur citerne \u00bb, a-t-il t\u00e9moign\u00e9 avec \u00e9motion.<\/p>\n\n\n\n<p>Ce n\u2019est pas la premi\u00e8re fois que l\u2019honorable Aboubacar Sidiki Fomba se retrouve au c\u0153ur d\u2019une pol\u00e9mique. En novembre 2024, l\u2019Association Culturelle Sonink\u00e9 du Mali (ACS-Mali) avait d\u00e9j\u00e0 d\u00e9pos\u00e9 une plainte contre lui pour des propos jug\u00e9s discriminatoires.<\/p>\n\n\n\n<p>La tension actuelle, si elle n\u2019est pas d\u00e9samorc\u00e9e rapidement, pourrait avoir des cons\u00e9quences \u00e9conomiques majeures. Une gr\u00e8ve prolong\u00e9e des transporteurs risquerait de paralyser l\u2019approvisionnement en carburant et en denr\u00e9es de premi\u00e8re n\u00e9cessit\u00e9 \u00e0 travers le pays.<\/p>\n\n\n\n<p><strong>Abdrahamane&nbsp;Baba&nbsp;Kouyat\u00e9<\/strong><\/p>\n\n\n\n<p><\/p>\n","protected":false},"excerpt":{"rendered":"<p>Une vive tension secoue le secteur du transport routier au Mali depuis les propos controvers\u00e9s du pr\u00e9sident de<\/p>\n","protected":false},"author":3,"featured_media":0,"comment_status":"open","ping_status":"open","sticky":false,"template":"","format":"standard","meta":{"footnotes":""},"categories":[36,42],"tags":[],"class_list":["post-446","post","type-post","status-publish","format-standard","hentry","category-exclusif","category-justice"],"yoast_head":"<!-- This site is optimized with the Yoast SEO plugin v26.0 - https:\/\/yoast.com\/wordpress\/plugins\/seo\/ -->\n<title>Aboubacar Sidiki Fomba face \u00e0 la col\u00e8re des chauffeurs maliens : des excuses qui ne passent pas ? - Actualit\u00e9s Africaines<\/title>\n<meta name=\"robots\" content=\"index, follow, max-snippet:-1, max-image-preview:large, max-video-preview:-1\" \/>\n<link rel=\"canonical\" href=\"https:\/\/www.africascoop.net\/index.php\/2025\/10\/20\/aboubacar-sidiki-fomba-face-a-la-colere-des-chauffeurs-maliens-des-excuses-qui-ne-passent-pas\/\" \/>\n<meta property=\"og:locale\" content=\"fr_FR\" \/>\n<meta property=\"og:type\" content=\"article\" \/>\n<meta property=\"og:title\" content=\"Aboubacar Sidiki Fomba face \u00e0 la col\u00e8re des chauffeurs maliens : des excuses qui ne passent pas ? - Actualit\u00e9s Africaines\" \/>\n<meta property=\"og:description\" content=\"Une vive tension secoue le secteur du transport routier au Mali depuis les propos controvers\u00e9s du pr\u00e9sident de\" \/>\n<meta property=\"og:url\" content=\"https:\/\/www.africascoop.net\/index.php\/2025\/10\/20\/aboubacar-sidiki-fomba-face-a-la-colere-des-chauffeurs-maliens-des-excuses-qui-ne-passent-pas\/\" \/>\n<meta property=\"og:site_name\" content=\"Actualit\u00e9s Africaines\" \/>\n<meta property=\"article:published_time\" content=\"2025-10-20T12:54:45+00:00\" \/>\n<meta property=\"article:modified_time\" content=\"2025-10-20T12:55:09+00:00\" \/>\n<meta property=\"og:image\" content=\"https:\/\/www.africascoop.net\/wp-content\/uploads\/2025\/10\/Sans-titre-11-576x1024.jpg\" \/>\n<meta name=\"author\" content=\"Africascoop\" \/>\n<meta name=\"twitter:card\" content=\"summary_large_image\" \/>\n<meta name=\"twitter:label1\" content=\"\u00c9crit par\" \/>\n\t<meta name=\"twitter:data1\" content=\"Africascoop\" \/>\n\t<meta name=\"twitter:label2\" content=\"Dur\u00e9e de lecture estim\u00e9e\" \/>\n\t<meta name=\"twitter:data2\" content=\"3 minutes\" \/>\n<script type=\"application\/ld+json\" class=\"yoast-schema-graph\">{\"@context\":\"https:\/\/schema.org\",\"@graph\":[{\"@type\":\"Article\",\"@id\":\"https:\/\/www.africascoop.net\/index.php\/2025\/10\/20\/aboubacar-sidiki-fomba-face-a-la-colere-des-chauffeurs-maliens-des-excuses-qui-ne-passent-pas\/#article\",\"isPartOf\":{\"@id\":\"https:\/\/www.africascoop.net\/index.php\/2025\/10\/20\/aboubacar-sidiki-fomba-face-a-la-colere-des-chauffeurs-maliens-des-excuses-qui-ne-passent-pas\/\"},\"author\":{\"name\":\"Africascoop\",\"@id\":\"https:\/\/www.africascoop.net\/#\/schema\/person\/2cbcc632c110d739d93a6b196c67230a\"},\"headline\":\"Aboubacar Sidiki Fomba face \u00e0 la col\u00e8re des chauffeurs maliens : des excuses qui ne passent pas ?\",\"datePublished\":\"2025-10-20T12:54:45+00:00\",\"dateModified\":\"2025-10-20T12:55:09+00:00\",\"mainEntityOfPage\":{\"@id\":\"https:\/\/www.africascoop.net\/index.php\/2025\/10\/20\/aboubacar-sidiki-fomba-face-a-la-colere-des-chauffeurs-maliens-des-excuses-qui-ne-passent-pas\/\"},\"wordCount\":449,\"commentCount\":0,\"publisher\":{\"@id\":\"https:\/\/www.africascoop.net\/#organization\"},\"image\":{\"@id\":\"https:\/\/www.africascoop.net\/index.php\/2025\/10\/20\/aboubacar-sidiki-fomba-face-a-la-colere-des-chauffeurs-maliens-des-excuses-qui-ne-passent-pas\/#primaryimage\"},\"thumbnailUrl\":\"https:\/\/www.africascoop.net\/wp-content\/uploads\/2025\/10\/Sans-titre-11-576x1024.jpg\",\"articleSection\":[\"Exclusif\",\"Justice\"],\"inLanguage\":\"fr-FR\",\"potentialAction\":[{\"@type\":\"CommentAction\",\"name\":\"Comment\",\"target\":[\"https:\/\/www.africascoop.net\/index.php\/2025\/10\/20\/aboubacar-sidiki-fomba-face-a-la-colere-des-chauffeurs-maliens-des-excuses-qui-ne-passent-pas\/#respond\"]}]},{\"@type\":\"WebPage\",\"@id\":\"https:\/\/www.africascoop.net\/index.php\/2025\/10\/20\/aboubacar-sidiki-fomba-face-a-la-colere-des-chauffeurs-maliens-des-excuses-qui-ne-passent-pas\/\",\"url\":\"https:\/\/www.africascoop.net\/index.php\/2025\/10\/20\/aboubacar-sidiki-fomba-face-a-la-colere-des-chauffeurs-maliens-des-excuses-qui-ne-passent-pas\/\",\"name\":\"Aboubacar Sidiki Fomba face \u00e0 la col\u00e8re des chauffeurs maliens : des excuses qui ne passent pas ? - Actualit\u00e9s Africaines\",\"isPartOf\":{\"@id\":\"https:\/\/www.africascoop.net\/#website\"},\"primaryImageOfPage\":{\"@id\":\"https:\/\/www.africascoop.net\/index.php\/2025\/10\/20\/aboubacar-sidiki-fomba-face-a-la-colere-des-chauffeurs-maliens-des-excuses-qui-ne-passent-pas\/#primaryimage\"},\"image\":{\"@id\":\"https:\/\/www.africascoop.net\/index.php\/2025\/10\/20\/aboubacar-sidiki-fomba-face-a-la-colere-des-chauffeurs-maliens-des-excuses-qui-ne-passent-pas\/#primaryimage\"},\"thumbnailUrl\":\"https:\/\/www.africascoop.net\/wp-content\/uploads\/2025\/10\/Sans-titre-11-576x1024.jpg\",\"datePublished\":\"2025-10-20T12:54:45+00:00\",\"dateModified\":\"2025-10-20T12:55:09+00:00\",\"breadcrumb\":{\"@id\":\"https:\/\/www.africascoop.net\/index.php\/2025\/10\/20\/aboubacar-sidiki-fomba-face-a-la-colere-des-chauffeurs-maliens-des-excuses-qui-ne-passent-pas\/#breadcrumb\"},\"inLanguage\":\"fr-FR\",\"potentialAction\":[{\"@type\":\"ReadAction\",\"target\":[\"https:\/\/www.africascoop.net\/index.php\/2025\/10\/20\/aboubacar-sidiki-fomba-face-a-la-colere-des-chauffeurs-maliens-des-excuses-qui-ne-passent-pas\/\"]}]},{\"@type\":\"ImageObject\",\"inLanguage\":\"fr-FR\",\"@id\":\"https:\/\/www.africascoop.net\/index.php\/2025\/10\/20\/aboubacar-sidiki-fomba-face-a-la-colere-des-chauffeurs-maliens-des-excuses-qui-ne-passent-pas\/#primaryimage\",\"url\":\"https:\/\/www.africascoop.net\/wp-content\/uploads\/2025\/10\/Sans-titre-11.jpg\",\"contentUrl\":\"https:\/\/www.africascoop.net\/wp-content\/uploads\/2025\/10\/Sans-titre-11.jpg\",\"width\":1080,\"height\":1920},{\"@type\":\"BreadcrumbList\",\"@id\":\"https:\/\/www.africascoop.net\/index.php\/2025\/10\/20\/aboubacar-sidiki-fomba-face-a-la-colere-des-chauffeurs-maliens-des-excuses-qui-ne-passent-pas\/#breadcrumb\",\"itemListElement\":[{\"@type\":\"ListItem\",\"position\":1,\"name\":\"Accueil\",\"item\":\"https:\/\/www.africascoop.net\/\"},{\"@type\":\"ListItem\",\"position\":2,\"name\":\"Aboubacar Sidiki Fomba face \u00e0 la col\u00e8re des chauffeurs maliens : des excuses qui ne passent pas ?\"}]},{\"@type\":\"WebSite\",\"@id\":\"https:\/\/www.africascoop.net\/#website\",\"url\":\"https:\/\/www.africascoop.net\/\",\"name\":\"Actualit\u00e9s Africaines\",\"description\":\"\",\"publisher\":{\"@id\":\"https:\/\/www.africascoop.net\/#organization\"},\"potentialAction\":[{\"@type\":\"SearchAction\",\"target\":{\"@type\":\"EntryPoint\",\"urlTemplate\":\"https:\/\/www.africascoop.net\/?s={search_term_string}\"},\"query-input\":{\"@type\":\"PropertyValueSpecification\",\"valueRequired\":true,\"valueName\":\"search_term_string\"}}],\"inLanguage\":\"fr-FR\"},{\"@type\":\"Organization\",\"@id\":\"https:\/\/www.africascoop.net\/#organization\",\"name\":\"Actualit\u00e9s Africaines\",\"url\":\"https:\/\/www.africascoop.net\/\",\"logo\":{\"@type\":\"ImageObject\",\"inLanguage\":\"fr-FR\",\"@id\":\"https:\/\/www.africascoop.net\/#\/schema\/logo\/image\/\",\"url\":\"https:\/\/www.africascoop.net\/wp-content\/uploads\/2025\/09\/cropped-logo-2.jpg\",\"contentUrl\":\"https:\/\/www.africascoop.net\/wp-content\/uploads\/2025\/09\/cropped-logo-2.jpg\",\"width\":945,\"height\":591,\"caption\":\"Actualit\u00e9s Africaines\"},\"image\":{\"@id\":\"https:\/\/www.africascoop.net\/#\/schema\/logo\/image\/\"}},{\"@type\":\"Person\",\"@id\":\"https:\/\/www.africascoop.net\/#\/schema\/person\/2cbcc632c110d739d93a6b196c67230a\",\"name\":\"Africascoop\",\"image\":{\"@type\":\"ImageObject\",\"inLanguage\":\"fr-FR\",\"@id\":\"https:\/\/www.africascoop.net\/#\/schema\/person\/image\/\",\"url\":\"https:\/\/secure.gravatar.com\/avatar\/230d851f5173f64fe9487b948bd2daf02707ef49aea942bc1bdad649c82025b9?s=96&d=mm&r=g\",\"contentUrl\":\"https:\/\/secure.gravatar.com\/avatar\/230d851f5173f64fe9487b948bd2daf02707ef49aea942bc1bdad649c82025b9?s=96&d=mm&r=g\",\"caption\":\"Africascoop\"},\"url\":\"https:\/\/www.africascoop.net\/index.php\/author\/jul\/\"}]}<\/script>\n<!-- \/ Yoast SEO plugin. -->","yoast_head_json":{"title":"Aboubacar Sidiki Fomba face \u00e0 la col\u00e8re des chauffeurs maliens : des excuses qui ne passent pas ? - Actualit\u00e9s Africaines","robots":{"index":"index","follow":"follow","max-snippet":"max-snippet:-1","max-image-preview":"max-image-preview:large","max-video-preview":"max-video-preview:-1"},"canonical":"https:\/\/www.africascoop.net\/index.php\/2025\/10\/20\/aboubacar-sidiki-fomba-face-a-la-colere-des-chauffeurs-maliens-des-excuses-qui-ne-passent-pas\/","og_locale":"fr_FR","og_type":"article","og_title":"Aboubacar Sidiki Fomba face \u00e0 la col\u00e8re des chauffeurs maliens : des excuses qui ne passent pas ? - Actualit\u00e9s Africaines","og_description":"Une vive tension secoue le secteur du transport routier au Mali depuis les propos controvers\u00e9s du pr\u00e9sident de","og_url":"https:\/\/www.africascoop.net\/index.php\/2025\/10\/20\/aboubacar-sidiki-fomba-face-a-la-colere-des-chauffeurs-maliens-des-excuses-qui-ne-passent-pas\/","og_site_name":"Actualit\u00e9s Africaines","article_published_time":"2025-10-20T12:54:45+00:00","article_modified_time":"2025-10-20T12:55:09+00:00","og_image":[{"url":"https:\/\/www.africascoop.net\/wp-content\/uploads\/2025\/10\/Sans-titre-11-576x1024.jpg","type":"","width":"","height":""}],"author":"Africascoop","twitter_card":"summary_large_image","twitter_misc":{"\u00c9crit par":"Africascoop","Dur\u00e9e de lecture estim\u00e9e":"3 minutes"},"schema":{"@context":"https:\/\/schema.org","@graph":[{"@type":"Article","@id":"https:\/\/www.africascoop.net\/index.php\/2025\/10\/20\/aboubacar-sidiki-fomba-face-a-la-colere-des-chauffeurs-maliens-des-excuses-qui-ne-passent-pas\/#article","isPartOf":{"@id":"https:\/\/www.africascoop.net\/index.php\/2025\/10\/20\/aboubacar-sidiki-fomba-face-a-la-colere-des-chauffeurs-maliens-des-excuses-qui-ne-passent-pas\/"},"author":{"name":"Africascoop","@id":"https:\/\/www.africascoop.net\/#\/schema\/person\/2cbcc632c110d739d93a6b196c67230a"},"headline":"Aboubacar Sidiki Fomba face \u00e0 la col\u00e8re des chauffeurs maliens : des excuses qui ne passent pas ?","datePublished":"2025-10-20T12:54:45+00:00","dateModified":"2025-10-20T12:55:09+00:00","mainEntityOfPage":{"@id":"https:\/\/www.africascoop.net\/index.php\/2025\/10\/20\/aboubacar-sidiki-fomba-face-a-la-colere-des-chauffeurs-maliens-des-excuses-qui-ne-passent-pas\/"},"wordCount":449,"commentCount":0,"publisher":{"@id":"https:\/\/www.africascoop.net\/#organization"},"image":{"@id":"https:\/\/www.africascoop.net\/index.php\/2025\/10\/20\/aboubacar-sidiki-fomba-face-a-la-colere-des-chauffeurs-maliens-des-excuses-qui-ne-passent-pas\/#primaryimage"},"thumbnailUrl":"https:\/\/www.africascoop.net\/wp-content\/uploads\/2025\/10\/Sans-titre-11-576x1024.jpg","articleSection":["Exclusif","Justice"],"inLanguage":"fr-FR","potentialAction":[{"@type":"CommentAction","name":"Comment","target":["https:\/\/www.africascoop.net\/index.php\/2025\/10\/20\/aboubacar-sidiki-fomba-face-a-la-colere-des-chauffeurs-maliens-des-excuses-qui-ne-passent-pas\/#respond"]}]},{"@type":"WebPage","@id":"https:\/\/www.africascoop.net\/index.php\/2025\/10\/20\/aboubacar-sidiki-fomba-face-a-la-colere-des-chauffeurs-maliens-des-excuses-qui-ne-passent-pas\/","url":"https:\/\/www.africascoop.net\/index.php\/2025\/10\/20\/aboubacar-sidiki-fomba-face-a-la-colere-des-chauffeurs-maliens-des-excuses-qui-ne-passent-pas\/","name":"Aboubacar Sidiki Fomba face \u00e0 la col\u00e8re des chauffeurs maliens : des excuses qui ne passent pas ? - Actualit\u00e9s Africaines","isPartOf":{"@id":"https:\/\/www.africascoop.net\/#website"},"primaryImageOfPage":{"@id":"https:\/\/www.africascoop.net\/index.php\/2025\/10\/20\/aboubacar-sidiki-fomba-face-a-la-colere-des-chauffeurs-maliens-des-excuses-qui-ne-passent-pas\/#primaryimage"},"image":{"@id":"https:\/\/www.africascoop.net\/index.php\/2025\/10\/20\/aboubacar-sidiki-fomba-face-a-la-colere-des-chauffeurs-maliens-des-excuses-qui-ne-passent-pas\/#primaryimage"},"thumbnailUrl":"https:\/\/www.africascoop.net\/wp-content\/uploads\/2025\/10\/Sans-titre-11-576x1024.jpg","datePublished":"2025-10-20T12:54:45+00:00","dateModified":"2025-10-20T12:55:09+00:00","breadcrumb":{"@id":"https:\/\/www.africascoop.net\/index.php\/2025\/10\/20\/aboubacar-sidiki-fomba-face-a-la-colere-des-chauffeurs-maliens-des-excuses-qui-ne-passent-pas\/#breadcrumb"},"inLanguage":"fr-FR","potentialAction":[{"@type":"ReadAction","target":["https:\/\/www.africascoop.net\/index.php\/2025\/10\/20\/aboubacar-sidiki-fomba-face-a-la-colere-des-chauffeurs-maliens-des-excuses-qui-ne-passent-pas\/"]}]},{"@type":"ImageObject","inLanguage":"fr-FR","@id":"https:\/\/www.africascoop.net\/index.php\/2025\/10\/20\/aboubacar-sidiki-fomba-face-a-la-colere-des-chauffeurs-maliens-des-excuses-qui-ne-passent-pas\/#primaryimage","url":"https:\/\/www.africascoop.net\/wp-content\/uploads\/2025\/10\/Sans-titre-11.jpg","contentUrl":"https:\/\/www.africascoop.net\/wp-content\/uploads\/2025\/10\/Sans-titre-11.jpg","width":1080,"height":1920},{"@type":"BreadcrumbList","@id":"https:\/\/www.africascoop.net\/index.php\/2025\/10\/20\/aboubacar-sidiki-fomba-face-a-la-colere-des-chauffeurs-maliens-des-excuses-qui-ne-passent-pas\/#breadcrumb","itemListElement":[{"@type":"ListItem","position":1,"name":"Accueil","item":"https:\/\/www.africascoop.net\/"},{"@type":"ListItem","position":2,"name":"Aboubacar Sidiki Fomba face \u00e0 la col\u00e8re des chauffeurs maliens : des excuses qui ne passent pas ?"}]},{"@type":"WebSite","@id":"https:\/\/www.africascoop.net\/#website","url":"https:\/\/www.africascoop.net\/","name":"Actualit\u00e9s Africaines","description":"","publisher":{"@id":"https:\/\/www.africascoop.net\/#organization"},"potentialAction":[{"@type":"SearchAction","target":{"@type":"EntryPoint","urlTemplate":"https:\/\/www.africascoop.net\/?s={search_term_string}"},"query-input":{"@type":"PropertyValueSpecification","valueRequired":true,"valueName":"search_term_string"}}],"inLanguage":"fr-FR"},{"@type":"Organization","@id":"https:\/\/www.africascoop.net\/#organization","name":"Actualit\u00e9s Africaines","url":"https:\/\/www.africascoop.net\/","logo":{"@type":"ImageObject","inLanguage":"fr-FR","@id":"https:\/\/www.africascoop.net\/#\/schema\/logo\/image\/","url":"https:\/\/www.africascoop.net\/wp-content\/uploads\/2025\/09\/cropped-logo-2.jpg","contentUrl":"https:\/\/www.africascoop.net\/wp-content\/uploads\/2025\/09\/cropped-logo-2.jpg","width":945,"height":591,"caption":"Actualit\u00e9s Africaines"},"image":{"@id":"https:\/\/www.africascoop.net\/#\/schema\/logo\/image\/"}},{"@type":"Person","@id":"https:\/\/www.africascoop.net\/#\/schema\/person\/2cbcc632c110d739d93a6b196c67230a","name":"Africascoop","image":{"@type":"ImageObject","inLanguage":"fr-FR","@id":"https:\/\/www.africascoop.net\/#\/schema\/person\/image\/","url":"https:\/\/secure.gravatar.com\/avatar\/230d851f5173f64fe9487b948bd2daf02707ef49aea942bc1bdad649c82025b9?s=96&d=mm&r=g","contentUrl":"https:\/\/secure.gravatar.com\/avatar\/230d851f5173f64fe9487b948bd2daf02707ef49aea942bc1bdad649c82025b9?s=96&d=mm&r=g","caption":"Africascoop"},"url":"https:\/\/www.africascoop.net\/index.php\/author\/jul\/"}]}},"_links":{"self":[{"href":"https:\/\/www.africascoop.net\/index.php\/wp-json\/wp\/v2\/posts\/446","targetHints":{"allow":["GET"]}}],"collection":[{"href":"https:\/\/www.africascoop.net\/index.php\/wp-json\/wp\/v2\/posts"}],"about":[{"href":"https:\/\/www.africascoop.net\/index.php\/wp-json\/wp\/v2\/types\/post"}],"author":[{"embeddable":true,"href":"https:\/\/www.africascoop.net\/index.php\/wp-json\/wp\/v2\/users\/3"}],"replies":[{"embeddable":true,"href":"https:\/\/www.africascoop.net\/index.php\/wp-json\/wp\/v2\/comments?post=446"}],"version-history":[{"count":1,"href":"https:\/\/www.africascoop.net\/index.php\/wp-json\/wp\/v2\/posts\/446\/revisions"}],"predecessor-version":[{"id":448,"href":"https:\/\/www.africascoop.net\/index.php\/wp-json\/wp\/v2\/posts\/446\/revisions\/448"}],"wp:attachment":[{"href":"https:\/\/www.africascoop.net\/index.php\/wp-json\/wp\/v2\/media?parent=446"}],"wp:term":[{"taxonomy":"category","embeddable":true,"href":"https:\/\/www.africascoop.net\/index.php\/wp-json\/wp\/v2\/categories?post=446"},{"taxonomy":"post_tag","embeddable":true,"href":"https:\/\/www.africascoop.net\/index.php\/wp-json\/wp\/v2\/tags?post=446"}],"curies":[{"name":"wp","href":"https:\/\/api.w.org\/{rel}","templated":true}]}}