{"id":453,"date":"2025-10-21T13:58:14","date_gmt":"2025-10-21T13:58:14","guid":{"rendered":"https:\/\/www.africascoop.net\/?p=453"},"modified":"2025-10-21T14:13:07","modified_gmt":"2025-10-21T14:13:07","slug":"insecurite-a-segou-les-fama-neutralisent-plusieurs-terroristes","status":"publish","type":"post","link":"https:\/\/www.africascoop.net\/index.php\/2025\/10\/21\/insecurite-a-segou-les-fama-neutralisent-plusieurs-terroristes\/","title":{"rendered":"INS\u00c9CURIT\u00c9 \u00c0 SEGOU\u00a0: Les FAMa neutralisent plusieurs terroristes"},"content":{"rendered":"\n<figure class=\"wp-block-image size-large\"><img loading=\"lazy\" decoding=\"async\" width=\"966\" height=\"1024\" src=\"https:\/\/www.africascoop.net\/wp-content\/uploads\/2025\/10\/FAMAS-966x1024.jpg\" alt=\"\" class=\"wp-image-455\" srcset=\"https:\/\/www.africascoop.net\/wp-content\/uploads\/2025\/10\/FAMAS-966x1024.jpg 966w, https:\/\/www.africascoop.net\/wp-content\/uploads\/2025\/10\/FAMAS-283x300.jpg 283w, https:\/\/www.africascoop.net\/wp-content\/uploads\/2025\/10\/FAMAS-768x815.jpg 768w, https:\/\/www.africascoop.net\/wp-content\/uploads\/2025\/10\/FAMAS-1448x1536.jpg 1448w, https:\/\/www.africascoop.net\/wp-content\/uploads\/2025\/10\/FAMAS-1024x1086.jpg 1024w, https:\/\/www.africascoop.net\/wp-content\/uploads\/2025\/10\/FAMAS.jpg 1536w\" sizes=\"auto, (max-width: 966px) 100vw, 966px\" \/><\/figure>\n\n\n\n<p><strong><em>Les Forces arm\u00e9es maliennes (FAMa) ont intensifi\u00e9 leurs op\u00e9rations de surveillance et de neutralisation des groupes arm\u00e9s terroristes dans le centre du pays. Ce 19 octobre 2025, plusieurs frappes a\u00e9riennes ont vis\u00e9 avec succ\u00e8s des positions ennemies dans la for\u00eat de Soussan, pr\u00e8s de Diolla, ainsi qu\u2019au sud-ouest de Dougabougou, dans la r\u00e9gion de S\u00e9gou.<\/em><\/strong><\/p>\n\n\n\n<p>Ces pr\u00e9cisions ont \u00e9t\u00e9 donn\u00e9es dans un communiqu\u00e9 des Forces arm\u00e9es maliennes en date du 20 octobre dernier.<\/p>\n\n\n\n<p>En effet, selon un communiqu\u00e9 de l\u2019\u00c9tat-major g\u00e9n\u00e9ral des arm\u00e9es, des frappes ont permis de d\u00e9sorganiser un regroupement de combattants terroristes. Parall\u00e8lement, une mission de reconnaissance offensive men\u00e9e dans la localit\u00e9 de Temou, au sud-ouest de Bewani, a abouti \u00e0 la neutralisation de plusieurs \u00e9l\u00e9ments ennemis.<\/p>\n\n\n\n<p>Toujours au sud-ouest de Dougabougou, selon les informations du chef militaire, les FAMa ont d\u00e9truit un camp d\u2019entra\u00eenement r\u00e9cemment install\u00e9 par les terroristes. Dans la zone de Balle-W\u00e8r\u00e8, \u00e9galement dans la r\u00e9gion de S\u00e9gou, une autre offensive a permis de repousser une incursion ennemie, la majorit\u00e9 des assaillants ayant \u00e9t\u00e9 neutralis\u00e9e gr\u00e2ce aux frappes a\u00e9riennes.<\/p>\n\n\n\n<p>Au cours de ces op\u00e9rations, les forces maliennes ont saisi des bases, des points d\u2019appui, ainsi que du mat\u00e9riel de guerre appartenant aux groupes arm\u00e9s. Par ailleurs, un drone terroriste survolant la localit\u00e9 de N-Sukala, au nord de S\u00e9gou, a \u00e9t\u00e9 abattu par les FAMa.<\/p>\n\n\n\n<p>L\u2019aviation malienne a aussi men\u00e9, le 20 octobre, de nouvelles frappes contre des repaires de terroristes dans les environs d\u2019Ouan et de S\u00e8bougou, neutralisant plusieurs motos et combattants ennemis.<\/p>\n\n\n\n<p>L\u2019\u00c9tat-major g\u00e9n\u00e9ral des Arm\u00e9es a, dans son communiqu\u00e9, salu\u00e9 \u00ab le plein engagement des FAMa \u00e0 lutter inexorablement contre les groupes arm\u00e9s terroristes afin d\u2019assurer la paix, la qui\u00e9tude et la libre circulation des personnes et des biens \u00bb.<\/p>\n\n\n\n<p>Lamine&nbsp;BAGAYOGO<\/p>\n","protected":false},"excerpt":{"rendered":"<p>Les Forces arm\u00e9es maliennes (FAMa) ont intensifi\u00e9 leurs op\u00e9rations de surveillance et de neutralisation des groupes arm\u00e9s terroristes<\/p>\n","protected":false},"author":3,"featured_media":0,"comment_status":"open","ping_status":"open","sticky":false,"template":"","format":"standard","meta":{"footnotes":""},"categories":[36,7],"tags":[],"class_list":["post-453","post","type-post","status-publish","format-standard","hentry","category-exclusif","category-securite"],"yoast_head":"<!-- This site is optimized with the Yoast SEO plugin v26.0 - https:\/\/yoast.com\/wordpress\/plugins\/seo\/ -->\n<title>INS\u00c9CURIT\u00c9 \u00c0 SEGOU\u00a0: Les FAMa neutralisent plusieurs terroristes - Actualit\u00e9s Africaines<\/title>\n<meta name=\"robots\" content=\"index, follow, max-snippet:-1, max-image-preview:large, max-video-preview:-1\" \/>\n<link rel=\"canonical\" href=\"https:\/\/www.africascoop.net\/index.php\/2025\/10\/21\/insecurite-a-segou-les-fama-neutralisent-plusieurs-terroristes\/\" \/>\n<meta property=\"og:locale\" content=\"fr_FR\" \/>\n<meta property=\"og:type\" content=\"article\" \/>\n<meta property=\"og:title\" content=\"INS\u00c9CURIT\u00c9 \u00c0 SEGOU\u00a0: Les FAMa neutralisent plusieurs terroristes - Actualit\u00e9s Africaines\" \/>\n<meta property=\"og:description\" content=\"Les Forces arm\u00e9es maliennes (FAMa) ont intensifi\u00e9 leurs op\u00e9rations de surveillance et de neutralisation des groupes arm\u00e9s terroristes\" \/>\n<meta property=\"og:url\" content=\"https:\/\/www.africascoop.net\/index.php\/2025\/10\/21\/insecurite-a-segou-les-fama-neutralisent-plusieurs-terroristes\/\" \/>\n<meta property=\"og:site_name\" content=\"Actualit\u00e9s Africaines\" \/>\n<meta property=\"article:published_time\" content=\"2025-10-21T13:58:14+00:00\" \/>\n<meta property=\"article:modified_time\" content=\"2025-10-21T14:13:07+00:00\" \/>\n<meta property=\"og:image\" content=\"https:\/\/www.africascoop.net\/wp-content\/uploads\/2025\/10\/FAMAS-966x1024.jpg\" \/>\n<meta name=\"author\" content=\"Africascoop\" \/>\n<meta name=\"twitter:card\" content=\"summary_large_image\" \/>\n<meta name=\"twitter:label1\" content=\"\u00c9crit par\" \/>\n\t<meta name=\"twitter:data1\" content=\"Africascoop\" \/>\n\t<meta name=\"twitter:label2\" content=\"Dur\u00e9e de lecture estim\u00e9e\" \/>\n\t<meta name=\"twitter:data2\" content=\"2 minutes\" \/>\n<script type=\"application\/ld+json\" class=\"yoast-schema-graph\">{\"@context\":\"https:\/\/schema.org\",\"@graph\":[{\"@type\":\"Article\",\"@id\":\"https:\/\/www.africascoop.net\/index.php\/2025\/10\/21\/insecurite-a-segou-les-fama-neutralisent-plusieurs-terroristes\/#article\",\"isPartOf\":{\"@id\":\"https:\/\/www.africascoop.net\/index.php\/2025\/10\/21\/insecurite-a-segou-les-fama-neutralisent-plusieurs-terroristes\/\"},\"author\":{\"name\":\"Africascoop\",\"@id\":\"https:\/\/www.africascoop.net\/#\/schema\/person\/2cbcc632c110d739d93a6b196c67230a\"},\"headline\":\"INS\u00c9CURIT\u00c9 \u00c0 SEGOU\u00a0: Les FAMa neutralisent plusieurs terroristes\",\"datePublished\":\"2025-10-21T13:58:14+00:00\",\"dateModified\":\"2025-10-21T14:13:07+00:00\",\"mainEntityOfPage\":{\"@id\":\"https:\/\/www.africascoop.net\/index.php\/2025\/10\/21\/insecurite-a-segou-les-fama-neutralisent-plusieurs-terroristes\/\"},\"wordCount\":336,\"commentCount\":0,\"publisher\":{\"@id\":\"https:\/\/www.africascoop.net\/#organization\"},\"image\":{\"@id\":\"https:\/\/www.africascoop.net\/index.php\/2025\/10\/21\/insecurite-a-segou-les-fama-neutralisent-plusieurs-terroristes\/#primaryimage\"},\"thumbnailUrl\":\"https:\/\/www.africascoop.net\/wp-content\/uploads\/2025\/10\/FAMAS-966x1024.jpg\",\"articleSection\":[\"Exclusif\",\"S\u00e9curit\u00e9\"],\"inLanguage\":\"fr-FR\",\"potentialAction\":[{\"@type\":\"CommentAction\",\"name\":\"Comment\",\"target\":[\"https:\/\/www.africascoop.net\/index.php\/2025\/10\/21\/insecurite-a-segou-les-fama-neutralisent-plusieurs-terroristes\/#respond\"]}]},{\"@type\":\"WebPage\",\"@id\":\"https:\/\/www.africascoop.net\/index.php\/2025\/10\/21\/insecurite-a-segou-les-fama-neutralisent-plusieurs-terroristes\/\",\"url\":\"https:\/\/www.africascoop.net\/index.php\/2025\/10\/21\/insecurite-a-segou-les-fama-neutralisent-plusieurs-terroristes\/\",\"name\":\"INS\u00c9CURIT\u00c9 \u00c0 SEGOU\u00a0: Les FAMa neutralisent plusieurs terroristes - Actualit\u00e9s Africaines\",\"isPartOf\":{\"@id\":\"https:\/\/www.africascoop.net\/#website\"},\"primaryImageOfPage\":{\"@id\":\"https:\/\/www.africascoop.net\/index.php\/2025\/10\/21\/insecurite-a-segou-les-fama-neutralisent-plusieurs-terroristes\/#primaryimage\"},\"image\":{\"@id\":\"https:\/\/www.africascoop.net\/index.php\/2025\/10\/21\/insecurite-a-segou-les-fama-neutralisent-plusieurs-terroristes\/#primaryimage\"},\"thumbnailUrl\":\"https:\/\/www.africascoop.net\/wp-content\/uploads\/2025\/10\/FAMAS-966x1024.jpg\",\"datePublished\":\"2025-10-21T13:58:14+00:00\",\"dateModified\":\"2025-10-21T14:13:07+00:00\",\"breadcrumb\":{\"@id\":\"https:\/\/www.africascoop.net\/index.php\/2025\/10\/21\/insecurite-a-segou-les-fama-neutralisent-plusieurs-terroristes\/#breadcrumb\"},\"inLanguage\":\"fr-FR\",\"potentialAction\":[{\"@type\":\"ReadAction\",\"target\":[\"https:\/\/www.africascoop.net\/index.php\/2025\/10\/21\/insecurite-a-segou-les-fama-neutralisent-plusieurs-terroristes\/\"]}]},{\"@type\":\"ImageObject\",\"inLanguage\":\"fr-FR\",\"@id\":\"https:\/\/www.africascoop.net\/index.php\/2025\/10\/21\/insecurite-a-segou-les-fama-neutralisent-plusieurs-terroristes\/#primaryimage\",\"url\":\"https:\/\/www.africascoop.net\/wp-content\/uploads\/2025\/10\/FAMAS.jpg\",\"contentUrl\":\"https:\/\/www.africascoop.net\/wp-content\/uploads\/2025\/10\/FAMAS.jpg\",\"width\":1536,\"height\":1629},{\"@type\":\"BreadcrumbList\",\"@id\":\"https:\/\/www.africascoop.net\/index.php\/2025\/10\/21\/insecurite-a-segou-les-fama-neutralisent-plusieurs-terroristes\/#breadcrumb\",\"itemListElement\":[{\"@type\":\"ListItem\",\"position\":1,\"name\":\"Accueil\",\"item\":\"https:\/\/www.africascoop.net\/\"},{\"@type\":\"ListItem\",\"position\":2,\"name\":\"INS\u00c9CURIT\u00c9 \u00c0 SEGOU\u00a0: Les FAMa neutralisent plusieurs terroristes\"}]},{\"@type\":\"WebSite\",\"@id\":\"https:\/\/www.africascoop.net\/#website\",\"url\":\"https:\/\/www.africascoop.net\/\",\"name\":\"Actualit\u00e9s Africaines\",\"description\":\"\",\"publisher\":{\"@id\":\"https:\/\/www.africascoop.net\/#organization\"},\"potentialAction\":[{\"@type\":\"SearchAction\",\"target\":{\"@type\":\"EntryPoint\",\"urlTemplate\":\"https:\/\/www.africascoop.net\/?s={search_term_string}\"},\"query-input\":{\"@type\":\"PropertyValueSpecification\",\"valueRequired\":true,\"valueName\":\"search_term_string\"}}],\"inLanguage\":\"fr-FR\"},{\"@type\":\"Organization\",\"@id\":\"https:\/\/www.africascoop.net\/#organization\",\"name\":\"Actualit\u00e9s Africaines\",\"url\":\"https:\/\/www.africascoop.net\/\",\"logo\":{\"@type\":\"ImageObject\",\"inLanguage\":\"fr-FR\",\"@id\":\"https:\/\/www.africascoop.net\/#\/schema\/logo\/image\/\",\"url\":\"https:\/\/www.africascoop.net\/wp-content\/uploads\/2025\/09\/cropped-logo-2.jpg\",\"contentUrl\":\"https:\/\/www.africascoop.net\/wp-content\/uploads\/2025\/09\/cropped-logo-2.jpg\",\"width\":945,\"height\":591,\"caption\":\"Actualit\u00e9s Africaines\"},\"image\":{\"@id\":\"https:\/\/www.africascoop.net\/#\/schema\/logo\/image\/\"}},{\"@type\":\"Person\",\"@id\":\"https:\/\/www.africascoop.net\/#\/schema\/person\/2cbcc632c110d739d93a6b196c67230a\",\"name\":\"Africascoop\",\"image\":{\"@type\":\"ImageObject\",\"inLanguage\":\"fr-FR\",\"@id\":\"https:\/\/www.africascoop.net\/#\/schema\/person\/image\/\",\"url\":\"https:\/\/secure.gravatar.com\/avatar\/230d851f5173f64fe9487b948bd2daf02707ef49aea942bc1bdad649c82025b9?s=96&d=mm&r=g\",\"contentUrl\":\"https:\/\/secure.gravatar.com\/avatar\/230d851f5173f64fe9487b948bd2daf02707ef49aea942bc1bdad649c82025b9?s=96&d=mm&r=g\",\"caption\":\"Africascoop\"},\"url\":\"https:\/\/www.africascoop.net\/index.php\/author\/jul\/\"}]}<\/script>\n<!-- \/ Yoast SEO plugin. -->","yoast_head_json":{"title":"INS\u00c9CURIT\u00c9 \u00c0 SEGOU\u00a0: Les FAMa neutralisent plusieurs terroristes - Actualit\u00e9s Africaines","robots":{"index":"index","follow":"follow","max-snippet":"max-snippet:-1","max-image-preview":"max-image-preview:large","max-video-preview":"max-video-preview:-1"},"canonical":"https:\/\/www.africascoop.net\/index.php\/2025\/10\/21\/insecurite-a-segou-les-fama-neutralisent-plusieurs-terroristes\/","og_locale":"fr_FR","og_type":"article","og_title":"INS\u00c9CURIT\u00c9 \u00c0 SEGOU\u00a0: Les FAMa neutralisent plusieurs terroristes - Actualit\u00e9s Africaines","og_description":"Les Forces arm\u00e9es maliennes (FAMa) ont intensifi\u00e9 leurs op\u00e9rations de surveillance et de neutralisation des groupes arm\u00e9s terroristes","og_url":"https:\/\/www.africascoop.net\/index.php\/2025\/10\/21\/insecurite-a-segou-les-fama-neutralisent-plusieurs-terroristes\/","og_site_name":"Actualit\u00e9s Africaines","article_published_time":"2025-10-21T13:58:14+00:00","article_modified_time":"2025-10-21T14:13:07+00:00","og_image":[{"url":"https:\/\/www.africascoop.net\/wp-content\/uploads\/2025\/10\/FAMAS-966x1024.jpg","type":"","width":"","height":""}],"author":"Africascoop","twitter_card":"summary_large_image","twitter_misc":{"\u00c9crit par":"Africascoop","Dur\u00e9e de lecture estim\u00e9e":"2 minutes"},"schema":{"@context":"https:\/\/schema.org","@graph":[{"@type":"Article","@id":"https:\/\/www.africascoop.net\/index.php\/2025\/10\/21\/insecurite-a-segou-les-fama-neutralisent-plusieurs-terroristes\/#article","isPartOf":{"@id":"https:\/\/www.africascoop.net\/index.php\/2025\/10\/21\/insecurite-a-segou-les-fama-neutralisent-plusieurs-terroristes\/"},"author":{"name":"Africascoop","@id":"https:\/\/www.africascoop.net\/#\/schema\/person\/2cbcc632c110d739d93a6b196c67230a"},"headline":"INS\u00c9CURIT\u00c9 \u00c0 SEGOU\u00a0: Les FAMa neutralisent plusieurs terroristes","datePublished":"2025-10-21T13:58:14+00:00","dateModified":"2025-10-21T14:13:07+00:00","mainEntityOfPage":{"@id":"https:\/\/www.africascoop.net\/index.php\/2025\/10\/21\/insecurite-a-segou-les-fama-neutralisent-plusieurs-terroristes\/"},"wordCount":336,"commentCount":0,"publisher":{"@id":"https:\/\/www.africascoop.net\/#organization"},"image":{"@id":"https:\/\/www.africascoop.net\/index.php\/2025\/10\/21\/insecurite-a-segou-les-fama-neutralisent-plusieurs-terroristes\/#primaryimage"},"thumbnailUrl":"https:\/\/www.africascoop.net\/wp-content\/uploads\/2025\/10\/FAMAS-966x1024.jpg","articleSection":["Exclusif","S\u00e9curit\u00e9"],"inLanguage":"fr-FR","potentialAction":[{"@type":"CommentAction","name":"Comment","target":["https:\/\/www.africascoop.net\/index.php\/2025\/10\/21\/insecurite-a-segou-les-fama-neutralisent-plusieurs-terroristes\/#respond"]}]},{"@type":"WebPage","@id":"https:\/\/www.africascoop.net\/index.php\/2025\/10\/21\/insecurite-a-segou-les-fama-neutralisent-plusieurs-terroristes\/","url":"https:\/\/www.africascoop.net\/index.php\/2025\/10\/21\/insecurite-a-segou-les-fama-neutralisent-plusieurs-terroristes\/","name":"INS\u00c9CURIT\u00c9 \u00c0 SEGOU\u00a0: Les FAMa neutralisent plusieurs terroristes - Actualit\u00e9s Africaines","isPartOf":{"@id":"https:\/\/www.africascoop.net\/#website"},"primaryImageOfPage":{"@id":"https:\/\/www.africascoop.net\/index.php\/2025\/10\/21\/insecurite-a-segou-les-fama-neutralisent-plusieurs-terroristes\/#primaryimage"},"image":{"@id":"https:\/\/www.africascoop.net\/index.php\/2025\/10\/21\/insecurite-a-segou-les-fama-neutralisent-plusieurs-terroristes\/#primaryimage"},"thumbnailUrl":"https:\/\/www.africascoop.net\/wp-content\/uploads\/2025\/10\/FAMAS-966x1024.jpg","datePublished":"2025-10-21T13:58:14+00:00","dateModified":"2025-10-21T14:13:07+00:00","breadcrumb":{"@id":"https:\/\/www.africascoop.net\/index.php\/2025\/10\/21\/insecurite-a-segou-les-fama-neutralisent-plusieurs-terroristes\/#breadcrumb"},"inLanguage":"fr-FR","potentialAction":[{"@type":"ReadAction","target":["https:\/\/www.africascoop.net\/index.php\/2025\/10\/21\/insecurite-a-segou-les-fama-neutralisent-plusieurs-terroristes\/"]}]},{"@type":"ImageObject","inLanguage":"fr-FR","@id":"https:\/\/www.africascoop.net\/index.php\/2025\/10\/21\/insecurite-a-segou-les-fama-neutralisent-plusieurs-terroristes\/#primaryimage","url":"https:\/\/www.africascoop.net\/wp-content\/uploads\/2025\/10\/FAMAS.jpg","contentUrl":"https:\/\/www.africascoop.net\/wp-content\/uploads\/2025\/10\/FAMAS.jpg","width":1536,"height":1629},{"@type":"BreadcrumbList","@id":"https:\/\/www.africascoop.net\/index.php\/2025\/10\/21\/insecurite-a-segou-les-fama-neutralisent-plusieurs-terroristes\/#breadcrumb","itemListElement":[{"@type":"ListItem","position":1,"name":"Accueil","item":"https:\/\/www.africascoop.net\/"},{"@type":"ListItem","position":2,"name":"INS\u00c9CURIT\u00c9 \u00c0 SEGOU\u00a0: Les FAMa neutralisent plusieurs terroristes"}]},{"@type":"WebSite","@id":"https:\/\/www.africascoop.net\/#website","url":"https:\/\/www.africascoop.net\/","name":"Actualit\u00e9s Africaines","description":"","publisher":{"@id":"https:\/\/www.africascoop.net\/#organization"},"potentialAction":[{"@type":"SearchAction","target":{"@type":"EntryPoint","urlTemplate":"https:\/\/www.africascoop.net\/?s={search_term_string}"},"query-input":{"@type":"PropertyValueSpecification","valueRequired":true,"valueName":"search_term_string"}}],"inLanguage":"fr-FR"},{"@type":"Organization","@id":"https:\/\/www.africascoop.net\/#organization","name":"Actualit\u00e9s Africaines","url":"https:\/\/www.africascoop.net\/","logo":{"@type":"ImageObject","inLanguage":"fr-FR","@id":"https:\/\/www.africascoop.net\/#\/schema\/logo\/image\/","url":"https:\/\/www.africascoop.net\/wp-content\/uploads\/2025\/09\/cropped-logo-2.jpg","contentUrl":"https:\/\/www.africascoop.net\/wp-content\/uploads\/2025\/09\/cropped-logo-2.jpg","width":945,"height":591,"caption":"Actualit\u00e9s Africaines"},"image":{"@id":"https:\/\/www.africascoop.net\/#\/schema\/logo\/image\/"}},{"@type":"Person","@id":"https:\/\/www.africascoop.net\/#\/schema\/person\/2cbcc632c110d739d93a6b196c67230a","name":"Africascoop","image":{"@type":"ImageObject","inLanguage":"fr-FR","@id":"https:\/\/www.africascoop.net\/#\/schema\/person\/image\/","url":"https:\/\/secure.gravatar.com\/avatar\/230d851f5173f64fe9487b948bd2daf02707ef49aea942bc1bdad649c82025b9?s=96&d=mm&r=g","contentUrl":"https:\/\/secure.gravatar.com\/avatar\/230d851f5173f64fe9487b948bd2daf02707ef49aea942bc1bdad649c82025b9?s=96&d=mm&r=g","caption":"Africascoop"},"url":"https:\/\/www.africascoop.net\/index.php\/author\/jul\/"}]}},"_links":{"self":[{"href":"https:\/\/www.africascoop.net\/index.php\/wp-json\/wp\/v2\/posts\/453","targetHints":{"allow":["GET"]}}],"collection":[{"href":"https:\/\/www.africascoop.net\/index.php\/wp-json\/wp\/v2\/posts"}],"about":[{"href":"https:\/\/www.africascoop.net\/index.php\/wp-json\/wp\/v2\/types\/post"}],"author":[{"embeddable":true,"href":"https:\/\/www.africascoop.net\/index.php\/wp-json\/wp\/v2\/users\/3"}],"replies":[{"embeddable":true,"href":"https:\/\/www.africascoop.net\/index.php\/wp-json\/wp\/v2\/comments?post=453"}],"version-history":[{"count":2,"href":"https:\/\/www.africascoop.net\/index.php\/wp-json\/wp\/v2\/posts\/453\/revisions"}],"predecessor-version":[{"id":456,"href":"https:\/\/www.africascoop.net\/index.php\/wp-json\/wp\/v2\/posts\/453\/revisions\/456"}],"wp:attachment":[{"href":"https:\/\/www.africascoop.net\/index.php\/wp-json\/wp\/v2\/media?parent=453"}],"wp:term":[{"taxonomy":"category","embeddable":true,"href":"https:\/\/www.africascoop.net\/index.php\/wp-json\/wp\/v2\/categories?post=453"},{"taxonomy":"post_tag","embeddable":true,"href":"https:\/\/www.africascoop.net\/index.php\/wp-json\/wp\/v2\/tags?post=453"}],"curies":[{"name":"wp","href":"https:\/\/api.w.org\/{rel}","templated":true}]}}