{"id":550,"date":"2025-10-28T16:51:02","date_gmt":"2025-10-28T16:51:02","guid":{"rendered":"https:\/\/www.africascoop.net\/?p=550"},"modified":"2025-10-28T16:51:09","modified_gmt":"2025-10-28T16:51:09","slug":"affaire-moussa-mara-amnesty-international-denonce-une-parodie-de-justice-au-mali","status":"publish","type":"post","link":"https:\/\/www.africascoop.net\/index.php\/2025\/10\/28\/affaire-moussa-mara-amnesty-international-denonce-une-parodie-de-justice-au-mali\/","title":{"rendered":"Affaire Moussa Mara : Amnesty International d\u00e9nonce une \u201cparodie de justice\u201d au Mali"},"content":{"rendered":"\n<figure class=\"wp-block-image size-large\"><img loading=\"lazy\" decoding=\"async\" width=\"1024\" height=\"576\" src=\"https:\/\/www.africascoop.net\/wp-content\/uploads\/2025\/10\/affaire-mara-1024x576.jpg\" alt=\"\" class=\"wp-image-551\" srcset=\"https:\/\/www.africascoop.net\/wp-content\/uploads\/2025\/10\/affaire-mara-1024x576.jpg 1024w, https:\/\/www.africascoop.net\/wp-content\/uploads\/2025\/10\/affaire-mara-300x169.jpg 300w, https:\/\/www.africascoop.net\/wp-content\/uploads\/2025\/10\/affaire-mara-768x432.jpg 768w, https:\/\/www.africascoop.net\/wp-content\/uploads\/2025\/10\/affaire-mara.jpg 1366w\" sizes=\"auto, (max-width: 1024px) 100vw, 1024px\" \/><\/figure>\n\n\n\n<p>Le 27 octobre 2025, Amnesty International a appel\u00e9 les autorit\u00e9s maliennes \u00e0 lib\u00e9rer imm\u00e9diatement l\u2019ancien Premier ministre Moussa Mara, condamn\u00e9 \u00e0 deux ans de prison dont un an ferme pour \u201catteinte au cr\u00e9dit de l\u2019\u00c9tat\u201d. L\u2019organisation internationale des droits humains estime que cette d\u00e9cision traduit \u201cun m\u00e9pris persistant\u201d des engagements du Mali en mati\u00e8re de libert\u00e9s publiques et d\u00e9nonce une r\u00e9pression croissante des voix critiques.<\/p>\n\n\n\n<p>Moussa Mara, arr\u00eat\u00e9 le 1er ao\u00fbt apr\u00e8s avoir exprim\u00e9 sa solidarit\u00e9 envers des activistes d\u00e9tenus, est accus\u00e9 d\u2019avoir incit\u00e9 au trouble \u00e0 l\u2019ordre public. Amnesty International affirme que son proc\u00e8s, ainsi que les cas similaires de journalistes et d\u2019activistes comme Cl\u00e9ment Demb\u00e9l\u00e9, Ras Bath ou Adama Diarra \u201cBen le Cerveau\u201d, illustre une instrumentalisation du syst\u00e8me judiciaire pour faire taire l\u2019opposition pacifique.<\/p>\n\n\n\n<p>Pour Marceau Sivieude, directeur r\u00e9gional de l\u2019organisation pour l\u2019Afrique de l\u2019Ouest et du Centre, \u201cles autorit\u00e9s doivent cesser d\u2019utiliser les d\u00e9tentions arbitraires et les disparitions forc\u00e9es comme outils de r\u00e9pression\u201d. Dans un contexte de transition prolong\u00e9e et de dissolution des partis politiques, ce nouvel \u00e9pisode soul\u00e8ve de graves inqui\u00e9tudes sur l\u2019avenir des droits civils et politiques au&nbsp;Mali.<\/p>\n\n\n\n<p>Par&nbsp;ABK<\/p>\n","protected":false},"excerpt":{"rendered":"<p>Le 27 octobre 2025, Amnesty International a appel\u00e9 les autorit\u00e9s maliennes \u00e0 lib\u00e9rer imm\u00e9diatement l\u2019ancien Premier ministre Moussa<\/p>\n","protected":false},"author":3,"featured_media":0,"comment_status":"open","ping_status":"open","sticky":false,"template":"","format":"standard","meta":{"footnotes":""},"categories":[36,42],"tags":[],"class_list":["post-550","post","type-post","status-publish","format-standard","hentry","category-exclusif","category-justice"],"yoast_head":"<!-- This site is optimized with the Yoast SEO plugin v26.0 - https:\/\/yoast.com\/wordpress\/plugins\/seo\/ -->\n<title>Affaire Moussa Mara : Amnesty International d\u00e9nonce une \u201cparodie de justice\u201d au Mali - Actualit\u00e9s Africaines<\/title>\n<meta name=\"robots\" content=\"index, follow, max-snippet:-1, max-image-preview:large, max-video-preview:-1\" \/>\n<link rel=\"canonical\" href=\"https:\/\/www.africascoop.net\/index.php\/2025\/10\/28\/affaire-moussa-mara-amnesty-international-denonce-une-parodie-de-justice-au-mali\/\" \/>\n<meta property=\"og:locale\" content=\"fr_FR\" \/>\n<meta property=\"og:type\" content=\"article\" \/>\n<meta property=\"og:title\" content=\"Affaire Moussa Mara : Amnesty International d\u00e9nonce une \u201cparodie de justice\u201d au Mali - Actualit\u00e9s Africaines\" \/>\n<meta property=\"og:description\" content=\"Le 27 octobre 2025, Amnesty International a appel\u00e9 les autorit\u00e9s maliennes \u00e0 lib\u00e9rer imm\u00e9diatement l\u2019ancien Premier ministre Moussa\" \/>\n<meta property=\"og:url\" content=\"https:\/\/www.africascoop.net\/index.php\/2025\/10\/28\/affaire-moussa-mara-amnesty-international-denonce-une-parodie-de-justice-au-mali\/\" \/>\n<meta property=\"og:site_name\" content=\"Actualit\u00e9s Africaines\" \/>\n<meta property=\"article:published_time\" content=\"2025-10-28T16:51:02+00:00\" \/>\n<meta property=\"article:modified_time\" content=\"2025-10-28T16:51:09+00:00\" \/>\n<meta property=\"og:image\" content=\"https:\/\/www.africascoop.net\/wp-content\/uploads\/2025\/10\/affaire-mara-1024x576.jpg\" \/>\n<meta name=\"author\" content=\"Africascoop\" \/>\n<meta name=\"twitter:card\" content=\"summary_large_image\" \/>\n<meta name=\"twitter:label1\" content=\"\u00c9crit par\" \/>\n\t<meta name=\"twitter:data1\" content=\"Africascoop\" \/>\n\t<meta name=\"twitter:label2\" content=\"Dur\u00e9e de lecture estim\u00e9e\" \/>\n\t<meta name=\"twitter:data2\" content=\"2 minutes\" \/>\n<script type=\"application\/ld+json\" class=\"yoast-schema-graph\">{\"@context\":\"https:\/\/schema.org\",\"@graph\":[{\"@type\":\"Article\",\"@id\":\"https:\/\/www.africascoop.net\/index.php\/2025\/10\/28\/affaire-moussa-mara-amnesty-international-denonce-une-parodie-de-justice-au-mali\/#article\",\"isPartOf\":{\"@id\":\"https:\/\/www.africascoop.net\/index.php\/2025\/10\/28\/affaire-moussa-mara-amnesty-international-denonce-une-parodie-de-justice-au-mali\/\"},\"author\":{\"name\":\"Africascoop\",\"@id\":\"https:\/\/www.africascoop.net\/#\/schema\/person\/2cbcc632c110d739d93a6b196c67230a\"},\"headline\":\"Affaire Moussa Mara : Amnesty International d\u00e9nonce une \u201cparodie de justice\u201d au Mali\",\"datePublished\":\"2025-10-28T16:51:02+00:00\",\"dateModified\":\"2025-10-28T16:51:09+00:00\",\"mainEntityOfPage\":{\"@id\":\"https:\/\/www.africascoop.net\/index.php\/2025\/10\/28\/affaire-moussa-mara-amnesty-international-denonce-une-parodie-de-justice-au-mali\/\"},\"wordCount\":234,\"commentCount\":0,\"publisher\":{\"@id\":\"https:\/\/www.africascoop.net\/#organization\"},\"image\":{\"@id\":\"https:\/\/www.africascoop.net\/index.php\/2025\/10\/28\/affaire-moussa-mara-amnesty-international-denonce-une-parodie-de-justice-au-mali\/#primaryimage\"},\"thumbnailUrl\":\"https:\/\/www.africascoop.net\/wp-content\/uploads\/2025\/10\/affaire-mara-1024x576.jpg\",\"articleSection\":[\"Exclusif\",\"Justice\"],\"inLanguage\":\"fr-FR\",\"potentialAction\":[{\"@type\":\"CommentAction\",\"name\":\"Comment\",\"target\":[\"https:\/\/www.africascoop.net\/index.php\/2025\/10\/28\/affaire-moussa-mara-amnesty-international-denonce-une-parodie-de-justice-au-mali\/#respond\"]}]},{\"@type\":\"WebPage\",\"@id\":\"https:\/\/www.africascoop.net\/index.php\/2025\/10\/28\/affaire-moussa-mara-amnesty-international-denonce-une-parodie-de-justice-au-mali\/\",\"url\":\"https:\/\/www.africascoop.net\/index.php\/2025\/10\/28\/affaire-moussa-mara-amnesty-international-denonce-une-parodie-de-justice-au-mali\/\",\"name\":\"Affaire Moussa Mara : Amnesty International d\u00e9nonce une \u201cparodie de justice\u201d au Mali - Actualit\u00e9s Africaines\",\"isPartOf\":{\"@id\":\"https:\/\/www.africascoop.net\/#website\"},\"primaryImageOfPage\":{\"@id\":\"https:\/\/www.africascoop.net\/index.php\/2025\/10\/28\/affaire-moussa-mara-amnesty-international-denonce-une-parodie-de-justice-au-mali\/#primaryimage\"},\"image\":{\"@id\":\"https:\/\/www.africascoop.net\/index.php\/2025\/10\/28\/affaire-moussa-mara-amnesty-international-denonce-une-parodie-de-justice-au-mali\/#primaryimage\"},\"thumbnailUrl\":\"https:\/\/www.africascoop.net\/wp-content\/uploads\/2025\/10\/affaire-mara-1024x576.jpg\",\"datePublished\":\"2025-10-28T16:51:02+00:00\",\"dateModified\":\"2025-10-28T16:51:09+00:00\",\"breadcrumb\":{\"@id\":\"https:\/\/www.africascoop.net\/index.php\/2025\/10\/28\/affaire-moussa-mara-amnesty-international-denonce-une-parodie-de-justice-au-mali\/#breadcrumb\"},\"inLanguage\":\"fr-FR\",\"potentialAction\":[{\"@type\":\"ReadAction\",\"target\":[\"https:\/\/www.africascoop.net\/index.php\/2025\/10\/28\/affaire-moussa-mara-amnesty-international-denonce-une-parodie-de-justice-au-mali\/\"]}]},{\"@type\":\"ImageObject\",\"inLanguage\":\"fr-FR\",\"@id\":\"https:\/\/www.africascoop.net\/index.php\/2025\/10\/28\/affaire-moussa-mara-amnesty-international-denonce-une-parodie-de-justice-au-mali\/#primaryimage\",\"url\":\"https:\/\/www.africascoop.net\/wp-content\/uploads\/2025\/10\/affaire-mara.jpg\",\"contentUrl\":\"https:\/\/www.africascoop.net\/wp-content\/uploads\/2025\/10\/affaire-mara.jpg\",\"width\":1366,\"height\":768},{\"@type\":\"BreadcrumbList\",\"@id\":\"https:\/\/www.africascoop.net\/index.php\/2025\/10\/28\/affaire-moussa-mara-amnesty-international-denonce-une-parodie-de-justice-au-mali\/#breadcrumb\",\"itemListElement\":[{\"@type\":\"ListItem\",\"position\":1,\"name\":\"Accueil\",\"item\":\"https:\/\/www.africascoop.net\/\"},{\"@type\":\"ListItem\",\"position\":2,\"name\":\"Affaire Moussa Mara : Amnesty International d\u00e9nonce une \u201cparodie de justice\u201d au Mali\"}]},{\"@type\":\"WebSite\",\"@id\":\"https:\/\/www.africascoop.net\/#website\",\"url\":\"https:\/\/www.africascoop.net\/\",\"name\":\"Actualit\u00e9s Africaines\",\"description\":\"\",\"publisher\":{\"@id\":\"https:\/\/www.africascoop.net\/#organization\"},\"potentialAction\":[{\"@type\":\"SearchAction\",\"target\":{\"@type\":\"EntryPoint\",\"urlTemplate\":\"https:\/\/www.africascoop.net\/?s={search_term_string}\"},\"query-input\":{\"@type\":\"PropertyValueSpecification\",\"valueRequired\":true,\"valueName\":\"search_term_string\"}}],\"inLanguage\":\"fr-FR\"},{\"@type\":\"Organization\",\"@id\":\"https:\/\/www.africascoop.net\/#organization\",\"name\":\"Actualit\u00e9s Africaines\",\"url\":\"https:\/\/www.africascoop.net\/\",\"logo\":{\"@type\":\"ImageObject\",\"inLanguage\":\"fr-FR\",\"@id\":\"https:\/\/www.africascoop.net\/#\/schema\/logo\/image\/\",\"url\":\"https:\/\/www.africascoop.net\/wp-content\/uploads\/2025\/09\/cropped-logo-2.jpg\",\"contentUrl\":\"https:\/\/www.africascoop.net\/wp-content\/uploads\/2025\/09\/cropped-logo-2.jpg\",\"width\":945,\"height\":591,\"caption\":\"Actualit\u00e9s Africaines\"},\"image\":{\"@id\":\"https:\/\/www.africascoop.net\/#\/schema\/logo\/image\/\"}},{\"@type\":\"Person\",\"@id\":\"https:\/\/www.africascoop.net\/#\/schema\/person\/2cbcc632c110d739d93a6b196c67230a\",\"name\":\"Africascoop\",\"image\":{\"@type\":\"ImageObject\",\"inLanguage\":\"fr-FR\",\"@id\":\"https:\/\/www.africascoop.net\/#\/schema\/person\/image\/\",\"url\":\"https:\/\/secure.gravatar.com\/avatar\/230d851f5173f64fe9487b948bd2daf02707ef49aea942bc1bdad649c82025b9?s=96&d=mm&r=g\",\"contentUrl\":\"https:\/\/secure.gravatar.com\/avatar\/230d851f5173f64fe9487b948bd2daf02707ef49aea942bc1bdad649c82025b9?s=96&d=mm&r=g\",\"caption\":\"Africascoop\"},\"url\":\"https:\/\/www.africascoop.net\/index.php\/author\/jul\/\"}]}<\/script>\n<!-- \/ Yoast SEO plugin. -->","yoast_head_json":{"title":"Affaire Moussa Mara : Amnesty International d\u00e9nonce une \u201cparodie de justice\u201d au Mali - Actualit\u00e9s Africaines","robots":{"index":"index","follow":"follow","max-snippet":"max-snippet:-1","max-image-preview":"max-image-preview:large","max-video-preview":"max-video-preview:-1"},"canonical":"https:\/\/www.africascoop.net\/index.php\/2025\/10\/28\/affaire-moussa-mara-amnesty-international-denonce-une-parodie-de-justice-au-mali\/","og_locale":"fr_FR","og_type":"article","og_title":"Affaire Moussa Mara : Amnesty International d\u00e9nonce une \u201cparodie de justice\u201d au Mali - Actualit\u00e9s Africaines","og_description":"Le 27 octobre 2025, Amnesty International a appel\u00e9 les autorit\u00e9s maliennes \u00e0 lib\u00e9rer imm\u00e9diatement l\u2019ancien Premier ministre Moussa","og_url":"https:\/\/www.africascoop.net\/index.php\/2025\/10\/28\/affaire-moussa-mara-amnesty-international-denonce-une-parodie-de-justice-au-mali\/","og_site_name":"Actualit\u00e9s Africaines","article_published_time":"2025-10-28T16:51:02+00:00","article_modified_time":"2025-10-28T16:51:09+00:00","og_image":[{"url":"https:\/\/www.africascoop.net\/wp-content\/uploads\/2025\/10\/affaire-mara-1024x576.jpg","type":"","width":"","height":""}],"author":"Africascoop","twitter_card":"summary_large_image","twitter_misc":{"\u00c9crit par":"Africascoop","Dur\u00e9e de lecture estim\u00e9e":"2 minutes"},"schema":{"@context":"https:\/\/schema.org","@graph":[{"@type":"Article","@id":"https:\/\/www.africascoop.net\/index.php\/2025\/10\/28\/affaire-moussa-mara-amnesty-international-denonce-une-parodie-de-justice-au-mali\/#article","isPartOf":{"@id":"https:\/\/www.africascoop.net\/index.php\/2025\/10\/28\/affaire-moussa-mara-amnesty-international-denonce-une-parodie-de-justice-au-mali\/"},"author":{"name":"Africascoop","@id":"https:\/\/www.africascoop.net\/#\/schema\/person\/2cbcc632c110d739d93a6b196c67230a"},"headline":"Affaire Moussa Mara : Amnesty International d\u00e9nonce une \u201cparodie de justice\u201d au Mali","datePublished":"2025-10-28T16:51:02+00:00","dateModified":"2025-10-28T16:51:09+00:00","mainEntityOfPage":{"@id":"https:\/\/www.africascoop.net\/index.php\/2025\/10\/28\/affaire-moussa-mara-amnesty-international-denonce-une-parodie-de-justice-au-mali\/"},"wordCount":234,"commentCount":0,"publisher":{"@id":"https:\/\/www.africascoop.net\/#organization"},"image":{"@id":"https:\/\/www.africascoop.net\/index.php\/2025\/10\/28\/affaire-moussa-mara-amnesty-international-denonce-une-parodie-de-justice-au-mali\/#primaryimage"},"thumbnailUrl":"https:\/\/www.africascoop.net\/wp-content\/uploads\/2025\/10\/affaire-mara-1024x576.jpg","articleSection":["Exclusif","Justice"],"inLanguage":"fr-FR","potentialAction":[{"@type":"CommentAction","name":"Comment","target":["https:\/\/www.africascoop.net\/index.php\/2025\/10\/28\/affaire-moussa-mara-amnesty-international-denonce-une-parodie-de-justice-au-mali\/#respond"]}]},{"@type":"WebPage","@id":"https:\/\/www.africascoop.net\/index.php\/2025\/10\/28\/affaire-moussa-mara-amnesty-international-denonce-une-parodie-de-justice-au-mali\/","url":"https:\/\/www.africascoop.net\/index.php\/2025\/10\/28\/affaire-moussa-mara-amnesty-international-denonce-une-parodie-de-justice-au-mali\/","name":"Affaire Moussa Mara : Amnesty International d\u00e9nonce une \u201cparodie de justice\u201d au Mali - Actualit\u00e9s Africaines","isPartOf":{"@id":"https:\/\/www.africascoop.net\/#website"},"primaryImageOfPage":{"@id":"https:\/\/www.africascoop.net\/index.php\/2025\/10\/28\/affaire-moussa-mara-amnesty-international-denonce-une-parodie-de-justice-au-mali\/#primaryimage"},"image":{"@id":"https:\/\/www.africascoop.net\/index.php\/2025\/10\/28\/affaire-moussa-mara-amnesty-international-denonce-une-parodie-de-justice-au-mali\/#primaryimage"},"thumbnailUrl":"https:\/\/www.africascoop.net\/wp-content\/uploads\/2025\/10\/affaire-mara-1024x576.jpg","datePublished":"2025-10-28T16:51:02+00:00","dateModified":"2025-10-28T16:51:09+00:00","breadcrumb":{"@id":"https:\/\/www.africascoop.net\/index.php\/2025\/10\/28\/affaire-moussa-mara-amnesty-international-denonce-une-parodie-de-justice-au-mali\/#breadcrumb"},"inLanguage":"fr-FR","potentialAction":[{"@type":"ReadAction","target":["https:\/\/www.africascoop.net\/index.php\/2025\/10\/28\/affaire-moussa-mara-amnesty-international-denonce-une-parodie-de-justice-au-mali\/"]}]},{"@type":"ImageObject","inLanguage":"fr-FR","@id":"https:\/\/www.africascoop.net\/index.php\/2025\/10\/28\/affaire-moussa-mara-amnesty-international-denonce-une-parodie-de-justice-au-mali\/#primaryimage","url":"https:\/\/www.africascoop.net\/wp-content\/uploads\/2025\/10\/affaire-mara.jpg","contentUrl":"https:\/\/www.africascoop.net\/wp-content\/uploads\/2025\/10\/affaire-mara.jpg","width":1366,"height":768},{"@type":"BreadcrumbList","@id":"https:\/\/www.africascoop.net\/index.php\/2025\/10\/28\/affaire-moussa-mara-amnesty-international-denonce-une-parodie-de-justice-au-mali\/#breadcrumb","itemListElement":[{"@type":"ListItem","position":1,"name":"Accueil","item":"https:\/\/www.africascoop.net\/"},{"@type":"ListItem","position":2,"name":"Affaire Moussa Mara : Amnesty International d\u00e9nonce une \u201cparodie de justice\u201d au Mali"}]},{"@type":"WebSite","@id":"https:\/\/www.africascoop.net\/#website","url":"https:\/\/www.africascoop.net\/","name":"Actualit\u00e9s Africaines","description":"","publisher":{"@id":"https:\/\/www.africascoop.net\/#organization"},"potentialAction":[{"@type":"SearchAction","target":{"@type":"EntryPoint","urlTemplate":"https:\/\/www.africascoop.net\/?s={search_term_string}"},"query-input":{"@type":"PropertyValueSpecification","valueRequired":true,"valueName":"search_term_string"}}],"inLanguage":"fr-FR"},{"@type":"Organization","@id":"https:\/\/www.africascoop.net\/#organization","name":"Actualit\u00e9s Africaines","url":"https:\/\/www.africascoop.net\/","logo":{"@type":"ImageObject","inLanguage":"fr-FR","@id":"https:\/\/www.africascoop.net\/#\/schema\/logo\/image\/","url":"https:\/\/www.africascoop.net\/wp-content\/uploads\/2025\/09\/cropped-logo-2.jpg","contentUrl":"https:\/\/www.africascoop.net\/wp-content\/uploads\/2025\/09\/cropped-logo-2.jpg","width":945,"height":591,"caption":"Actualit\u00e9s Africaines"},"image":{"@id":"https:\/\/www.africascoop.net\/#\/schema\/logo\/image\/"}},{"@type":"Person","@id":"https:\/\/www.africascoop.net\/#\/schema\/person\/2cbcc632c110d739d93a6b196c67230a","name":"Africascoop","image":{"@type":"ImageObject","inLanguage":"fr-FR","@id":"https:\/\/www.africascoop.net\/#\/schema\/person\/image\/","url":"https:\/\/secure.gravatar.com\/avatar\/230d851f5173f64fe9487b948bd2daf02707ef49aea942bc1bdad649c82025b9?s=96&d=mm&r=g","contentUrl":"https:\/\/secure.gravatar.com\/avatar\/230d851f5173f64fe9487b948bd2daf02707ef49aea942bc1bdad649c82025b9?s=96&d=mm&r=g","caption":"Africascoop"},"url":"https:\/\/www.africascoop.net\/index.php\/author\/jul\/"}]}},"_links":{"self":[{"href":"https:\/\/www.africascoop.net\/index.php\/wp-json\/wp\/v2\/posts\/550","targetHints":{"allow":["GET"]}}],"collection":[{"href":"https:\/\/www.africascoop.net\/index.php\/wp-json\/wp\/v2\/posts"}],"about":[{"href":"https:\/\/www.africascoop.net\/index.php\/wp-json\/wp\/v2\/types\/post"}],"author":[{"embeddable":true,"href":"https:\/\/www.africascoop.net\/index.php\/wp-json\/wp\/v2\/users\/3"}],"replies":[{"embeddable":true,"href":"https:\/\/www.africascoop.net\/index.php\/wp-json\/wp\/v2\/comments?post=550"}],"version-history":[{"count":1,"href":"https:\/\/www.africascoop.net\/index.php\/wp-json\/wp\/v2\/posts\/550\/revisions"}],"predecessor-version":[{"id":552,"href":"https:\/\/www.africascoop.net\/index.php\/wp-json\/wp\/v2\/posts\/550\/revisions\/552"}],"wp:attachment":[{"href":"https:\/\/www.africascoop.net\/index.php\/wp-json\/wp\/v2\/media?parent=550"}],"wp:term":[{"taxonomy":"category","embeddable":true,"href":"https:\/\/www.africascoop.net\/index.php\/wp-json\/wp\/v2\/categories?post=550"},{"taxonomy":"post_tag","embeddable":true,"href":"https:\/\/www.africascoop.net\/index.php\/wp-json\/wp\/v2\/tags?post=550"}],"curies":[{"name":"wp","href":"https:\/\/api.w.org\/{rel}","templated":true}]}}