{"id":560,"date":"2025-10-28T23:08:35","date_gmt":"2025-10-28T23:08:35","guid":{"rendered":"https:\/\/www.africascoop.net\/?p=560"},"modified":"2025-10-28T23:08:39","modified_gmt":"2025-10-28T23:08:39","slug":"salon-international-des-medias-dafrique-bandiougou-dante-recadre-reporters-sans-frontieres","status":"publish","type":"post","link":"https:\/\/www.africascoop.net\/index.php\/2025\/10\/28\/salon-international-des-medias-dafrique-bandiougou-dante-recadre-reporters-sans-frontieres\/","title":{"rendered":"Salon international des m\u00e9dias d\u00b4Afrique : Bandiougou Dant\u00e9 recadre Reporters\u00a0sans\u00a0fronti\u00e8res"},"content":{"rendered":"\n<figure class=\"wp-block-image size-large\"><img loading=\"lazy\" decoding=\"async\" width=\"1024\" height=\"576\" src=\"https:\/\/www.africascoop.net\/wp-content\/uploads\/2025\/10\/Dante-1024x576.jpg\" alt=\"\" class=\"wp-image-561\" srcset=\"https:\/\/www.africascoop.net\/wp-content\/uploads\/2025\/10\/Dante-1024x576.jpg 1024w, https:\/\/www.africascoop.net\/wp-content\/uploads\/2025\/10\/Dante-300x169.jpg 300w, https:\/\/www.africascoop.net\/wp-content\/uploads\/2025\/10\/Dante-768x432.jpg 768w, https:\/\/www.africascoop.net\/wp-content\/uploads\/2025\/10\/Dante.jpg 1366w\" sizes=\"auto, (max-width: 1024px) 100vw, 1024px\" \/><\/figure>\n\n\n\n<p><strong><em>Le Salon international des m\u00e9dias en Afrique, tenu au S\u00e9n\u00e9gal, a r\u00e9uni de nombreux journalistes venus de tout le continent pour \u00e9changer sur les d\u00e9fis du journalisme africain. L\u2019\u00e9v\u00e9nement a \u00e9t\u00e9 marqu\u00e9 par un \u00e9change vif entre le pr\u00e9sident de la Maison de la Presse du Mali, Bandiougou Dant\u00e9, et le repr\u00e9sentant de Reporters sans fronti\u00e8res (RSF).<\/em><\/strong><\/p>\n\n\n\n<p>Ce dernier a vivement critiqu\u00e9 la d\u00e9cision des autorit\u00e9s de l\u2019Alliance des \u00c9tats du Sahel (AES) de suspendre certains m\u00e9dias internationaux, allant jusqu\u2019\u00e0 qualifier certains journalistes maliens de \u00ab journalistes r\u00e9publicains \u00bb, les accusant de soutenir la transition.<\/p>\n\n\n\n<p>En r\u00e9ponse, Bandiougou Dant\u00e9 a recadr\u00e9 RSF, lui rappelant son devoir de neutralit\u00e9 et d\u2019impartialit\u00e9 dans l\u2019ex\u00e9cution de ses missions. Il a regrett\u00e9 l\u2019absence, \u00e0 ce salon, de certains journalistes internationaux qui, selon lui, \u00ab traitent l\u2019information d\u2019un pays tout en restant \u00e0 l\u2019ext\u00e9rieur \u00bb, sans connaissance r\u00e9elle du terrain.<\/p>\n\n\n\n<p>Le pr\u00e9sident de la Maison de la Presse du Mali a \u00e9galement d\u00e9nonc\u00e9 une manipulation m\u00e9diatique orchestr\u00e9e par certains grands m\u00e9dias internationaux, qui, selon lui, \u00ab ne montrent du Mali que ce qui est n\u00e9gatif \u00bb.<\/p>\n\n\n\n<p>Bandiougou Dant\u00e9 a enfin lanc\u00e9 un appel \u00e0 la solidarit\u00e9 africaine, invitant les journalistes du continent \u00e0 soutenir le Mali et les pays de l\u2019AES dans la d\u00e9fense de leur souverainet\u00e9 m\u00e9diatique face aux pressions ext\u00e9rieures.<\/p>\n\n\n\n<p><strong>Djibrilla Tour\u00e9<\/strong><\/p>\n","protected":false},"excerpt":{"rendered":"<p>Le Salon international des m\u00e9dias en Afrique, tenu au S\u00e9n\u00e9gal, a r\u00e9uni de nombreux journalistes venus de tout<\/p>\n","protected":false},"author":3,"featured_media":0,"comment_status":"open","ping_status":"open","sticky":false,"template":"","format":"standard","meta":{"footnotes":""},"categories":[4,36],"tags":[],"class_list":["post-560","post","type-post","status-publish","format-standard","hentry","category-a-la-une","category-exclusif"],"yoast_head":"<!-- This site is optimized with the Yoast SEO plugin v26.0 - https:\/\/yoast.com\/wordpress\/plugins\/seo\/ -->\n<title>Salon international des m\u00e9dias d\u00b4Afrique : Bandiougou Dant\u00e9 recadre Reporters\u00a0sans\u00a0fronti\u00e8res - Actualit\u00e9s Africaines<\/title>\n<meta name=\"robots\" content=\"index, follow, max-snippet:-1, max-image-preview:large, max-video-preview:-1\" \/>\n<link rel=\"canonical\" href=\"https:\/\/www.africascoop.net\/index.php\/2025\/10\/28\/salon-international-des-medias-dafrique-bandiougou-dante-recadre-reporters-sans-frontieres\/\" \/>\n<meta property=\"og:locale\" content=\"fr_FR\" \/>\n<meta property=\"og:type\" content=\"article\" \/>\n<meta property=\"og:title\" content=\"Salon international des m\u00e9dias d\u00b4Afrique : Bandiougou Dant\u00e9 recadre Reporters\u00a0sans\u00a0fronti\u00e8res - Actualit\u00e9s Africaines\" \/>\n<meta property=\"og:description\" content=\"Le Salon international des m\u00e9dias en Afrique, tenu au S\u00e9n\u00e9gal, a r\u00e9uni de nombreux journalistes venus de tout\" \/>\n<meta property=\"og:url\" content=\"https:\/\/www.africascoop.net\/index.php\/2025\/10\/28\/salon-international-des-medias-dafrique-bandiougou-dante-recadre-reporters-sans-frontieres\/\" \/>\n<meta property=\"og:site_name\" content=\"Actualit\u00e9s Africaines\" \/>\n<meta property=\"article:published_time\" content=\"2025-10-28T23:08:35+00:00\" \/>\n<meta property=\"article:modified_time\" content=\"2025-10-28T23:08:39+00:00\" \/>\n<meta property=\"og:image\" content=\"https:\/\/www.africascoop.net\/wp-content\/uploads\/2025\/10\/Dante-1024x576.jpg\" \/>\n<meta name=\"author\" content=\"Africascoop\" \/>\n<meta name=\"twitter:card\" content=\"summary_large_image\" \/>\n<meta name=\"twitter:label1\" content=\"\u00c9crit par\" \/>\n\t<meta name=\"twitter:data1\" content=\"Africascoop\" \/>\n\t<meta name=\"twitter:label2\" content=\"Dur\u00e9e de lecture estim\u00e9e\" \/>\n\t<meta name=\"twitter:data2\" content=\"2 minutes\" \/>\n<script type=\"application\/ld+json\" class=\"yoast-schema-graph\">{\"@context\":\"https:\/\/schema.org\",\"@graph\":[{\"@type\":\"Article\",\"@id\":\"https:\/\/www.africascoop.net\/index.php\/2025\/10\/28\/salon-international-des-medias-dafrique-bandiougou-dante-recadre-reporters-sans-frontieres\/#article\",\"isPartOf\":{\"@id\":\"https:\/\/www.africascoop.net\/index.php\/2025\/10\/28\/salon-international-des-medias-dafrique-bandiougou-dante-recadre-reporters-sans-frontieres\/\"},\"author\":{\"name\":\"Africascoop\",\"@id\":\"https:\/\/www.africascoop.net\/#\/schema\/person\/2cbcc632c110d739d93a6b196c67230a\"},\"headline\":\"Salon international des m\u00e9dias d\u00b4Afrique : Bandiougou Dant\u00e9 recadre Reporters\u00a0sans\u00a0fronti\u00e8res\",\"datePublished\":\"2025-10-28T23:08:35+00:00\",\"dateModified\":\"2025-10-28T23:08:39+00:00\",\"mainEntityOfPage\":{\"@id\":\"https:\/\/www.africascoop.net\/index.php\/2025\/10\/28\/salon-international-des-medias-dafrique-bandiougou-dante-recadre-reporters-sans-frontieres\/\"},\"wordCount\":258,\"commentCount\":0,\"publisher\":{\"@id\":\"https:\/\/www.africascoop.net\/#organization\"},\"image\":{\"@id\":\"https:\/\/www.africascoop.net\/index.php\/2025\/10\/28\/salon-international-des-medias-dafrique-bandiougou-dante-recadre-reporters-sans-frontieres\/#primaryimage\"},\"thumbnailUrl\":\"https:\/\/www.africascoop.net\/wp-content\/uploads\/2025\/10\/Dante-1024x576.jpg\",\"articleSection\":[\"A la Une\",\"Exclusif\"],\"inLanguage\":\"fr-FR\",\"potentialAction\":[{\"@type\":\"CommentAction\",\"name\":\"Comment\",\"target\":[\"https:\/\/www.africascoop.net\/index.php\/2025\/10\/28\/salon-international-des-medias-dafrique-bandiougou-dante-recadre-reporters-sans-frontieres\/#respond\"]}]},{\"@type\":\"WebPage\",\"@id\":\"https:\/\/www.africascoop.net\/index.php\/2025\/10\/28\/salon-international-des-medias-dafrique-bandiougou-dante-recadre-reporters-sans-frontieres\/\",\"url\":\"https:\/\/www.africascoop.net\/index.php\/2025\/10\/28\/salon-international-des-medias-dafrique-bandiougou-dante-recadre-reporters-sans-frontieres\/\",\"name\":\"Salon international des m\u00e9dias d\u00b4Afrique : Bandiougou Dant\u00e9 recadre Reporters\u00a0sans\u00a0fronti\u00e8res - Actualit\u00e9s Africaines\",\"isPartOf\":{\"@id\":\"https:\/\/www.africascoop.net\/#website\"},\"primaryImageOfPage\":{\"@id\":\"https:\/\/www.africascoop.net\/index.php\/2025\/10\/28\/salon-international-des-medias-dafrique-bandiougou-dante-recadre-reporters-sans-frontieres\/#primaryimage\"},\"image\":{\"@id\":\"https:\/\/www.africascoop.net\/index.php\/2025\/10\/28\/salon-international-des-medias-dafrique-bandiougou-dante-recadre-reporters-sans-frontieres\/#primaryimage\"},\"thumbnailUrl\":\"https:\/\/www.africascoop.net\/wp-content\/uploads\/2025\/10\/Dante-1024x576.jpg\",\"datePublished\":\"2025-10-28T23:08:35+00:00\",\"dateModified\":\"2025-10-28T23:08:39+00:00\",\"breadcrumb\":{\"@id\":\"https:\/\/www.africascoop.net\/index.php\/2025\/10\/28\/salon-international-des-medias-dafrique-bandiougou-dante-recadre-reporters-sans-frontieres\/#breadcrumb\"},\"inLanguage\":\"fr-FR\",\"potentialAction\":[{\"@type\":\"ReadAction\",\"target\":[\"https:\/\/www.africascoop.net\/index.php\/2025\/10\/28\/salon-international-des-medias-dafrique-bandiougou-dante-recadre-reporters-sans-frontieres\/\"]}]},{\"@type\":\"ImageObject\",\"inLanguage\":\"fr-FR\",\"@id\":\"https:\/\/www.africascoop.net\/index.php\/2025\/10\/28\/salon-international-des-medias-dafrique-bandiougou-dante-recadre-reporters-sans-frontieres\/#primaryimage\",\"url\":\"https:\/\/www.africascoop.net\/wp-content\/uploads\/2025\/10\/Dante.jpg\",\"contentUrl\":\"https:\/\/www.africascoop.net\/wp-content\/uploads\/2025\/10\/Dante.jpg\",\"width\":1366,\"height\":768},{\"@type\":\"BreadcrumbList\",\"@id\":\"https:\/\/www.africascoop.net\/index.php\/2025\/10\/28\/salon-international-des-medias-dafrique-bandiougou-dante-recadre-reporters-sans-frontieres\/#breadcrumb\",\"itemListElement\":[{\"@type\":\"ListItem\",\"position\":1,\"name\":\"Accueil\",\"item\":\"https:\/\/www.africascoop.net\/\"},{\"@type\":\"ListItem\",\"position\":2,\"name\":\"Salon international des m\u00e9dias d\u00b4Afrique : Bandiougou Dant\u00e9 recadre Reporters\u00a0sans\u00a0fronti\u00e8res\"}]},{\"@type\":\"WebSite\",\"@id\":\"https:\/\/www.africascoop.net\/#website\",\"url\":\"https:\/\/www.africascoop.net\/\",\"name\":\"Actualit\u00e9s Africaines\",\"description\":\"\",\"publisher\":{\"@id\":\"https:\/\/www.africascoop.net\/#organization\"},\"potentialAction\":[{\"@type\":\"SearchAction\",\"target\":{\"@type\":\"EntryPoint\",\"urlTemplate\":\"https:\/\/www.africascoop.net\/?s={search_term_string}\"},\"query-input\":{\"@type\":\"PropertyValueSpecification\",\"valueRequired\":true,\"valueName\":\"search_term_string\"}}],\"inLanguage\":\"fr-FR\"},{\"@type\":\"Organization\",\"@id\":\"https:\/\/www.africascoop.net\/#organization\",\"name\":\"Actualit\u00e9s Africaines\",\"url\":\"https:\/\/www.africascoop.net\/\",\"logo\":{\"@type\":\"ImageObject\",\"inLanguage\":\"fr-FR\",\"@id\":\"https:\/\/www.africascoop.net\/#\/schema\/logo\/image\/\",\"url\":\"https:\/\/www.africascoop.net\/wp-content\/uploads\/2025\/09\/cropped-logo-2.jpg\",\"contentUrl\":\"https:\/\/www.africascoop.net\/wp-content\/uploads\/2025\/09\/cropped-logo-2.jpg\",\"width\":945,\"height\":591,\"caption\":\"Actualit\u00e9s Africaines\"},\"image\":{\"@id\":\"https:\/\/www.africascoop.net\/#\/schema\/logo\/image\/\"}},{\"@type\":\"Person\",\"@id\":\"https:\/\/www.africascoop.net\/#\/schema\/person\/2cbcc632c110d739d93a6b196c67230a\",\"name\":\"Africascoop\",\"image\":{\"@type\":\"ImageObject\",\"inLanguage\":\"fr-FR\",\"@id\":\"https:\/\/www.africascoop.net\/#\/schema\/person\/image\/\",\"url\":\"https:\/\/secure.gravatar.com\/avatar\/230d851f5173f64fe9487b948bd2daf02707ef49aea942bc1bdad649c82025b9?s=96&d=mm&r=g\",\"contentUrl\":\"https:\/\/secure.gravatar.com\/avatar\/230d851f5173f64fe9487b948bd2daf02707ef49aea942bc1bdad649c82025b9?s=96&d=mm&r=g\",\"caption\":\"Africascoop\"},\"url\":\"https:\/\/www.africascoop.net\/index.php\/author\/jul\/\"}]}<\/script>\n<!-- \/ Yoast SEO plugin. -->","yoast_head_json":{"title":"Salon international des m\u00e9dias d\u00b4Afrique : Bandiougou Dant\u00e9 recadre Reporters\u00a0sans\u00a0fronti\u00e8res - Actualit\u00e9s Africaines","robots":{"index":"index","follow":"follow","max-snippet":"max-snippet:-1","max-image-preview":"max-image-preview:large","max-video-preview":"max-video-preview:-1"},"canonical":"https:\/\/www.africascoop.net\/index.php\/2025\/10\/28\/salon-international-des-medias-dafrique-bandiougou-dante-recadre-reporters-sans-frontieres\/","og_locale":"fr_FR","og_type":"article","og_title":"Salon international des m\u00e9dias d\u00b4Afrique : Bandiougou Dant\u00e9 recadre Reporters\u00a0sans\u00a0fronti\u00e8res - Actualit\u00e9s Africaines","og_description":"Le Salon international des m\u00e9dias en Afrique, tenu au S\u00e9n\u00e9gal, a r\u00e9uni de nombreux journalistes venus de tout","og_url":"https:\/\/www.africascoop.net\/index.php\/2025\/10\/28\/salon-international-des-medias-dafrique-bandiougou-dante-recadre-reporters-sans-frontieres\/","og_site_name":"Actualit\u00e9s Africaines","article_published_time":"2025-10-28T23:08:35+00:00","article_modified_time":"2025-10-28T23:08:39+00:00","og_image":[{"url":"https:\/\/www.africascoop.net\/wp-content\/uploads\/2025\/10\/Dante-1024x576.jpg","type":"","width":"","height":""}],"author":"Africascoop","twitter_card":"summary_large_image","twitter_misc":{"\u00c9crit par":"Africascoop","Dur\u00e9e de lecture estim\u00e9e":"2 minutes"},"schema":{"@context":"https:\/\/schema.org","@graph":[{"@type":"Article","@id":"https:\/\/www.africascoop.net\/index.php\/2025\/10\/28\/salon-international-des-medias-dafrique-bandiougou-dante-recadre-reporters-sans-frontieres\/#article","isPartOf":{"@id":"https:\/\/www.africascoop.net\/index.php\/2025\/10\/28\/salon-international-des-medias-dafrique-bandiougou-dante-recadre-reporters-sans-frontieres\/"},"author":{"name":"Africascoop","@id":"https:\/\/www.africascoop.net\/#\/schema\/person\/2cbcc632c110d739d93a6b196c67230a"},"headline":"Salon international des m\u00e9dias d\u00b4Afrique : Bandiougou Dant\u00e9 recadre Reporters\u00a0sans\u00a0fronti\u00e8res","datePublished":"2025-10-28T23:08:35+00:00","dateModified":"2025-10-28T23:08:39+00:00","mainEntityOfPage":{"@id":"https:\/\/www.africascoop.net\/index.php\/2025\/10\/28\/salon-international-des-medias-dafrique-bandiougou-dante-recadre-reporters-sans-frontieres\/"},"wordCount":258,"commentCount":0,"publisher":{"@id":"https:\/\/www.africascoop.net\/#organization"},"image":{"@id":"https:\/\/www.africascoop.net\/index.php\/2025\/10\/28\/salon-international-des-medias-dafrique-bandiougou-dante-recadre-reporters-sans-frontieres\/#primaryimage"},"thumbnailUrl":"https:\/\/www.africascoop.net\/wp-content\/uploads\/2025\/10\/Dante-1024x576.jpg","articleSection":["A la Une","Exclusif"],"inLanguage":"fr-FR","potentialAction":[{"@type":"CommentAction","name":"Comment","target":["https:\/\/www.africascoop.net\/index.php\/2025\/10\/28\/salon-international-des-medias-dafrique-bandiougou-dante-recadre-reporters-sans-frontieres\/#respond"]}]},{"@type":"WebPage","@id":"https:\/\/www.africascoop.net\/index.php\/2025\/10\/28\/salon-international-des-medias-dafrique-bandiougou-dante-recadre-reporters-sans-frontieres\/","url":"https:\/\/www.africascoop.net\/index.php\/2025\/10\/28\/salon-international-des-medias-dafrique-bandiougou-dante-recadre-reporters-sans-frontieres\/","name":"Salon international des m\u00e9dias d\u00b4Afrique : Bandiougou Dant\u00e9 recadre Reporters\u00a0sans\u00a0fronti\u00e8res - Actualit\u00e9s Africaines","isPartOf":{"@id":"https:\/\/www.africascoop.net\/#website"},"primaryImageOfPage":{"@id":"https:\/\/www.africascoop.net\/index.php\/2025\/10\/28\/salon-international-des-medias-dafrique-bandiougou-dante-recadre-reporters-sans-frontieres\/#primaryimage"},"image":{"@id":"https:\/\/www.africascoop.net\/index.php\/2025\/10\/28\/salon-international-des-medias-dafrique-bandiougou-dante-recadre-reporters-sans-frontieres\/#primaryimage"},"thumbnailUrl":"https:\/\/www.africascoop.net\/wp-content\/uploads\/2025\/10\/Dante-1024x576.jpg","datePublished":"2025-10-28T23:08:35+00:00","dateModified":"2025-10-28T23:08:39+00:00","breadcrumb":{"@id":"https:\/\/www.africascoop.net\/index.php\/2025\/10\/28\/salon-international-des-medias-dafrique-bandiougou-dante-recadre-reporters-sans-frontieres\/#breadcrumb"},"inLanguage":"fr-FR","potentialAction":[{"@type":"ReadAction","target":["https:\/\/www.africascoop.net\/index.php\/2025\/10\/28\/salon-international-des-medias-dafrique-bandiougou-dante-recadre-reporters-sans-frontieres\/"]}]},{"@type":"ImageObject","inLanguage":"fr-FR","@id":"https:\/\/www.africascoop.net\/index.php\/2025\/10\/28\/salon-international-des-medias-dafrique-bandiougou-dante-recadre-reporters-sans-frontieres\/#primaryimage","url":"https:\/\/www.africascoop.net\/wp-content\/uploads\/2025\/10\/Dante.jpg","contentUrl":"https:\/\/www.africascoop.net\/wp-content\/uploads\/2025\/10\/Dante.jpg","width":1366,"height":768},{"@type":"BreadcrumbList","@id":"https:\/\/www.africascoop.net\/index.php\/2025\/10\/28\/salon-international-des-medias-dafrique-bandiougou-dante-recadre-reporters-sans-frontieres\/#breadcrumb","itemListElement":[{"@type":"ListItem","position":1,"name":"Accueil","item":"https:\/\/www.africascoop.net\/"},{"@type":"ListItem","position":2,"name":"Salon international des m\u00e9dias d\u00b4Afrique : Bandiougou Dant\u00e9 recadre Reporters\u00a0sans\u00a0fronti\u00e8res"}]},{"@type":"WebSite","@id":"https:\/\/www.africascoop.net\/#website","url":"https:\/\/www.africascoop.net\/","name":"Actualit\u00e9s Africaines","description":"","publisher":{"@id":"https:\/\/www.africascoop.net\/#organization"},"potentialAction":[{"@type":"SearchAction","target":{"@type":"EntryPoint","urlTemplate":"https:\/\/www.africascoop.net\/?s={search_term_string}"},"query-input":{"@type":"PropertyValueSpecification","valueRequired":true,"valueName":"search_term_string"}}],"inLanguage":"fr-FR"},{"@type":"Organization","@id":"https:\/\/www.africascoop.net\/#organization","name":"Actualit\u00e9s Africaines","url":"https:\/\/www.africascoop.net\/","logo":{"@type":"ImageObject","inLanguage":"fr-FR","@id":"https:\/\/www.africascoop.net\/#\/schema\/logo\/image\/","url":"https:\/\/www.africascoop.net\/wp-content\/uploads\/2025\/09\/cropped-logo-2.jpg","contentUrl":"https:\/\/www.africascoop.net\/wp-content\/uploads\/2025\/09\/cropped-logo-2.jpg","width":945,"height":591,"caption":"Actualit\u00e9s Africaines"},"image":{"@id":"https:\/\/www.africascoop.net\/#\/schema\/logo\/image\/"}},{"@type":"Person","@id":"https:\/\/www.africascoop.net\/#\/schema\/person\/2cbcc632c110d739d93a6b196c67230a","name":"Africascoop","image":{"@type":"ImageObject","inLanguage":"fr-FR","@id":"https:\/\/www.africascoop.net\/#\/schema\/person\/image\/","url":"https:\/\/secure.gravatar.com\/avatar\/230d851f5173f64fe9487b948bd2daf02707ef49aea942bc1bdad649c82025b9?s=96&d=mm&r=g","contentUrl":"https:\/\/secure.gravatar.com\/avatar\/230d851f5173f64fe9487b948bd2daf02707ef49aea942bc1bdad649c82025b9?s=96&d=mm&r=g","caption":"Africascoop"},"url":"https:\/\/www.africascoop.net\/index.php\/author\/jul\/"}]}},"_links":{"self":[{"href":"https:\/\/www.africascoop.net\/index.php\/wp-json\/wp\/v2\/posts\/560","targetHints":{"allow":["GET"]}}],"collection":[{"href":"https:\/\/www.africascoop.net\/index.php\/wp-json\/wp\/v2\/posts"}],"about":[{"href":"https:\/\/www.africascoop.net\/index.php\/wp-json\/wp\/v2\/types\/post"}],"author":[{"embeddable":true,"href":"https:\/\/www.africascoop.net\/index.php\/wp-json\/wp\/v2\/users\/3"}],"replies":[{"embeddable":true,"href":"https:\/\/www.africascoop.net\/index.php\/wp-json\/wp\/v2\/comments?post=560"}],"version-history":[{"count":1,"href":"https:\/\/www.africascoop.net\/index.php\/wp-json\/wp\/v2\/posts\/560\/revisions"}],"predecessor-version":[{"id":562,"href":"https:\/\/www.africascoop.net\/index.php\/wp-json\/wp\/v2\/posts\/560\/revisions\/562"}],"wp:attachment":[{"href":"https:\/\/www.africascoop.net\/index.php\/wp-json\/wp\/v2\/media?parent=560"}],"wp:term":[{"taxonomy":"category","embeddable":true,"href":"https:\/\/www.africascoop.net\/index.php\/wp-json\/wp\/v2\/categories?post=560"},{"taxonomy":"post_tag","embeddable":true,"href":"https:\/\/www.africascoop.net\/index.php\/wp-json\/wp\/v2\/tags?post=560"}],"curies":[{"name":"wp","href":"https:\/\/api.w.org\/{rel}","templated":true}]}}