{"id":563,"date":"2025-10-29T11:38:42","date_gmt":"2025-10-29T11:38:42","guid":{"rendered":"https:\/\/www.africascoop.net\/?p=563"},"modified":"2025-10-29T12:32:31","modified_gmt":"2025-10-29T12:32:31","slug":"fin-de-la-ceni-le-burkina-faso-confie-les-elections-sont-desormais-confiees-a-letat","status":"publish","type":"post","link":"https:\/\/www.africascoop.net\/index.php\/2025\/10\/29\/fin-de-la-ceni-le-burkina-faso-confie-les-elections-sont-desormais-confiees-a-letat\/","title":{"rendered":"Fin de la CENI :  le Burkina Faso confie les \u00e9lections \u00e0 l\u2019\u00c9tat"},"content":{"rendered":"\n<figure class=\"wp-block-image size-large\"><img loading=\"lazy\" decoding=\"async\" width=\"1024\" height=\"576\" src=\"https:\/\/www.africascoop.net\/wp-content\/uploads\/2025\/10\/Sans-titre-2-copiecccc-1024x576.jpg\" alt=\"\" class=\"wp-image-564\" srcset=\"https:\/\/www.africascoop.net\/wp-content\/uploads\/2025\/10\/Sans-titre-2-copiecccc-1024x576.jpg 1024w, https:\/\/www.africascoop.net\/wp-content\/uploads\/2025\/10\/Sans-titre-2-copiecccc-300x169.jpg 300w, https:\/\/www.africascoop.net\/wp-content\/uploads\/2025\/10\/Sans-titre-2-copiecccc-768x432.jpg 768w, https:\/\/www.africascoop.net\/wp-content\/uploads\/2025\/10\/Sans-titre-2-copiecccc.jpg 1366w\" sizes=\"auto, (max-width: 1024px) 100vw, 1024px\" \/><\/figure>\n\n\n\n<p>L\u2019Assembl\u00e9e l\u00e9gislative de la Transition a vot\u00e9 \u00e0 l\u2019unanimit\u00e9 la dissolution de la CENI, marquant un tournant dans la gestion \u00e9lectorale du Burkina Faso. D\u00e9sormais, l\u2019organisation des scrutins revient au minist\u00e8re de l\u2019Administration territoriale. Le gouvernement justifie cette r\u00e9forme par une volont\u00e9 de recentralisation et d\u2019efficacit\u00e9, tandis que des observateurs s\u2019inqui\u00e8tent de l\u2019avenir de la transparence \u00e9lectorale. Cette d\u00e9cision symbolise un changement profond dans la gouvernance politique du pays.<\/p>\n\n\n\n<p>La&nbsp;r\u00e9daction<\/p>\n","protected":false},"excerpt":{"rendered":"<p>L\u2019Assembl\u00e9e l\u00e9gislative de la Transition a vot\u00e9 \u00e0 l\u2019unanimit\u00e9 la dissolution de la CENI, marquant un tournant dans<\/p>\n","protected":false},"author":3,"featured_media":0,"comment_status":"open","ping_status":"open","sticky":false,"template":"","format":"standard","meta":{"footnotes":""},"categories":[36,9],"tags":[],"class_list":["post-563","post","type-post","status-publish","format-standard","hentry","category-exclusif","category-politique"],"yoast_head":"<!-- This site is optimized with the Yoast SEO plugin v26.0 - https:\/\/yoast.com\/wordpress\/plugins\/seo\/ -->\n<title>Fin de la CENI : le Burkina Faso confie les \u00e9lections \u00e0 l\u2019\u00c9tat - Actualit\u00e9s Africaines<\/title>\n<meta name=\"robots\" content=\"index, follow, max-snippet:-1, max-image-preview:large, max-video-preview:-1\" \/>\n<link rel=\"canonical\" href=\"https:\/\/www.africascoop.net\/index.php\/2025\/10\/29\/fin-de-la-ceni-le-burkina-faso-confie-les-elections-sont-desormais-confiees-a-letat\/\" \/>\n<meta property=\"og:locale\" content=\"fr_FR\" \/>\n<meta property=\"og:type\" content=\"article\" \/>\n<meta property=\"og:title\" content=\"Fin de la CENI : le Burkina Faso confie les \u00e9lections \u00e0 l\u2019\u00c9tat - Actualit\u00e9s Africaines\" \/>\n<meta property=\"og:description\" content=\"L\u2019Assembl\u00e9e l\u00e9gislative de la Transition a vot\u00e9 \u00e0 l\u2019unanimit\u00e9 la dissolution de la CENI, marquant un tournant dans\" \/>\n<meta property=\"og:url\" content=\"https:\/\/www.africascoop.net\/index.php\/2025\/10\/29\/fin-de-la-ceni-le-burkina-faso-confie-les-elections-sont-desormais-confiees-a-letat\/\" \/>\n<meta property=\"og:site_name\" content=\"Actualit\u00e9s Africaines\" \/>\n<meta property=\"article:published_time\" content=\"2025-10-29T11:38:42+00:00\" \/>\n<meta property=\"article:modified_time\" content=\"2025-10-29T12:32:31+00:00\" \/>\n<meta property=\"og:image\" content=\"https:\/\/www.africascoop.net\/wp-content\/uploads\/2025\/10\/Sans-titre-2-copiecccc-1024x576.jpg\" \/>\n<meta name=\"author\" content=\"Africascoop\" \/>\n<meta name=\"twitter:card\" content=\"summary_large_image\" \/>\n<meta name=\"twitter:label1\" content=\"\u00c9crit par\" \/>\n\t<meta name=\"twitter:data1\" content=\"Africascoop\" \/>\n\t<meta name=\"twitter:label2\" content=\"Dur\u00e9e de lecture estim\u00e9e\" \/>\n\t<meta name=\"twitter:data2\" content=\"1 minute\" \/>\n<script type=\"application\/ld+json\" class=\"yoast-schema-graph\">{\"@context\":\"https:\/\/schema.org\",\"@graph\":[{\"@type\":\"Article\",\"@id\":\"https:\/\/www.africascoop.net\/index.php\/2025\/10\/29\/fin-de-la-ceni-le-burkina-faso-confie-les-elections-sont-desormais-confiees-a-letat\/#article\",\"isPartOf\":{\"@id\":\"https:\/\/www.africascoop.net\/index.php\/2025\/10\/29\/fin-de-la-ceni-le-burkina-faso-confie-les-elections-sont-desormais-confiees-a-letat\/\"},\"author\":{\"name\":\"Africascoop\",\"@id\":\"https:\/\/www.africascoop.net\/#\/schema\/person\/2cbcc632c110d739d93a6b196c67230a\"},\"headline\":\"Fin de la CENI : le Burkina Faso confie les \u00e9lections \u00e0 l\u2019\u00c9tat\",\"datePublished\":\"2025-10-29T11:38:42+00:00\",\"dateModified\":\"2025-10-29T12:32:31+00:00\",\"mainEntityOfPage\":{\"@id\":\"https:\/\/www.africascoop.net\/index.php\/2025\/10\/29\/fin-de-la-ceni-le-burkina-faso-confie-les-elections-sont-desormais-confiees-a-letat\/\"},\"wordCount\":98,\"commentCount\":0,\"publisher\":{\"@id\":\"https:\/\/www.africascoop.net\/#organization\"},\"image\":{\"@id\":\"https:\/\/www.africascoop.net\/index.php\/2025\/10\/29\/fin-de-la-ceni-le-burkina-faso-confie-les-elections-sont-desormais-confiees-a-letat\/#primaryimage\"},\"thumbnailUrl\":\"https:\/\/www.africascoop.net\/wp-content\/uploads\/2025\/10\/Sans-titre-2-copiecccc-1024x576.jpg\",\"articleSection\":[\"Exclusif\",\"Politique\"],\"inLanguage\":\"fr-FR\",\"potentialAction\":[{\"@type\":\"CommentAction\",\"name\":\"Comment\",\"target\":[\"https:\/\/www.africascoop.net\/index.php\/2025\/10\/29\/fin-de-la-ceni-le-burkina-faso-confie-les-elections-sont-desormais-confiees-a-letat\/#respond\"]}]},{\"@type\":\"WebPage\",\"@id\":\"https:\/\/www.africascoop.net\/index.php\/2025\/10\/29\/fin-de-la-ceni-le-burkina-faso-confie-les-elections-sont-desormais-confiees-a-letat\/\",\"url\":\"https:\/\/www.africascoop.net\/index.php\/2025\/10\/29\/fin-de-la-ceni-le-burkina-faso-confie-les-elections-sont-desormais-confiees-a-letat\/\",\"name\":\"Fin de la CENI : le Burkina Faso confie les \u00e9lections \u00e0 l\u2019\u00c9tat - Actualit\u00e9s Africaines\",\"isPartOf\":{\"@id\":\"https:\/\/www.africascoop.net\/#website\"},\"primaryImageOfPage\":{\"@id\":\"https:\/\/www.africascoop.net\/index.php\/2025\/10\/29\/fin-de-la-ceni-le-burkina-faso-confie-les-elections-sont-desormais-confiees-a-letat\/#primaryimage\"},\"image\":{\"@id\":\"https:\/\/www.africascoop.net\/index.php\/2025\/10\/29\/fin-de-la-ceni-le-burkina-faso-confie-les-elections-sont-desormais-confiees-a-letat\/#primaryimage\"},\"thumbnailUrl\":\"https:\/\/www.africascoop.net\/wp-content\/uploads\/2025\/10\/Sans-titre-2-copiecccc-1024x576.jpg\",\"datePublished\":\"2025-10-29T11:38:42+00:00\",\"dateModified\":\"2025-10-29T12:32:31+00:00\",\"breadcrumb\":{\"@id\":\"https:\/\/www.africascoop.net\/index.php\/2025\/10\/29\/fin-de-la-ceni-le-burkina-faso-confie-les-elections-sont-desormais-confiees-a-letat\/#breadcrumb\"},\"inLanguage\":\"fr-FR\",\"potentialAction\":[{\"@type\":\"ReadAction\",\"target\":[\"https:\/\/www.africascoop.net\/index.php\/2025\/10\/29\/fin-de-la-ceni-le-burkina-faso-confie-les-elections-sont-desormais-confiees-a-letat\/\"]}]},{\"@type\":\"ImageObject\",\"inLanguage\":\"fr-FR\",\"@id\":\"https:\/\/www.africascoop.net\/index.php\/2025\/10\/29\/fin-de-la-ceni-le-burkina-faso-confie-les-elections-sont-desormais-confiees-a-letat\/#primaryimage\",\"url\":\"https:\/\/www.africascoop.net\/wp-content\/uploads\/2025\/10\/Sans-titre-2-copiecccc.jpg\",\"contentUrl\":\"https:\/\/www.africascoop.net\/wp-content\/uploads\/2025\/10\/Sans-titre-2-copiecccc.jpg\",\"width\":1366,\"height\":768},{\"@type\":\"BreadcrumbList\",\"@id\":\"https:\/\/www.africascoop.net\/index.php\/2025\/10\/29\/fin-de-la-ceni-le-burkina-faso-confie-les-elections-sont-desormais-confiees-a-letat\/#breadcrumb\",\"itemListElement\":[{\"@type\":\"ListItem\",\"position\":1,\"name\":\"Accueil\",\"item\":\"https:\/\/www.africascoop.net\/\"},{\"@type\":\"ListItem\",\"position\":2,\"name\":\"Fin de la CENI : le Burkina Faso confie les \u00e9lections \u00e0 l\u2019\u00c9tat\"}]},{\"@type\":\"WebSite\",\"@id\":\"https:\/\/www.africascoop.net\/#website\",\"url\":\"https:\/\/www.africascoop.net\/\",\"name\":\"Actualit\u00e9s Africaines\",\"description\":\"\",\"publisher\":{\"@id\":\"https:\/\/www.africascoop.net\/#organization\"},\"potentialAction\":[{\"@type\":\"SearchAction\",\"target\":{\"@type\":\"EntryPoint\",\"urlTemplate\":\"https:\/\/www.africascoop.net\/?s={search_term_string}\"},\"query-input\":{\"@type\":\"PropertyValueSpecification\",\"valueRequired\":true,\"valueName\":\"search_term_string\"}}],\"inLanguage\":\"fr-FR\"},{\"@type\":\"Organization\",\"@id\":\"https:\/\/www.africascoop.net\/#organization\",\"name\":\"Actualit\u00e9s Africaines\",\"url\":\"https:\/\/www.africascoop.net\/\",\"logo\":{\"@type\":\"ImageObject\",\"inLanguage\":\"fr-FR\",\"@id\":\"https:\/\/www.africascoop.net\/#\/schema\/logo\/image\/\",\"url\":\"https:\/\/www.africascoop.net\/wp-content\/uploads\/2025\/09\/cropped-logo-2.jpg\",\"contentUrl\":\"https:\/\/www.africascoop.net\/wp-content\/uploads\/2025\/09\/cropped-logo-2.jpg\",\"width\":945,\"height\":591,\"caption\":\"Actualit\u00e9s Africaines\"},\"image\":{\"@id\":\"https:\/\/www.africascoop.net\/#\/schema\/logo\/image\/\"}},{\"@type\":\"Person\",\"@id\":\"https:\/\/www.africascoop.net\/#\/schema\/person\/2cbcc632c110d739d93a6b196c67230a\",\"name\":\"Africascoop\",\"image\":{\"@type\":\"ImageObject\",\"inLanguage\":\"fr-FR\",\"@id\":\"https:\/\/www.africascoop.net\/#\/schema\/person\/image\/\",\"url\":\"https:\/\/secure.gravatar.com\/avatar\/230d851f5173f64fe9487b948bd2daf02707ef49aea942bc1bdad649c82025b9?s=96&d=mm&r=g\",\"contentUrl\":\"https:\/\/secure.gravatar.com\/avatar\/230d851f5173f64fe9487b948bd2daf02707ef49aea942bc1bdad649c82025b9?s=96&d=mm&r=g\",\"caption\":\"Africascoop\"},\"url\":\"https:\/\/www.africascoop.net\/index.php\/author\/jul\/\"}]}<\/script>\n<!-- \/ Yoast SEO plugin. -->","yoast_head_json":{"title":"Fin de la CENI : le Burkina Faso confie les \u00e9lections \u00e0 l\u2019\u00c9tat - Actualit\u00e9s Africaines","robots":{"index":"index","follow":"follow","max-snippet":"max-snippet:-1","max-image-preview":"max-image-preview:large","max-video-preview":"max-video-preview:-1"},"canonical":"https:\/\/www.africascoop.net\/index.php\/2025\/10\/29\/fin-de-la-ceni-le-burkina-faso-confie-les-elections-sont-desormais-confiees-a-letat\/","og_locale":"fr_FR","og_type":"article","og_title":"Fin de la CENI : le Burkina Faso confie les \u00e9lections \u00e0 l\u2019\u00c9tat - Actualit\u00e9s Africaines","og_description":"L\u2019Assembl\u00e9e l\u00e9gislative de la Transition a vot\u00e9 \u00e0 l\u2019unanimit\u00e9 la dissolution de la CENI, marquant un tournant dans","og_url":"https:\/\/www.africascoop.net\/index.php\/2025\/10\/29\/fin-de-la-ceni-le-burkina-faso-confie-les-elections-sont-desormais-confiees-a-letat\/","og_site_name":"Actualit\u00e9s Africaines","article_published_time":"2025-10-29T11:38:42+00:00","article_modified_time":"2025-10-29T12:32:31+00:00","og_image":[{"url":"https:\/\/www.africascoop.net\/wp-content\/uploads\/2025\/10\/Sans-titre-2-copiecccc-1024x576.jpg","type":"","width":"","height":""}],"author":"Africascoop","twitter_card":"summary_large_image","twitter_misc":{"\u00c9crit par":"Africascoop","Dur\u00e9e de lecture estim\u00e9e":"1 minute"},"schema":{"@context":"https:\/\/schema.org","@graph":[{"@type":"Article","@id":"https:\/\/www.africascoop.net\/index.php\/2025\/10\/29\/fin-de-la-ceni-le-burkina-faso-confie-les-elections-sont-desormais-confiees-a-letat\/#article","isPartOf":{"@id":"https:\/\/www.africascoop.net\/index.php\/2025\/10\/29\/fin-de-la-ceni-le-burkina-faso-confie-les-elections-sont-desormais-confiees-a-letat\/"},"author":{"name":"Africascoop","@id":"https:\/\/www.africascoop.net\/#\/schema\/person\/2cbcc632c110d739d93a6b196c67230a"},"headline":"Fin de la CENI : le Burkina Faso confie les \u00e9lections \u00e0 l\u2019\u00c9tat","datePublished":"2025-10-29T11:38:42+00:00","dateModified":"2025-10-29T12:32:31+00:00","mainEntityOfPage":{"@id":"https:\/\/www.africascoop.net\/index.php\/2025\/10\/29\/fin-de-la-ceni-le-burkina-faso-confie-les-elections-sont-desormais-confiees-a-letat\/"},"wordCount":98,"commentCount":0,"publisher":{"@id":"https:\/\/www.africascoop.net\/#organization"},"image":{"@id":"https:\/\/www.africascoop.net\/index.php\/2025\/10\/29\/fin-de-la-ceni-le-burkina-faso-confie-les-elections-sont-desormais-confiees-a-letat\/#primaryimage"},"thumbnailUrl":"https:\/\/www.africascoop.net\/wp-content\/uploads\/2025\/10\/Sans-titre-2-copiecccc-1024x576.jpg","articleSection":["Exclusif","Politique"],"inLanguage":"fr-FR","potentialAction":[{"@type":"CommentAction","name":"Comment","target":["https:\/\/www.africascoop.net\/index.php\/2025\/10\/29\/fin-de-la-ceni-le-burkina-faso-confie-les-elections-sont-desormais-confiees-a-letat\/#respond"]}]},{"@type":"WebPage","@id":"https:\/\/www.africascoop.net\/index.php\/2025\/10\/29\/fin-de-la-ceni-le-burkina-faso-confie-les-elections-sont-desormais-confiees-a-letat\/","url":"https:\/\/www.africascoop.net\/index.php\/2025\/10\/29\/fin-de-la-ceni-le-burkina-faso-confie-les-elections-sont-desormais-confiees-a-letat\/","name":"Fin de la CENI : le Burkina Faso confie les \u00e9lections \u00e0 l\u2019\u00c9tat - Actualit\u00e9s Africaines","isPartOf":{"@id":"https:\/\/www.africascoop.net\/#website"},"primaryImageOfPage":{"@id":"https:\/\/www.africascoop.net\/index.php\/2025\/10\/29\/fin-de-la-ceni-le-burkina-faso-confie-les-elections-sont-desormais-confiees-a-letat\/#primaryimage"},"image":{"@id":"https:\/\/www.africascoop.net\/index.php\/2025\/10\/29\/fin-de-la-ceni-le-burkina-faso-confie-les-elections-sont-desormais-confiees-a-letat\/#primaryimage"},"thumbnailUrl":"https:\/\/www.africascoop.net\/wp-content\/uploads\/2025\/10\/Sans-titre-2-copiecccc-1024x576.jpg","datePublished":"2025-10-29T11:38:42+00:00","dateModified":"2025-10-29T12:32:31+00:00","breadcrumb":{"@id":"https:\/\/www.africascoop.net\/index.php\/2025\/10\/29\/fin-de-la-ceni-le-burkina-faso-confie-les-elections-sont-desormais-confiees-a-letat\/#breadcrumb"},"inLanguage":"fr-FR","potentialAction":[{"@type":"ReadAction","target":["https:\/\/www.africascoop.net\/index.php\/2025\/10\/29\/fin-de-la-ceni-le-burkina-faso-confie-les-elections-sont-desormais-confiees-a-letat\/"]}]},{"@type":"ImageObject","inLanguage":"fr-FR","@id":"https:\/\/www.africascoop.net\/index.php\/2025\/10\/29\/fin-de-la-ceni-le-burkina-faso-confie-les-elections-sont-desormais-confiees-a-letat\/#primaryimage","url":"https:\/\/www.africascoop.net\/wp-content\/uploads\/2025\/10\/Sans-titre-2-copiecccc.jpg","contentUrl":"https:\/\/www.africascoop.net\/wp-content\/uploads\/2025\/10\/Sans-titre-2-copiecccc.jpg","width":1366,"height":768},{"@type":"BreadcrumbList","@id":"https:\/\/www.africascoop.net\/index.php\/2025\/10\/29\/fin-de-la-ceni-le-burkina-faso-confie-les-elections-sont-desormais-confiees-a-letat\/#breadcrumb","itemListElement":[{"@type":"ListItem","position":1,"name":"Accueil","item":"https:\/\/www.africascoop.net\/"},{"@type":"ListItem","position":2,"name":"Fin de la CENI : le Burkina Faso confie les \u00e9lections \u00e0 l\u2019\u00c9tat"}]},{"@type":"WebSite","@id":"https:\/\/www.africascoop.net\/#website","url":"https:\/\/www.africascoop.net\/","name":"Actualit\u00e9s Africaines","description":"","publisher":{"@id":"https:\/\/www.africascoop.net\/#organization"},"potentialAction":[{"@type":"SearchAction","target":{"@type":"EntryPoint","urlTemplate":"https:\/\/www.africascoop.net\/?s={search_term_string}"},"query-input":{"@type":"PropertyValueSpecification","valueRequired":true,"valueName":"search_term_string"}}],"inLanguage":"fr-FR"},{"@type":"Organization","@id":"https:\/\/www.africascoop.net\/#organization","name":"Actualit\u00e9s Africaines","url":"https:\/\/www.africascoop.net\/","logo":{"@type":"ImageObject","inLanguage":"fr-FR","@id":"https:\/\/www.africascoop.net\/#\/schema\/logo\/image\/","url":"https:\/\/www.africascoop.net\/wp-content\/uploads\/2025\/09\/cropped-logo-2.jpg","contentUrl":"https:\/\/www.africascoop.net\/wp-content\/uploads\/2025\/09\/cropped-logo-2.jpg","width":945,"height":591,"caption":"Actualit\u00e9s Africaines"},"image":{"@id":"https:\/\/www.africascoop.net\/#\/schema\/logo\/image\/"}},{"@type":"Person","@id":"https:\/\/www.africascoop.net\/#\/schema\/person\/2cbcc632c110d739d93a6b196c67230a","name":"Africascoop","image":{"@type":"ImageObject","inLanguage":"fr-FR","@id":"https:\/\/www.africascoop.net\/#\/schema\/person\/image\/","url":"https:\/\/secure.gravatar.com\/avatar\/230d851f5173f64fe9487b948bd2daf02707ef49aea942bc1bdad649c82025b9?s=96&d=mm&r=g","contentUrl":"https:\/\/secure.gravatar.com\/avatar\/230d851f5173f64fe9487b948bd2daf02707ef49aea942bc1bdad649c82025b9?s=96&d=mm&r=g","caption":"Africascoop"},"url":"https:\/\/www.africascoop.net\/index.php\/author\/jul\/"}]}},"_links":{"self":[{"href":"https:\/\/www.africascoop.net\/index.php\/wp-json\/wp\/v2\/posts\/563","targetHints":{"allow":["GET"]}}],"collection":[{"href":"https:\/\/www.africascoop.net\/index.php\/wp-json\/wp\/v2\/posts"}],"about":[{"href":"https:\/\/www.africascoop.net\/index.php\/wp-json\/wp\/v2\/types\/post"}],"author":[{"embeddable":true,"href":"https:\/\/www.africascoop.net\/index.php\/wp-json\/wp\/v2\/users\/3"}],"replies":[{"embeddable":true,"href":"https:\/\/www.africascoop.net\/index.php\/wp-json\/wp\/v2\/comments?post=563"}],"version-history":[{"count":3,"href":"https:\/\/www.africascoop.net\/index.php\/wp-json\/wp\/v2\/posts\/563\/revisions"}],"predecessor-version":[{"id":578,"href":"https:\/\/www.africascoop.net\/index.php\/wp-json\/wp\/v2\/posts\/563\/revisions\/578"}],"wp:attachment":[{"href":"https:\/\/www.africascoop.net\/index.php\/wp-json\/wp\/v2\/media?parent=563"}],"wp:term":[{"taxonomy":"category","embeddable":true,"href":"https:\/\/www.africascoop.net\/index.php\/wp-json\/wp\/v2\/categories?post=563"},{"taxonomy":"post_tag","embeddable":true,"href":"https:\/\/www.africascoop.net\/index.php\/wp-json\/wp\/v2\/tags?post=563"}],"curies":[{"name":"wp","href":"https:\/\/api.w.org\/{rel}","templated":true}]}}