{"id":593,"date":"2025-10-30T22:59:29","date_gmt":"2025-10-30T22:59:29","guid":{"rendered":"https:\/\/www.africascoop.net\/?p=593"},"modified":"2025-10-30T22:59:38","modified_gmt":"2025-10-30T22:59:38","slug":"mali-une-crise-humanitaire-aggravee-par-linsecurite-et-les-deplacements-massifs","status":"publish","type":"post","link":"https:\/\/www.africascoop.net\/index.php\/2025\/10\/30\/mali-une-crise-humanitaire-aggravee-par-linsecurite-et-les-deplacements-massifs\/","title":{"rendered":"Mali : une crise humanitaire aggrav\u00e9e par l\u2019ins\u00e9curit\u00e9 et les d\u00e9placements massifs"},"content":{"rendered":"\n<figure class=\"wp-block-image size-large\"><img loading=\"lazy\" decoding=\"async\" width=\"1024\" height=\"576\" src=\"https:\/\/www.africascoop.net\/wp-content\/uploads\/2025\/10\/Sans-titre-2-copie-2-1024x576.jpg\" alt=\"\" class=\"wp-image-594\" srcset=\"https:\/\/www.africascoop.net\/wp-content\/uploads\/2025\/10\/Sans-titre-2-copie-2-1024x576.jpg 1024w, https:\/\/www.africascoop.net\/wp-content\/uploads\/2025\/10\/Sans-titre-2-copie-2-300x169.jpg 300w, https:\/\/www.africascoop.net\/wp-content\/uploads\/2025\/10\/Sans-titre-2-copie-2-768x432.jpg 768w, https:\/\/www.africascoop.net\/wp-content\/uploads\/2025\/10\/Sans-titre-2-copie-2.jpg 1366w\" sizes=\"auto, (max-width: 1024px) 100vw, 1024px\" \/><\/figure>\n\n\n\n<p><strong><em>Le Mali traverse l\u2019une des crises humanitaires les plus graves de son histoire r\u00e9cente. L\u2019ins\u00e9curit\u00e9 persistante, aliment\u00e9e par les violences arm\u00e9es et les attaques terroristes, continue de fragiliser un pays d\u00e9j\u00e0 marqu\u00e9 par plus d\u2019une d\u00e9cennie de conflit. Les r\u00e9gions du Nord et du Centre, \u00e9picentres de cette instabilit\u00e9, paient le plus lourd tribut.<\/em><\/strong><\/p>\n\n\n\n<p>Selon un rapport publi\u00e9 en janvier 2025 par le Bureau de la coordination des affaires humanitaires des Nations unies (OCHA Mali), plus de 6,4 millions de Maliens pr\u00e9sentent aujourd\u2019hui des besoins humanitaires multisectoriels : s\u00e9curit\u00e9 alimentaire, sant\u00e9, eau potable, protection des civils et \u00e9ducation.<\/p>\n\n\n\n<p>Chaque mois, des milliers de familles fuient leurs villages, pouss\u00e9es par les violences arm\u00e9es et les repr\u00e9sailles communautaires. Les d\u00e9placements internes s\u2019ajoutent \u00e0 l\u2019arriv\u00e9e de r\u00e9fugi\u00e9s en provenance de pays voisins, eux-m\u00eames confront\u00e9s \u00e0 l\u2019instabilit\u00e9.<\/p>\n\n\n\n<p>Dans plusieurs localit\u00e9s du Nord et du Centre, les march\u00e9s hebdomadaires ne se tiennent plus, les \u00e9coles restent ferm\u00e9es et les centres de sant\u00e9 tournent au ralenti, faute de personnel et de moyens. Les ONG d\u00e9noncent aussi de s\u00e9rieuses entraves \u00e0 l\u2019acc\u00e8s humanitaire, notamment dans les zones enclav\u00e9es contr\u00f4l\u00e9es par des groupes arm\u00e9s.<\/p>\n\n\n\n<p>Les autorit\u00e9s tentent de rassurer<\/p>\n\n\n\n<p>Abdraman Togora, coordinateur national des sites de personnes d\u00e9plac\u00e9es internes au minist\u00e8re de la Sant\u00e9 et du D\u00e9veloppement social, assure que la situation est \u00ab ma\u00eetris\u00e9e \u00bb, gr\u00e2ce \u00e0 des m\u00e9canismes visant \u00e0 r\u00e9duire la d\u00e9pendance \u00e0 l\u2019assistance humanitaire. \u00ab Les priorit\u00e9s consistent \u00e0 fournir une aide d\u2019urgence et \u00e0 trouver des solutions durables, pour que les d\u00e9plac\u00e9s deviennent autonomes et puissent aider d\u2019autres personnes \u00bb, explique-t-il.<\/p>\n\n\n\n<p>Selon ses chiffres, \u00e0 la date du 31 d\u00e9cembre 2024, le Mali comptait 402 167 d\u00e9plac\u00e9s internes, 88 783 rapatri\u00e9s et 863 697 personnes retourn\u00e9es dans leurs localit\u00e9s d\u2019origine. Toutefois, il reconna\u00eet les difficult\u00e9s d\u2019acc\u00e8s \u00e0 certaines zones, notamment M\u00e9naka. \u00ab Nous avons les moyens de soutenir les populations, mais l\u2019acc\u00e8s reste le principal obstacle \u00bb, confie-t-il.<\/p>\n\n\n\n<p>M\u00e9naka, symbole d\u2019une crise aigu\u00eb<\/p>\n\n\n\n<p>\u00c0 M\u00e9naka, les t\u00e9moignages sont alarmants. Almahmoud Sidi Amar, pr\u00e9sident des d\u00e9plac\u00e9s internes du quartier Algafiate, souligne que \u00ab le march\u00e9 n\u2019est pas aliment\u00e9, les prix flambent alors que les revenus sont faibles. Il faut assurer la s\u00e9curit\u00e9 alimentaire, trouver des abris et cr\u00e9er des couloirs humanitaires pour faciliter l\u2019acheminement des vivres \u00bb.<\/p>\n\n\n\n<p>De son c\u00f4t\u00e9, Almahadi Intabakat, secr\u00e9taire g\u00e9n\u00e9ral de la mairie de M\u00e9naka, tire la sonnette d\u2019alarme : \u00ab La situation est extr\u00eamement difficile. L\u2019ensemble des cercles s\u2019est d\u00e9plac\u00e9 vers le chef-lieu r\u00e9gional. Ces milliers de d\u00e9plac\u00e9s vivent dans des conditions pr\u00e9caires, sans nourriture suffisante, sans eau potable ni soins de sant\u00e9. \u00bb Selon lui, la derni\u00e8re assistance significative dans la r\u00e9gion remonte au d\u00e9but du mois d\u2019ao\u00fbt, \u00e0 travers le Programme alimentaire mondial (PAM).<\/p>\n\n\n\n<p>Des efforts limit\u00e9s par le manque de financement<\/p>\n\n\n\n<p>Malgr\u00e9 l\u2019engagement des autorit\u00e9s et des partenaires humanitaires, les moyens restent insuffisants. Selon les rapports de l\u2019OCHA, qui n\u2019a pas r\u00e9pondu \u00e0 notre demande d\u2019interview mais a transmis des documents de r\u00e9f\u00e9rence, la mise en \u0153uvre du Plan de r\u00e9ponse humanitaire 2025 n\u00e9cessiterait 771,3 millions de dollars US.<\/p>\n\n\n\n<p>\u00ab L\u2019action humanitaire est mise \u00e0 rude \u00e9preuve au Mali, o\u00f9 des milliers de personnes vivent d\u00e9plac\u00e9es \u00e0 l\u2019int\u00e9rieur du pays ou r\u00e9fugi\u00e9es \u00e0 l\u2019\u00e9tranger \u00e0 cause de l\u2019ins\u00e9curit\u00e9 persistante \u00bb, rappelle Djibrilla Tour\u00e9, journaliste sp\u00e9cialiste des questions humanitaires. Il souligne que, malgr\u00e9 les efforts pour distribuer des vivres, assurer l\u2019acc\u00e8s \u00e0 la sant\u00e9, \u00e0 l\u2019eau potable et \u00e0 l\u2019\u00e9ducation d\u2019urgence, les d\u00e9fis logistiques et s\u00e9curitaires freinent les interventions.<\/p>\n\n\n\n<p>Une crise aux cons\u00e9quences durables<\/p>\n\n\n\n<p>Au-del\u00e0 de l\u2019urgence imm\u00e9diate, la crise a des r\u00e9percussions profondes sur le tissu social et \u00e9conomique. Les activit\u00e9s agricoles sont interrompues, le commerce ralentit, le ch\u00f4mage s\u2019accro\u00eet. L\u2019\u00e9ducation est lourdement affect\u00e9e : dans certaines zones, plusieurs ann\u00e9es de scolarit\u00e9 ont d\u00e9j\u00e0 \u00e9t\u00e9 perdues.<\/p>\n\n\n\n<p>Les communaut\u00e9s h\u00f4tes, elles-m\u00eames vuln\u00e9rables, partagent leurs maigres ressources avec les d\u00e9plac\u00e9s, ce qui accentue la pression et alimente parfois des tensions intercommunautaires.<\/p>\n\n\n\n<p>Beaucoup d\u2019observateurs s\u2019accordent : seule une am\u00e9lioration durable de la s\u00e9curit\u00e9, combin\u00e9e \u00e0 un renforcement des services sociaux de base et \u00e0 une solution politique au conflit, pourra permettre de sortir de ce cycle de crises humanitaires r\u00e9p\u00e9t\u00e9es.<\/p>\n\n\n\n<p><strong>Par&nbsp;Djibrilla&nbsp;Tour\u00e9, Correspondant \u00e1 Dakar<\/strong><\/p>\n\n\n\n<p><\/p>\n","protected":false},"excerpt":{"rendered":"<p>Le Mali traverse l\u2019une des crises humanitaires les plus graves de son histoire r\u00e9cente. L\u2019ins\u00e9curit\u00e9 persistante, aliment\u00e9e par<\/p>\n","protected":false},"author":3,"featured_media":0,"comment_status":"open","ping_status":"open","sticky":false,"template":"","format":"standard","meta":{"footnotes":""},"categories":[43,36],"tags":[],"class_list":["post-593","post","type-post","status-publish","format-standard","hentry","category-action-humanitaire","category-exclusif"],"yoast_head":"<!-- This site is optimized with the Yoast SEO plugin v26.0 - https:\/\/yoast.com\/wordpress\/plugins\/seo\/ -->\n<title>Mali : une crise humanitaire aggrav\u00e9e par l\u2019ins\u00e9curit\u00e9 et les d\u00e9placements massifs - Actualit\u00e9s Africaines<\/title>\n<meta name=\"robots\" content=\"index, follow, max-snippet:-1, max-image-preview:large, max-video-preview:-1\" \/>\n<link rel=\"canonical\" href=\"https:\/\/www.africascoop.net\/index.php\/2025\/10\/30\/mali-une-crise-humanitaire-aggravee-par-linsecurite-et-les-deplacements-massifs\/\" \/>\n<meta property=\"og:locale\" content=\"fr_FR\" \/>\n<meta property=\"og:type\" content=\"article\" \/>\n<meta property=\"og:title\" content=\"Mali : une crise humanitaire aggrav\u00e9e par l\u2019ins\u00e9curit\u00e9 et les d\u00e9placements massifs - Actualit\u00e9s Africaines\" \/>\n<meta property=\"og:description\" content=\"Le Mali traverse l\u2019une des crises humanitaires les plus graves de son histoire r\u00e9cente. L\u2019ins\u00e9curit\u00e9 persistante, aliment\u00e9e par\" \/>\n<meta property=\"og:url\" content=\"https:\/\/www.africascoop.net\/index.php\/2025\/10\/30\/mali-une-crise-humanitaire-aggravee-par-linsecurite-et-les-deplacements-massifs\/\" \/>\n<meta property=\"og:site_name\" content=\"Actualit\u00e9s Africaines\" \/>\n<meta property=\"article:published_time\" content=\"2025-10-30T22:59:29+00:00\" \/>\n<meta property=\"article:modified_time\" content=\"2025-10-30T22:59:38+00:00\" \/>\n<meta property=\"og:image\" content=\"https:\/\/www.africascoop.net\/wp-content\/uploads\/2025\/10\/Sans-titre-2-copie-2-1024x576.jpg\" \/>\n<meta name=\"author\" content=\"Africascoop\" \/>\n<meta name=\"twitter:card\" content=\"summary_large_image\" \/>\n<meta name=\"twitter:label1\" content=\"\u00c9crit par\" \/>\n\t<meta name=\"twitter:data1\" content=\"Africascoop\" \/>\n\t<meta name=\"twitter:label2\" content=\"Dur\u00e9e de lecture estim\u00e9e\" \/>\n\t<meta name=\"twitter:data2\" content=\"4 minutes\" \/>\n<script type=\"application\/ld+json\" class=\"yoast-schema-graph\">{\"@context\":\"https:\/\/schema.org\",\"@graph\":[{\"@type\":\"Article\",\"@id\":\"https:\/\/www.africascoop.net\/index.php\/2025\/10\/30\/mali-une-crise-humanitaire-aggravee-par-linsecurite-et-les-deplacements-massifs\/#article\",\"isPartOf\":{\"@id\":\"https:\/\/www.africascoop.net\/index.php\/2025\/10\/30\/mali-une-crise-humanitaire-aggravee-par-linsecurite-et-les-deplacements-massifs\/\"},\"author\":{\"name\":\"Africascoop\",\"@id\":\"https:\/\/www.africascoop.net\/#\/schema\/person\/2cbcc632c110d739d93a6b196c67230a\"},\"headline\":\"Mali : une crise humanitaire aggrav\u00e9e par l\u2019ins\u00e9curit\u00e9 et les d\u00e9placements massifs\",\"datePublished\":\"2025-10-30T22:59:29+00:00\",\"dateModified\":\"2025-10-30T22:59:38+00:00\",\"mainEntityOfPage\":{\"@id\":\"https:\/\/www.africascoop.net\/index.php\/2025\/10\/30\/mali-une-crise-humanitaire-aggravee-par-linsecurite-et-les-deplacements-massifs\/\"},\"wordCount\":805,\"commentCount\":0,\"publisher\":{\"@id\":\"https:\/\/www.africascoop.net\/#organization\"},\"image\":{\"@id\":\"https:\/\/www.africascoop.net\/index.php\/2025\/10\/30\/mali-une-crise-humanitaire-aggravee-par-linsecurite-et-les-deplacements-massifs\/#primaryimage\"},\"thumbnailUrl\":\"https:\/\/www.africascoop.net\/wp-content\/uploads\/2025\/10\/Sans-titre-2-copie-2-1024x576.jpg\",\"articleSection\":[\"Action Humanitaire\",\"Exclusif\"],\"inLanguage\":\"fr-FR\",\"potentialAction\":[{\"@type\":\"CommentAction\",\"name\":\"Comment\",\"target\":[\"https:\/\/www.africascoop.net\/index.php\/2025\/10\/30\/mali-une-crise-humanitaire-aggravee-par-linsecurite-et-les-deplacements-massifs\/#respond\"]}]},{\"@type\":\"WebPage\",\"@id\":\"https:\/\/www.africascoop.net\/index.php\/2025\/10\/30\/mali-une-crise-humanitaire-aggravee-par-linsecurite-et-les-deplacements-massifs\/\",\"url\":\"https:\/\/www.africascoop.net\/index.php\/2025\/10\/30\/mali-une-crise-humanitaire-aggravee-par-linsecurite-et-les-deplacements-massifs\/\",\"name\":\"Mali : une crise humanitaire aggrav\u00e9e par l\u2019ins\u00e9curit\u00e9 et les d\u00e9placements massifs - Actualit\u00e9s Africaines\",\"isPartOf\":{\"@id\":\"https:\/\/www.africascoop.net\/#website\"},\"primaryImageOfPage\":{\"@id\":\"https:\/\/www.africascoop.net\/index.php\/2025\/10\/30\/mali-une-crise-humanitaire-aggravee-par-linsecurite-et-les-deplacements-massifs\/#primaryimage\"},\"image\":{\"@id\":\"https:\/\/www.africascoop.net\/index.php\/2025\/10\/30\/mali-une-crise-humanitaire-aggravee-par-linsecurite-et-les-deplacements-massifs\/#primaryimage\"},\"thumbnailUrl\":\"https:\/\/www.africascoop.net\/wp-content\/uploads\/2025\/10\/Sans-titre-2-copie-2-1024x576.jpg\",\"datePublished\":\"2025-10-30T22:59:29+00:00\",\"dateModified\":\"2025-10-30T22:59:38+00:00\",\"breadcrumb\":{\"@id\":\"https:\/\/www.africascoop.net\/index.php\/2025\/10\/30\/mali-une-crise-humanitaire-aggravee-par-linsecurite-et-les-deplacements-massifs\/#breadcrumb\"},\"inLanguage\":\"fr-FR\",\"potentialAction\":[{\"@type\":\"ReadAction\",\"target\":[\"https:\/\/www.africascoop.net\/index.php\/2025\/10\/30\/mali-une-crise-humanitaire-aggravee-par-linsecurite-et-les-deplacements-massifs\/\"]}]},{\"@type\":\"ImageObject\",\"inLanguage\":\"fr-FR\",\"@id\":\"https:\/\/www.africascoop.net\/index.php\/2025\/10\/30\/mali-une-crise-humanitaire-aggravee-par-linsecurite-et-les-deplacements-massifs\/#primaryimage\",\"url\":\"https:\/\/www.africascoop.net\/wp-content\/uploads\/2025\/10\/Sans-titre-2-copie-2.jpg\",\"contentUrl\":\"https:\/\/www.africascoop.net\/wp-content\/uploads\/2025\/10\/Sans-titre-2-copie-2.jpg\",\"width\":1366,\"height\":768},{\"@type\":\"BreadcrumbList\",\"@id\":\"https:\/\/www.africascoop.net\/index.php\/2025\/10\/30\/mali-une-crise-humanitaire-aggravee-par-linsecurite-et-les-deplacements-massifs\/#breadcrumb\",\"itemListElement\":[{\"@type\":\"ListItem\",\"position\":1,\"name\":\"Accueil\",\"item\":\"https:\/\/www.africascoop.net\/\"},{\"@type\":\"ListItem\",\"position\":2,\"name\":\"Mali : une crise humanitaire aggrav\u00e9e par l\u2019ins\u00e9curit\u00e9 et les d\u00e9placements massifs\"}]},{\"@type\":\"WebSite\",\"@id\":\"https:\/\/www.africascoop.net\/#website\",\"url\":\"https:\/\/www.africascoop.net\/\",\"name\":\"Actualit\u00e9s Africaines\",\"description\":\"\",\"publisher\":{\"@id\":\"https:\/\/www.africascoop.net\/#organization\"},\"potentialAction\":[{\"@type\":\"SearchAction\",\"target\":{\"@type\":\"EntryPoint\",\"urlTemplate\":\"https:\/\/www.africascoop.net\/?s={search_term_string}\"},\"query-input\":{\"@type\":\"PropertyValueSpecification\",\"valueRequired\":true,\"valueName\":\"search_term_string\"}}],\"inLanguage\":\"fr-FR\"},{\"@type\":\"Organization\",\"@id\":\"https:\/\/www.africascoop.net\/#organization\",\"name\":\"Actualit\u00e9s Africaines\",\"url\":\"https:\/\/www.africascoop.net\/\",\"logo\":{\"@type\":\"ImageObject\",\"inLanguage\":\"fr-FR\",\"@id\":\"https:\/\/www.africascoop.net\/#\/schema\/logo\/image\/\",\"url\":\"https:\/\/www.africascoop.net\/wp-content\/uploads\/2025\/09\/cropped-logo-2.jpg\",\"contentUrl\":\"https:\/\/www.africascoop.net\/wp-content\/uploads\/2025\/09\/cropped-logo-2.jpg\",\"width\":945,\"height\":591,\"caption\":\"Actualit\u00e9s Africaines\"},\"image\":{\"@id\":\"https:\/\/www.africascoop.net\/#\/schema\/logo\/image\/\"}},{\"@type\":\"Person\",\"@id\":\"https:\/\/www.africascoop.net\/#\/schema\/person\/2cbcc632c110d739d93a6b196c67230a\",\"name\":\"Africascoop\",\"image\":{\"@type\":\"ImageObject\",\"inLanguage\":\"fr-FR\",\"@id\":\"https:\/\/www.africascoop.net\/#\/schema\/person\/image\/\",\"url\":\"https:\/\/secure.gravatar.com\/avatar\/230d851f5173f64fe9487b948bd2daf02707ef49aea942bc1bdad649c82025b9?s=96&d=mm&r=g\",\"contentUrl\":\"https:\/\/secure.gravatar.com\/avatar\/230d851f5173f64fe9487b948bd2daf02707ef49aea942bc1bdad649c82025b9?s=96&d=mm&r=g\",\"caption\":\"Africascoop\"},\"url\":\"https:\/\/www.africascoop.net\/index.php\/author\/jul\/\"}]}<\/script>\n<!-- \/ Yoast SEO plugin. -->","yoast_head_json":{"title":"Mali : une crise humanitaire aggrav\u00e9e par l\u2019ins\u00e9curit\u00e9 et les d\u00e9placements massifs - Actualit\u00e9s Africaines","robots":{"index":"index","follow":"follow","max-snippet":"max-snippet:-1","max-image-preview":"max-image-preview:large","max-video-preview":"max-video-preview:-1"},"canonical":"https:\/\/www.africascoop.net\/index.php\/2025\/10\/30\/mali-une-crise-humanitaire-aggravee-par-linsecurite-et-les-deplacements-massifs\/","og_locale":"fr_FR","og_type":"article","og_title":"Mali : une crise humanitaire aggrav\u00e9e par l\u2019ins\u00e9curit\u00e9 et les d\u00e9placements massifs - Actualit\u00e9s Africaines","og_description":"Le Mali traverse l\u2019une des crises humanitaires les plus graves de son histoire r\u00e9cente. L\u2019ins\u00e9curit\u00e9 persistante, aliment\u00e9e par","og_url":"https:\/\/www.africascoop.net\/index.php\/2025\/10\/30\/mali-une-crise-humanitaire-aggravee-par-linsecurite-et-les-deplacements-massifs\/","og_site_name":"Actualit\u00e9s Africaines","article_published_time":"2025-10-30T22:59:29+00:00","article_modified_time":"2025-10-30T22:59:38+00:00","og_image":[{"url":"https:\/\/www.africascoop.net\/wp-content\/uploads\/2025\/10\/Sans-titre-2-copie-2-1024x576.jpg","type":"","width":"","height":""}],"author":"Africascoop","twitter_card":"summary_large_image","twitter_misc":{"\u00c9crit par":"Africascoop","Dur\u00e9e de lecture estim\u00e9e":"4 minutes"},"schema":{"@context":"https:\/\/schema.org","@graph":[{"@type":"Article","@id":"https:\/\/www.africascoop.net\/index.php\/2025\/10\/30\/mali-une-crise-humanitaire-aggravee-par-linsecurite-et-les-deplacements-massifs\/#article","isPartOf":{"@id":"https:\/\/www.africascoop.net\/index.php\/2025\/10\/30\/mali-une-crise-humanitaire-aggravee-par-linsecurite-et-les-deplacements-massifs\/"},"author":{"name":"Africascoop","@id":"https:\/\/www.africascoop.net\/#\/schema\/person\/2cbcc632c110d739d93a6b196c67230a"},"headline":"Mali : une crise humanitaire aggrav\u00e9e par l\u2019ins\u00e9curit\u00e9 et les d\u00e9placements massifs","datePublished":"2025-10-30T22:59:29+00:00","dateModified":"2025-10-30T22:59:38+00:00","mainEntityOfPage":{"@id":"https:\/\/www.africascoop.net\/index.php\/2025\/10\/30\/mali-une-crise-humanitaire-aggravee-par-linsecurite-et-les-deplacements-massifs\/"},"wordCount":805,"commentCount":0,"publisher":{"@id":"https:\/\/www.africascoop.net\/#organization"},"image":{"@id":"https:\/\/www.africascoop.net\/index.php\/2025\/10\/30\/mali-une-crise-humanitaire-aggravee-par-linsecurite-et-les-deplacements-massifs\/#primaryimage"},"thumbnailUrl":"https:\/\/www.africascoop.net\/wp-content\/uploads\/2025\/10\/Sans-titre-2-copie-2-1024x576.jpg","articleSection":["Action Humanitaire","Exclusif"],"inLanguage":"fr-FR","potentialAction":[{"@type":"CommentAction","name":"Comment","target":["https:\/\/www.africascoop.net\/index.php\/2025\/10\/30\/mali-une-crise-humanitaire-aggravee-par-linsecurite-et-les-deplacements-massifs\/#respond"]}]},{"@type":"WebPage","@id":"https:\/\/www.africascoop.net\/index.php\/2025\/10\/30\/mali-une-crise-humanitaire-aggravee-par-linsecurite-et-les-deplacements-massifs\/","url":"https:\/\/www.africascoop.net\/index.php\/2025\/10\/30\/mali-une-crise-humanitaire-aggravee-par-linsecurite-et-les-deplacements-massifs\/","name":"Mali : une crise humanitaire aggrav\u00e9e par l\u2019ins\u00e9curit\u00e9 et les d\u00e9placements massifs - Actualit\u00e9s Africaines","isPartOf":{"@id":"https:\/\/www.africascoop.net\/#website"},"primaryImageOfPage":{"@id":"https:\/\/www.africascoop.net\/index.php\/2025\/10\/30\/mali-une-crise-humanitaire-aggravee-par-linsecurite-et-les-deplacements-massifs\/#primaryimage"},"image":{"@id":"https:\/\/www.africascoop.net\/index.php\/2025\/10\/30\/mali-une-crise-humanitaire-aggravee-par-linsecurite-et-les-deplacements-massifs\/#primaryimage"},"thumbnailUrl":"https:\/\/www.africascoop.net\/wp-content\/uploads\/2025\/10\/Sans-titre-2-copie-2-1024x576.jpg","datePublished":"2025-10-30T22:59:29+00:00","dateModified":"2025-10-30T22:59:38+00:00","breadcrumb":{"@id":"https:\/\/www.africascoop.net\/index.php\/2025\/10\/30\/mali-une-crise-humanitaire-aggravee-par-linsecurite-et-les-deplacements-massifs\/#breadcrumb"},"inLanguage":"fr-FR","potentialAction":[{"@type":"ReadAction","target":["https:\/\/www.africascoop.net\/index.php\/2025\/10\/30\/mali-une-crise-humanitaire-aggravee-par-linsecurite-et-les-deplacements-massifs\/"]}]},{"@type":"ImageObject","inLanguage":"fr-FR","@id":"https:\/\/www.africascoop.net\/index.php\/2025\/10\/30\/mali-une-crise-humanitaire-aggravee-par-linsecurite-et-les-deplacements-massifs\/#primaryimage","url":"https:\/\/www.africascoop.net\/wp-content\/uploads\/2025\/10\/Sans-titre-2-copie-2.jpg","contentUrl":"https:\/\/www.africascoop.net\/wp-content\/uploads\/2025\/10\/Sans-titre-2-copie-2.jpg","width":1366,"height":768},{"@type":"BreadcrumbList","@id":"https:\/\/www.africascoop.net\/index.php\/2025\/10\/30\/mali-une-crise-humanitaire-aggravee-par-linsecurite-et-les-deplacements-massifs\/#breadcrumb","itemListElement":[{"@type":"ListItem","position":1,"name":"Accueil","item":"https:\/\/www.africascoop.net\/"},{"@type":"ListItem","position":2,"name":"Mali : une crise humanitaire aggrav\u00e9e par l\u2019ins\u00e9curit\u00e9 et les d\u00e9placements massifs"}]},{"@type":"WebSite","@id":"https:\/\/www.africascoop.net\/#website","url":"https:\/\/www.africascoop.net\/","name":"Actualit\u00e9s Africaines","description":"","publisher":{"@id":"https:\/\/www.africascoop.net\/#organization"},"potentialAction":[{"@type":"SearchAction","target":{"@type":"EntryPoint","urlTemplate":"https:\/\/www.africascoop.net\/?s={search_term_string}"},"query-input":{"@type":"PropertyValueSpecification","valueRequired":true,"valueName":"search_term_string"}}],"inLanguage":"fr-FR"},{"@type":"Organization","@id":"https:\/\/www.africascoop.net\/#organization","name":"Actualit\u00e9s Africaines","url":"https:\/\/www.africascoop.net\/","logo":{"@type":"ImageObject","inLanguage":"fr-FR","@id":"https:\/\/www.africascoop.net\/#\/schema\/logo\/image\/","url":"https:\/\/www.africascoop.net\/wp-content\/uploads\/2025\/09\/cropped-logo-2.jpg","contentUrl":"https:\/\/www.africascoop.net\/wp-content\/uploads\/2025\/09\/cropped-logo-2.jpg","width":945,"height":591,"caption":"Actualit\u00e9s Africaines"},"image":{"@id":"https:\/\/www.africascoop.net\/#\/schema\/logo\/image\/"}},{"@type":"Person","@id":"https:\/\/www.africascoop.net\/#\/schema\/person\/2cbcc632c110d739d93a6b196c67230a","name":"Africascoop","image":{"@type":"ImageObject","inLanguage":"fr-FR","@id":"https:\/\/www.africascoop.net\/#\/schema\/person\/image\/","url":"https:\/\/secure.gravatar.com\/avatar\/230d851f5173f64fe9487b948bd2daf02707ef49aea942bc1bdad649c82025b9?s=96&d=mm&r=g","contentUrl":"https:\/\/secure.gravatar.com\/avatar\/230d851f5173f64fe9487b948bd2daf02707ef49aea942bc1bdad649c82025b9?s=96&d=mm&r=g","caption":"Africascoop"},"url":"https:\/\/www.africascoop.net\/index.php\/author\/jul\/"}]}},"_links":{"self":[{"href":"https:\/\/www.africascoop.net\/index.php\/wp-json\/wp\/v2\/posts\/593","targetHints":{"allow":["GET"]}}],"collection":[{"href":"https:\/\/www.africascoop.net\/index.php\/wp-json\/wp\/v2\/posts"}],"about":[{"href":"https:\/\/www.africascoop.net\/index.php\/wp-json\/wp\/v2\/types\/post"}],"author":[{"embeddable":true,"href":"https:\/\/www.africascoop.net\/index.php\/wp-json\/wp\/v2\/users\/3"}],"replies":[{"embeddable":true,"href":"https:\/\/www.africascoop.net\/index.php\/wp-json\/wp\/v2\/comments?post=593"}],"version-history":[{"count":1,"href":"https:\/\/www.africascoop.net\/index.php\/wp-json\/wp\/v2\/posts\/593\/revisions"}],"predecessor-version":[{"id":595,"href":"https:\/\/www.africascoop.net\/index.php\/wp-json\/wp\/v2\/posts\/593\/revisions\/595"}],"wp:attachment":[{"href":"https:\/\/www.africascoop.net\/index.php\/wp-json\/wp\/v2\/media?parent=593"}],"wp:term":[{"taxonomy":"category","embeddable":true,"href":"https:\/\/www.africascoop.net\/index.php\/wp-json\/wp\/v2\/categories?post=593"},{"taxonomy":"post_tag","embeddable":true,"href":"https:\/\/www.africascoop.net\/index.php\/wp-json\/wp\/v2\/tags?post=593"}],"curies":[{"name":"wp","href":"https:\/\/api.w.org\/{rel}","templated":true}]}}