{"id":599,"date":"2025-10-31T22:09:54","date_gmt":"2025-10-31T22:09:54","guid":{"rendered":"https:\/\/www.africascoop.net\/?p=599"},"modified":"2025-10-31T22:10:25","modified_gmt":"2025-10-31T22:10:25","slug":"limpossible-nest-pas-malien-le-cnt-appelle-a-lunite-nationale-face-a-la-guerre-economique","status":"publish","type":"post","link":"https:\/\/www.africascoop.net\/index.php\/2025\/10\/31\/limpossible-nest-pas-malien-le-cnt-appelle-a-lunite-nationale-face-a-la-guerre-economique\/","title":{"rendered":"\u00ab L\u2019impossible n\u2019est pas malien \u00bb : le CNT appelle \u00e0 l\u2019unit\u00e9 nationale face \u00e0 la guerre \u00e9conomique"},"content":{"rendered":"\n<figure class=\"wp-block-image size-large\"><img loading=\"lazy\" decoding=\"async\" width=\"1024\" height=\"576\" src=\"https:\/\/www.africascoop.net\/wp-content\/uploads\/2025\/10\/Sans-titre-2-copie-23-1024x576.jpg\" alt=\"\" class=\"wp-image-600\" srcset=\"https:\/\/www.africascoop.net\/wp-content\/uploads\/2025\/10\/Sans-titre-2-copie-23-1024x576.jpg 1024w, https:\/\/www.africascoop.net\/wp-content\/uploads\/2025\/10\/Sans-titre-2-copie-23-300x169.jpg 300w, https:\/\/www.africascoop.net\/wp-content\/uploads\/2025\/10\/Sans-titre-2-copie-23-768x432.jpg 768w, https:\/\/www.africascoop.net\/wp-content\/uploads\/2025\/10\/Sans-titre-2-copie-23.jpg 1366w\" sizes=\"auto, (max-width: 1024px) 100vw, 1024px\" \/><\/figure>\n\n\n\n<p><strong><em>Lors de la pl\u00e9ni\u00e8re du 31 octobre 2025, le pr\u00e9sident du Conseil national de Transition (CNT), Malick Diaw, a livr\u00e9 un message fort au peuple malien, en pleine crise d\u2019approvisionnement en carburant. Face \u00e0 une situation qu\u2019il a qualifi\u00e9e de \u00ab jamais v\u00e9cue auparavant \u00bb, il a d\u00e9nonc\u00e9 une \u00ab guerre \u00e9conomique \u00bb visant \u00e0 asphyxier le Mali et \u00e0 d\u00e9tourner le pays de sa qu\u00eate de souverainet\u00e9.<\/em><\/strong><\/p>\n\n\n\n<p>Le pr\u00e9sident du CNT a salu\u00e9 la r\u00e9silience du peuple malien et appel\u00e9 le gouvernement \u00e0 poursuivre les efforts entrepris pour un retour rapide \u00e0 la normale. Selon lui, cette \u00e9preuve n\u2019a pas seulement pour but de fragiliser le Mali, mais aussi d\u2019\u00e9branler la Conf\u00e9d\u00e9ration des \u00c9tats du Sahel dans son combat pour une ind\u00e9pendance totale. \u00ab Nous restons d\u00e9termin\u00e9s \u00e0 poursuivre ce chemin de non-retour \u00bb, a-t-il martel\u00e9, estimant que ces difficult\u00e9s deviendront, \u00e0 terme, \u00ab des atouts pour le Mali \u00bb.<\/p>\n\n\n\n<p>Dans une mise en garde solennelle, il a appel\u00e9 les citoyens \u00e0 la prudence dans la diffusion d\u2019images sensibles, notamment celles des convois de carburant, rappelant que \u00ab certaines informations profitent \u00e0 l\u2019ennemi \u00bb. Le CNT a r\u00e9affirm\u00e9 son soutien total aux Forces arm\u00e9es maliennes, aux op\u00e9rateurs \u00e9conomiques, ainsi qu\u2019aux chauffeurs de camions-citernes, \u00ab victimes du terrorisme et t\u00e9moins d\u2019une crise provoqu\u00e9e et sponsoris\u00e9e \u00bb.<\/p>\n\n\n\n<p>Cl\u00f4turant son allocution sur une note d\u2019espoir et de fiert\u00e9, le pr\u00e9sident du CNT a exalt\u00e9 la solidarit\u00e9 nationale et la coh\u00e9sion du peuple face \u00e0 l\u2019adversit\u00e9 : \u00ab Nous sommes les h\u00e9ritiers d\u2019une vieille civilisation que rien ne pourra asservir. Nous r\u00e9sistons et nous r\u00e9sisterons pour toujours, car l\u2019impossible n\u2019est pas malien et le sursaut patriotique est sah\u00e9lien. \u00bb<\/p>\n\n\n\n<p>Par Abdrahamane&nbsp;Baba&nbsp;Kouyat\u00e9<\/p>\n","protected":false},"excerpt":{"rendered":"<p>Lors de la pl\u00e9ni\u00e8re du 31 octobre 2025, le pr\u00e9sident du Conseil national de Transition (CNT), Malick Diaw,<\/p>\n","protected":false},"author":3,"featured_media":0,"comment_status":"open","ping_status":"open","sticky":false,"template":"","format":"standard","meta":{"footnotes":""},"categories":[36,9],"tags":[],"class_list":["post-599","post","type-post","status-publish","format-standard","hentry","category-exclusif","category-politique"],"yoast_head":"<!-- This site is optimized with the Yoast SEO plugin v26.0 - https:\/\/yoast.com\/wordpress\/plugins\/seo\/ -->\n<title>\u00ab L\u2019impossible n\u2019est pas malien \u00bb : le CNT appelle \u00e0 l\u2019unit\u00e9 nationale face \u00e0 la guerre \u00e9conomique - Actualit\u00e9s Africaines<\/title>\n<meta name=\"robots\" content=\"index, follow, max-snippet:-1, max-image-preview:large, max-video-preview:-1\" \/>\n<link rel=\"canonical\" href=\"https:\/\/www.africascoop.net\/index.php\/2025\/10\/31\/limpossible-nest-pas-malien-le-cnt-appelle-a-lunite-nationale-face-a-la-guerre-economique\/\" \/>\n<meta property=\"og:locale\" content=\"fr_FR\" \/>\n<meta property=\"og:type\" content=\"article\" \/>\n<meta property=\"og:title\" content=\"\u00ab L\u2019impossible n\u2019est pas malien \u00bb : le CNT appelle \u00e0 l\u2019unit\u00e9 nationale face \u00e0 la guerre \u00e9conomique - Actualit\u00e9s Africaines\" \/>\n<meta property=\"og:description\" content=\"Lors de la pl\u00e9ni\u00e8re du 31 octobre 2025, le pr\u00e9sident du Conseil national de Transition (CNT), Malick Diaw,\" \/>\n<meta property=\"og:url\" content=\"https:\/\/www.africascoop.net\/index.php\/2025\/10\/31\/limpossible-nest-pas-malien-le-cnt-appelle-a-lunite-nationale-face-a-la-guerre-economique\/\" \/>\n<meta property=\"og:site_name\" content=\"Actualit\u00e9s Africaines\" \/>\n<meta property=\"article:published_time\" content=\"2025-10-31T22:09:54+00:00\" \/>\n<meta property=\"article:modified_time\" content=\"2025-10-31T22:10:25+00:00\" \/>\n<meta property=\"og:image\" content=\"https:\/\/www.africascoop.net\/wp-content\/uploads\/2025\/10\/Sans-titre-2-copie-23-1024x576.jpg\" \/>\n<meta name=\"author\" content=\"Africascoop\" \/>\n<meta name=\"twitter:card\" content=\"summary_large_image\" \/>\n<meta name=\"twitter:label1\" content=\"\u00c9crit par\" \/>\n\t<meta name=\"twitter:data1\" content=\"Africascoop\" \/>\n\t<meta name=\"twitter:label2\" content=\"Dur\u00e9e de lecture estim\u00e9e\" \/>\n\t<meta name=\"twitter:data2\" content=\"2 minutes\" \/>\n<script type=\"application\/ld+json\" class=\"yoast-schema-graph\">{\"@context\":\"https:\/\/schema.org\",\"@graph\":[{\"@type\":\"Article\",\"@id\":\"https:\/\/www.africascoop.net\/index.php\/2025\/10\/31\/limpossible-nest-pas-malien-le-cnt-appelle-a-lunite-nationale-face-a-la-guerre-economique\/#article\",\"isPartOf\":{\"@id\":\"https:\/\/www.africascoop.net\/index.php\/2025\/10\/31\/limpossible-nest-pas-malien-le-cnt-appelle-a-lunite-nationale-face-a-la-guerre-economique\/\"},\"author\":{\"name\":\"Africascoop\",\"@id\":\"https:\/\/www.africascoop.net\/#\/schema\/person\/2cbcc632c110d739d93a6b196c67230a\"},\"headline\":\"\u00ab L\u2019impossible n\u2019est pas malien \u00bb : le CNT appelle \u00e0 l\u2019unit\u00e9 nationale face \u00e0 la guerre \u00e9conomique\",\"datePublished\":\"2025-10-31T22:09:54+00:00\",\"dateModified\":\"2025-10-31T22:10:25+00:00\",\"mainEntityOfPage\":{\"@id\":\"https:\/\/www.africascoop.net\/index.php\/2025\/10\/31\/limpossible-nest-pas-malien-le-cnt-appelle-a-lunite-nationale-face-a-la-guerre-economique\/\"},\"wordCount\":313,\"commentCount\":0,\"publisher\":{\"@id\":\"https:\/\/www.africascoop.net\/#organization\"},\"image\":{\"@id\":\"https:\/\/www.africascoop.net\/index.php\/2025\/10\/31\/limpossible-nest-pas-malien-le-cnt-appelle-a-lunite-nationale-face-a-la-guerre-economique\/#primaryimage\"},\"thumbnailUrl\":\"https:\/\/www.africascoop.net\/wp-content\/uploads\/2025\/10\/Sans-titre-2-copie-23-1024x576.jpg\",\"articleSection\":[\"Exclusif\",\"Politique\"],\"inLanguage\":\"fr-FR\",\"potentialAction\":[{\"@type\":\"CommentAction\",\"name\":\"Comment\",\"target\":[\"https:\/\/www.africascoop.net\/index.php\/2025\/10\/31\/limpossible-nest-pas-malien-le-cnt-appelle-a-lunite-nationale-face-a-la-guerre-economique\/#respond\"]}]},{\"@type\":\"WebPage\",\"@id\":\"https:\/\/www.africascoop.net\/index.php\/2025\/10\/31\/limpossible-nest-pas-malien-le-cnt-appelle-a-lunite-nationale-face-a-la-guerre-economique\/\",\"url\":\"https:\/\/www.africascoop.net\/index.php\/2025\/10\/31\/limpossible-nest-pas-malien-le-cnt-appelle-a-lunite-nationale-face-a-la-guerre-economique\/\",\"name\":\"\u00ab L\u2019impossible n\u2019est pas malien \u00bb : le CNT appelle \u00e0 l\u2019unit\u00e9 nationale face \u00e0 la guerre \u00e9conomique - Actualit\u00e9s Africaines\",\"isPartOf\":{\"@id\":\"https:\/\/www.africascoop.net\/#website\"},\"primaryImageOfPage\":{\"@id\":\"https:\/\/www.africascoop.net\/index.php\/2025\/10\/31\/limpossible-nest-pas-malien-le-cnt-appelle-a-lunite-nationale-face-a-la-guerre-economique\/#primaryimage\"},\"image\":{\"@id\":\"https:\/\/www.africascoop.net\/index.php\/2025\/10\/31\/limpossible-nest-pas-malien-le-cnt-appelle-a-lunite-nationale-face-a-la-guerre-economique\/#primaryimage\"},\"thumbnailUrl\":\"https:\/\/www.africascoop.net\/wp-content\/uploads\/2025\/10\/Sans-titre-2-copie-23-1024x576.jpg\",\"datePublished\":\"2025-10-31T22:09:54+00:00\",\"dateModified\":\"2025-10-31T22:10:25+00:00\",\"breadcrumb\":{\"@id\":\"https:\/\/www.africascoop.net\/index.php\/2025\/10\/31\/limpossible-nest-pas-malien-le-cnt-appelle-a-lunite-nationale-face-a-la-guerre-economique\/#breadcrumb\"},\"inLanguage\":\"fr-FR\",\"potentialAction\":[{\"@type\":\"ReadAction\",\"target\":[\"https:\/\/www.africascoop.net\/index.php\/2025\/10\/31\/limpossible-nest-pas-malien-le-cnt-appelle-a-lunite-nationale-face-a-la-guerre-economique\/\"]}]},{\"@type\":\"ImageObject\",\"inLanguage\":\"fr-FR\",\"@id\":\"https:\/\/www.africascoop.net\/index.php\/2025\/10\/31\/limpossible-nest-pas-malien-le-cnt-appelle-a-lunite-nationale-face-a-la-guerre-economique\/#primaryimage\",\"url\":\"https:\/\/www.africascoop.net\/wp-content\/uploads\/2025\/10\/Sans-titre-2-copie-23.jpg\",\"contentUrl\":\"https:\/\/www.africascoop.net\/wp-content\/uploads\/2025\/10\/Sans-titre-2-copie-23.jpg\",\"width\":1366,\"height\":768},{\"@type\":\"BreadcrumbList\",\"@id\":\"https:\/\/www.africascoop.net\/index.php\/2025\/10\/31\/limpossible-nest-pas-malien-le-cnt-appelle-a-lunite-nationale-face-a-la-guerre-economique\/#breadcrumb\",\"itemListElement\":[{\"@type\":\"ListItem\",\"position\":1,\"name\":\"Accueil\",\"item\":\"https:\/\/www.africascoop.net\/\"},{\"@type\":\"ListItem\",\"position\":2,\"name\":\"\u00ab L\u2019impossible n\u2019est pas malien \u00bb : le CNT appelle \u00e0 l\u2019unit\u00e9 nationale face \u00e0 la guerre \u00e9conomique\"}]},{\"@type\":\"WebSite\",\"@id\":\"https:\/\/www.africascoop.net\/#website\",\"url\":\"https:\/\/www.africascoop.net\/\",\"name\":\"Actualit\u00e9s Africaines\",\"description\":\"\",\"publisher\":{\"@id\":\"https:\/\/www.africascoop.net\/#organization\"},\"potentialAction\":[{\"@type\":\"SearchAction\",\"target\":{\"@type\":\"EntryPoint\",\"urlTemplate\":\"https:\/\/www.africascoop.net\/?s={search_term_string}\"},\"query-input\":{\"@type\":\"PropertyValueSpecification\",\"valueRequired\":true,\"valueName\":\"search_term_string\"}}],\"inLanguage\":\"fr-FR\"},{\"@type\":\"Organization\",\"@id\":\"https:\/\/www.africascoop.net\/#organization\",\"name\":\"Actualit\u00e9s Africaines\",\"url\":\"https:\/\/www.africascoop.net\/\",\"logo\":{\"@type\":\"ImageObject\",\"inLanguage\":\"fr-FR\",\"@id\":\"https:\/\/www.africascoop.net\/#\/schema\/logo\/image\/\",\"url\":\"https:\/\/www.africascoop.net\/wp-content\/uploads\/2025\/09\/cropped-logo-2.jpg\",\"contentUrl\":\"https:\/\/www.africascoop.net\/wp-content\/uploads\/2025\/09\/cropped-logo-2.jpg\",\"width\":945,\"height\":591,\"caption\":\"Actualit\u00e9s Africaines\"},\"image\":{\"@id\":\"https:\/\/www.africascoop.net\/#\/schema\/logo\/image\/\"}},{\"@type\":\"Person\",\"@id\":\"https:\/\/www.africascoop.net\/#\/schema\/person\/2cbcc632c110d739d93a6b196c67230a\",\"name\":\"Africascoop\",\"image\":{\"@type\":\"ImageObject\",\"inLanguage\":\"fr-FR\",\"@id\":\"https:\/\/www.africascoop.net\/#\/schema\/person\/image\/\",\"url\":\"https:\/\/secure.gravatar.com\/avatar\/230d851f5173f64fe9487b948bd2daf02707ef49aea942bc1bdad649c82025b9?s=96&d=mm&r=g\",\"contentUrl\":\"https:\/\/secure.gravatar.com\/avatar\/230d851f5173f64fe9487b948bd2daf02707ef49aea942bc1bdad649c82025b9?s=96&d=mm&r=g\",\"caption\":\"Africascoop\"},\"url\":\"https:\/\/www.africascoop.net\/index.php\/author\/jul\/\"}]}<\/script>\n<!-- \/ Yoast SEO plugin. -->","yoast_head_json":{"title":"\u00ab L\u2019impossible n\u2019est pas malien \u00bb : le CNT appelle \u00e0 l\u2019unit\u00e9 nationale face \u00e0 la guerre \u00e9conomique - Actualit\u00e9s Africaines","robots":{"index":"index","follow":"follow","max-snippet":"max-snippet:-1","max-image-preview":"max-image-preview:large","max-video-preview":"max-video-preview:-1"},"canonical":"https:\/\/www.africascoop.net\/index.php\/2025\/10\/31\/limpossible-nest-pas-malien-le-cnt-appelle-a-lunite-nationale-face-a-la-guerre-economique\/","og_locale":"fr_FR","og_type":"article","og_title":"\u00ab L\u2019impossible n\u2019est pas malien \u00bb : le CNT appelle \u00e0 l\u2019unit\u00e9 nationale face \u00e0 la guerre \u00e9conomique - Actualit\u00e9s Africaines","og_description":"Lors de la pl\u00e9ni\u00e8re du 31 octobre 2025, le pr\u00e9sident du Conseil national de Transition (CNT), Malick Diaw,","og_url":"https:\/\/www.africascoop.net\/index.php\/2025\/10\/31\/limpossible-nest-pas-malien-le-cnt-appelle-a-lunite-nationale-face-a-la-guerre-economique\/","og_site_name":"Actualit\u00e9s Africaines","article_published_time":"2025-10-31T22:09:54+00:00","article_modified_time":"2025-10-31T22:10:25+00:00","og_image":[{"url":"https:\/\/www.africascoop.net\/wp-content\/uploads\/2025\/10\/Sans-titre-2-copie-23-1024x576.jpg","type":"","width":"","height":""}],"author":"Africascoop","twitter_card":"summary_large_image","twitter_misc":{"\u00c9crit par":"Africascoop","Dur\u00e9e de lecture estim\u00e9e":"2 minutes"},"schema":{"@context":"https:\/\/schema.org","@graph":[{"@type":"Article","@id":"https:\/\/www.africascoop.net\/index.php\/2025\/10\/31\/limpossible-nest-pas-malien-le-cnt-appelle-a-lunite-nationale-face-a-la-guerre-economique\/#article","isPartOf":{"@id":"https:\/\/www.africascoop.net\/index.php\/2025\/10\/31\/limpossible-nest-pas-malien-le-cnt-appelle-a-lunite-nationale-face-a-la-guerre-economique\/"},"author":{"name":"Africascoop","@id":"https:\/\/www.africascoop.net\/#\/schema\/person\/2cbcc632c110d739d93a6b196c67230a"},"headline":"\u00ab L\u2019impossible n\u2019est pas malien \u00bb : le CNT appelle \u00e0 l\u2019unit\u00e9 nationale face \u00e0 la guerre \u00e9conomique","datePublished":"2025-10-31T22:09:54+00:00","dateModified":"2025-10-31T22:10:25+00:00","mainEntityOfPage":{"@id":"https:\/\/www.africascoop.net\/index.php\/2025\/10\/31\/limpossible-nest-pas-malien-le-cnt-appelle-a-lunite-nationale-face-a-la-guerre-economique\/"},"wordCount":313,"commentCount":0,"publisher":{"@id":"https:\/\/www.africascoop.net\/#organization"},"image":{"@id":"https:\/\/www.africascoop.net\/index.php\/2025\/10\/31\/limpossible-nest-pas-malien-le-cnt-appelle-a-lunite-nationale-face-a-la-guerre-economique\/#primaryimage"},"thumbnailUrl":"https:\/\/www.africascoop.net\/wp-content\/uploads\/2025\/10\/Sans-titre-2-copie-23-1024x576.jpg","articleSection":["Exclusif","Politique"],"inLanguage":"fr-FR","potentialAction":[{"@type":"CommentAction","name":"Comment","target":["https:\/\/www.africascoop.net\/index.php\/2025\/10\/31\/limpossible-nest-pas-malien-le-cnt-appelle-a-lunite-nationale-face-a-la-guerre-economique\/#respond"]}]},{"@type":"WebPage","@id":"https:\/\/www.africascoop.net\/index.php\/2025\/10\/31\/limpossible-nest-pas-malien-le-cnt-appelle-a-lunite-nationale-face-a-la-guerre-economique\/","url":"https:\/\/www.africascoop.net\/index.php\/2025\/10\/31\/limpossible-nest-pas-malien-le-cnt-appelle-a-lunite-nationale-face-a-la-guerre-economique\/","name":"\u00ab L\u2019impossible n\u2019est pas malien \u00bb : le CNT appelle \u00e0 l\u2019unit\u00e9 nationale face \u00e0 la guerre \u00e9conomique - Actualit\u00e9s Africaines","isPartOf":{"@id":"https:\/\/www.africascoop.net\/#website"},"primaryImageOfPage":{"@id":"https:\/\/www.africascoop.net\/index.php\/2025\/10\/31\/limpossible-nest-pas-malien-le-cnt-appelle-a-lunite-nationale-face-a-la-guerre-economique\/#primaryimage"},"image":{"@id":"https:\/\/www.africascoop.net\/index.php\/2025\/10\/31\/limpossible-nest-pas-malien-le-cnt-appelle-a-lunite-nationale-face-a-la-guerre-economique\/#primaryimage"},"thumbnailUrl":"https:\/\/www.africascoop.net\/wp-content\/uploads\/2025\/10\/Sans-titre-2-copie-23-1024x576.jpg","datePublished":"2025-10-31T22:09:54+00:00","dateModified":"2025-10-31T22:10:25+00:00","breadcrumb":{"@id":"https:\/\/www.africascoop.net\/index.php\/2025\/10\/31\/limpossible-nest-pas-malien-le-cnt-appelle-a-lunite-nationale-face-a-la-guerre-economique\/#breadcrumb"},"inLanguage":"fr-FR","potentialAction":[{"@type":"ReadAction","target":["https:\/\/www.africascoop.net\/index.php\/2025\/10\/31\/limpossible-nest-pas-malien-le-cnt-appelle-a-lunite-nationale-face-a-la-guerre-economique\/"]}]},{"@type":"ImageObject","inLanguage":"fr-FR","@id":"https:\/\/www.africascoop.net\/index.php\/2025\/10\/31\/limpossible-nest-pas-malien-le-cnt-appelle-a-lunite-nationale-face-a-la-guerre-economique\/#primaryimage","url":"https:\/\/www.africascoop.net\/wp-content\/uploads\/2025\/10\/Sans-titre-2-copie-23.jpg","contentUrl":"https:\/\/www.africascoop.net\/wp-content\/uploads\/2025\/10\/Sans-titre-2-copie-23.jpg","width":1366,"height":768},{"@type":"BreadcrumbList","@id":"https:\/\/www.africascoop.net\/index.php\/2025\/10\/31\/limpossible-nest-pas-malien-le-cnt-appelle-a-lunite-nationale-face-a-la-guerre-economique\/#breadcrumb","itemListElement":[{"@type":"ListItem","position":1,"name":"Accueil","item":"https:\/\/www.africascoop.net\/"},{"@type":"ListItem","position":2,"name":"\u00ab L\u2019impossible n\u2019est pas malien \u00bb : le CNT appelle \u00e0 l\u2019unit\u00e9 nationale face \u00e0 la guerre \u00e9conomique"}]},{"@type":"WebSite","@id":"https:\/\/www.africascoop.net\/#website","url":"https:\/\/www.africascoop.net\/","name":"Actualit\u00e9s Africaines","description":"","publisher":{"@id":"https:\/\/www.africascoop.net\/#organization"},"potentialAction":[{"@type":"SearchAction","target":{"@type":"EntryPoint","urlTemplate":"https:\/\/www.africascoop.net\/?s={search_term_string}"},"query-input":{"@type":"PropertyValueSpecification","valueRequired":true,"valueName":"search_term_string"}}],"inLanguage":"fr-FR"},{"@type":"Organization","@id":"https:\/\/www.africascoop.net\/#organization","name":"Actualit\u00e9s Africaines","url":"https:\/\/www.africascoop.net\/","logo":{"@type":"ImageObject","inLanguage":"fr-FR","@id":"https:\/\/www.africascoop.net\/#\/schema\/logo\/image\/","url":"https:\/\/www.africascoop.net\/wp-content\/uploads\/2025\/09\/cropped-logo-2.jpg","contentUrl":"https:\/\/www.africascoop.net\/wp-content\/uploads\/2025\/09\/cropped-logo-2.jpg","width":945,"height":591,"caption":"Actualit\u00e9s Africaines"},"image":{"@id":"https:\/\/www.africascoop.net\/#\/schema\/logo\/image\/"}},{"@type":"Person","@id":"https:\/\/www.africascoop.net\/#\/schema\/person\/2cbcc632c110d739d93a6b196c67230a","name":"Africascoop","image":{"@type":"ImageObject","inLanguage":"fr-FR","@id":"https:\/\/www.africascoop.net\/#\/schema\/person\/image\/","url":"https:\/\/secure.gravatar.com\/avatar\/230d851f5173f64fe9487b948bd2daf02707ef49aea942bc1bdad649c82025b9?s=96&d=mm&r=g","contentUrl":"https:\/\/secure.gravatar.com\/avatar\/230d851f5173f64fe9487b948bd2daf02707ef49aea942bc1bdad649c82025b9?s=96&d=mm&r=g","caption":"Africascoop"},"url":"https:\/\/www.africascoop.net\/index.php\/author\/jul\/"}]}},"_links":{"self":[{"href":"https:\/\/www.africascoop.net\/index.php\/wp-json\/wp\/v2\/posts\/599","targetHints":{"allow":["GET"]}}],"collection":[{"href":"https:\/\/www.africascoop.net\/index.php\/wp-json\/wp\/v2\/posts"}],"about":[{"href":"https:\/\/www.africascoop.net\/index.php\/wp-json\/wp\/v2\/types\/post"}],"author":[{"embeddable":true,"href":"https:\/\/www.africascoop.net\/index.php\/wp-json\/wp\/v2\/users\/3"}],"replies":[{"embeddable":true,"href":"https:\/\/www.africascoop.net\/index.php\/wp-json\/wp\/v2\/comments?post=599"}],"version-history":[{"count":1,"href":"https:\/\/www.africascoop.net\/index.php\/wp-json\/wp\/v2\/posts\/599\/revisions"}],"predecessor-version":[{"id":601,"href":"https:\/\/www.africascoop.net\/index.php\/wp-json\/wp\/v2\/posts\/599\/revisions\/601"}],"wp:attachment":[{"href":"https:\/\/www.africascoop.net\/index.php\/wp-json\/wp\/v2\/media?parent=599"}],"wp:term":[{"taxonomy":"category","embeddable":true,"href":"https:\/\/www.africascoop.net\/index.php\/wp-json\/wp\/v2\/categories?post=599"},{"taxonomy":"post_tag","embeddable":true,"href":"https:\/\/www.africascoop.net\/index.php\/wp-json\/wp\/v2\/tags?post=599"}],"curies":[{"name":"wp","href":"https:\/\/api.w.org\/{rel}","templated":true}]}}